{"id":54359,"date":"2020-10-23T17:14:55","date_gmt":"2020-10-23T16:14:55","guid":{"rendered":"https:\/\/www.altominho.tv\/site\/?p=54359"},"modified":"2020-10-23T17:14:59","modified_gmt":"2020-10-23T16:14:59","slug":"valenca-devolve-totalidade-do-irs-as-familias-em-2021","status":"publish","type":"post","link":"https:\/\/www.altominho.tv\/site\/2020\/10\/23\/valenca-devolve-totalidade-do-irs-as-familias-em-2021\/","title":{"rendered":"Valen\u00e7a devolve totalidade do IRS \u00e0s fam\u00edlias em 2021"},"content":{"rendered":"<p>A C\u00e2mara de Valen\u00e7a aprovou a devolu\u00e7\u00e3o total do IRS \u00e0s fam\u00edlias do concelho em 2021, considerando tratar-se da &#8220;maior percentagem de sempre&#8221;.<\/p>\n<p>Em comunicado, o munic\u00edpio adianta que, em cinco anos, o valor da devolu\u00e7\u00e3o de verba municipal \u00e0s fam\u00edlias valencianas chega a um milh\u00e3o de euros.<\/p>\n<p>Para o presidente da autarquia, \u201ca boa gest\u00e3o municipal permite que, hoje, seja poss\u00edvel devolver esta receita da C\u00e2mara Municipal \u00e0s fam\u00edlias valencianas&#8221;.<\/p>\n<p>&#8220;Manter impostos baixos, ajudar as fam\u00edlias e incentivar o investimento \u00e9 vital para garantir um futuro sustent\u00e1vel da nossa terra e o de todos n\u00f3s\u201d, sustenta Manuel Lopes, citado na nota enviada \u00e0 imprensa.<\/p>\n<p>A autarquia refere que, em 2021, as fam\u00edlias beneficiam ainda do Imposto Municipal sobre Im\u00f3veis (IMI) Familiar, com bonifica\u00e7\u00f5es no pagamento do IMI. \u00a0O IMI aplicado ser\u00e1 de 0,8% para os pr\u00e9dios r\u00fasticos e de 0,3% para os pr\u00e9dios urbanos.<\/p>\n<p>&#8220;O munic\u00edpio de Valen\u00e7a aplica uma carga fiscal das mais baixas de Portugal, com valores de taxas e impostos em m\u00ednimos hist\u00f3ricos&#8221;, afirma a autarquia.<\/p>\n","protected":false},"excerpt":{"rendered":"<p>A C\u00e2mara de Valen\u00e7a aprovou a devolu\u00e7\u00e3o total do IRS \u00e0s fam\u00edlias do concelho em 2021, considerando tratar-se da &#8220;maior percentagem de sempre&#8221;. Em comunicado, o munic\u00edpio adianta que, em cinco anos, o valor da devolu\u00e7\u00e3o de verba municipal \u00e0s fam\u00edlias valencianas chega a um milh\u00e3o de euros. Para o presidente da autarquia, \u201ca boa [&hellip;]<\/p>\n","protected":false},"author":12,"featured_media":54360,"comment_status":"closed","ping_status":"closed","sticky":false,"template":"","format":"standard","meta":{"_exactmetrics_skip_tracking":false,"_exactmetrics_sitenote_active":false,"_exactmetrics_sitenote_note":"","_exactmetrics_sitenote_category":0,"footnotes":""},"categories":[13],"tags":[21,27],"class_list":["post-54359","post","type-post","status-publish","format-standard","has-post-thumbnail","hentry","category-valenca","tag-economia","tag-sociedade"],"yoast_head":"<!-- This site is optimized with the Yoast SEO Premium plugin v27.4 (Yoast SEO v27.4) - https:\/\/yoast.com\/product\/yoast-seo-premium-wordpress\/ -->\n<title>Valen\u00e7a devolve totalidade do IRS \u00e0s fam\u00edlias em 2021<\/title>\n<meta name=\"robots\" content=\"index, follow, max-snippet:-1, max-image-preview:large, max-video-preview:-1\" \/>\n<link rel=\"canonical\" href=\"https:\/\/www.altominho.tv\/site\/2020\/10\/23\/valenca-devolve-totalidade-do-irs-as-familias-em-2021\/\" \/>\n<meta property=\"og:locale\" content=\"pt_PT\" \/>\n<meta property=\"og:type\" content=\"article\" \/>\n<meta property=\"og:title\" content=\"Valen\u00e7a devolve totalidade do IRS \u00e0s fam\u00edlias em 2021\" \/>\n<meta property=\"og:description\" content=\"A C\u00e2mara de Valen\u00e7a aprovou a devolu\u00e7\u00e3o total do IRS \u00e0s fam\u00edlias do concelho em 2021, considerando tratar-se da &#8220;maior percentagem de sempre&#8221;. Em comunicado, o munic\u00edpio adianta que, em cinco anos, o valor da devolu\u00e7\u00e3o de verba municipal \u00e0s fam\u00edlias valencianas chega a um milh\u00e3o de euros. Para o presidente da autarquia, \u201ca boa [&hellip;]\" \/>\n<meta property=\"og:url\" content=\"https:\/\/www.altominho.tv\/site\/2020\/10\/23\/valenca-devolve-totalidade-do-irs-as-familias-em-2021\/\" \/>\n<meta property=\"og:site_name\" content=\"Altominho.tv\" \/>\n<meta property=\"article:publisher\" content=\"https:\/\/www.facebook.com\/altominhotv\" \/>\n<meta property=\"article:published_time\" content=\"2020-10-23T16:14:55+00:00\" \/>\n<meta property=\"article:modified_time\" content=\"2020-10-23T16:14:59+00:00\" \/>\n<meta property=\"og:image\" content=\"https:\/\/www.altominho.tv\/site\/wp-content\/uploads\/2020\/10\/Camara-Valenca.jpg\" \/>\n\t<meta property=\"og:image:width\" content=\"766\" \/>\n\t<meta property=\"og:image:height\" content=\"510\" \/>\n\t<meta property=\"og:image:type\" content=\"image\/jpeg\" \/>\n<meta name=\"author\" content=\"Andreia Ferreira\" \/>\n<meta name=\"twitter:card\" content=\"summary_large_image\" \/>\n<meta name=\"twitter:creator\" content=\"@altominhoTV\" \/>\n<meta name=\"twitter:site\" content=\"@altominhoTV\" \/>\n<meta name=\"twitter:label1\" content=\"Escrito por\" \/>\n\t<meta name=\"twitter:data1\" content=\"Andreia Ferreira\" \/>\n\t<meta name=\"twitter:label2\" content=\"Tempo estimado de leitura\" \/>\n\t<meta name=\"twitter:data2\" content=\"1 minuto\" \/>\n<script type=\"application\/ld+json\" class=\"yoast-schema-graph\">{\"@context\":\"https:\\\/\\\/schema.org\",\"@graph\":[{\"@type\":\"Article\",\"@id\":\"https:\\\/\\\/www.altominho.tv\\\/site\\\/2020\\\/10\\\/23\\\/valenca-devolve-totalidade-do-irs-as-familias-em-2021\\\/#article\",\"isPartOf\":{\"@id\":\"https:\\\/\\\/www.altominho.tv\\\/site\\\/2020\\\/10\\\/23\\\/valenca-devolve-totalidade-do-irs-as-familias-em-2021\\\/\"},\"author\":{\"name\":\"Andreia Ferreira\",\"@id\":\"https:\\\/\\\/www.altominho.tv\\\/site\\\/#\\\/schema\\\/person\\\/d9be4265364723f14ea8e0d56a1d38cd\"},\"headline\":\"Valen\u00e7a devolve totalidade do IRS \u00e0s fam\u00edlias em 2021\",\"datePublished\":\"2020-10-23T16:14:55+00:00\",\"dateModified\":\"2020-10-23T16:14:59+00:00\",\"mainEntityOfPage\":{\"@id\":\"https:\\\/\\\/www.altominho.tv\\\/site\\\/2020\\\/10\\\/23\\\/valenca-devolve-totalidade-do-irs-as-familias-em-2021\\\/\"},\"wordCount\":199,\"image\":{\"@id\":\"https:\\\/\\\/www.altominho.tv\\\/site\\\/2020\\\/10\\\/23\\\/valenca-devolve-totalidade-do-irs-as-familias-em-2021\\\/#primaryimage\"},\"thumbnailUrl\":\"https:\\\/\\\/www.altominho.tv\\\/site\\\/wp-content\\\/uploads\\\/2020\\\/10\\\/Camara-Valenca.jpg\",\"keywords\":[\"Economia\",\"Sociedade\"],\"articleSection\":[\"Valen\u00e7a\"],\"inLanguage\":\"pt-PT\",\"copyrightYear\":\"2020\",\"copyrightHolder\":{\"@id\":\"https:\\\/\\\/www.altominho.tv\\\/site\\\/#organization\"}},{\"@type\":\"WebPage\",\"@id\":\"https:\\\/\\\/www.altominho.tv\\\/site\\\/2020\\\/10\\\/23\\\/valenca-devolve-totalidade-do-irs-as-familias-em-2021\\\/\",\"url\":\"https:\\\/\\\/www.altominho.tv\\\/site\\\/2020\\\/10\\\/23\\\/valenca-devolve-totalidade-do-irs-as-familias-em-2021\\\/\",\"name\":\"Valen\u00e7a devolve totalidade do IRS \u00e0s fam\u00edlias em 2021\",\"isPartOf\":{\"@id\":\"https:\\\/\\\/www.altominho.tv\\\/site\\\/#website\"},\"primaryImageOfPage\":{\"@id\":\"https:\\\/\\\/www.altominho.tv\\\/site\\\/2020\\\/10\\\/23\\\/valenca-devolve-totalidade-do-irs-as-familias-em-2021\\\/#primaryimage\"},\"image\":{\"@id\":\"https:\\\/\\\/www.altominho.tv\\\/site\\\/2020\\\/10\\\/23\\\/valenca-devolve-totalidade-do-irs-as-familias-em-2021\\\/#primaryimage\"},\"thumbnailUrl\":\"https:\\\/\\\/www.altominho.tv\\\/site\\\/wp-content\\\/uploads\\\/2020\\\/10\\\/Camara-Valenca.jpg\",\"datePublished\":\"2020-10-23T16:14:55+00:00\",\"dateModified\":\"2020-10-23T16:14:59+00:00\",\"author\":{\"@id\":\"https:\\\/\\\/www.altominho.tv\\\/site\\\/#\\\/schema\\\/person\\\/d9be4265364723f14ea8e0d56a1d38cd\"},\"breadcrumb\":{\"@id\":\"https:\\\/\\\/www.altominho.tv\\\/site\\\/2020\\\/10\\\/23\\\/valenca-devolve-totalidade-do-irs-as-familias-em-2021\\\/#breadcrumb\"},\"inLanguage\":\"pt-PT\",\"potentialAction\":[{\"@type\":\"ReadAction\",\"target\":[\"https:\\\/\\\/www.altominho.tv\\\/site\\\/2020\\\/10\\\/23\\\/valenca-devolve-totalidade-do-irs-as-familias-em-2021\\\/\"]}]},{\"@type\":\"ImageObject\",\"inLanguage\":\"pt-PT\",\"@id\":\"https:\\\/\\\/www.altominho.tv\\\/site\\\/2020\\\/10\\\/23\\\/valenca-devolve-totalidade-do-irs-as-familias-em-2021\\\/#primaryimage\",\"url\":\"https:\\\/\\\/www.altominho.tv\\\/site\\\/wp-content\\\/uploads\\\/2020\\\/10\\\/Camara-Valenca.jpg\",\"contentUrl\":\"https:\\\/\\\/www.altominho.tv\\\/site\\\/wp-content\\\/uploads\\\/2020\\\/10\\\/Camara-Valenca.jpg\",\"width\":766,\"height\":510},{\"@type\":\"BreadcrumbList\",\"@id\":\"https:\\\/\\\/www.altominho.tv\\\/site\\\/2020\\\/10\\\/23\\\/valenca-devolve-totalidade-do-irs-as-familias-em-2021\\\/#breadcrumb\",\"itemListElement\":[{\"@type\":\"ListItem\",\"position\":1,\"name\":\"In\u00edcio\",\"item\":\"https:\\\/\\\/www.altominho.tv\\\/site\\\/\"},{\"@type\":\"ListItem\",\"position\":2,\"name\":\"Valen\u00e7a devolve totalidade do IRS \u00e0s fam\u00edlias em 2021\"}]},{\"@type\":\"WebSite\",\"@id\":\"https:\\\/\\\/www.altominho.tv\\\/site\\\/#website\",\"url\":\"https:\\\/\\\/www.altominho.tv\\\/site\\\/\",\"name\":\"Altominho.tv\",\"description\":\"A sua regi\u00e3o \u00e0 dist\u00e2ncia de um clique...\",\"potentialAction\":[{\"@type\":\"SearchAction\",\"target\":{\"@type\":\"EntryPoint\",\"urlTemplate\":\"https:\\\/\\\/www.altominho.tv\\\/site\\\/?s={search_term_string}\"},\"query-input\":{\"@type\":\"PropertyValueSpecification\",\"valueRequired\":true,\"valueName\":\"search_term_string\"}}],\"inLanguage\":\"pt-PT\"},{\"@type\":\"Person\",\"@id\":\"https:\\\/\\\/www.altominho.tv\\\/site\\\/#\\\/schema\\\/person\\\/d9be4265364723f14ea8e0d56a1d38cd\",\"name\":\"Andreia Ferreira\",\"image\":{\"@type\":\"ImageObject\",\"inLanguage\":\"pt-PT\",\"@id\":\"https:\\\/\\\/www.altominho.tv\\\/site\\\/wp-content\\\/uploads\\\/2021\\\/01\\\/AndreiaFerreira-150x150.jpg\",\"url\":\"https:\\\/\\\/www.altominho.tv\\\/site\\\/wp-content\\\/uploads\\\/2021\\\/01\\\/AndreiaFerreira-150x150.jpg\",\"contentUrl\":\"https:\\\/\\\/www.altominho.tv\\\/site\\\/wp-content\\\/uploads\\\/2021\\\/01\\\/AndreiaFerreira-150x150.jpg\",\"caption\":\"Andreia Ferreira\"},\"url\":\"https:\\\/\\\/www.altominho.tv\\\/site\\\/author\\\/andreiaferreira\\\/\"}]}<\/script>\n<!-- \/ Yoast SEO Premium plugin. -->","yoast_head_json":{"title":"Valen\u00e7a devolve totalidade do IRS \u00e0s fam\u00edlias em 2021","robots":{"index":"index","follow":"follow","max-snippet":"max-snippet:-1","max-image-preview":"max-image-preview:large","max-video-preview":"max-video-preview:-1"},"canonical":"https:\/\/www.altominho.tv\/site\/2020\/10\/23\/valenca-devolve-totalidade-do-irs-as-familias-em-2021\/","og_locale":"pt_PT","og_type":"article","og_title":"Valen\u00e7a devolve totalidade do IRS \u00e0s fam\u00edlias em 2021","og_description":"A C\u00e2mara de Valen\u00e7a aprovou a devolu\u00e7\u00e3o total do IRS \u00e0s fam\u00edlias do concelho em 2021, considerando tratar-se da &#8220;maior percentagem de sempre&#8221;. Em comunicado, o munic\u00edpio adianta que, em cinco anos, o valor da devolu\u00e7\u00e3o de verba municipal \u00e0s fam\u00edlias valencianas chega a um milh\u00e3o de euros. Para o presidente da autarquia, \u201ca boa [&hellip;]","og_url":"https:\/\/www.altominho.tv\/site\/2020\/10\/23\/valenca-devolve-totalidade-do-irs-as-familias-em-2021\/","og_site_name":"Altominho.tv","article_publisher":"https:\/\/www.facebook.com\/altominhotv","article_published_time":"2020-10-23T16:14:55+00:00","article_modified_time":"2020-10-23T16:14:59+00:00","og_image":[{"width":766,"height":510,"url":"https:\/\/www.altominho.tv\/site\/wp-content\/uploads\/2020\/10\/Camara-Valenca.jpg","type":"image\/jpeg"}],"author":"Andreia Ferreira","twitter_card":"summary_large_image","twitter_creator":"@altominhoTV","twitter_site":"@altominhoTV","twitter_misc":{"Escrito por":"Andreia Ferreira","Tempo estimado de leitura":"1 minuto"},"schema":{"@context":"https:\/\/schema.org","@graph":[{"@type":"Article","@id":"https:\/\/www.altominho.tv\/site\/2020\/10\/23\/valenca-devolve-totalidade-do-irs-as-familias-em-2021\/#article","isPartOf":{"@id":"https:\/\/www.altominho.tv\/site\/2020\/10\/23\/valenca-devolve-totalidade-do-irs-as-familias-em-2021\/"},"author":{"name":"Andreia Ferreira","@id":"https:\/\/www.altominho.tv\/site\/#\/schema\/person\/d9be4265364723f14ea8e0d56a1d38cd"},"headline":"Valen\u00e7a devolve totalidade do IRS \u00e0s fam\u00edlias em 2021","datePublished":"2020-10-23T16:14:55+00:00","dateModified":"2020-10-23T16:14:59+00:00","mainEntityOfPage":{"@id":"https:\/\/www.altominho.tv\/site\/2020\/10\/23\/valenca-devolve-totalidade-do-irs-as-familias-em-2021\/"},"wordCount":199,"image":{"@id":"https:\/\/www.altominho.tv\/site\/2020\/10\/23\/valenca-devolve-totalidade-do-irs-as-familias-em-2021\/#primaryimage"},"thumbnailUrl":"https:\/\/www.altominho.tv\/site\/wp-content\/uploads\/2020\/10\/Camara-Valenca.jpg","keywords":["Economia","Sociedade"],"articleSection":["Valen\u00e7a"],"inLanguage":"pt-PT","copyrightYear":"2020","copyrightHolder":{"@id":"https:\/\/www.altominho.tv\/site\/#organization"}},{"@type":"WebPage","@id":"https:\/\/www.altominho.tv\/site\/2020\/10\/23\/valenca-devolve-totalidade-do-irs-as-familias-em-2021\/","url":"https:\/\/www.altominho.tv\/site\/2020\/10\/23\/valenca-devolve-totalidade-do-irs-as-familias-em-2021\/","name":"Valen\u00e7a devolve totalidade do IRS \u00e0s fam\u00edlias em 2021","isPartOf":{"@id":"https:\/\/www.altominho.tv\/site\/#website"},"primaryImageOfPage":{"@id":"https:\/\/www.altominho.tv\/site\/2020\/10\/23\/valenca-devolve-totalidade-do-irs-as-familias-em-2021\/#primaryimage"},"image":{"@id":"https:\/\/www.altominho.tv\/site\/2020\/10\/23\/valenca-devolve-totalidade-do-irs-as-familias-em-2021\/#primaryimage"},"thumbnailUrl":"https:\/\/www.altominho.tv\/site\/wp-content\/uploads\/2020\/10\/Camara-Valenca.jpg","datePublished":"2020-10-23T16:14:55+00:00","dateModified":"2020-10-23T16:14:59+00:00","author":{"@id":"https:\/\/www.altominho.tv\/site\/#\/schema\/person\/d9be4265364723f14ea8e0d56a1d38cd"},"breadcrumb":{"@id":"https:\/\/www.altominho.tv\/site\/2020\/10\/23\/valenca-devolve-totalidade-do-irs-as-familias-em-2021\/#breadcrumb"},"inLanguage":"pt-PT","potentialAction":[{"@type":"ReadAction","target":["https:\/\/www.altominho.tv\/site\/2020\/10\/23\/valenca-devolve-totalidade-do-irs-as-familias-em-2021\/"]}]},{"@type":"ImageObject","inLanguage":"pt-PT","@id":"https:\/\/www.altominho.tv\/site\/2020\/10\/23\/valenca-devolve-totalidade-do-irs-as-familias-em-2021\/#primaryimage","url":"https:\/\/www.altominho.tv\/site\/wp-content\/uploads\/2020\/10\/Camara-Valenca.jpg","contentUrl":"https:\/\/www.altominho.tv\/site\/wp-content\/uploads\/2020\/10\/Camara-Valenca.jpg","width":766,"height":510},{"@type":"BreadcrumbList","@id":"https:\/\/www.altominho.tv\/site\/2020\/10\/23\/valenca-devolve-totalidade-do-irs-as-familias-em-2021\/#breadcrumb","itemListElement":[{"@type":"ListItem","position":1,"name":"In\u00edcio","item":"https:\/\/www.altominho.tv\/site\/"},{"@type":"ListItem","position":2,"name":"Valen\u00e7a devolve totalidade do IRS \u00e0s fam\u00edlias em 2021"}]},{"@type":"WebSite","@id":"https:\/\/www.altominho.tv\/site\/#website","url":"https:\/\/www.altominho.tv\/site\/","name":"Altominho.tv","description":"A sua regi\u00e3o \u00e0 dist\u00e2ncia de um clique...","potentialAction":[{"@type":"SearchAction","target":{"@type":"EntryPoint","urlTemplate":"https:\/\/www.altominho.tv\/site\/?s={search_term_string}"},"query-input":{"@type":"PropertyValueSpecification","valueRequired":true,"valueName":"search_term_string"}}],"inLanguage":"pt-PT"},{"@type":"Person","@id":"https:\/\/www.altominho.tv\/site\/#\/schema\/person\/d9be4265364723f14ea8e0d56a1d38cd","name":"Andreia Ferreira","image":{"@type":"ImageObject","inLanguage":"pt-PT","@id":"https:\/\/www.altominho.tv\/site\/wp-content\/uploads\/2021\/01\/AndreiaFerreira-150x150.jpg","url":"https:\/\/www.altominho.tv\/site\/wp-content\/uploads\/2021\/01\/AndreiaFerreira-150x150.jpg","contentUrl":"https:\/\/www.altominho.tv\/site\/wp-content\/uploads\/2021\/01\/AndreiaFerreira-150x150.jpg","caption":"Andreia Ferreira"},"url":"https:\/\/www.altominho.tv\/site\/author\/andreiaferreira\/"}]}},"_links":{"self":[{"href":"https:\/\/www.altominho.tv\/site\/wp-json\/wp\/v2\/posts\/54359","targetHints":{"allow":["GET"]}}],"collection":[{"href":"https:\/\/www.altominho.tv\/site\/wp-json\/wp\/v2\/posts"}],"about":[{"href":"https:\/\/www.altominho.tv\/site\/wp-json\/wp\/v2\/types\/post"}],"author":[{"embeddable":true,"href":"https:\/\/www.altominho.tv\/site\/wp-json\/wp\/v2\/users\/12"}],"replies":[{"embeddable":true,"href":"https:\/\/www.altominho.tv\/site\/wp-json\/wp\/v2\/comments?post=54359"}],"version-history":[{"count":0,"href":"https:\/\/www.altominho.tv\/site\/wp-json\/wp\/v2\/posts\/54359\/revisions"}],"wp:featuredmedia":[{"embeddable":true,"href":"https:\/\/www.altominho.tv\/site\/wp-json\/wp\/v2\/media\/54360"}],"wp:attachment":[{"href":"https:\/\/www.altominho.tv\/site\/wp-json\/wp\/v2\/media?parent=54359"}],"wp:term":[{"taxonomy":"category","embeddable":true,"href":"https:\/\/www.altominho.tv\/site\/wp-json\/wp\/v2\/categories?post=54359"},{"taxonomy":"post_tag","embeddable":true,"href":"https:\/\/www.altominho.tv\/site\/wp-json\/wp\/v2\/tags?post=54359"}],"curies":[{"name":"wp","href":"https:\/\/api.w.org\/{rel}","templated":true}]}}