{"id":54260,"date":"2020-10-24T10:12:09","date_gmt":"2020-10-24T09:12:09","guid":{"rendered":"https:\/\/www.altominho.tv\/site\/?p=54260"},"modified":"2020-10-24T10:12:13","modified_gmt":"2020-10-24T09:12:13","slug":"filme-gravado-em-moncao-disponivel-em-plataforma-digital","status":"publish","type":"post","link":"https:\/\/www.altominho.tv\/site\/2020\/10\/24\/filme-gravado-em-moncao-disponivel-em-plataforma-digital\/","title":{"rendered":"Filme gravado em Mon\u00e7\u00e3o dispon\u00edvel em plataforma digital"},"content":{"rendered":"<p>O filme At\u00e9 para o ano (<em>\u00c0 l\u2019ann\u00e9e prochaine<\/em>), realizado por Philippe Machado, j\u00e1 est\u00e1 dispon\u00edvel numa plataforma digital portuguesa. Em Mon\u00e7\u00e3o, a estreia estava prevista para este ver\u00e3o, mas foi adiada devido \u00e0 pandemia de Covid-19.<\/p>\n<p>Depois da estreia no Luxemburgo, em 2019, e este ano em Fran\u00e7a e Portugal, a curta-metragem rodada nas freguesias de Portela e de Cambeses, em Mon\u00e7\u00e3o, pode ser vista na <a href=\"https:\/\/www.filmin.pt\/filme\/ate-para-o-ano\" target=\"_blank\" rel=\"noopener noreferrer\"><em>Filmin<\/em><\/a>, uma plataforma de <em>video-on-demand.<\/em><\/p>\n<p>O jovem realizador mon\u00e7anense adiantou \u00e0 Altominho TV que o filme vai tamb\u00e9m estar acess\u00edvel, a partir do dia 26 de outubro, na <em>Filmo TV<\/em>,&nbsp;uma plataforma <em>streaming<\/em> dispon\u00edvel em Fran\u00e7a, Su\u00ed\u00e7a, Luxemburgo, Andorra, M\u00f3naco, entre outros pa\u00edses.<\/p>\n<p>Philippe Machado vive em Paris h\u00e1 v\u00e1rios anos, mas \u00e9 natural da aldeia de Cambeses, onde decorreram, no ver\u00e3o de 2018, as filmagens do projeto que, nas suas palavras, pretende ser uma homenagem \u00e0 &#8220;comunidade luso-descendente francesa que, no ver\u00e3o, regressa ao Portugal dos seus pais para passar f\u00e9rias&#8221;.<\/p>\n<p>O filme fala sobre um \u00faltimo dia de f\u00e9rias em Portugal antes de regressar a Fran\u00e7a. Nesse dia, a visita de um tio doente, que est\u00e1 a morrer, vai complicar ainda mais a partida.<\/p>\n<p>Segundo o seu realizador e argumentista, &#8220;\u00e9 um filme intimista que narra uma morte, mas de uma forma doce&#8221;.<\/p>\n<blockquote><p>Todos os anos os imigrantes encontram-se nas suas terras de origem. \u00c9 o querido m\u00eas de agosto. Esta fam\u00edlia n\u00e3o \u00e9 exce\u00e7\u00e3o. Para os mais jovens, a aldeia portuguesa confunde-se com as f\u00e9rias e com o tempo, com primos e amigos da mesma idade, passados no ver\u00e3o. O filme tem um assunto duro, mas \u00e9 dado com um imenso carinho, explica Philippe Machado.<\/p><\/blockquote>\n<p><em>At\u00e9 Para o Ano<\/em> conta com interpreta\u00e7\u00f5es de jovens lusodescendentes, entre os quais Yannick Morzelle, Louis Allasio, Magaly Teixeira, Sabrina de Oliveira, Sacha Awazu, In\u00eas Martins, Thor Schenker, Rosa Cadima, Luis Costa, Suzana Joaquim Maudslay, Jorge Tom\u00e9 e Alexandre Martins.<\/p>\n","protected":false},"excerpt":{"rendered":"<p>O filme At\u00e9 para o ano (\u00c0 l\u2019ann\u00e9e prochaine), realizado por Philippe Machado, j\u00e1 est\u00e1 dispon\u00edvel numa plataforma digital portuguesa. Em Mon\u00e7\u00e3o, a estreia estava prevista para este ver\u00e3o, mas foi adiada devido \u00e0 pandemia de Covid-19. Depois da estreia no Luxemburgo, em 2019, e este ano em Fran\u00e7a e Portugal, a curta-metragem rodada nas [&hellip;]<\/p>\n","protected":false},"author":12,"featured_media":54261,"comment_status":"closed","ping_status":"closed","sticky":false,"template":"","format":"standard","meta":{"_exactmetrics_skip_tracking":false,"footnotes":""},"categories":[9],"tags":[19],"class_list":["post-54260","post","type-post","status-publish","format-standard","has-post-thumbnail","hentry","category-moncao","tag-cultura"],"yoast_head":"<!-- This site is optimized with the Yoast SEO Premium plugin v28.3 (Yoast SEO v28.3) - https:\/\/yoast.com\/product\/yoast-seo-premium-wordpress\/ -->\n<title>Filme gravado em Mon\u00e7\u00e3o dispon\u00edvel em plataforma digital<\/title>\n<meta name=\"robots\" content=\"index, follow, max-snippet:-1, max-image-preview:large, max-video-preview:-1\" \/>\n<link rel=\"canonical\" href=\"https:\/\/www.altominho.tv\/site\/2020\/10\/24\/filme-gravado-em-moncao-disponivel-em-plataforma-digital\/\" \/>\n<meta property=\"og:locale\" content=\"pt_PT\" \/>\n<meta property=\"og:type\" content=\"article\" \/>\n<meta property=\"og:title\" content=\"Filme gravado em Mon\u00e7\u00e3o dispon\u00edvel em plataforma digital\" \/>\n<meta property=\"og:description\" content=\"O filme At\u00e9 para o ano (\u00c0 l\u2019ann\u00e9e prochaine), realizado por Philippe Machado, j\u00e1 est\u00e1 dispon\u00edvel numa plataforma digital portuguesa. Em Mon\u00e7\u00e3o, a estreia estava prevista para este ver\u00e3o, mas foi adiada devido \u00e0 pandemia de Covid-19. Depois da estreia no Luxemburgo, em 2019, e este ano em Fran\u00e7a e Portugal, a curta-metragem rodada nas [&hellip;]\" \/>\n<meta property=\"og:url\" content=\"https:\/\/www.altominho.tv\/site\/2020\/10\/24\/filme-gravado-em-moncao-disponivel-em-plataforma-digital\/\" \/>\n<meta property=\"og:site_name\" content=\"Altominho.tv\" \/>\n<meta property=\"article:publisher\" content=\"https:\/\/www.facebook.com\/altominhotv\" \/>\n<meta property=\"article:published_time\" content=\"2020-10-24T09:12:09+00:00\" \/>\n<meta property=\"article:modified_time\" content=\"2020-10-24T09:12:13+00:00\" \/>\n<meta property=\"og:image\" content=\"https:\/\/www.altominho.tv\/site\/wp-content\/uploads\/2020\/10\/a-l-annee-prochaine-e1603364363500.jpg\" \/>\n\t<meta property=\"og:image:width\" content=\"1280\" \/>\n\t<meta property=\"og:image:height\" content=\"822\" \/>\n\t<meta property=\"og:image:type\" content=\"image\/jpeg\" \/>\n<meta name=\"author\" content=\"Andreia Ferreira\" \/>\n<meta name=\"twitter:card\" content=\"summary_large_image\" \/>\n<meta name=\"twitter:creator\" content=\"@altominhoTV\" \/>\n<meta name=\"twitter:site\" content=\"@altominhoTV\" \/>\n<meta name=\"twitter:label1\" content=\"Escrito por\" \/>\n\t<meta name=\"twitter:data1\" content=\"Andreia Ferreira\" \/>\n\t<meta name=\"twitter:label2\" content=\"Tempo estimado de leitura\" \/>\n\t<meta name=\"twitter:data2\" content=\"2 minutos\" \/>\n<script type=\"application\/ld+json\" class=\"yoast-schema-graph\">{\"@context\":\"https:\\\/\\\/schema.org\",\"@graph\":[{\"@type\":\"Article\",\"@id\":\"https:\\\/\\\/www.altominho.tv\\\/site\\\/2020\\\/10\\\/24\\\/filme-gravado-em-moncao-disponivel-em-plataforma-digital\\\/#article\",\"isPartOf\":{\"@id\":\"https:\\\/\\\/www.altominho.tv\\\/site\\\/2020\\\/10\\\/24\\\/filme-gravado-em-moncao-disponivel-em-plataforma-digital\\\/\"},\"author\":{\"name\":\"Andreia Ferreira\",\"@id\":\"https:\\\/\\\/www.altominho.tv\\\/site\\\/#\\\/schema\\\/person\\\/d9be4265364723f14ea8e0d56a1d38cd\"},\"headline\":\"Filme gravado em Mon\u00e7\u00e3o dispon\u00edvel em plataforma digital\",\"datePublished\":\"2020-10-24T09:12:09+00:00\",\"dateModified\":\"2020-10-24T09:12:13+00:00\",\"mainEntityOfPage\":{\"@id\":\"https:\\\/\\\/www.altominho.tv\\\/site\\\/2020\\\/10\\\/24\\\/filme-gravado-em-moncao-disponivel-em-plataforma-digital\\\/\"},\"wordCount\":343,\"image\":{\"@id\":\"https:\\\/\\\/www.altominho.tv\\\/site\\\/2020\\\/10\\\/24\\\/filme-gravado-em-moncao-disponivel-em-plataforma-digital\\\/#primaryimage\"},\"thumbnailUrl\":\"https:\\\/\\\/www.altominho.tv\\\/site\\\/wp-content\\\/uploads\\\/2020\\\/10\\\/a-l-annee-prochaine-e1603364363500.jpg\",\"keywords\":[\"Cultura\"],\"articleSection\":[\"Mon\u00e7\u00e3o\"],\"inLanguage\":\"pt-PT\",\"copyrightYear\":\"2020\",\"copyrightHolder\":{\"@id\":\"https:\\\/\\\/www.altominho.tv\\\/site\\\/#organization\"}},{\"@type\":\"WebPage\",\"@id\":\"https:\\\/\\\/www.altominho.tv\\\/site\\\/2020\\\/10\\\/24\\\/filme-gravado-em-moncao-disponivel-em-plataforma-digital\\\/\",\"url\":\"https:\\\/\\\/www.altominho.tv\\\/site\\\/2020\\\/10\\\/24\\\/filme-gravado-em-moncao-disponivel-em-plataforma-digital\\\/\",\"name\":\"Filme gravado em Mon\u00e7\u00e3o dispon\u00edvel em plataforma digital\",\"isPartOf\":{\"@id\":\"https:\\\/\\\/www.altominho.tv\\\/site\\\/#website\"},\"primaryImageOfPage\":{\"@id\":\"https:\\\/\\\/www.altominho.tv\\\/site\\\/2020\\\/10\\\/24\\\/filme-gravado-em-moncao-disponivel-em-plataforma-digital\\\/#primaryimage\"},\"image\":{\"@id\":\"https:\\\/\\\/www.altominho.tv\\\/site\\\/2020\\\/10\\\/24\\\/filme-gravado-em-moncao-disponivel-em-plataforma-digital\\\/#primaryimage\"},\"thumbnailUrl\":\"https:\\\/\\\/www.altominho.tv\\\/site\\\/wp-content\\\/uploads\\\/2020\\\/10\\\/a-l-annee-prochaine-e1603364363500.jpg\",\"datePublished\":\"2020-10-24T09:12:09+00:00\",\"dateModified\":\"2020-10-24T09:12:13+00:00\",\"author\":{\"@id\":\"https:\\\/\\\/www.altominho.tv\\\/site\\\/#\\\/schema\\\/person\\\/d9be4265364723f14ea8e0d56a1d38cd\"},\"breadcrumb\":{\"@id\":\"https:\\\/\\\/www.altominho.tv\\\/site\\\/2020\\\/10\\\/24\\\/filme-gravado-em-moncao-disponivel-em-plataforma-digital\\\/#breadcrumb\"},\"inLanguage\":\"pt-PT\",\"potentialAction\":[{\"@type\":\"ReadAction\",\"target\":[\"https:\\\/\\\/www.altominho.tv\\\/site\\\/2020\\\/10\\\/24\\\/filme-gravado-em-moncao-disponivel-em-plataforma-digital\\\/\"]}]},{\"@type\":\"ImageObject\",\"inLanguage\":\"pt-PT\",\"@id\":\"https:\\\/\\\/www.altominho.tv\\\/site\\\/2020\\\/10\\\/24\\\/filme-gravado-em-moncao-disponivel-em-plataforma-digital\\\/#primaryimage\",\"url\":\"https:\\\/\\\/www.altominho.tv\\\/site\\\/wp-content\\\/uploads\\\/2020\\\/10\\\/a-l-annee-prochaine-e1603364363500.jpg\",\"contentUrl\":\"https:\\\/\\\/www.altominho.tv\\\/site\\\/wp-content\\\/uploads\\\/2020\\\/10\\\/a-l-annee-prochaine-e1603364363500.jpg\",\"width\":1280,\"height\":822},{\"@type\":\"BreadcrumbList\",\"@id\":\"https:\\\/\\\/www.altominho.tv\\\/site\\\/2020\\\/10\\\/24\\\/filme-gravado-em-moncao-disponivel-em-plataforma-digital\\\/#breadcrumb\",\"itemListElement\":[{\"@type\":\"ListItem\",\"position\":1,\"name\":\"In\u00edcio\",\"item\":\"https:\\\/\\\/www.altominho.tv\\\/site\\\/\"},{\"@type\":\"ListItem\",\"position\":2,\"name\":\"Filme gravado em Mon\u00e7\u00e3o dispon\u00edvel em plataforma digital\"}]},{\"@type\":\"WebSite\",\"@id\":\"https:\\\/\\\/www.altominho.tv\\\/site\\\/#website\",\"url\":\"https:\\\/\\\/www.altominho.tv\\\/site\\\/\",\"name\":\"Altominho.tv\",\"description\":\"A sua regi\u00e3o \u00e0 dist\u00e2ncia de um clique...\",\"potentialAction\":[{\"@type\":\"SearchAction\",\"target\":{\"@type\":\"EntryPoint\",\"urlTemplate\":\"https:\\\/\\\/www.altominho.tv\\\/site\\\/?s={search_term_string}\"},\"query-input\":{\"@type\":\"PropertyValueSpecification\",\"valueRequired\":true,\"valueName\":\"search_term_string\"}}],\"inLanguage\":\"pt-PT\"},{\"@type\":\"Person\",\"@id\":\"https:\\\/\\\/www.altominho.tv\\\/site\\\/#\\\/schema\\\/person\\\/d9be4265364723f14ea8e0d56a1d38cd\",\"name\":\"Andreia Ferreira\",\"image\":{\"@type\":\"ImageObject\",\"inLanguage\":\"pt-PT\",\"@id\":\"https:\\\/\\\/www.altominho.tv\\\/site\\\/wp-content\\\/uploads\\\/2021\\\/01\\\/AndreiaFerreira-150x150.jpg\",\"url\":\"https:\\\/\\\/www.altominho.tv\\\/site\\\/wp-content\\\/uploads\\\/2021\\\/01\\\/AndreiaFerreira-150x150.jpg\",\"contentUrl\":\"https:\\\/\\\/www.altominho.tv\\\/site\\\/wp-content\\\/uploads\\\/2021\\\/01\\\/AndreiaFerreira-150x150.jpg\",\"caption\":\"Andreia Ferreira\"},\"url\":\"https:\\\/\\\/www.altominho.tv\\\/site\\\/author\\\/andreiaferreira\\\/\"}]}<\/script>\n<!-- \/ Yoast SEO Premium plugin. -->","yoast_head_json":{"title":"Filme gravado em Mon\u00e7\u00e3o dispon\u00edvel em plataforma digital","robots":{"index":"index","follow":"follow","max-snippet":"max-snippet:-1","max-image-preview":"max-image-preview:large","max-video-preview":"max-video-preview:-1"},"canonical":"https:\/\/www.altominho.tv\/site\/2020\/10\/24\/filme-gravado-em-moncao-disponivel-em-plataforma-digital\/","og_locale":"pt_PT","og_type":"article","og_title":"Filme gravado em Mon\u00e7\u00e3o dispon\u00edvel em plataforma digital","og_description":"O filme At\u00e9 para o ano (\u00c0 l\u2019ann\u00e9e prochaine), realizado por Philippe Machado, j\u00e1 est\u00e1 dispon\u00edvel numa plataforma digital portuguesa. Em Mon\u00e7\u00e3o, a estreia estava prevista para este ver\u00e3o, mas foi adiada devido \u00e0 pandemia de Covid-19. Depois da estreia no Luxemburgo, em 2019, e este ano em Fran\u00e7a e Portugal, a curta-metragem rodada nas [&hellip;]","og_url":"https:\/\/www.altominho.tv\/site\/2020\/10\/24\/filme-gravado-em-moncao-disponivel-em-plataforma-digital\/","og_site_name":"Altominho.tv","article_publisher":"https:\/\/www.facebook.com\/altominhotv","article_published_time":"2020-10-24T09:12:09+00:00","article_modified_time":"2020-10-24T09:12:13+00:00","og_image":[{"width":1280,"height":822,"url":"https:\/\/www.altominho.tv\/site\/wp-content\/uploads\/2020\/10\/a-l-annee-prochaine-e1603364363500.jpg","type":"image\/jpeg"}],"author":"Andreia Ferreira","twitter_card":"summary_large_image","twitter_creator":"@altominhoTV","twitter_site":"@altominhoTV","twitter_misc":{"Escrito por":"Andreia Ferreira","Tempo estimado de leitura":"2 minutos"},"schema":{"@context":"https:\/\/schema.org","@graph":[{"@type":"Article","@id":"https:\/\/www.altominho.tv\/site\/2020\/10\/24\/filme-gravado-em-moncao-disponivel-em-plataforma-digital\/#article","isPartOf":{"@id":"https:\/\/www.altominho.tv\/site\/2020\/10\/24\/filme-gravado-em-moncao-disponivel-em-plataforma-digital\/"},"author":{"name":"Andreia Ferreira","@id":"https:\/\/www.altominho.tv\/site\/#\/schema\/person\/d9be4265364723f14ea8e0d56a1d38cd"},"headline":"Filme gravado em Mon\u00e7\u00e3o dispon\u00edvel em plataforma digital","datePublished":"2020-10-24T09:12:09+00:00","dateModified":"2020-10-24T09:12:13+00:00","mainEntityOfPage":{"@id":"https:\/\/www.altominho.tv\/site\/2020\/10\/24\/filme-gravado-em-moncao-disponivel-em-plataforma-digital\/"},"wordCount":343,"image":{"@id":"https:\/\/www.altominho.tv\/site\/2020\/10\/24\/filme-gravado-em-moncao-disponivel-em-plataforma-digital\/#primaryimage"},"thumbnailUrl":"https:\/\/www.altominho.tv\/site\/wp-content\/uploads\/2020\/10\/a-l-annee-prochaine-e1603364363500.jpg","keywords":["Cultura"],"articleSection":["Mon\u00e7\u00e3o"],"inLanguage":"pt-PT","copyrightYear":"2020","copyrightHolder":{"@id":"https:\/\/www.altominho.tv\/site\/#organization"}},{"@type":"WebPage","@id":"https:\/\/www.altominho.tv\/site\/2020\/10\/24\/filme-gravado-em-moncao-disponivel-em-plataforma-digital\/","url":"https:\/\/www.altominho.tv\/site\/2020\/10\/24\/filme-gravado-em-moncao-disponivel-em-plataforma-digital\/","name":"Filme gravado em Mon\u00e7\u00e3o dispon\u00edvel em plataforma digital","isPartOf":{"@id":"https:\/\/www.altominho.tv\/site\/#website"},"primaryImageOfPage":{"@id":"https:\/\/www.altominho.tv\/site\/2020\/10\/24\/filme-gravado-em-moncao-disponivel-em-plataforma-digital\/#primaryimage"},"image":{"@id":"https:\/\/www.altominho.tv\/site\/2020\/10\/24\/filme-gravado-em-moncao-disponivel-em-plataforma-digital\/#primaryimage"},"thumbnailUrl":"https:\/\/www.altominho.tv\/site\/wp-content\/uploads\/2020\/10\/a-l-annee-prochaine-e1603364363500.jpg","datePublished":"2020-10-24T09:12:09+00:00","dateModified":"2020-10-24T09:12:13+00:00","author":{"@id":"https:\/\/www.altominho.tv\/site\/#\/schema\/person\/d9be4265364723f14ea8e0d56a1d38cd"},"breadcrumb":{"@id":"https:\/\/www.altominho.tv\/site\/2020\/10\/24\/filme-gravado-em-moncao-disponivel-em-plataforma-digital\/#breadcrumb"},"inLanguage":"pt-PT","potentialAction":[{"@type":"ReadAction","target":["https:\/\/www.altominho.tv\/site\/2020\/10\/24\/filme-gravado-em-moncao-disponivel-em-plataforma-digital\/"]}]},{"@type":"ImageObject","inLanguage":"pt-PT","@id":"https:\/\/www.altominho.tv\/site\/2020\/10\/24\/filme-gravado-em-moncao-disponivel-em-plataforma-digital\/#primaryimage","url":"https:\/\/www.altominho.tv\/site\/wp-content\/uploads\/2020\/10\/a-l-annee-prochaine-e1603364363500.jpg","contentUrl":"https:\/\/www.altominho.tv\/site\/wp-content\/uploads\/2020\/10\/a-l-annee-prochaine-e1603364363500.jpg","width":1280,"height":822},{"@type":"BreadcrumbList","@id":"https:\/\/www.altominho.tv\/site\/2020\/10\/24\/filme-gravado-em-moncao-disponivel-em-plataforma-digital\/#breadcrumb","itemListElement":[{"@type":"ListItem","position":1,"name":"In\u00edcio","item":"https:\/\/www.altominho.tv\/site\/"},{"@type":"ListItem","position":2,"name":"Filme gravado em Mon\u00e7\u00e3o dispon\u00edvel em plataforma digital"}]},{"@type":"WebSite","@id":"https:\/\/www.altominho.tv\/site\/#website","url":"https:\/\/www.altominho.tv\/site\/","name":"Altominho.tv","description":"A sua regi\u00e3o \u00e0 dist\u00e2ncia de um clique...","potentialAction":[{"@type":"SearchAction","target":{"@type":"EntryPoint","urlTemplate":"https:\/\/www.altominho.tv\/site\/?s={search_term_string}"},"query-input":{"@type":"PropertyValueSpecification","valueRequired":true,"valueName":"search_term_string"}}],"inLanguage":"pt-PT"},{"@type":"Person","@id":"https:\/\/www.altominho.tv\/site\/#\/schema\/person\/d9be4265364723f14ea8e0d56a1d38cd","name":"Andreia Ferreira","image":{"@type":"ImageObject","inLanguage":"pt-PT","@id":"https:\/\/www.altominho.tv\/site\/wp-content\/uploads\/2021\/01\/AndreiaFerreira-150x150.jpg","url":"https:\/\/www.altominho.tv\/site\/wp-content\/uploads\/2021\/01\/AndreiaFerreira-150x150.jpg","contentUrl":"https:\/\/www.altominho.tv\/site\/wp-content\/uploads\/2021\/01\/AndreiaFerreira-150x150.jpg","caption":"Andreia Ferreira"},"url":"https:\/\/www.altominho.tv\/site\/author\/andreiaferreira\/"}]}},"_links":{"self":[{"href":"https:\/\/www.altominho.tv\/site\/wp-json\/wp\/v2\/posts\/54260","targetHints":{"allow":["GET"]}}],"collection":[{"href":"https:\/\/www.altominho.tv\/site\/wp-json\/wp\/v2\/posts"}],"about":[{"href":"https:\/\/www.altominho.tv\/site\/wp-json\/wp\/v2\/types\/post"}],"author":[{"embeddable":true,"href":"https:\/\/www.altominho.tv\/site\/wp-json\/wp\/v2\/users\/12"}],"replies":[{"embeddable":true,"href":"https:\/\/www.altominho.tv\/site\/wp-json\/wp\/v2\/comments?post=54260"}],"version-history":[{"count":0,"href":"https:\/\/www.altominho.tv\/site\/wp-json\/wp\/v2\/posts\/54260\/revisions"}],"wp:featuredmedia":[{"embeddable":true,"href":"https:\/\/www.altominho.tv\/site\/wp-json\/wp\/v2\/media\/54261"}],"wp:attachment":[{"href":"https:\/\/www.altominho.tv\/site\/wp-json\/wp\/v2\/media?parent=54260"}],"wp:term":[{"taxonomy":"category","embeddable":true,"href":"https:\/\/www.altominho.tv\/site\/wp-json\/wp\/v2\/categories?post=54260"},{"taxonomy":"post_tag","embeddable":true,"href":"https:\/\/www.altominho.tv\/site\/wp-json\/wp\/v2\/tags?post=54260"}],"curies":[{"name":"wp","href":"https:\/\/api.w.org\/{rel}","templated":true}]}}