{"id":54230,"date":"2020-10-21T17:41:25","date_gmt":"2020-10-21T16:41:25","guid":{"rendered":"https:\/\/www.altominho.tv\/site\/?p=54230"},"modified":"2020-10-21T17:41:28","modified_gmt":"2020-10-21T16:41:28","slug":"cerca-de-200-quilos-de-lixo-recolhidos-nas-margens-do-rio-minho","status":"publish","type":"post","link":"https:\/\/www.altominho.tv\/site\/2020\/10\/21\/cerca-de-200-quilos-de-lixo-recolhidos-nas-margens-do-rio-minho\/","title":{"rendered":"Cerca de 200 quilos de lixo recolhidos nas margens do rio Minho"},"content":{"rendered":"<div class=\"kvgmc6g5 cxmmr5t8 oygrvhab hcukyx3x c1et5uql ii04i59q\">\n<p dir=\"auto\">Uma a\u00e7\u00e3o de limpeza nas margens do rio Minho, em Melga\u00e7o e em Arbo, na Galiza, permitiu a recolha de cerca de 200 quilos de res\u00edduos e ainda de 65 pneus abandonados.<\/p>\n<p dir=\"auto\">Em comunicado, o munic\u00edpio de Melga\u00e7o adianta que os res\u00edduos foram encaminhados para a Valorminho, a sociedade que gere o aterro sanit\u00e1rio do Vale do <span class=\"il\">Minho. <\/span><\/p>\n<figure id=\"attachment_54232\" aria-describedby=\"caption-attachment-54232\" style=\"width: 770px\" class=\"wp-caption alignnone\"><img loading=\"lazy\" decoding=\"async\" class=\"size-large wp-image-54232\" src=\"https:\/\/www.altominho.tv\/site\/wp-content\/uploads\/2020\/10\/122120949_3703774476355193_9120429367041217709_o-1024x682.jpg\" alt=\"\" width=\"770\" height=\"513\" srcset=\"https:\/\/www.altominho.tv\/site\/wp-content\/uploads\/2020\/10\/122120949_3703774476355193_9120429367041217709_o-1024x682.jpg 1024w, https:\/\/www.altominho.tv\/site\/wp-content\/uploads\/2020\/10\/122120949_3703774476355193_9120429367041217709_o-650x433.jpg 650w, https:\/\/www.altominho.tv\/site\/wp-content\/uploads\/2020\/10\/122120949_3703774476355193_9120429367041217709_o-768x512.jpg 768w, https:\/\/www.altominho.tv\/site\/wp-content\/uploads\/2020\/10\/122120949_3703774476355193_9120429367041217709_o-1536x1024.jpg 1536w, https:\/\/www.altominho.tv\/site\/wp-content\/uploads\/2020\/10\/122120949_3703774476355193_9120429367041217709_o-370x247.jpg 370w, https:\/\/www.altominho.tv\/site\/wp-content\/uploads\/2020\/10\/122120949_3703774476355193_9120429367041217709_o-270x180.jpg 270w, https:\/\/www.altominho.tv\/site\/wp-content\/uploads\/2020\/10\/122120949_3703774476355193_9120429367041217709_o-570x380.jpg 570w, https:\/\/www.altominho.tv\/site\/wp-content\/uploads\/2020\/10\/122120949_3703774476355193_9120429367041217709_o-740x493.jpg 740w, https:\/\/www.altominho.tv\/site\/wp-content\/uploads\/2020\/10\/122120949_3703774476355193_9120429367041217709_o.jpg 1772w\" sizes=\"auto, (max-width: 770px) 100vw, 770px\" \/><figcaption id=\"caption-attachment-54232\" class=\"wp-caption-text\">MUNIC\u00cdPIO DE MELGA\u00c7O<\/figcaption><\/figure>\n<\/div>\n<div class=\"o9v6fnle cxmmr5t8 oygrvhab hcukyx3x c1et5uql ii04i59q\">\n<p dir=\"auto\">\n<p dir=\"auto\">A iniciativa, que procurou reduzir a polui\u00e7\u00e3o nas duas margens do rio, foi organizada pela <span style=\"font-size: inherit\"> associa\u00e7\u00e3o &#8220;Mais Monte&#8221;, com a colabora\u00e7\u00e3o do munic\u00edpio de Melga\u00e7o e de empresas e associa\u00e7\u00f5es das duas localidades.<\/span><\/p>\n<p dir=\"auto\"><span class=\"il\">Em 2021, dever\u00e1 ser promovida uma nova a\u00e7\u00e3o de limpeza.<\/span><\/p>\n<\/div>\n","protected":false},"excerpt":{"rendered":"<p>Uma a\u00e7\u00e3o de limpeza nas margens do rio Minho, em Melga\u00e7o e em Arbo, na Galiza, permitiu a recolha de cerca de 200 quilos de res\u00edduos e ainda de 65 pneus abandonados. Em comunicado, o munic\u00edpio de Melga\u00e7o adianta que os res\u00edduos foram encaminhados para a Valorminho, a sociedade que gere o aterro sanit\u00e1rio do [&hellip;]<\/p>\n","protected":false},"author":12,"featured_media":54231,"comment_status":"closed","ping_status":"closed","sticky":false,"template":"","format":"standard","meta":{"_exactmetrics_skip_tracking":false,"_exactmetrics_sitenote_active":false,"_exactmetrics_sitenote_note":"","_exactmetrics_sitenote_category":0,"footnotes":""},"categories":[8],"tags":[27],"class_list":["post-54230","post","type-post","status-publish","format-standard","has-post-thumbnail","hentry","category-melgaco","tag-sociedade"],"yoast_head":"<!-- This site is optimized with the Yoast SEO Premium plugin v27.4 (Yoast SEO v27.4) - https:\/\/yoast.com\/product\/yoast-seo-premium-wordpress\/ -->\n<title>Cerca de 200 quilos de lixo recolhidos nas margens do rio Minho<\/title>\n<meta name=\"robots\" content=\"index, follow, max-snippet:-1, max-image-preview:large, max-video-preview:-1\" \/>\n<link rel=\"canonical\" href=\"https:\/\/www.altominho.tv\/site\/2020\/10\/21\/cerca-de-200-quilos-de-lixo-recolhidos-nas-margens-do-rio-minho\/\" \/>\n<meta property=\"og:locale\" content=\"pt_PT\" \/>\n<meta property=\"og:type\" content=\"article\" \/>\n<meta property=\"og:title\" content=\"Cerca de 200 quilos de lixo recolhidos nas margens do rio Minho\" \/>\n<meta property=\"og:description\" content=\"Uma a\u00e7\u00e3o de limpeza nas margens do rio Minho, em Melga\u00e7o e em Arbo, na Galiza, permitiu a recolha de cerca de 200 quilos de res\u00edduos e ainda de 65 pneus abandonados. Em comunicado, o munic\u00edpio de Melga\u00e7o adianta que os res\u00edduos foram encaminhados para a Valorminho, a sociedade que gere o aterro sanit\u00e1rio do [&hellip;]\" \/>\n<meta property=\"og:url\" content=\"https:\/\/www.altominho.tv\/site\/2020\/10\/21\/cerca-de-200-quilos-de-lixo-recolhidos-nas-margens-do-rio-minho\/\" \/>\n<meta property=\"og:site_name\" content=\"Altominho.tv\" \/>\n<meta property=\"article:publisher\" content=\"https:\/\/www.facebook.com\/altominhotv\" \/>\n<meta property=\"article:published_time\" content=\"2020-10-21T16:41:25+00:00\" \/>\n<meta property=\"article:modified_time\" content=\"2020-10-21T16:41:28+00:00\" \/>\n<meta property=\"og:image\" content=\"https:\/\/www.altominho.tv\/site\/wp-content\/uploads\/2020\/10\/122328650_3703774506355190_1552622874964921631_o.jpg\" \/>\n\t<meta property=\"og:image:width\" content=\"1772\" \/>\n\t<meta property=\"og:image:height\" content=\"1181\" \/>\n\t<meta property=\"og:image:type\" content=\"image\/jpeg\" \/>\n<meta name=\"author\" content=\"Andreia Ferreira\" \/>\n<meta name=\"twitter:card\" content=\"summary_large_image\" \/>\n<meta name=\"twitter:creator\" content=\"@altominhoTV\" \/>\n<meta name=\"twitter:site\" content=\"@altominhoTV\" \/>\n<meta name=\"twitter:label1\" content=\"Escrito por\" \/>\n\t<meta name=\"twitter:data1\" content=\"Andreia Ferreira\" \/>\n\t<meta name=\"twitter:label2\" content=\"Tempo estimado de leitura\" \/>\n\t<meta name=\"twitter:data2\" content=\"1 minuto\" \/>\n<script type=\"application\/ld+json\" class=\"yoast-schema-graph\">{\"@context\":\"https:\\\/\\\/schema.org\",\"@graph\":[{\"@type\":\"Article\",\"@id\":\"https:\\\/\\\/www.altominho.tv\\\/site\\\/2020\\\/10\\\/21\\\/cerca-de-200-quilos-de-lixo-recolhidos-nas-margens-do-rio-minho\\\/#article\",\"isPartOf\":{\"@id\":\"https:\\\/\\\/www.altominho.tv\\\/site\\\/2020\\\/10\\\/21\\\/cerca-de-200-quilos-de-lixo-recolhidos-nas-margens-do-rio-minho\\\/\"},\"author\":{\"name\":\"Andreia Ferreira\",\"@id\":\"https:\\\/\\\/www.altominho.tv\\\/site\\\/#\\\/schema\\\/person\\\/d9be4265364723f14ea8e0d56a1d38cd\"},\"headline\":\"Cerca de 200 quilos de lixo recolhidos nas margens do rio Minho\",\"datePublished\":\"2020-10-21T16:41:25+00:00\",\"dateModified\":\"2020-10-21T16:41:28+00:00\",\"mainEntityOfPage\":{\"@id\":\"https:\\\/\\\/www.altominho.tv\\\/site\\\/2020\\\/10\\\/21\\\/cerca-de-200-quilos-de-lixo-recolhidos-nas-margens-do-rio-minho\\\/\"},\"wordCount\":135,\"image\":{\"@id\":\"https:\\\/\\\/www.altominho.tv\\\/site\\\/2020\\\/10\\\/21\\\/cerca-de-200-quilos-de-lixo-recolhidos-nas-margens-do-rio-minho\\\/#primaryimage\"},\"thumbnailUrl\":\"https:\\\/\\\/www.altominho.tv\\\/site\\\/wp-content\\\/uploads\\\/2020\\\/10\\\/122328650_3703774506355190_1552622874964921631_o.jpg\",\"keywords\":[\"Sociedade\"],\"articleSection\":[\"Melga\u00e7o\"],\"inLanguage\":\"pt-PT\",\"copyrightYear\":\"2020\",\"copyrightHolder\":{\"@id\":\"https:\\\/\\\/www.altominho.tv\\\/site\\\/#organization\"}},{\"@type\":\"WebPage\",\"@id\":\"https:\\\/\\\/www.altominho.tv\\\/site\\\/2020\\\/10\\\/21\\\/cerca-de-200-quilos-de-lixo-recolhidos-nas-margens-do-rio-minho\\\/\",\"url\":\"https:\\\/\\\/www.altominho.tv\\\/site\\\/2020\\\/10\\\/21\\\/cerca-de-200-quilos-de-lixo-recolhidos-nas-margens-do-rio-minho\\\/\",\"name\":\"Cerca de 200 quilos de lixo recolhidos nas margens do rio Minho\",\"isPartOf\":{\"@id\":\"https:\\\/\\\/www.altominho.tv\\\/site\\\/#website\"},\"primaryImageOfPage\":{\"@id\":\"https:\\\/\\\/www.altominho.tv\\\/site\\\/2020\\\/10\\\/21\\\/cerca-de-200-quilos-de-lixo-recolhidos-nas-margens-do-rio-minho\\\/#primaryimage\"},\"image\":{\"@id\":\"https:\\\/\\\/www.altominho.tv\\\/site\\\/2020\\\/10\\\/21\\\/cerca-de-200-quilos-de-lixo-recolhidos-nas-margens-do-rio-minho\\\/#primaryimage\"},\"thumbnailUrl\":\"https:\\\/\\\/www.altominho.tv\\\/site\\\/wp-content\\\/uploads\\\/2020\\\/10\\\/122328650_3703774506355190_1552622874964921631_o.jpg\",\"datePublished\":\"2020-10-21T16:41:25+00:00\",\"dateModified\":\"2020-10-21T16:41:28+00:00\",\"author\":{\"@id\":\"https:\\\/\\\/www.altominho.tv\\\/site\\\/#\\\/schema\\\/person\\\/d9be4265364723f14ea8e0d56a1d38cd\"},\"breadcrumb\":{\"@id\":\"https:\\\/\\\/www.altominho.tv\\\/site\\\/2020\\\/10\\\/21\\\/cerca-de-200-quilos-de-lixo-recolhidos-nas-margens-do-rio-minho\\\/#breadcrumb\"},\"inLanguage\":\"pt-PT\",\"potentialAction\":[{\"@type\":\"ReadAction\",\"target\":[\"https:\\\/\\\/www.altominho.tv\\\/site\\\/2020\\\/10\\\/21\\\/cerca-de-200-quilos-de-lixo-recolhidos-nas-margens-do-rio-minho\\\/\"]}]},{\"@type\":\"ImageObject\",\"inLanguage\":\"pt-PT\",\"@id\":\"https:\\\/\\\/www.altominho.tv\\\/site\\\/2020\\\/10\\\/21\\\/cerca-de-200-quilos-de-lixo-recolhidos-nas-margens-do-rio-minho\\\/#primaryimage\",\"url\":\"https:\\\/\\\/www.altominho.tv\\\/site\\\/wp-content\\\/uploads\\\/2020\\\/10\\\/122328650_3703774506355190_1552622874964921631_o.jpg\",\"contentUrl\":\"https:\\\/\\\/www.altominho.tv\\\/site\\\/wp-content\\\/uploads\\\/2020\\\/10\\\/122328650_3703774506355190_1552622874964921631_o.jpg\",\"width\":1772,\"height\":1181,\"caption\":\"MUNIC\u00cdPIO DE MELGA\u00c7O\"},{\"@type\":\"BreadcrumbList\",\"@id\":\"https:\\\/\\\/www.altominho.tv\\\/site\\\/2020\\\/10\\\/21\\\/cerca-de-200-quilos-de-lixo-recolhidos-nas-margens-do-rio-minho\\\/#breadcrumb\",\"itemListElement\":[{\"@type\":\"ListItem\",\"position\":1,\"name\":\"In\u00edcio\",\"item\":\"https:\\\/\\\/www.altominho.tv\\\/site\\\/\"},{\"@type\":\"ListItem\",\"position\":2,\"name\":\"Cerca de 200 quilos de lixo recolhidos nas margens do rio Minho\"}]},{\"@type\":\"WebSite\",\"@id\":\"https:\\\/\\\/www.altominho.tv\\\/site\\\/#website\",\"url\":\"https:\\\/\\\/www.altominho.tv\\\/site\\\/\",\"name\":\"Altominho.tv\",\"description\":\"A sua regi\u00e3o \u00e0 dist\u00e2ncia de um clique...\",\"potentialAction\":[{\"@type\":\"SearchAction\",\"target\":{\"@type\":\"EntryPoint\",\"urlTemplate\":\"https:\\\/\\\/www.altominho.tv\\\/site\\\/?s={search_term_string}\"},\"query-input\":{\"@type\":\"PropertyValueSpecification\",\"valueRequired\":true,\"valueName\":\"search_term_string\"}}],\"inLanguage\":\"pt-PT\"},{\"@type\":\"Person\",\"@id\":\"https:\\\/\\\/www.altominho.tv\\\/site\\\/#\\\/schema\\\/person\\\/d9be4265364723f14ea8e0d56a1d38cd\",\"name\":\"Andreia Ferreira\",\"image\":{\"@type\":\"ImageObject\",\"inLanguage\":\"pt-PT\",\"@id\":\"https:\\\/\\\/www.altominho.tv\\\/site\\\/wp-content\\\/uploads\\\/2021\\\/01\\\/AndreiaFerreira-150x150.jpg\",\"url\":\"https:\\\/\\\/www.altominho.tv\\\/site\\\/wp-content\\\/uploads\\\/2021\\\/01\\\/AndreiaFerreira-150x150.jpg\",\"contentUrl\":\"https:\\\/\\\/www.altominho.tv\\\/site\\\/wp-content\\\/uploads\\\/2021\\\/01\\\/AndreiaFerreira-150x150.jpg\",\"caption\":\"Andreia Ferreira\"},\"url\":\"https:\\\/\\\/www.altominho.tv\\\/site\\\/author\\\/andreiaferreira\\\/\"}]}<\/script>\n<!-- \/ Yoast SEO Premium plugin. -->","yoast_head_json":{"title":"Cerca de 200 quilos de lixo recolhidos nas margens do rio Minho","robots":{"index":"index","follow":"follow","max-snippet":"max-snippet:-1","max-image-preview":"max-image-preview:large","max-video-preview":"max-video-preview:-1"},"canonical":"https:\/\/www.altominho.tv\/site\/2020\/10\/21\/cerca-de-200-quilos-de-lixo-recolhidos-nas-margens-do-rio-minho\/","og_locale":"pt_PT","og_type":"article","og_title":"Cerca de 200 quilos de lixo recolhidos nas margens do rio Minho","og_description":"Uma a\u00e7\u00e3o de limpeza nas margens do rio Minho, em Melga\u00e7o e em Arbo, na Galiza, permitiu a recolha de cerca de 200 quilos de res\u00edduos e ainda de 65 pneus abandonados. Em comunicado, o munic\u00edpio de Melga\u00e7o adianta que os res\u00edduos foram encaminhados para a Valorminho, a sociedade que gere o aterro sanit\u00e1rio do [&hellip;]","og_url":"https:\/\/www.altominho.tv\/site\/2020\/10\/21\/cerca-de-200-quilos-de-lixo-recolhidos-nas-margens-do-rio-minho\/","og_site_name":"Altominho.tv","article_publisher":"https:\/\/www.facebook.com\/altominhotv","article_published_time":"2020-10-21T16:41:25+00:00","article_modified_time":"2020-10-21T16:41:28+00:00","og_image":[{"width":1772,"height":1181,"url":"https:\/\/www.altominho.tv\/site\/wp-content\/uploads\/2020\/10\/122328650_3703774506355190_1552622874964921631_o.jpg","type":"image\/jpeg"}],"author":"Andreia Ferreira","twitter_card":"summary_large_image","twitter_creator":"@altominhoTV","twitter_site":"@altominhoTV","twitter_misc":{"Escrito por":"Andreia Ferreira","Tempo estimado de leitura":"1 minuto"},"schema":{"@context":"https:\/\/schema.org","@graph":[{"@type":"Article","@id":"https:\/\/www.altominho.tv\/site\/2020\/10\/21\/cerca-de-200-quilos-de-lixo-recolhidos-nas-margens-do-rio-minho\/#article","isPartOf":{"@id":"https:\/\/www.altominho.tv\/site\/2020\/10\/21\/cerca-de-200-quilos-de-lixo-recolhidos-nas-margens-do-rio-minho\/"},"author":{"name":"Andreia Ferreira","@id":"https:\/\/www.altominho.tv\/site\/#\/schema\/person\/d9be4265364723f14ea8e0d56a1d38cd"},"headline":"Cerca de 200 quilos de lixo recolhidos nas margens do rio Minho","datePublished":"2020-10-21T16:41:25+00:00","dateModified":"2020-10-21T16:41:28+00:00","mainEntityOfPage":{"@id":"https:\/\/www.altominho.tv\/site\/2020\/10\/21\/cerca-de-200-quilos-de-lixo-recolhidos-nas-margens-do-rio-minho\/"},"wordCount":135,"image":{"@id":"https:\/\/www.altominho.tv\/site\/2020\/10\/21\/cerca-de-200-quilos-de-lixo-recolhidos-nas-margens-do-rio-minho\/#primaryimage"},"thumbnailUrl":"https:\/\/www.altominho.tv\/site\/wp-content\/uploads\/2020\/10\/122328650_3703774506355190_1552622874964921631_o.jpg","keywords":["Sociedade"],"articleSection":["Melga\u00e7o"],"inLanguage":"pt-PT","copyrightYear":"2020","copyrightHolder":{"@id":"https:\/\/www.altominho.tv\/site\/#organization"}},{"@type":"WebPage","@id":"https:\/\/www.altominho.tv\/site\/2020\/10\/21\/cerca-de-200-quilos-de-lixo-recolhidos-nas-margens-do-rio-minho\/","url":"https:\/\/www.altominho.tv\/site\/2020\/10\/21\/cerca-de-200-quilos-de-lixo-recolhidos-nas-margens-do-rio-minho\/","name":"Cerca de 200 quilos de lixo recolhidos nas margens do rio Minho","isPartOf":{"@id":"https:\/\/www.altominho.tv\/site\/#website"},"primaryImageOfPage":{"@id":"https:\/\/www.altominho.tv\/site\/2020\/10\/21\/cerca-de-200-quilos-de-lixo-recolhidos-nas-margens-do-rio-minho\/#primaryimage"},"image":{"@id":"https:\/\/www.altominho.tv\/site\/2020\/10\/21\/cerca-de-200-quilos-de-lixo-recolhidos-nas-margens-do-rio-minho\/#primaryimage"},"thumbnailUrl":"https:\/\/www.altominho.tv\/site\/wp-content\/uploads\/2020\/10\/122328650_3703774506355190_1552622874964921631_o.jpg","datePublished":"2020-10-21T16:41:25+00:00","dateModified":"2020-10-21T16:41:28+00:00","author":{"@id":"https:\/\/www.altominho.tv\/site\/#\/schema\/person\/d9be4265364723f14ea8e0d56a1d38cd"},"breadcrumb":{"@id":"https:\/\/www.altominho.tv\/site\/2020\/10\/21\/cerca-de-200-quilos-de-lixo-recolhidos-nas-margens-do-rio-minho\/#breadcrumb"},"inLanguage":"pt-PT","potentialAction":[{"@type":"ReadAction","target":["https:\/\/www.altominho.tv\/site\/2020\/10\/21\/cerca-de-200-quilos-de-lixo-recolhidos-nas-margens-do-rio-minho\/"]}]},{"@type":"ImageObject","inLanguage":"pt-PT","@id":"https:\/\/www.altominho.tv\/site\/2020\/10\/21\/cerca-de-200-quilos-de-lixo-recolhidos-nas-margens-do-rio-minho\/#primaryimage","url":"https:\/\/www.altominho.tv\/site\/wp-content\/uploads\/2020\/10\/122328650_3703774506355190_1552622874964921631_o.jpg","contentUrl":"https:\/\/www.altominho.tv\/site\/wp-content\/uploads\/2020\/10\/122328650_3703774506355190_1552622874964921631_o.jpg","width":1772,"height":1181,"caption":"MUNIC\u00cdPIO DE MELGA\u00c7O"},{"@type":"BreadcrumbList","@id":"https:\/\/www.altominho.tv\/site\/2020\/10\/21\/cerca-de-200-quilos-de-lixo-recolhidos-nas-margens-do-rio-minho\/#breadcrumb","itemListElement":[{"@type":"ListItem","position":1,"name":"In\u00edcio","item":"https:\/\/www.altominho.tv\/site\/"},{"@type":"ListItem","position":2,"name":"Cerca de 200 quilos de lixo recolhidos nas margens do rio Minho"}]},{"@type":"WebSite","@id":"https:\/\/www.altominho.tv\/site\/#website","url":"https:\/\/www.altominho.tv\/site\/","name":"Altominho.tv","description":"A sua regi\u00e3o \u00e0 dist\u00e2ncia de um clique...","potentialAction":[{"@type":"SearchAction","target":{"@type":"EntryPoint","urlTemplate":"https:\/\/www.altominho.tv\/site\/?s={search_term_string}"},"query-input":{"@type":"PropertyValueSpecification","valueRequired":true,"valueName":"search_term_string"}}],"inLanguage":"pt-PT"},{"@type":"Person","@id":"https:\/\/www.altominho.tv\/site\/#\/schema\/person\/d9be4265364723f14ea8e0d56a1d38cd","name":"Andreia Ferreira","image":{"@type":"ImageObject","inLanguage":"pt-PT","@id":"https:\/\/www.altominho.tv\/site\/wp-content\/uploads\/2021\/01\/AndreiaFerreira-150x150.jpg","url":"https:\/\/www.altominho.tv\/site\/wp-content\/uploads\/2021\/01\/AndreiaFerreira-150x150.jpg","contentUrl":"https:\/\/www.altominho.tv\/site\/wp-content\/uploads\/2021\/01\/AndreiaFerreira-150x150.jpg","caption":"Andreia Ferreira"},"url":"https:\/\/www.altominho.tv\/site\/author\/andreiaferreira\/"}]}},"_links":{"self":[{"href":"https:\/\/www.altominho.tv\/site\/wp-json\/wp\/v2\/posts\/54230","targetHints":{"allow":["GET"]}}],"collection":[{"href":"https:\/\/www.altominho.tv\/site\/wp-json\/wp\/v2\/posts"}],"about":[{"href":"https:\/\/www.altominho.tv\/site\/wp-json\/wp\/v2\/types\/post"}],"author":[{"embeddable":true,"href":"https:\/\/www.altominho.tv\/site\/wp-json\/wp\/v2\/users\/12"}],"replies":[{"embeddable":true,"href":"https:\/\/www.altominho.tv\/site\/wp-json\/wp\/v2\/comments?post=54230"}],"version-history":[{"count":0,"href":"https:\/\/www.altominho.tv\/site\/wp-json\/wp\/v2\/posts\/54230\/revisions"}],"wp:featuredmedia":[{"embeddable":true,"href":"https:\/\/www.altominho.tv\/site\/wp-json\/wp\/v2\/media\/54231"}],"wp:attachment":[{"href":"https:\/\/www.altominho.tv\/site\/wp-json\/wp\/v2\/media?parent=54230"}],"wp:term":[{"taxonomy":"category","embeddable":true,"href":"https:\/\/www.altominho.tv\/site\/wp-json\/wp\/v2\/categories?post=54230"},{"taxonomy":"post_tag","embeddable":true,"href":"https:\/\/www.altominho.tv\/site\/wp-json\/wp\/v2\/tags?post=54230"}],"curies":[{"name":"wp","href":"https:\/\/api.w.org\/{rel}","templated":true}]}}