{"id":54107,"date":"2020-10-20T16:19:49","date_gmt":"2020-10-20T15:19:49","guid":{"rendered":"https:\/\/www.altominho.tv\/site\/?p=54107"},"modified":"2020-10-20T16:19:53","modified_gmt":"2020-10-20T15:19:53","slug":"misericordias-do-alto-minho-querem-unidade-de-retaguarda-para-utentes-infetados","status":"publish","type":"post","link":"https:\/\/www.altominho.tv\/site\/2020\/10\/20\/misericordias-do-alto-minho-querem-unidade-de-retaguarda-para-utentes-infetados\/","title":{"rendered":"Miseric\u00f3rdias do Alto Minho querem unidade de retaguarda para utentes infetados"},"content":{"rendered":"\n<p>As 10 Miseric\u00f3rdias do distrito de Viana do Castelo defenderam hoje a cria\u00e7\u00e3o de uma unidade de retaguarda para utentes de Estruturas Residenciais para Pessoas Idosas (ERPI) com covid-19 para &#8220;bloquear&#8221; a propaga\u00e7\u00e3o do novo coronav\u00edrus.<br><\/p>\n\n\n\n<p>A proposta consta de um comunicado hoje enviado \u00e0 ag\u00eancia Lusa pelo secretariado regional da Uni\u00e3o das Miseric\u00f3rdias Portuguesas (UMP). No distrito de Viana do Castelo existem 10 miseric\u00f3rdias, uma em cada concelho.<br><\/p>\n\n\n\n<p>Contactado pela Lusa, o provedor da Santa Casa da Miseric\u00f3rdia de Arcos de Valdevez, que \u00e9 tamb\u00e9m presidente do conselho nacional da UMP, Francisco Ara\u00fajo, disse ter sido solicitado ao presidente da Comunidade Intermunicipal (CIM) do Alto Minho a marca\u00e7\u00e3o de uma reuni\u00e3o para discutir a proposta das Miseric\u00f3rdias.<br><\/p>\n\n\n\n<p>&#8220;Para esse encontro solicit\u00e1mos a presen\u00e7a da Unidade Local de Sa\u00fade do Alto Minho (ULSAM), Comiss\u00e3o Distrital de Prote\u00e7\u00e3o Civil de Viana do Castelo, Seguran\u00e7a Social e da representante distrital da Confedera\u00e7\u00e3o Nacional das Institui\u00e7\u00f5es de Solidariedade (CNIS)\u201d, especificou Francisco Ara\u00fajo.<br><\/p>\n\n\n\n<p>No comunicado, o secretariado regional da UMP diz &#8220;estar mais que na hora das autoridades e das estruturas locais assumirem a responsabilidade que algo n\u00e3o vai bem e unirem esfor\u00e7os para resolver um problema de sa\u00fade p\u00fablica&#8221;.<br><\/p>\n\n\n\n<p>&#8220;Tal como anot\u00e1mos, bem no in\u00edcio desta pandemia, a resposta tem de ser de base nacional, mas definida a n\u00edvel local, dadas as especificidades e particularidades que cada regi\u00e3o tem&#8221;, sustenta.<br><\/p>\n\n\n\n<p>&#8220;Tal como propusemos em mar\u00e7o, e para que os mesmos erros do passado n\u00e3o sejam cometidos, propomos a cria\u00e7\u00e3o de uma unidade distrital para utentes com covid-19, residentes em ERPI, que sejam assintom\u00e1ticos ou pouco sintom\u00e1ticos, para que rapidamente sejam retirados dessas estruturas e que, de forma mais eficaz, se consiga conter os poss\u00edveis surtos na regi\u00e3o, focando-nos no essencial, a sa\u00fade p\u00fablica&#8221;, refor\u00e7a o secretariado regional da UMP.<br><\/p>\n\n\n\n<p>No documento, lembra que &#8220;h\u00e1 sete meses alertou para a necessidade da cria\u00e7\u00e3o dessa unidade distrital&#8221; e que atualmente a regi\u00e3o est\u00e1 &#8220;exatamente no mesmo ponto que em mar\u00e7o&#8221;.<br><\/p>\n\n\n\n<p>&#8220;Uma ERPI, sem pessoal diferenciado 24 horas por dia, algumas sem condi\u00e7\u00f5es f\u00edsicas para manter isolamentos para casos positivos ou profil\u00e1ticos, n\u00e3o est\u00e1 em condi\u00e7\u00f5es para bloquear a propaga\u00e7\u00e3o do v\u00edrus&#8221;, frisam.<br><\/p>\n\n\n\n<p>Segundo aquele organismo, &#8220;a leitura cr\u00edtica dos surtos em todas as ERPI \u00e9 espelho desta reflex\u00e3o&#8221;.\u00a0<br><\/p>\n\n\n\n<p>&#8220;Onde se verifica maior n\u00famero de idosos infetados \u00e9 onde se verifica maior n\u00famero de profissionais infetados. Isto \u00e9 muito fruto da falta de pessoal diferenciado 24 horas por dia, nomeadamente pessoal de enfermagem, o que espelha a realidade da grande maioria&#8221;, sustentam as 10 miseric\u00f3rdias.<br><\/p>\n\n\n\n<p>Acrescenta que as ERPI &#8220;s\u00e3o estruturas residenciais n\u00e3o concebidas para serem unidades de sa\u00fade&#8221; e comparam os surtos registados nessas estruturas com os da Rede Nacional de Cuidados Continuados Integrados (RNCCI).<br><\/p>\n\n\n\n<p>&#8220;Essas sim s\u00e3o unidades de sa\u00fade, que det\u00eam recursos humanos diferenciados em toda a extens\u00e3o e durante 24 horas por dia. Trata-se, por si s\u00f3, de uma realidade totalmente distinta, mas volvidos sete meses a pr\u00f3pria Autoridade de Sa\u00fade continua a debitar normas de orienta\u00e7\u00e3o cl\u00ednica, colocando no mesmo saco ERPI e RNCCI, o que demonstra uma aus\u00eancia cabal de um plano estruturado para combater esta pandemia neste tipo de estruturas&#8221;, argumenta.<br><\/p>\n\n\n\n<p>Em abril, al\u00e9m das estruturas criadas pelos 10 munic\u00edpios do distrito de Viana do Castelo no \u00e2mbito dos seus planos de conting\u00eancia, foi instalado um centro de acolhimento tempor\u00e1rio na Pousada da Juventude de Viana do Castelo destinado \u00e0 covid-19, entretanto desativado sem ter recebido infetados. Tinha capacidade para acolher at\u00e9 50 pessoas.<br><\/p>\n\n\n\n<p>No mesmo m\u00eas, tamb\u00e9m em Viana do Castelo, foi criada no centro cultural da cidade uma unidade de sa\u00fade de retaguarda, com 200 camas, para receber idosos infetados com o coronav\u00edrus, evitando a sua perman\u00eancia em lares, num investimento de 16 mil euros.<br><\/p>\n\n\n\n<p>O espa\u00e7o n\u00e3o chegou a ser utilizado para aquele fim, mas acolheu no per\u00edodo cr\u00edtico dos inc\u00eandios bombeiros de v\u00e1rias corpora\u00e7\u00f5es do pa\u00eds que auxiliaram no combate aos fogos que assolaram a regi\u00e3o.<br><\/p>\n\n\n\n<p>A sua desativa\u00e7\u00e3o esteve prevista para o final deste m\u00eas, mas a ULSAM e a C\u00e2mara local decidiram a sua continuidade, at\u00e9 30 de novembro, devido \u00e0 evolu\u00e7\u00e3o da doen\u00e7a.<br><\/p>\n\n\n\n<p>Tamb\u00e9m em abril, a Liga dos Amigos do Hospital de Viana do Castelo (LAHSL), em parceria com a diocese local, montou no pavilh\u00e3o gimnodesportivo do semin\u00e1rio diocesano uma enfermaria com 50 camas, para receber doentes de covid-19. Foi desmontada em setembro sem ter sido utilizada.<br><\/p>\n\n\n\n<p>Portugal contabiliza pelo menos 2.213 mortos associados \u00e0 covid-19 em 103.736 casos confirmados de infe\u00e7\u00e3o, segundo o \u00faltimo boletim da Dire\u00e7\u00e3o-Geral da Sa\u00fade (DGS).<\/p>\n","protected":false},"excerpt":{"rendered":"<p>As 10 Miseric\u00f3rdias do distrito de Viana do Castelo defenderam hoje a cria\u00e7\u00e3o de uma unidade de retaguarda para utentes de Estruturas Residenciais para Pessoas Idosas (ERPI) com covid-19 para &#8220;bloquear&#8221; a propaga\u00e7\u00e3o do novo coronav\u00edrus. A proposta consta de um comunicado hoje enviado \u00e0 ag\u00eancia Lusa pelo secretariado regional da Uni\u00e3o das Miseric\u00f3rdias Portuguesas [&hellip;]<\/p>\n","protected":false},"author":16,"featured_media":54108,"comment_status":"closed","ping_status":"closed","sticky":false,"template":"","format":"standard","meta":{"_exactmetrics_skip_tracking":false,"_exactmetrics_sitenote_active":false,"_exactmetrics_sitenote_note":"","_exactmetrics_sitenote_category":0,"footnotes":""},"categories":[73],"tags":[27],"class_list":["post-54107","post","type-post","status-publish","format-standard","has-post-thumbnail","hentry","category-alto-minho","tag-sociedade"],"yoast_head":"<!-- This site is optimized with the Yoast SEO Premium plugin v27.4 (Yoast SEO v27.4) - https:\/\/yoast.com\/product\/yoast-seo-premium-wordpress\/ -->\n<title>Miseric\u00f3rdias do Alto Minho querem unidade de retaguarda para utentes infetados<\/title>\n<meta name=\"robots\" content=\"index, follow, max-snippet:-1, max-image-preview:large, max-video-preview:-1\" \/>\n<link rel=\"canonical\" href=\"https:\/\/www.altominho.tv\/site\/2020\/10\/20\/misericordias-do-alto-minho-querem-unidade-de-retaguarda-para-utentes-infetados\/\" \/>\n<meta property=\"og:locale\" content=\"pt_PT\" \/>\n<meta property=\"og:type\" content=\"article\" \/>\n<meta property=\"og:title\" content=\"Miseric\u00f3rdias do Alto Minho querem unidade de retaguarda para utentes infetados\" \/>\n<meta property=\"og:description\" content=\"As 10 Miseric\u00f3rdias do distrito de Viana do Castelo defenderam hoje a cria\u00e7\u00e3o de uma unidade de retaguarda para utentes de Estruturas Residenciais para Pessoas Idosas (ERPI) com covid-19 para &#8220;bloquear&#8221; a propaga\u00e7\u00e3o do novo coronav\u00edrus. A proposta consta de um comunicado hoje enviado \u00e0 ag\u00eancia Lusa pelo secretariado regional da Uni\u00e3o das Miseric\u00f3rdias Portuguesas [&hellip;]\" \/>\n<meta property=\"og:url\" content=\"https:\/\/www.altominho.tv\/site\/2020\/10\/20\/misericordias-do-alto-minho-querem-unidade-de-retaguarda-para-utentes-infetados\/\" \/>\n<meta property=\"og:site_name\" content=\"Altominho.tv\" \/>\n<meta property=\"article:publisher\" content=\"https:\/\/www.facebook.com\/altominhotv\" \/>\n<meta property=\"article:published_time\" content=\"2020-10-20T15:19:49+00:00\" \/>\n<meta property=\"article:modified_time\" content=\"2020-10-20T15:19:53+00:00\" \/>\n<meta property=\"og:image\" content=\"https:\/\/www.altominho.tv\/site\/wp-content\/uploads\/2020\/10\/idosos-covid.jpg\" \/>\n\t<meta property=\"og:image:width\" content=\"1141\" \/>\n\t<meta property=\"og:image:height\" content=\"760\" \/>\n\t<meta property=\"og:image:type\" content=\"image\/jpeg\" \/>\n<meta name=\"author\" content=\"Andreia Cunha | Lusa\" \/>\n<meta name=\"twitter:card\" content=\"summary_large_image\" \/>\n<meta name=\"twitter:creator\" content=\"@altominhoTV\" \/>\n<meta name=\"twitter:site\" content=\"@altominhoTV\" \/>\n<meta name=\"twitter:label1\" content=\"Escrito por\" \/>\n\t<meta name=\"twitter:data1\" content=\"Andreia Cunha | Lusa\" \/>\n\t<meta name=\"twitter:label2\" content=\"Tempo estimado de leitura\" \/>\n\t<meta name=\"twitter:data2\" content=\"4 minutos\" \/>\n<script type=\"application\/ld+json\" class=\"yoast-schema-graph\">{\"@context\":\"https:\\\/\\\/schema.org\",\"@graph\":[{\"@type\":\"Article\",\"@id\":\"https:\\\/\\\/www.altominho.tv\\\/site\\\/2020\\\/10\\\/20\\\/misericordias-do-alto-minho-querem-unidade-de-retaguarda-para-utentes-infetados\\\/#article\",\"isPartOf\":{\"@id\":\"https:\\\/\\\/www.altominho.tv\\\/site\\\/2020\\\/10\\\/20\\\/misericordias-do-alto-minho-querem-unidade-de-retaguarda-para-utentes-infetados\\\/\"},\"author\":{\"name\":\"Andreia Cunha | Lusa\",\"@id\":\"https:\\\/\\\/www.altominho.tv\\\/site\\\/#\\\/schema\\\/person\\\/dbaf181c01b51ff40c9f461a905d321e\"},\"headline\":\"Miseric\u00f3rdias do Alto Minho querem unidade de retaguarda para utentes infetados\",\"datePublished\":\"2020-10-20T15:19:49+00:00\",\"dateModified\":\"2020-10-20T15:19:53+00:00\",\"mainEntityOfPage\":{\"@id\":\"https:\\\/\\\/www.altominho.tv\\\/site\\\/2020\\\/10\\\/20\\\/misericordias-do-alto-minho-querem-unidade-de-retaguarda-para-utentes-infetados\\\/\"},\"wordCount\":837,\"image\":{\"@id\":\"https:\\\/\\\/www.altominho.tv\\\/site\\\/2020\\\/10\\\/20\\\/misericordias-do-alto-minho-querem-unidade-de-retaguarda-para-utentes-infetados\\\/#primaryimage\"},\"thumbnailUrl\":\"https:\\\/\\\/www.altominho.tv\\\/site\\\/wp-content\\\/uploads\\\/2020\\\/10\\\/idosos-covid.jpg\",\"keywords\":[\"Sociedade\"],\"articleSection\":[\"Alto Minho\"],\"inLanguage\":\"pt-PT\",\"copyrightYear\":\"2020\",\"copyrightHolder\":{\"@id\":\"https:\\\/\\\/www.altominho.tv\\\/site\\\/#organization\"}},{\"@type\":\"WebPage\",\"@id\":\"https:\\\/\\\/www.altominho.tv\\\/site\\\/2020\\\/10\\\/20\\\/misericordias-do-alto-minho-querem-unidade-de-retaguarda-para-utentes-infetados\\\/\",\"url\":\"https:\\\/\\\/www.altominho.tv\\\/site\\\/2020\\\/10\\\/20\\\/misericordias-do-alto-minho-querem-unidade-de-retaguarda-para-utentes-infetados\\\/\",\"name\":\"Miseric\u00f3rdias do Alto Minho querem unidade de retaguarda para utentes infetados\",\"isPartOf\":{\"@id\":\"https:\\\/\\\/www.altominho.tv\\\/site\\\/#website\"},\"primaryImageOfPage\":{\"@id\":\"https:\\\/\\\/www.altominho.tv\\\/site\\\/2020\\\/10\\\/20\\\/misericordias-do-alto-minho-querem-unidade-de-retaguarda-para-utentes-infetados\\\/#primaryimage\"},\"image\":{\"@id\":\"https:\\\/\\\/www.altominho.tv\\\/site\\\/2020\\\/10\\\/20\\\/misericordias-do-alto-minho-querem-unidade-de-retaguarda-para-utentes-infetados\\\/#primaryimage\"},\"thumbnailUrl\":\"https:\\\/\\\/www.altominho.tv\\\/site\\\/wp-content\\\/uploads\\\/2020\\\/10\\\/idosos-covid.jpg\",\"datePublished\":\"2020-10-20T15:19:49+00:00\",\"dateModified\":\"2020-10-20T15:19:53+00:00\",\"author\":{\"@id\":\"https:\\\/\\\/www.altominho.tv\\\/site\\\/#\\\/schema\\\/person\\\/dbaf181c01b51ff40c9f461a905d321e\"},\"breadcrumb\":{\"@id\":\"https:\\\/\\\/www.altominho.tv\\\/site\\\/2020\\\/10\\\/20\\\/misericordias-do-alto-minho-querem-unidade-de-retaguarda-para-utentes-infetados\\\/#breadcrumb\"},\"inLanguage\":\"pt-PT\",\"potentialAction\":[{\"@type\":\"ReadAction\",\"target\":[\"https:\\\/\\\/www.altominho.tv\\\/site\\\/2020\\\/10\\\/20\\\/misericordias-do-alto-minho-querem-unidade-de-retaguarda-para-utentes-infetados\\\/\"]}]},{\"@type\":\"ImageObject\",\"inLanguage\":\"pt-PT\",\"@id\":\"https:\\\/\\\/www.altominho.tv\\\/site\\\/2020\\\/10\\\/20\\\/misericordias-do-alto-minho-querem-unidade-de-retaguarda-para-utentes-infetados\\\/#primaryimage\",\"url\":\"https:\\\/\\\/www.altominho.tv\\\/site\\\/wp-content\\\/uploads\\\/2020\\\/10\\\/idosos-covid.jpg\",\"contentUrl\":\"https:\\\/\\\/www.altominho.tv\\\/site\\\/wp-content\\\/uploads\\\/2020\\\/10\\\/idosos-covid.jpg\",\"width\":1141,\"height\":760},{\"@type\":\"BreadcrumbList\",\"@id\":\"https:\\\/\\\/www.altominho.tv\\\/site\\\/2020\\\/10\\\/20\\\/misericordias-do-alto-minho-querem-unidade-de-retaguarda-para-utentes-infetados\\\/#breadcrumb\",\"itemListElement\":[{\"@type\":\"ListItem\",\"position\":1,\"name\":\"In\u00edcio\",\"item\":\"https:\\\/\\\/www.altominho.tv\\\/site\\\/\"},{\"@type\":\"ListItem\",\"position\":2,\"name\":\"Miseric\u00f3rdias do Alto Minho querem unidade de retaguarda para utentes infetados\"}]},{\"@type\":\"WebSite\",\"@id\":\"https:\\\/\\\/www.altominho.tv\\\/site\\\/#website\",\"url\":\"https:\\\/\\\/www.altominho.tv\\\/site\\\/\",\"name\":\"Altominho.tv\",\"description\":\"A sua regi\u00e3o \u00e0 dist\u00e2ncia de um clique...\",\"potentialAction\":[{\"@type\":\"SearchAction\",\"target\":{\"@type\":\"EntryPoint\",\"urlTemplate\":\"https:\\\/\\\/www.altominho.tv\\\/site\\\/?s={search_term_string}\"},\"query-input\":{\"@type\":\"PropertyValueSpecification\",\"valueRequired\":true,\"valueName\":\"search_term_string\"}}],\"inLanguage\":\"pt-PT\"},{\"@type\":\"Person\",\"@id\":\"https:\\\/\\\/www.altominho.tv\\\/site\\\/#\\\/schema\\\/person\\\/dbaf181c01b51ff40c9f461a905d321e\",\"name\":\"Andreia Cunha | Lusa\",\"image\":{\"@type\":\"ImageObject\",\"inLanguage\":\"pt-PT\",\"@id\":\"https:\\\/\\\/www.altominho.tv\\\/site\\\/wp-content\\\/uploads\\\/2017\\\/11\\\/Andreia_Cunha-1-150x150.jpg\",\"url\":\"https:\\\/\\\/www.altominho.tv\\\/site\\\/wp-content\\\/uploads\\\/2017\\\/11\\\/Andreia_Cunha-1-150x150.jpg\",\"contentUrl\":\"https:\\\/\\\/www.altominho.tv\\\/site\\\/wp-content\\\/uploads\\\/2017\\\/11\\\/Andreia_Cunha-1-150x150.jpg\",\"caption\":\"Andreia Cunha | Lusa\"},\"sameAs\":[\"https:\\\/\\\/www.altominho.tv\\\/site\"],\"url\":\"https:\\\/\\\/www.altominho.tv\\\/site\\\/author\\\/andreiacunhalusa\\\/\"}]}<\/script>\n<!-- \/ Yoast SEO Premium plugin. -->","yoast_head_json":{"title":"Miseric\u00f3rdias do Alto Minho querem unidade de retaguarda para utentes infetados","robots":{"index":"index","follow":"follow","max-snippet":"max-snippet:-1","max-image-preview":"max-image-preview:large","max-video-preview":"max-video-preview:-1"},"canonical":"https:\/\/www.altominho.tv\/site\/2020\/10\/20\/misericordias-do-alto-minho-querem-unidade-de-retaguarda-para-utentes-infetados\/","og_locale":"pt_PT","og_type":"article","og_title":"Miseric\u00f3rdias do Alto Minho querem unidade de retaguarda para utentes infetados","og_description":"As 10 Miseric\u00f3rdias do distrito de Viana do Castelo defenderam hoje a cria\u00e7\u00e3o de uma unidade de retaguarda para utentes de Estruturas Residenciais para Pessoas Idosas (ERPI) com covid-19 para &#8220;bloquear&#8221; a propaga\u00e7\u00e3o do novo coronav\u00edrus. A proposta consta de um comunicado hoje enviado \u00e0 ag\u00eancia Lusa pelo secretariado regional da Uni\u00e3o das Miseric\u00f3rdias Portuguesas [&hellip;]","og_url":"https:\/\/www.altominho.tv\/site\/2020\/10\/20\/misericordias-do-alto-minho-querem-unidade-de-retaguarda-para-utentes-infetados\/","og_site_name":"Altominho.tv","article_publisher":"https:\/\/www.facebook.com\/altominhotv","article_published_time":"2020-10-20T15:19:49+00:00","article_modified_time":"2020-10-20T15:19:53+00:00","og_image":[{"width":1141,"height":760,"url":"https:\/\/www.altominho.tv\/site\/wp-content\/uploads\/2020\/10\/idosos-covid.jpg","type":"image\/jpeg"}],"author":"Andreia Cunha | Lusa","twitter_card":"summary_large_image","twitter_creator":"@altominhoTV","twitter_site":"@altominhoTV","twitter_misc":{"Escrito por":"Andreia Cunha | Lusa","Tempo estimado de leitura":"4 minutos"},"schema":{"@context":"https:\/\/schema.org","@graph":[{"@type":"Article","@id":"https:\/\/www.altominho.tv\/site\/2020\/10\/20\/misericordias-do-alto-minho-querem-unidade-de-retaguarda-para-utentes-infetados\/#article","isPartOf":{"@id":"https:\/\/www.altominho.tv\/site\/2020\/10\/20\/misericordias-do-alto-minho-querem-unidade-de-retaguarda-para-utentes-infetados\/"},"author":{"name":"Andreia Cunha | Lusa","@id":"https:\/\/www.altominho.tv\/site\/#\/schema\/person\/dbaf181c01b51ff40c9f461a905d321e"},"headline":"Miseric\u00f3rdias do Alto Minho querem unidade de retaguarda para utentes infetados","datePublished":"2020-10-20T15:19:49+00:00","dateModified":"2020-10-20T15:19:53+00:00","mainEntityOfPage":{"@id":"https:\/\/www.altominho.tv\/site\/2020\/10\/20\/misericordias-do-alto-minho-querem-unidade-de-retaguarda-para-utentes-infetados\/"},"wordCount":837,"image":{"@id":"https:\/\/www.altominho.tv\/site\/2020\/10\/20\/misericordias-do-alto-minho-querem-unidade-de-retaguarda-para-utentes-infetados\/#primaryimage"},"thumbnailUrl":"https:\/\/www.altominho.tv\/site\/wp-content\/uploads\/2020\/10\/idosos-covid.jpg","keywords":["Sociedade"],"articleSection":["Alto Minho"],"inLanguage":"pt-PT","copyrightYear":"2020","copyrightHolder":{"@id":"https:\/\/www.altominho.tv\/site\/#organization"}},{"@type":"WebPage","@id":"https:\/\/www.altominho.tv\/site\/2020\/10\/20\/misericordias-do-alto-minho-querem-unidade-de-retaguarda-para-utentes-infetados\/","url":"https:\/\/www.altominho.tv\/site\/2020\/10\/20\/misericordias-do-alto-minho-querem-unidade-de-retaguarda-para-utentes-infetados\/","name":"Miseric\u00f3rdias do Alto Minho querem unidade de retaguarda para utentes infetados","isPartOf":{"@id":"https:\/\/www.altominho.tv\/site\/#website"},"primaryImageOfPage":{"@id":"https:\/\/www.altominho.tv\/site\/2020\/10\/20\/misericordias-do-alto-minho-querem-unidade-de-retaguarda-para-utentes-infetados\/#primaryimage"},"image":{"@id":"https:\/\/www.altominho.tv\/site\/2020\/10\/20\/misericordias-do-alto-minho-querem-unidade-de-retaguarda-para-utentes-infetados\/#primaryimage"},"thumbnailUrl":"https:\/\/www.altominho.tv\/site\/wp-content\/uploads\/2020\/10\/idosos-covid.jpg","datePublished":"2020-10-20T15:19:49+00:00","dateModified":"2020-10-20T15:19:53+00:00","author":{"@id":"https:\/\/www.altominho.tv\/site\/#\/schema\/person\/dbaf181c01b51ff40c9f461a905d321e"},"breadcrumb":{"@id":"https:\/\/www.altominho.tv\/site\/2020\/10\/20\/misericordias-do-alto-minho-querem-unidade-de-retaguarda-para-utentes-infetados\/#breadcrumb"},"inLanguage":"pt-PT","potentialAction":[{"@type":"ReadAction","target":["https:\/\/www.altominho.tv\/site\/2020\/10\/20\/misericordias-do-alto-minho-querem-unidade-de-retaguarda-para-utentes-infetados\/"]}]},{"@type":"ImageObject","inLanguage":"pt-PT","@id":"https:\/\/www.altominho.tv\/site\/2020\/10\/20\/misericordias-do-alto-minho-querem-unidade-de-retaguarda-para-utentes-infetados\/#primaryimage","url":"https:\/\/www.altominho.tv\/site\/wp-content\/uploads\/2020\/10\/idosos-covid.jpg","contentUrl":"https:\/\/www.altominho.tv\/site\/wp-content\/uploads\/2020\/10\/idosos-covid.jpg","width":1141,"height":760},{"@type":"BreadcrumbList","@id":"https:\/\/www.altominho.tv\/site\/2020\/10\/20\/misericordias-do-alto-minho-querem-unidade-de-retaguarda-para-utentes-infetados\/#breadcrumb","itemListElement":[{"@type":"ListItem","position":1,"name":"In\u00edcio","item":"https:\/\/www.altominho.tv\/site\/"},{"@type":"ListItem","position":2,"name":"Miseric\u00f3rdias do Alto Minho querem unidade de retaguarda para utentes infetados"}]},{"@type":"WebSite","@id":"https:\/\/www.altominho.tv\/site\/#website","url":"https:\/\/www.altominho.tv\/site\/","name":"Altominho.tv","description":"A sua regi\u00e3o \u00e0 dist\u00e2ncia de um clique...","potentialAction":[{"@type":"SearchAction","target":{"@type":"EntryPoint","urlTemplate":"https:\/\/www.altominho.tv\/site\/?s={search_term_string}"},"query-input":{"@type":"PropertyValueSpecification","valueRequired":true,"valueName":"search_term_string"}}],"inLanguage":"pt-PT"},{"@type":"Person","@id":"https:\/\/www.altominho.tv\/site\/#\/schema\/person\/dbaf181c01b51ff40c9f461a905d321e","name":"Andreia Cunha | Lusa","image":{"@type":"ImageObject","inLanguage":"pt-PT","@id":"https:\/\/www.altominho.tv\/site\/wp-content\/uploads\/2017\/11\/Andreia_Cunha-1-150x150.jpg","url":"https:\/\/www.altominho.tv\/site\/wp-content\/uploads\/2017\/11\/Andreia_Cunha-1-150x150.jpg","contentUrl":"https:\/\/www.altominho.tv\/site\/wp-content\/uploads\/2017\/11\/Andreia_Cunha-1-150x150.jpg","caption":"Andreia Cunha | Lusa"},"sameAs":["https:\/\/www.altominho.tv\/site"],"url":"https:\/\/www.altominho.tv\/site\/author\/andreiacunhalusa\/"}]}},"_links":{"self":[{"href":"https:\/\/www.altominho.tv\/site\/wp-json\/wp\/v2\/posts\/54107","targetHints":{"allow":["GET"]}}],"collection":[{"href":"https:\/\/www.altominho.tv\/site\/wp-json\/wp\/v2\/posts"}],"about":[{"href":"https:\/\/www.altominho.tv\/site\/wp-json\/wp\/v2\/types\/post"}],"author":[{"embeddable":true,"href":"https:\/\/www.altominho.tv\/site\/wp-json\/wp\/v2\/users\/16"}],"replies":[{"embeddable":true,"href":"https:\/\/www.altominho.tv\/site\/wp-json\/wp\/v2\/comments?post=54107"}],"version-history":[{"count":0,"href":"https:\/\/www.altominho.tv\/site\/wp-json\/wp\/v2\/posts\/54107\/revisions"}],"wp:featuredmedia":[{"embeddable":true,"href":"https:\/\/www.altominho.tv\/site\/wp-json\/wp\/v2\/media\/54108"}],"wp:attachment":[{"href":"https:\/\/www.altominho.tv\/site\/wp-json\/wp\/v2\/media?parent=54107"}],"wp:term":[{"taxonomy":"category","embeddable":true,"href":"https:\/\/www.altominho.tv\/site\/wp-json\/wp\/v2\/categories?post=54107"},{"taxonomy":"post_tag","embeddable":true,"href":"https:\/\/www.altominho.tv\/site\/wp-json\/wp\/v2\/tags?post=54107"}],"curies":[{"name":"wp","href":"https:\/\/api.w.org\/{rel}","templated":true}]}}