{"id":54085,"date":"2020-10-20T10:04:23","date_gmt":"2020-10-20T09:04:23","guid":{"rendered":"https:\/\/www.altominho.tv\/site\/?p=54085"},"modified":"2022-01-17T14:22:49","modified_gmt":"2022-01-17T14:22:49","slug":"deputados-do-psd-do-alto-minho-exigem-conclusao-de-ligacoes-transfronteiricas","status":"publish","type":"post","link":"https:\/\/www.altominho.tv\/site\/2020\/10\/20\/deputados-do-psd-do-alto-minho-exigem-conclusao-de-ligacoes-transfronteiricas\/","title":{"rendered":"Deputados do PSD do Alto Minho exigem conclus\u00e3o de liga\u00e7\u00f5es transfronteiri\u00e7as"},"content":{"rendered":"<p>Os deputados do PSD eleitos pelo c\u00edrculo de Viana do Castelo v\u00e3o exigir ao Governo a conclus\u00e3o de obras de liga\u00e7\u00e3o fronteiri\u00e7a, reclamadas \u201ch\u00e1 muito pela regi\u00e3o&#8221;, pela &#8220;extrema import\u00e2ncia para a competitividade do territ\u00f3rio&#8221;.<\/p>\n<p>Em comunicado enviado esta ter\u00e7a-feira \u00e0 imprensa, os deputados Jorge Mendes, Eduardo Teixeira e Em\u00edlia Cerqueira apontam a beneficia\u00e7\u00e3o da estrada que liga o Itiner\u00e1rio Complementar 28 (IC28) \u00e0 fronteira da Madalena, em Ourense, na Galiza, em Espanha, e a conclus\u00e3o da Autoestrada 28 (A28) entre Vila Nova de Cerveira e a Autoestrada 3 (A3) em Valen\u00e7a, na fronteira com a cidade galega de Tui, como sendo de \u201cextrema import\u00e2ncia\u201d.<\/p>\n<p>Fonte do partido adiantou \u00e0 Lusa que &#8220;os tr\u00eas deputados eleitos pela regi\u00e3o v\u00e3o aproveitar a discuss\u00e3o do Or\u00e7amento do Estado para 2021, na pr\u00f3xima semana, para exigir a conclus\u00e3o daquelas vias&#8221;.<\/p>\n<p>Na segunda-feira, os tr\u00eas deputados visitaram as vias em causa, nos concelhos de Valen\u00e7a, Arcos de Valdevez e Ponte da Barca, e esta ter\u00e7a-feira insistem com a sua &#8220;extrema import\u00e2ncia para a mobilidade e para competitividade dos territ\u00f3rios e das empresas do Alto Minho&#8221;.<\/p>\n<p>&#8220;Esta quest\u00e3o j\u00e1 tinha sido levada ao parlamento pelos deputados de forma a que ficasse como uma das conclus\u00f5es do VIII F\u00f3rum Parlamentar Luso-Espanhol, realizado em setembro. Recentemente, na cimeira ib\u00e9rica a quest\u00e3o n\u00e3o foi abordada, uma decis\u00e3o dos governos socialistas de Lisboa e Madrid&#8221;, refere a nota.<\/p>\n<p>Os deputados lembram que, recentemente, os presidentes das <a href=\"https:\/\/www.altominho.tv\/site\/2020\/10\/15\/arcos-de-valdevez-e-ponte-da-barca-reivindicam-melhoria-de-ligacao-a-fronteira-da-madalena\/\">C\u00e2maras de Arcos de Valdevez e Ponte da Barca pediram ao Governo para incluir a liga\u00e7\u00e3o do IC28<\/a> \u00e0 Madalena no Plano de Recupera\u00e7\u00e3o e Resili\u00eancia de Portugal &#8220;como obra priorit\u00e1ria&#8221;.<\/p>\n<p>Reclamada &#8220;h\u00e1 mais de uma d\u00e9cada&#8221; aquela via permitir\u00e1 &#8220;alavancar as rela\u00e7\u00f5es econ\u00f3micas e transfronteiri\u00e7as e a atratividade dos munic\u00edpios e da regi\u00e3o&#8221;.<\/p>\n<p>Tamb\u00e9m na segunda-feira, ap\u00f3s uma reuni\u00e3o de trabalho com os tr\u00eas deputados do PSD, o autarca de Vila Nova de Cerveira sublinhou &#8220;a <a href=\"https:\/\/www.altominho.tv\/site\/2020\/10\/19\/vila-nova-de-cerveira-insiste-na-urgencia-de-prolongar-a-a28-ate-valenca\/\">urg\u00eancia do prolongamento da A28 at\u00e9 Valen\u00e7a<\/a>, como forma de aliviar o tr\u00e1fego, especialmente de ve\u00edculos pesados de mercadorias que transitam na Estrada Nacional (EN) 13&#8243;.<\/p>\n<p>A autoestrada A28 liga o Porto a Caminha, passando por Viana do Castelo. O tro\u00e7o da A28 entre a capital do Alto Minho e a freguesia de Vilar de Mouros, no concelho de Caminha, foi inaugurado em 2005 pelo ent\u00e3o primeiro-ministro Jos\u00e9 S\u00f3crates. Tem uma extens\u00e3o de 25 quil\u00f3metros e custou cerca de 160 milh\u00f5es de euros.<\/p>\n<p>Para o presidente da C\u00e2mara de Valen\u00e7a, Manuel Lopes (PSD), citado na nota, a regi\u00e3o &#8220;precisa de vias de comunica\u00e7\u00e3o que facilitem a mobilidade e o desenvolvimento econ\u00f3mico da regi\u00e3o&#8221;.<\/p>\n","protected":false},"excerpt":{"rendered":"<p>Os deputados do PSD eleitos pelo c\u00edrculo de Viana do Castelo v\u00e3o exigir ao Governo a conclus\u00e3o de obras de liga\u00e7\u00e3o fronteiri\u00e7a, reclamadas \u201ch\u00e1 muito pela regi\u00e3o&#8221;, pela &#8220;extrema import\u00e2ncia para a competitividade do territ\u00f3rio&#8221;. Em comunicado enviado esta ter\u00e7a-feira \u00e0 imprensa, os deputados Jorge Mendes, Eduardo Teixeira e Em\u00edlia Cerqueira apontam a beneficia\u00e7\u00e3o da [&hellip;]<\/p>\n","protected":false},"author":13,"featured_media":54086,"comment_status":"closed","ping_status":"closed","sticky":false,"template":"","format":"standard","meta":{"_exactmetrics_skip_tracking":false,"_exactmetrics_sitenote_active":false,"_exactmetrics_sitenote_note":"","_exactmetrics_sitenote_category":0,"footnotes":""},"categories":[73],"tags":[56326,27],"class_list":["post-54085","post","type-post","status-publish","format-standard","has-post-thumbnail","hentry","category-alto-minho","tag-politica","tag-sociedade"],"yoast_head":"<!-- This site is optimized with the Yoast SEO Premium plugin v27.4 (Yoast SEO v27.4) - https:\/\/yoast.com\/product\/yoast-seo-premium-wordpress\/ -->\n<title>Deputados do PSD do Alto Minho exigem conclus\u00e3o de liga\u00e7\u00f5es transfronteiri\u00e7as<\/title>\n<meta name=\"robots\" content=\"index, follow, max-snippet:-1, max-image-preview:large, max-video-preview:-1\" \/>\n<link rel=\"canonical\" href=\"https:\/\/www.altominho.tv\/site\/2020\/10\/20\/deputados-do-psd-do-alto-minho-exigem-conclusao-de-ligacoes-transfronteiricas\/\" \/>\n<meta property=\"og:locale\" content=\"pt_PT\" \/>\n<meta property=\"og:type\" content=\"article\" \/>\n<meta property=\"og:title\" content=\"Deputados do PSD do Alto Minho exigem conclus\u00e3o de liga\u00e7\u00f5es transfronteiri\u00e7as\" \/>\n<meta property=\"og:description\" content=\"Os deputados do PSD eleitos pelo c\u00edrculo de Viana do Castelo v\u00e3o exigir ao Governo a conclus\u00e3o de obras de liga\u00e7\u00e3o fronteiri\u00e7a, reclamadas \u201ch\u00e1 muito pela regi\u00e3o&#8221;, pela &#8220;extrema import\u00e2ncia para a competitividade do territ\u00f3rio&#8221;. Em comunicado enviado esta ter\u00e7a-feira \u00e0 imprensa, os deputados Jorge Mendes, Eduardo Teixeira e Em\u00edlia Cerqueira apontam a beneficia\u00e7\u00e3o da [&hellip;]\" \/>\n<meta property=\"og:url\" content=\"https:\/\/www.altominho.tv\/site\/2020\/10\/20\/deputados-do-psd-do-alto-minho-exigem-conclusao-de-ligacoes-transfronteiricas\/\" \/>\n<meta property=\"og:site_name\" content=\"Altominho.tv\" \/>\n<meta property=\"article:publisher\" content=\"https:\/\/www.facebook.com\/altominhotv\" \/>\n<meta property=\"article:published_time\" content=\"2020-10-20T09:04:23+00:00\" \/>\n<meta property=\"article:modified_time\" content=\"2022-01-17T14:22:49+00:00\" \/>\n<meta property=\"og:image\" content=\"https:\/\/www.altominho.tv\/site\/wp-content\/uploads\/2020\/10\/PSD.png\" \/>\n\t<meta property=\"og:image:width\" content=\"975\" \/>\n\t<meta property=\"og:image:height\" content=\"484\" \/>\n\t<meta property=\"og:image:type\" content=\"image\/png\" \/>\n<meta name=\"author\" content=\"Lusa\" \/>\n<meta name=\"twitter:card\" content=\"summary_large_image\" \/>\n<meta name=\"twitter:creator\" content=\"@altominhoTV\" \/>\n<meta name=\"twitter:site\" content=\"@altominhoTV\" \/>\n<meta name=\"twitter:label1\" content=\"Escrito por\" \/>\n\t<meta name=\"twitter:data1\" content=\"Lusa\" \/>\n\t<meta name=\"twitter:label2\" content=\"Tempo estimado de leitura\" \/>\n\t<meta name=\"twitter:data2\" content=\"2 minutos\" \/>\n<script type=\"application\/ld+json\" class=\"yoast-schema-graph\">{\"@context\":\"https:\\\/\\\/schema.org\",\"@graph\":[{\"@type\":\"Article\",\"@id\":\"https:\\\/\\\/www.altominho.tv\\\/site\\\/2020\\\/10\\\/20\\\/deputados-do-psd-do-alto-minho-exigem-conclusao-de-ligacoes-transfronteiricas\\\/#article\",\"isPartOf\":{\"@id\":\"https:\\\/\\\/www.altominho.tv\\\/site\\\/2020\\\/10\\\/20\\\/deputados-do-psd-do-alto-minho-exigem-conclusao-de-ligacoes-transfronteiricas\\\/\"},\"author\":{\"name\":\"Lusa\",\"@id\":\"https:\\\/\\\/www.altominho.tv\\\/site\\\/#\\\/schema\\\/person\\\/63f693da3e1899361cbe955c46f3232e\"},\"headline\":\"Deputados do PSD do Alto Minho exigem conclus\u00e3o de liga\u00e7\u00f5es transfronteiri\u00e7as\",\"datePublished\":\"2020-10-20T09:04:23+00:00\",\"dateModified\":\"2022-01-17T14:22:49+00:00\",\"mainEntityOfPage\":{\"@id\":\"https:\\\/\\\/www.altominho.tv\\\/site\\\/2020\\\/10\\\/20\\\/deputados-do-psd-do-alto-minho-exigem-conclusao-de-ligacoes-transfronteiricas\\\/\"},\"wordCount\":494,\"image\":{\"@id\":\"https:\\\/\\\/www.altominho.tv\\\/site\\\/2020\\\/10\\\/20\\\/deputados-do-psd-do-alto-minho-exigem-conclusao-de-ligacoes-transfronteiricas\\\/#primaryimage\"},\"thumbnailUrl\":\"https:\\\/\\\/www.altominho.tv\\\/site\\\/wp-content\\\/uploads\\\/2020\\\/10\\\/PSD.png\",\"keywords\":[\"Pol\u00edtica\",\"Sociedade\"],\"articleSection\":[\"Alto Minho\"],\"inLanguage\":\"pt-PT\",\"copyrightYear\":\"2020\",\"copyrightHolder\":{\"@id\":\"https:\\\/\\\/www.altominho.tv\\\/site\\\/#organization\"}},{\"@type\":\"WebPage\",\"@id\":\"https:\\\/\\\/www.altominho.tv\\\/site\\\/2020\\\/10\\\/20\\\/deputados-do-psd-do-alto-minho-exigem-conclusao-de-ligacoes-transfronteiricas\\\/\",\"url\":\"https:\\\/\\\/www.altominho.tv\\\/site\\\/2020\\\/10\\\/20\\\/deputados-do-psd-do-alto-minho-exigem-conclusao-de-ligacoes-transfronteiricas\\\/\",\"name\":\"Deputados do PSD do Alto Minho exigem conclus\u00e3o de liga\u00e7\u00f5es transfronteiri\u00e7as\",\"isPartOf\":{\"@id\":\"https:\\\/\\\/www.altominho.tv\\\/site\\\/#website\"},\"primaryImageOfPage\":{\"@id\":\"https:\\\/\\\/www.altominho.tv\\\/site\\\/2020\\\/10\\\/20\\\/deputados-do-psd-do-alto-minho-exigem-conclusao-de-ligacoes-transfronteiricas\\\/#primaryimage\"},\"image\":{\"@id\":\"https:\\\/\\\/www.altominho.tv\\\/site\\\/2020\\\/10\\\/20\\\/deputados-do-psd-do-alto-minho-exigem-conclusao-de-ligacoes-transfronteiricas\\\/#primaryimage\"},\"thumbnailUrl\":\"https:\\\/\\\/www.altominho.tv\\\/site\\\/wp-content\\\/uploads\\\/2020\\\/10\\\/PSD.png\",\"datePublished\":\"2020-10-20T09:04:23+00:00\",\"dateModified\":\"2022-01-17T14:22:49+00:00\",\"author\":{\"@id\":\"https:\\\/\\\/www.altominho.tv\\\/site\\\/#\\\/schema\\\/person\\\/63f693da3e1899361cbe955c46f3232e\"},\"breadcrumb\":{\"@id\":\"https:\\\/\\\/www.altominho.tv\\\/site\\\/2020\\\/10\\\/20\\\/deputados-do-psd-do-alto-minho-exigem-conclusao-de-ligacoes-transfronteiricas\\\/#breadcrumb\"},\"inLanguage\":\"pt-PT\",\"potentialAction\":[{\"@type\":\"ReadAction\",\"target\":[\"https:\\\/\\\/www.altominho.tv\\\/site\\\/2020\\\/10\\\/20\\\/deputados-do-psd-do-alto-minho-exigem-conclusao-de-ligacoes-transfronteiricas\\\/\"]}]},{\"@type\":\"ImageObject\",\"inLanguage\":\"pt-PT\",\"@id\":\"https:\\\/\\\/www.altominho.tv\\\/site\\\/2020\\\/10\\\/20\\\/deputados-do-psd-do-alto-minho-exigem-conclusao-de-ligacoes-transfronteiricas\\\/#primaryimage\",\"url\":\"https:\\\/\\\/www.altominho.tv\\\/site\\\/wp-content\\\/uploads\\\/2020\\\/10\\\/PSD.png\",\"contentUrl\":\"https:\\\/\\\/www.altominho.tv\\\/site\\\/wp-content\\\/uploads\\\/2020\\\/10\\\/PSD.png\",\"width\":975,\"height\":484,\"caption\":\"PSD ALTO MINHO\"},{\"@type\":\"BreadcrumbList\",\"@id\":\"https:\\\/\\\/www.altominho.tv\\\/site\\\/2020\\\/10\\\/20\\\/deputados-do-psd-do-alto-minho-exigem-conclusao-de-ligacoes-transfronteiricas\\\/#breadcrumb\",\"itemListElement\":[{\"@type\":\"ListItem\",\"position\":1,\"name\":\"In\u00edcio\",\"item\":\"https:\\\/\\\/www.altominho.tv\\\/site\\\/\"},{\"@type\":\"ListItem\",\"position\":2,\"name\":\"Deputados do PSD do Alto Minho exigem conclus\u00e3o de liga\u00e7\u00f5es transfronteiri\u00e7as\"}]},{\"@type\":\"WebSite\",\"@id\":\"https:\\\/\\\/www.altominho.tv\\\/site\\\/#website\",\"url\":\"https:\\\/\\\/www.altominho.tv\\\/site\\\/\",\"name\":\"Altominho.tv\",\"description\":\"A sua regi\u00e3o \u00e0 dist\u00e2ncia de um clique...\",\"potentialAction\":[{\"@type\":\"SearchAction\",\"target\":{\"@type\":\"EntryPoint\",\"urlTemplate\":\"https:\\\/\\\/www.altominho.tv\\\/site\\\/?s={search_term_string}\"},\"query-input\":{\"@type\":\"PropertyValueSpecification\",\"valueRequired\":true,\"valueName\":\"search_term_string\"}}],\"inLanguage\":\"pt-PT\"},{\"@type\":\"Person\",\"@id\":\"https:\\\/\\\/www.altominho.tv\\\/site\\\/#\\\/schema\\\/person\\\/63f693da3e1899361cbe955c46f3232e\",\"name\":\"Lusa\",\"image\":{\"@type\":\"ImageObject\",\"inLanguage\":\"pt-PT\",\"@id\":\"https:\\\/\\\/www.altominho.tv\\\/site\\\/wp-content\\\/uploads\\\/2019\\\/08\\\/LUSA_Logo.gif\",\"url\":\"https:\\\/\\\/www.altominho.tv\\\/site\\\/wp-content\\\/uploads\\\/2019\\\/08\\\/LUSA_Logo.gif\",\"contentUrl\":\"https:\\\/\\\/www.altominho.tv\\\/site\\\/wp-content\\\/uploads\\\/2019\\\/08\\\/LUSA_Logo.gif\",\"caption\":\"Lusa\"},\"sameAs\":[\"http:\\\/\\\/\\\/\\\/www.altominho.tv\\\/site\"],\"url\":\"https:\\\/\\\/www.altominho.tv\\\/site\\\/author\\\/lusa\\\/\"}]}<\/script>\n<!-- \/ Yoast SEO Premium plugin. -->","yoast_head_json":{"title":"Deputados do PSD do Alto Minho exigem conclus\u00e3o de liga\u00e7\u00f5es transfronteiri\u00e7as","robots":{"index":"index","follow":"follow","max-snippet":"max-snippet:-1","max-image-preview":"max-image-preview:large","max-video-preview":"max-video-preview:-1"},"canonical":"https:\/\/www.altominho.tv\/site\/2020\/10\/20\/deputados-do-psd-do-alto-minho-exigem-conclusao-de-ligacoes-transfronteiricas\/","og_locale":"pt_PT","og_type":"article","og_title":"Deputados do PSD do Alto Minho exigem conclus\u00e3o de liga\u00e7\u00f5es transfronteiri\u00e7as","og_description":"Os deputados do PSD eleitos pelo c\u00edrculo de Viana do Castelo v\u00e3o exigir ao Governo a conclus\u00e3o de obras de liga\u00e7\u00e3o fronteiri\u00e7a, reclamadas \u201ch\u00e1 muito pela regi\u00e3o&#8221;, pela &#8220;extrema import\u00e2ncia para a competitividade do territ\u00f3rio&#8221;. Em comunicado enviado esta ter\u00e7a-feira \u00e0 imprensa, os deputados Jorge Mendes, Eduardo Teixeira e Em\u00edlia Cerqueira apontam a beneficia\u00e7\u00e3o da [&hellip;]","og_url":"https:\/\/www.altominho.tv\/site\/2020\/10\/20\/deputados-do-psd-do-alto-minho-exigem-conclusao-de-ligacoes-transfronteiricas\/","og_site_name":"Altominho.tv","article_publisher":"https:\/\/www.facebook.com\/altominhotv","article_published_time":"2020-10-20T09:04:23+00:00","article_modified_time":"2022-01-17T14:22:49+00:00","og_image":[{"width":975,"height":484,"url":"https:\/\/www.altominho.tv\/site\/wp-content\/uploads\/2020\/10\/PSD.png","type":"image\/png"}],"author":"Lusa","twitter_card":"summary_large_image","twitter_creator":"@altominhoTV","twitter_site":"@altominhoTV","twitter_misc":{"Escrito por":"Lusa","Tempo estimado de leitura":"2 minutos"},"schema":{"@context":"https:\/\/schema.org","@graph":[{"@type":"Article","@id":"https:\/\/www.altominho.tv\/site\/2020\/10\/20\/deputados-do-psd-do-alto-minho-exigem-conclusao-de-ligacoes-transfronteiricas\/#article","isPartOf":{"@id":"https:\/\/www.altominho.tv\/site\/2020\/10\/20\/deputados-do-psd-do-alto-minho-exigem-conclusao-de-ligacoes-transfronteiricas\/"},"author":{"name":"Lusa","@id":"https:\/\/www.altominho.tv\/site\/#\/schema\/person\/63f693da3e1899361cbe955c46f3232e"},"headline":"Deputados do PSD do Alto Minho exigem conclus\u00e3o de liga\u00e7\u00f5es transfronteiri\u00e7as","datePublished":"2020-10-20T09:04:23+00:00","dateModified":"2022-01-17T14:22:49+00:00","mainEntityOfPage":{"@id":"https:\/\/www.altominho.tv\/site\/2020\/10\/20\/deputados-do-psd-do-alto-minho-exigem-conclusao-de-ligacoes-transfronteiricas\/"},"wordCount":494,"image":{"@id":"https:\/\/www.altominho.tv\/site\/2020\/10\/20\/deputados-do-psd-do-alto-minho-exigem-conclusao-de-ligacoes-transfronteiricas\/#primaryimage"},"thumbnailUrl":"https:\/\/www.altominho.tv\/site\/wp-content\/uploads\/2020\/10\/PSD.png","keywords":["Pol\u00edtica","Sociedade"],"articleSection":["Alto Minho"],"inLanguage":"pt-PT","copyrightYear":"2020","copyrightHolder":{"@id":"https:\/\/www.altominho.tv\/site\/#organization"}},{"@type":"WebPage","@id":"https:\/\/www.altominho.tv\/site\/2020\/10\/20\/deputados-do-psd-do-alto-minho-exigem-conclusao-de-ligacoes-transfronteiricas\/","url":"https:\/\/www.altominho.tv\/site\/2020\/10\/20\/deputados-do-psd-do-alto-minho-exigem-conclusao-de-ligacoes-transfronteiricas\/","name":"Deputados do PSD do Alto Minho exigem conclus\u00e3o de liga\u00e7\u00f5es transfronteiri\u00e7as","isPartOf":{"@id":"https:\/\/www.altominho.tv\/site\/#website"},"primaryImageOfPage":{"@id":"https:\/\/www.altominho.tv\/site\/2020\/10\/20\/deputados-do-psd-do-alto-minho-exigem-conclusao-de-ligacoes-transfronteiricas\/#primaryimage"},"image":{"@id":"https:\/\/www.altominho.tv\/site\/2020\/10\/20\/deputados-do-psd-do-alto-minho-exigem-conclusao-de-ligacoes-transfronteiricas\/#primaryimage"},"thumbnailUrl":"https:\/\/www.altominho.tv\/site\/wp-content\/uploads\/2020\/10\/PSD.png","datePublished":"2020-10-20T09:04:23+00:00","dateModified":"2022-01-17T14:22:49+00:00","author":{"@id":"https:\/\/www.altominho.tv\/site\/#\/schema\/person\/63f693da3e1899361cbe955c46f3232e"},"breadcrumb":{"@id":"https:\/\/www.altominho.tv\/site\/2020\/10\/20\/deputados-do-psd-do-alto-minho-exigem-conclusao-de-ligacoes-transfronteiricas\/#breadcrumb"},"inLanguage":"pt-PT","potentialAction":[{"@type":"ReadAction","target":["https:\/\/www.altominho.tv\/site\/2020\/10\/20\/deputados-do-psd-do-alto-minho-exigem-conclusao-de-ligacoes-transfronteiricas\/"]}]},{"@type":"ImageObject","inLanguage":"pt-PT","@id":"https:\/\/www.altominho.tv\/site\/2020\/10\/20\/deputados-do-psd-do-alto-minho-exigem-conclusao-de-ligacoes-transfronteiricas\/#primaryimage","url":"https:\/\/www.altominho.tv\/site\/wp-content\/uploads\/2020\/10\/PSD.png","contentUrl":"https:\/\/www.altominho.tv\/site\/wp-content\/uploads\/2020\/10\/PSD.png","width":975,"height":484,"caption":"PSD ALTO MINHO"},{"@type":"BreadcrumbList","@id":"https:\/\/www.altominho.tv\/site\/2020\/10\/20\/deputados-do-psd-do-alto-minho-exigem-conclusao-de-ligacoes-transfronteiricas\/#breadcrumb","itemListElement":[{"@type":"ListItem","position":1,"name":"In\u00edcio","item":"https:\/\/www.altominho.tv\/site\/"},{"@type":"ListItem","position":2,"name":"Deputados do PSD do Alto Minho exigem conclus\u00e3o de liga\u00e7\u00f5es transfronteiri\u00e7as"}]},{"@type":"WebSite","@id":"https:\/\/www.altominho.tv\/site\/#website","url":"https:\/\/www.altominho.tv\/site\/","name":"Altominho.tv","description":"A sua regi\u00e3o \u00e0 dist\u00e2ncia de um clique...","potentialAction":[{"@type":"SearchAction","target":{"@type":"EntryPoint","urlTemplate":"https:\/\/www.altominho.tv\/site\/?s={search_term_string}"},"query-input":{"@type":"PropertyValueSpecification","valueRequired":true,"valueName":"search_term_string"}}],"inLanguage":"pt-PT"},{"@type":"Person","@id":"https:\/\/www.altominho.tv\/site\/#\/schema\/person\/63f693da3e1899361cbe955c46f3232e","name":"Lusa","image":{"@type":"ImageObject","inLanguage":"pt-PT","@id":"https:\/\/www.altominho.tv\/site\/wp-content\/uploads\/2019\/08\/LUSA_Logo.gif","url":"https:\/\/www.altominho.tv\/site\/wp-content\/uploads\/2019\/08\/LUSA_Logo.gif","contentUrl":"https:\/\/www.altominho.tv\/site\/wp-content\/uploads\/2019\/08\/LUSA_Logo.gif","caption":"Lusa"},"sameAs":["http:\/\/\/\/www.altominho.tv\/site"],"url":"https:\/\/www.altominho.tv\/site\/author\/lusa\/"}]}},"_links":{"self":[{"href":"https:\/\/www.altominho.tv\/site\/wp-json\/wp\/v2\/posts\/54085","targetHints":{"allow":["GET"]}}],"collection":[{"href":"https:\/\/www.altominho.tv\/site\/wp-json\/wp\/v2\/posts"}],"about":[{"href":"https:\/\/www.altominho.tv\/site\/wp-json\/wp\/v2\/types\/post"}],"author":[{"embeddable":true,"href":"https:\/\/www.altominho.tv\/site\/wp-json\/wp\/v2\/users\/13"}],"replies":[{"embeddable":true,"href":"https:\/\/www.altominho.tv\/site\/wp-json\/wp\/v2\/comments?post=54085"}],"version-history":[{"count":0,"href":"https:\/\/www.altominho.tv\/site\/wp-json\/wp\/v2\/posts\/54085\/revisions"}],"wp:featuredmedia":[{"embeddable":true,"href":"https:\/\/www.altominho.tv\/site\/wp-json\/wp\/v2\/media\/54086"}],"wp:attachment":[{"href":"https:\/\/www.altominho.tv\/site\/wp-json\/wp\/v2\/media?parent=54085"}],"wp:term":[{"taxonomy":"category","embeddable":true,"href":"https:\/\/www.altominho.tv\/site\/wp-json\/wp\/v2\/categories?post=54085"},{"taxonomy":"post_tag","embeddable":true,"href":"https:\/\/www.altominho.tv\/site\/wp-json\/wp\/v2\/tags?post=54085"}],"curies":[{"name":"wp","href":"https:\/\/api.w.org\/{rel}","templated":true}]}}