{"id":54075,"date":"2020-10-20T08:58:09","date_gmt":"2020-10-20T07:58:09","guid":{"rendered":"https:\/\/www.altominho.tv\/site\/?p=54075"},"modified":"2022-01-17T14:27:22","modified_gmt":"2022-01-17T14:27:22","slug":"costa-pediu-para-suspender-diploma-sobre-obrigatoriedade-da-aplicacao-stayaway-covid","status":"publish","type":"post","link":"https:\/\/www.altominho.tv\/site\/2020\/10\/20\/costa-pediu-para-suspender-diploma-sobre-obrigatoriedade-da-aplicacao-stayaway-covid\/","title":{"rendered":"Costa pediu para suspender diploma sobre obrigatoriedade da aplica\u00e7\u00e3o \u201cStayaway covid\u201d"},"content":{"rendered":"\n<p>O primeiro-ministro pediu ao parlamento para &#8220;desagendar&#8221; a aprecia\u00e7\u00e3o na sexta-feira do diploma que continha a obrigatoriedade do uso da aplica\u00e7\u00e3o &#8220;Stayaway Covid&#8221;, ficando apenas a proposta &#8220;consensual&#8221; do PSD sobre a imposi\u00e7\u00e3o do uso da m\u00e1scara.<\/p>\n\n\n\n<p>Em entrevista \u00e0 TVI, Ant\u00f3nio Costa disse que solicitou mesmo ao presidente da Assembleia da Rep\u00fablica, Ferro Rodrigues, que retirasse o agendamento do diploma do Governo, cuja aprecia\u00e7\u00e3o estava prevista para sexta-feira, que &#8220;determina a obrigatoriedade do uso de m\u00e1scara para o acesso ou perman\u00eancia nos espa\u00e7os e vias p\u00fablicas&#8221;, assim como &#8220;a obrigatoriedade da utiliza\u00e7\u00e3o da aplica\u00e7\u00e3o&#8221; inform\u00e1tica.<\/p>\n\n\n\n<p>&#8220;Entretanto, o PSD apresentou um diploma s\u00f3 sobre a obrigatoriedade do uso das m\u00e1scaras nos espa\u00e7os p\u00fablicos. Portanto, se essa mat\u00e9ria sobre as m\u00e1scaras \u00e9 consensual, ent\u00e3o legislemos j\u00e1 sobre as m\u00e1scaras&#8221;, justificou o l\u00edder do executivo.<\/p>\n\n\n\n<p>Segundo Ant\u00f3nio Costa, das duas propostas feitas pelo Governo para refor\u00e7ar as medidas de precau\u00e7\u00e3o contra a covid-19, verificou-se que houve uma que foi razoavelmente consensual &#8211; estranhamente para si &#8211; referente \u00e0 obrigatoriedade do uso da m\u00e1scara na via p\u00fablica, e outra em que houve muitas d\u00favidas e cr\u00edticas.<\/p>\n\n\n\n<p>&#8220;Sobre a aplica\u00e7\u00e3o, \u00e9 \u00fatil que a Assembleia da Rep\u00fablica fa\u00e7a todas as audi\u00e7\u00f5es que o PS prop\u00f4s para se refletir sobre esse tema. Acho que nada melhor do que um grande debate e uma decis\u00e3o sobre essa mat\u00e9ria. Mas o Governo n\u00e3o seria respons\u00e1vel se, perante a evolu\u00e7\u00e3o que estamos a ter da pandemia, n\u00e3o colocasse \u00e0 Assembleia da Rep\u00fablica essa quest\u00e3o&#8221; da aplica\u00e7\u00e3o inform\u00e1tica &#8220;stayawaycovid&#8221;, alegou o primeiro-ministro.<\/p>\n","protected":false},"excerpt":{"rendered":"<p>O primeiro-ministro pediu ao parlamento para &#8220;desagendar&#8221; a aprecia\u00e7\u00e3o na sexta-feira do diploma que continha a obrigatoriedade do uso da aplica\u00e7\u00e3o &#8220;Stayaway Covid&#8221;, ficando apenas a proposta &#8220;consensual&#8221; do PSD sobre a imposi\u00e7\u00e3o do uso da m\u00e1scara. Em entrevista \u00e0 TVI, Ant\u00f3nio Costa disse que solicitou mesmo ao presidente da Assembleia da Rep\u00fablica, Ferro Rodrigues, [&hellip;]<\/p>\n","protected":false},"author":16,"featured_media":54076,"comment_status":"closed","ping_status":"closed","sticky":false,"template":"","format":"standard","meta":{"_exactmetrics_skip_tracking":false,"_exactmetrics_sitenote_active":false,"_exactmetrics_sitenote_note":"","_exactmetrics_sitenote_category":0,"footnotes":""},"categories":[56325],"tags":[26],"class_list":["post-54075","post","type-post","status-publish","format-standard","has-post-thumbnail","hentry","category-pais","tag-saude"],"yoast_head":"<!-- This site is optimized with the Yoast SEO Premium plugin v27.4 (Yoast SEO v27.4) - https:\/\/yoast.com\/product\/yoast-seo-premium-wordpress\/ -->\n<title>Costa pediu para suspender diploma sobre obrigatoriedade da aplica\u00e7\u00e3o \u201cStayaway covid\u201d<\/title>\n<meta name=\"robots\" content=\"index, follow, max-snippet:-1, max-image-preview:large, max-video-preview:-1\" \/>\n<link rel=\"canonical\" href=\"https:\/\/www.altominho.tv\/site\/2020\/10\/20\/costa-pediu-para-suspender-diploma-sobre-obrigatoriedade-da-aplicacao-stayaway-covid\/\" \/>\n<meta property=\"og:locale\" content=\"pt_PT\" \/>\n<meta property=\"og:type\" content=\"article\" \/>\n<meta property=\"og:title\" content=\"Costa pediu para suspender diploma sobre obrigatoriedade da aplica\u00e7\u00e3o \u201cStayaway covid\u201d\" \/>\n<meta property=\"og:description\" content=\"O primeiro-ministro pediu ao parlamento para &#8220;desagendar&#8221; a aprecia\u00e7\u00e3o na sexta-feira do diploma que continha a obrigatoriedade do uso da aplica\u00e7\u00e3o &#8220;Stayaway Covid&#8221;, ficando apenas a proposta &#8220;consensual&#8221; do PSD sobre a imposi\u00e7\u00e3o do uso da m\u00e1scara. Em entrevista \u00e0 TVI, Ant\u00f3nio Costa disse que solicitou mesmo ao presidente da Assembleia da Rep\u00fablica, Ferro Rodrigues, [&hellip;]\" \/>\n<meta property=\"og:url\" content=\"https:\/\/www.altominho.tv\/site\/2020\/10\/20\/costa-pediu-para-suspender-diploma-sobre-obrigatoriedade-da-aplicacao-stayaway-covid\/\" \/>\n<meta property=\"og:site_name\" content=\"Altominho.tv\" \/>\n<meta property=\"article:publisher\" content=\"https:\/\/www.facebook.com\/altominhotv\" \/>\n<meta property=\"article:published_time\" content=\"2020-10-20T07:58:09+00:00\" \/>\n<meta property=\"article:modified_time\" content=\"2022-01-17T14:27:22+00:00\" \/>\n<meta property=\"og:image\" content=\"https:\/\/www.altominho.tv\/site\/wp-content\/uploads\/2020\/10\/StayAway_Covid-768x506-1.jpg\" \/>\n\t<meta property=\"og:image:width\" content=\"768\" \/>\n\t<meta property=\"og:image:height\" content=\"506\" \/>\n\t<meta property=\"og:image:type\" content=\"image\/jpeg\" \/>\n<meta name=\"author\" content=\"Andreia Cunha | Lusa\" \/>\n<meta name=\"twitter:card\" content=\"summary_large_image\" \/>\n<meta name=\"twitter:creator\" content=\"@altominhoTV\" \/>\n<meta name=\"twitter:site\" content=\"@altominhoTV\" \/>\n<meta name=\"twitter:label1\" content=\"Escrito por\" \/>\n\t<meta name=\"twitter:data1\" content=\"Andreia Cunha | Lusa\" \/>\n\t<meta name=\"twitter:label2\" content=\"Tempo estimado de leitura\" \/>\n\t<meta name=\"twitter:data2\" content=\"1 minuto\" \/>\n<script type=\"application\/ld+json\" class=\"yoast-schema-graph\">{\"@context\":\"https:\\\/\\\/schema.org\",\"@graph\":[{\"@type\":\"Article\",\"@id\":\"https:\\\/\\\/www.altominho.tv\\\/site\\\/2020\\\/10\\\/20\\\/costa-pediu-para-suspender-diploma-sobre-obrigatoriedade-da-aplicacao-stayaway-covid\\\/#article\",\"isPartOf\":{\"@id\":\"https:\\\/\\\/www.altominho.tv\\\/site\\\/2020\\\/10\\\/20\\\/costa-pediu-para-suspender-diploma-sobre-obrigatoriedade-da-aplicacao-stayaway-covid\\\/\"},\"author\":{\"name\":\"Andreia Cunha | Lusa\",\"@id\":\"https:\\\/\\\/www.altominho.tv\\\/site\\\/#\\\/schema\\\/person\\\/dbaf181c01b51ff40c9f461a905d321e\"},\"headline\":\"Costa pediu para suspender diploma sobre obrigatoriedade da aplica\u00e7\u00e3o \u201cStayaway covid\u201d\",\"datePublished\":\"2020-10-20T07:58:09+00:00\",\"dateModified\":\"2022-01-17T14:27:22+00:00\",\"mainEntityOfPage\":{\"@id\":\"https:\\\/\\\/www.altominho.tv\\\/site\\\/2020\\\/10\\\/20\\\/costa-pediu-para-suspender-diploma-sobre-obrigatoriedade-da-aplicacao-stayaway-covid\\\/\"},\"wordCount\":304,\"image\":{\"@id\":\"https:\\\/\\\/www.altominho.tv\\\/site\\\/2020\\\/10\\\/20\\\/costa-pediu-para-suspender-diploma-sobre-obrigatoriedade-da-aplicacao-stayaway-covid\\\/#primaryimage\"},\"thumbnailUrl\":\"https:\\\/\\\/www.altominho.tv\\\/site\\\/wp-content\\\/uploads\\\/2020\\\/10\\\/StayAway_Covid-768x506-1.jpg\",\"keywords\":[\"Sa\u00fade\"],\"articleSection\":[\"Pa\u00eds\"],\"inLanguage\":\"pt-PT\",\"copyrightYear\":\"2020\",\"copyrightHolder\":{\"@id\":\"https:\\\/\\\/www.altominho.tv\\\/site\\\/#organization\"}},{\"@type\":\"WebPage\",\"@id\":\"https:\\\/\\\/www.altominho.tv\\\/site\\\/2020\\\/10\\\/20\\\/costa-pediu-para-suspender-diploma-sobre-obrigatoriedade-da-aplicacao-stayaway-covid\\\/\",\"url\":\"https:\\\/\\\/www.altominho.tv\\\/site\\\/2020\\\/10\\\/20\\\/costa-pediu-para-suspender-diploma-sobre-obrigatoriedade-da-aplicacao-stayaway-covid\\\/\",\"name\":\"Costa pediu para suspender diploma sobre obrigatoriedade da aplica\u00e7\u00e3o \u201cStayaway covid\u201d\",\"isPartOf\":{\"@id\":\"https:\\\/\\\/www.altominho.tv\\\/site\\\/#website\"},\"primaryImageOfPage\":{\"@id\":\"https:\\\/\\\/www.altominho.tv\\\/site\\\/2020\\\/10\\\/20\\\/costa-pediu-para-suspender-diploma-sobre-obrigatoriedade-da-aplicacao-stayaway-covid\\\/#primaryimage\"},\"image\":{\"@id\":\"https:\\\/\\\/www.altominho.tv\\\/site\\\/2020\\\/10\\\/20\\\/costa-pediu-para-suspender-diploma-sobre-obrigatoriedade-da-aplicacao-stayaway-covid\\\/#primaryimage\"},\"thumbnailUrl\":\"https:\\\/\\\/www.altominho.tv\\\/site\\\/wp-content\\\/uploads\\\/2020\\\/10\\\/StayAway_Covid-768x506-1.jpg\",\"datePublished\":\"2020-10-20T07:58:09+00:00\",\"dateModified\":\"2022-01-17T14:27:22+00:00\",\"author\":{\"@id\":\"https:\\\/\\\/www.altominho.tv\\\/site\\\/#\\\/schema\\\/person\\\/dbaf181c01b51ff40c9f461a905d321e\"},\"breadcrumb\":{\"@id\":\"https:\\\/\\\/www.altominho.tv\\\/site\\\/2020\\\/10\\\/20\\\/costa-pediu-para-suspender-diploma-sobre-obrigatoriedade-da-aplicacao-stayaway-covid\\\/#breadcrumb\"},\"inLanguage\":\"pt-PT\",\"potentialAction\":[{\"@type\":\"ReadAction\",\"target\":[\"https:\\\/\\\/www.altominho.tv\\\/site\\\/2020\\\/10\\\/20\\\/costa-pediu-para-suspender-diploma-sobre-obrigatoriedade-da-aplicacao-stayaway-covid\\\/\"]}]},{\"@type\":\"ImageObject\",\"inLanguage\":\"pt-PT\",\"@id\":\"https:\\\/\\\/www.altominho.tv\\\/site\\\/2020\\\/10\\\/20\\\/costa-pediu-para-suspender-diploma-sobre-obrigatoriedade-da-aplicacao-stayaway-covid\\\/#primaryimage\",\"url\":\"https:\\\/\\\/www.altominho.tv\\\/site\\\/wp-content\\\/uploads\\\/2020\\\/10\\\/StayAway_Covid-768x506-1.jpg\",\"contentUrl\":\"https:\\\/\\\/www.altominho.tv\\\/site\\\/wp-content\\\/uploads\\\/2020\\\/10\\\/StayAway_Covid-768x506-1.jpg\",\"width\":768,\"height\":506},{\"@type\":\"BreadcrumbList\",\"@id\":\"https:\\\/\\\/www.altominho.tv\\\/site\\\/2020\\\/10\\\/20\\\/costa-pediu-para-suspender-diploma-sobre-obrigatoriedade-da-aplicacao-stayaway-covid\\\/#breadcrumb\",\"itemListElement\":[{\"@type\":\"ListItem\",\"position\":1,\"name\":\"In\u00edcio\",\"item\":\"https:\\\/\\\/www.altominho.tv\\\/site\\\/\"},{\"@type\":\"ListItem\",\"position\":2,\"name\":\"Costa pediu para suspender diploma sobre obrigatoriedade da aplica\u00e7\u00e3o \u201cStayaway covid\u201d\"}]},{\"@type\":\"WebSite\",\"@id\":\"https:\\\/\\\/www.altominho.tv\\\/site\\\/#website\",\"url\":\"https:\\\/\\\/www.altominho.tv\\\/site\\\/\",\"name\":\"Altominho.tv\",\"description\":\"A sua regi\u00e3o \u00e0 dist\u00e2ncia de um clique...\",\"potentialAction\":[{\"@type\":\"SearchAction\",\"target\":{\"@type\":\"EntryPoint\",\"urlTemplate\":\"https:\\\/\\\/www.altominho.tv\\\/site\\\/?s={search_term_string}\"},\"query-input\":{\"@type\":\"PropertyValueSpecification\",\"valueRequired\":true,\"valueName\":\"search_term_string\"}}],\"inLanguage\":\"pt-PT\"},{\"@type\":\"Person\",\"@id\":\"https:\\\/\\\/www.altominho.tv\\\/site\\\/#\\\/schema\\\/person\\\/dbaf181c01b51ff40c9f461a905d321e\",\"name\":\"Andreia Cunha | Lusa\",\"image\":{\"@type\":\"ImageObject\",\"inLanguage\":\"pt-PT\",\"@id\":\"https:\\\/\\\/www.altominho.tv\\\/site\\\/wp-content\\\/uploads\\\/2017\\\/11\\\/Andreia_Cunha-1-150x150.jpg\",\"url\":\"https:\\\/\\\/www.altominho.tv\\\/site\\\/wp-content\\\/uploads\\\/2017\\\/11\\\/Andreia_Cunha-1-150x150.jpg\",\"contentUrl\":\"https:\\\/\\\/www.altominho.tv\\\/site\\\/wp-content\\\/uploads\\\/2017\\\/11\\\/Andreia_Cunha-1-150x150.jpg\",\"caption\":\"Andreia Cunha | Lusa\"},\"sameAs\":[\"https:\\\/\\\/www.altominho.tv\\\/site\"],\"url\":\"https:\\\/\\\/www.altominho.tv\\\/site\\\/author\\\/andreiacunhalusa\\\/\"}]}<\/script>\n<!-- \/ Yoast SEO Premium plugin. -->","yoast_head_json":{"title":"Costa pediu para suspender diploma sobre obrigatoriedade da aplica\u00e7\u00e3o \u201cStayaway covid\u201d","robots":{"index":"index","follow":"follow","max-snippet":"max-snippet:-1","max-image-preview":"max-image-preview:large","max-video-preview":"max-video-preview:-1"},"canonical":"https:\/\/www.altominho.tv\/site\/2020\/10\/20\/costa-pediu-para-suspender-diploma-sobre-obrigatoriedade-da-aplicacao-stayaway-covid\/","og_locale":"pt_PT","og_type":"article","og_title":"Costa pediu para suspender diploma sobre obrigatoriedade da aplica\u00e7\u00e3o \u201cStayaway covid\u201d","og_description":"O primeiro-ministro pediu ao parlamento para &#8220;desagendar&#8221; a aprecia\u00e7\u00e3o na sexta-feira do diploma que continha a obrigatoriedade do uso da aplica\u00e7\u00e3o &#8220;Stayaway Covid&#8221;, ficando apenas a proposta &#8220;consensual&#8221; do PSD sobre a imposi\u00e7\u00e3o do uso da m\u00e1scara. Em entrevista \u00e0 TVI, Ant\u00f3nio Costa disse que solicitou mesmo ao presidente da Assembleia da Rep\u00fablica, Ferro Rodrigues, [&hellip;]","og_url":"https:\/\/www.altominho.tv\/site\/2020\/10\/20\/costa-pediu-para-suspender-diploma-sobre-obrigatoriedade-da-aplicacao-stayaway-covid\/","og_site_name":"Altominho.tv","article_publisher":"https:\/\/www.facebook.com\/altominhotv","article_published_time":"2020-10-20T07:58:09+00:00","article_modified_time":"2022-01-17T14:27:22+00:00","og_image":[{"width":768,"height":506,"url":"https:\/\/www.altominho.tv\/site\/wp-content\/uploads\/2020\/10\/StayAway_Covid-768x506-1.jpg","type":"image\/jpeg"}],"author":"Andreia Cunha | Lusa","twitter_card":"summary_large_image","twitter_creator":"@altominhoTV","twitter_site":"@altominhoTV","twitter_misc":{"Escrito por":"Andreia Cunha | Lusa","Tempo estimado de leitura":"1 minuto"},"schema":{"@context":"https:\/\/schema.org","@graph":[{"@type":"Article","@id":"https:\/\/www.altominho.tv\/site\/2020\/10\/20\/costa-pediu-para-suspender-diploma-sobre-obrigatoriedade-da-aplicacao-stayaway-covid\/#article","isPartOf":{"@id":"https:\/\/www.altominho.tv\/site\/2020\/10\/20\/costa-pediu-para-suspender-diploma-sobre-obrigatoriedade-da-aplicacao-stayaway-covid\/"},"author":{"name":"Andreia Cunha | Lusa","@id":"https:\/\/www.altominho.tv\/site\/#\/schema\/person\/dbaf181c01b51ff40c9f461a905d321e"},"headline":"Costa pediu para suspender diploma sobre obrigatoriedade da aplica\u00e7\u00e3o \u201cStayaway covid\u201d","datePublished":"2020-10-20T07:58:09+00:00","dateModified":"2022-01-17T14:27:22+00:00","mainEntityOfPage":{"@id":"https:\/\/www.altominho.tv\/site\/2020\/10\/20\/costa-pediu-para-suspender-diploma-sobre-obrigatoriedade-da-aplicacao-stayaway-covid\/"},"wordCount":304,"image":{"@id":"https:\/\/www.altominho.tv\/site\/2020\/10\/20\/costa-pediu-para-suspender-diploma-sobre-obrigatoriedade-da-aplicacao-stayaway-covid\/#primaryimage"},"thumbnailUrl":"https:\/\/www.altominho.tv\/site\/wp-content\/uploads\/2020\/10\/StayAway_Covid-768x506-1.jpg","keywords":["Sa\u00fade"],"articleSection":["Pa\u00eds"],"inLanguage":"pt-PT","copyrightYear":"2020","copyrightHolder":{"@id":"https:\/\/www.altominho.tv\/site\/#organization"}},{"@type":"WebPage","@id":"https:\/\/www.altominho.tv\/site\/2020\/10\/20\/costa-pediu-para-suspender-diploma-sobre-obrigatoriedade-da-aplicacao-stayaway-covid\/","url":"https:\/\/www.altominho.tv\/site\/2020\/10\/20\/costa-pediu-para-suspender-diploma-sobre-obrigatoriedade-da-aplicacao-stayaway-covid\/","name":"Costa pediu para suspender diploma sobre obrigatoriedade da aplica\u00e7\u00e3o \u201cStayaway covid\u201d","isPartOf":{"@id":"https:\/\/www.altominho.tv\/site\/#website"},"primaryImageOfPage":{"@id":"https:\/\/www.altominho.tv\/site\/2020\/10\/20\/costa-pediu-para-suspender-diploma-sobre-obrigatoriedade-da-aplicacao-stayaway-covid\/#primaryimage"},"image":{"@id":"https:\/\/www.altominho.tv\/site\/2020\/10\/20\/costa-pediu-para-suspender-diploma-sobre-obrigatoriedade-da-aplicacao-stayaway-covid\/#primaryimage"},"thumbnailUrl":"https:\/\/www.altominho.tv\/site\/wp-content\/uploads\/2020\/10\/StayAway_Covid-768x506-1.jpg","datePublished":"2020-10-20T07:58:09+00:00","dateModified":"2022-01-17T14:27:22+00:00","author":{"@id":"https:\/\/www.altominho.tv\/site\/#\/schema\/person\/dbaf181c01b51ff40c9f461a905d321e"},"breadcrumb":{"@id":"https:\/\/www.altominho.tv\/site\/2020\/10\/20\/costa-pediu-para-suspender-diploma-sobre-obrigatoriedade-da-aplicacao-stayaway-covid\/#breadcrumb"},"inLanguage":"pt-PT","potentialAction":[{"@type":"ReadAction","target":["https:\/\/www.altominho.tv\/site\/2020\/10\/20\/costa-pediu-para-suspender-diploma-sobre-obrigatoriedade-da-aplicacao-stayaway-covid\/"]}]},{"@type":"ImageObject","inLanguage":"pt-PT","@id":"https:\/\/www.altominho.tv\/site\/2020\/10\/20\/costa-pediu-para-suspender-diploma-sobre-obrigatoriedade-da-aplicacao-stayaway-covid\/#primaryimage","url":"https:\/\/www.altominho.tv\/site\/wp-content\/uploads\/2020\/10\/StayAway_Covid-768x506-1.jpg","contentUrl":"https:\/\/www.altominho.tv\/site\/wp-content\/uploads\/2020\/10\/StayAway_Covid-768x506-1.jpg","width":768,"height":506},{"@type":"BreadcrumbList","@id":"https:\/\/www.altominho.tv\/site\/2020\/10\/20\/costa-pediu-para-suspender-diploma-sobre-obrigatoriedade-da-aplicacao-stayaway-covid\/#breadcrumb","itemListElement":[{"@type":"ListItem","position":1,"name":"In\u00edcio","item":"https:\/\/www.altominho.tv\/site\/"},{"@type":"ListItem","position":2,"name":"Costa pediu para suspender diploma sobre obrigatoriedade da aplica\u00e7\u00e3o \u201cStayaway covid\u201d"}]},{"@type":"WebSite","@id":"https:\/\/www.altominho.tv\/site\/#website","url":"https:\/\/www.altominho.tv\/site\/","name":"Altominho.tv","description":"A sua regi\u00e3o \u00e0 dist\u00e2ncia de um clique...","potentialAction":[{"@type":"SearchAction","target":{"@type":"EntryPoint","urlTemplate":"https:\/\/www.altominho.tv\/site\/?s={search_term_string}"},"query-input":{"@type":"PropertyValueSpecification","valueRequired":true,"valueName":"search_term_string"}}],"inLanguage":"pt-PT"},{"@type":"Person","@id":"https:\/\/www.altominho.tv\/site\/#\/schema\/person\/dbaf181c01b51ff40c9f461a905d321e","name":"Andreia Cunha | Lusa","image":{"@type":"ImageObject","inLanguage":"pt-PT","@id":"https:\/\/www.altominho.tv\/site\/wp-content\/uploads\/2017\/11\/Andreia_Cunha-1-150x150.jpg","url":"https:\/\/www.altominho.tv\/site\/wp-content\/uploads\/2017\/11\/Andreia_Cunha-1-150x150.jpg","contentUrl":"https:\/\/www.altominho.tv\/site\/wp-content\/uploads\/2017\/11\/Andreia_Cunha-1-150x150.jpg","caption":"Andreia Cunha | Lusa"},"sameAs":["https:\/\/www.altominho.tv\/site"],"url":"https:\/\/www.altominho.tv\/site\/author\/andreiacunhalusa\/"}]}},"_links":{"self":[{"href":"https:\/\/www.altominho.tv\/site\/wp-json\/wp\/v2\/posts\/54075","targetHints":{"allow":["GET"]}}],"collection":[{"href":"https:\/\/www.altominho.tv\/site\/wp-json\/wp\/v2\/posts"}],"about":[{"href":"https:\/\/www.altominho.tv\/site\/wp-json\/wp\/v2\/types\/post"}],"author":[{"embeddable":true,"href":"https:\/\/www.altominho.tv\/site\/wp-json\/wp\/v2\/users\/16"}],"replies":[{"embeddable":true,"href":"https:\/\/www.altominho.tv\/site\/wp-json\/wp\/v2\/comments?post=54075"}],"version-history":[{"count":0,"href":"https:\/\/www.altominho.tv\/site\/wp-json\/wp\/v2\/posts\/54075\/revisions"}],"wp:featuredmedia":[{"embeddable":true,"href":"https:\/\/www.altominho.tv\/site\/wp-json\/wp\/v2\/media\/54076"}],"wp:attachment":[{"href":"https:\/\/www.altominho.tv\/site\/wp-json\/wp\/v2\/media?parent=54075"}],"wp:term":[{"taxonomy":"category","embeddable":true,"href":"https:\/\/www.altominho.tv\/site\/wp-json\/wp\/v2\/categories?post=54075"},{"taxonomy":"post_tag","embeddable":true,"href":"https:\/\/www.altominho.tv\/site\/wp-json\/wp\/v2\/tags?post=54075"}],"curies":[{"name":"wp","href":"https:\/\/api.w.org\/{rel}","templated":true}]}}