{"id":54002,"date":"2020-10-19T09:29:19","date_gmt":"2020-10-19T08:29:19","guid":{"rendered":"https:\/\/www.altominho.tv\/site\/?p=54002"},"modified":"2020-10-19T09:29:23","modified_gmt":"2020-10-19T08:29:23","slug":"treze-distritos-do-continente-vao-estar-sob-aviso-laranja-devido-a-chuva-forte","status":"publish","type":"post","link":"https:\/\/www.altominho.tv\/site\/2020\/10\/19\/treze-distritos-do-continente-vao-estar-sob-aviso-laranja-devido-a-chuva-forte\/","title":{"rendered":"Treze distritos do continente v\u00e3o estar sob aviso laranja devido \u00e0 chuva forte"},"content":{"rendered":"<p>Treze distritos de Portugal continental v\u00e3o estar hoje sob aviso laranja devido \u00e0 previs\u00e3o chuva forte e trovoada, estendendo-se depois na ter\u00e7a-feira a todos os 18 distritos na sequ\u00eancia da passagem da depress\u00e3o B\u00e1rbara, segundo o IPMA.<\/p>\n<p>Portugal continental vai estar sob o efeito da depress\u00e3o B\u00e1rbara, a partir da tarde de hoje e at\u00e9 ao final de ter\u00e7a-feira, que dar\u00e1 origem a precipita\u00e7\u00e3o forte, aumento da intensidade do vento com rajadas at\u00e9 100 quil\u00f3metros por hora e at\u00e9 130 quil\u00f3metros por hora nas terras altas e agita\u00e7\u00e3o mar\u00edtima, em especial na costa da regi\u00e3o sul.<\/p>\n<p>Devido \u00e0 previs\u00e3o de mau tempo, a Autoridade Nacional de Emerg\u00eancia e Prote\u00e7\u00e3o Civil (ANEPC) lan\u00e7ou um alerta \u00e0 popula\u00e7\u00e3o e recomendou a ado\u00e7\u00e3o de comportamentos adequados \u00e0 situa\u00e7\u00e3o meteorol\u00f3gica.<\/p>\n<p>De acordo com o Instituto Portugu\u00eas do Mar e da Atmosfera (IPMA), os distritos de Viana do Castelo, Porto, Aveiro, Braga, Vila Real, Bragan\u00e7a, Viseu, Coimbra, Guarda, Castelo Branco, Leiria, Santar\u00e9m e Lisboa v\u00e3o estar sob aviso laranja entre as 18:00 de hoje e as 03:00 de ter\u00e7a-feira devido \u00e0 previs\u00e3o de chuva forte e persistente e vento forte.<\/p>\n<p>At\u00e9 \u00e0s 18:00 de hoje todos os distritos do continente est\u00e3o sob aviso amarelo e a partir desta hora 13 passam a laranja. Na ter\u00e7a-feira, todos os distritos v\u00e3o estar sob aviso laranja devido \u00e0 chuva e vento fortes.<\/p>\n<p>O aviso laranja indica situa\u00e7\u00e3o meteorol\u00f3gica de risco moderado a elevado e o amarelo \u00e9 emitido pelo IPMA sempre que existe risco para determinadas atividades dependentes da situa\u00e7\u00e3o meteorol\u00f3gica.<\/p>\n<p>No domingo, em comunicado, a ANEPC alertou a popula\u00e7\u00e3o para a possibilidade de inunda\u00e7\u00f5es r\u00e1pidas em meio urbano e o transbordo de linhas de \u00e1gua nas zonas historicamente mais vulner\u00e1veis e em estruturas urbanas subterr\u00e2neas com defici\u00eancias de drenagem.<\/p>\n<p>A prote\u00e7\u00e3o civil alertou tamb\u00e9m para o piso rodovi\u00e1rio escorregadio e eventual forma\u00e7\u00e3o de len\u00e7\u00f3is de \u00e1gua, danos em estruturas montadas ou suspensas, possibilidade de queda de ramos ou \u00e1rvores, poss\u00edveis acidentes na orla costeira e deslizamentos de terra.<\/p>\n<p>Na sequ\u00eancia do mau tempo, a ANEPC recomendou \u00e0 popula\u00e7\u00e3o a ado\u00e7\u00e3o de comportamentos adequados tais como garantir a desobstru\u00e7\u00e3o dos sistemas de escoamento das \u00e1guas pluviais e retirada de inertes e outros objetos.<\/p>\n<p>Aconselhou tamb\u00e9m a ado\u00e7\u00e3o de uma condu\u00e7\u00e3o defensiva, o n\u00e3o atravessamento de zonas inundadas, uma adequada fixa\u00e7\u00e3o de estruturas soltas, nomeadamente, andaimes, placards e outras estruturas suspensas e a ter especial cuidado na circula\u00e7\u00e3o e perman\u00eancia junto de \u00e1reas arborizadas, estando atento para a possibilidade de queda de ramos e \u00e1rvores.<\/p>\n<p>A prote\u00e7\u00e3o civil recomendou ainda especial cuidado na circula\u00e7\u00e3o junto da orla costeira e zonas ribeirinhas historicamente mais vulner\u00e1veis a galgamentos costeiros e a n\u00e3o praticar atividades relacionadas com o mar, nomeadamente pesca desportiva, desportos n\u00e1uticos e passeios \u00e0 beira-mar, evitando ainda o estacionamento de ve\u00edculos muito pr\u00f3ximos da orla mar\u00edtima.<\/p>\n","protected":false},"excerpt":{"rendered":"<p>Treze distritos de Portugal continental v\u00e3o estar hoje sob aviso laranja devido \u00e0 previs\u00e3o chuva forte e trovoada, estendendo-se depois na ter\u00e7a-feira a todos os 18 distritos na sequ\u00eancia da passagem da depress\u00e3o B\u00e1rbara, segundo o IPMA. Portugal continental vai estar sob o efeito da depress\u00e3o B\u00e1rbara, a partir da tarde de hoje e at\u00e9 [&hellip;]<\/p>\n","protected":false},"author":13,"featured_media":54003,"comment_status":"closed","ping_status":"closed","sticky":false,"template":"","format":"standard","meta":{"_exactmetrics_skip_tracking":false,"_exactmetrics_sitenote_active":false,"_exactmetrics_sitenote_note":"","_exactmetrics_sitenote_category":0,"footnotes":""},"categories":[73],"tags":[27],"class_list":["post-54002","post","type-post","status-publish","format-standard","has-post-thumbnail","hentry","category-alto-minho","tag-sociedade"],"yoast_head":"<!-- This site is optimized with the Yoast SEO Premium plugin v27.4 (Yoast SEO v27.4) - https:\/\/yoast.com\/product\/yoast-seo-premium-wordpress\/ -->\n<title>Treze distritos do continente v\u00e3o estar sob aviso laranja devido \u00e0 chuva forte<\/title>\n<meta name=\"robots\" content=\"index, follow, max-snippet:-1, max-image-preview:large, max-video-preview:-1\" \/>\n<link rel=\"canonical\" href=\"https:\/\/www.altominho.tv\/site\/2020\/10\/19\/treze-distritos-do-continente-vao-estar-sob-aviso-laranja-devido-a-chuva-forte\/\" \/>\n<meta property=\"og:locale\" content=\"pt_PT\" \/>\n<meta property=\"og:type\" content=\"article\" \/>\n<meta property=\"og:title\" content=\"Treze distritos do continente v\u00e3o estar sob aviso laranja devido \u00e0 chuva forte\" \/>\n<meta property=\"og:description\" content=\"Treze distritos de Portugal continental v\u00e3o estar hoje sob aviso laranja devido \u00e0 previs\u00e3o chuva forte e trovoada, estendendo-se depois na ter\u00e7a-feira a todos os 18 distritos na sequ\u00eancia da passagem da depress\u00e3o B\u00e1rbara, segundo o IPMA. Portugal continental vai estar sob o efeito da depress\u00e3o B\u00e1rbara, a partir da tarde de hoje e at\u00e9 [&hellip;]\" \/>\n<meta property=\"og:url\" content=\"https:\/\/www.altominho.tv\/site\/2020\/10\/19\/treze-distritos-do-continente-vao-estar-sob-aviso-laranja-devido-a-chuva-forte\/\" \/>\n<meta property=\"og:site_name\" content=\"Altominho.tv\" \/>\n<meta property=\"article:publisher\" content=\"https:\/\/www.facebook.com\/altominhotv\" \/>\n<meta property=\"article:published_time\" content=\"2020-10-19T08:29:19+00:00\" \/>\n<meta property=\"article:modified_time\" content=\"2020-10-19T08:29:23+00:00\" \/>\n<meta property=\"og:image\" content=\"https:\/\/www.altominho.tv\/site\/wp-content\/uploads\/2020\/10\/6fee6d769fee5f38ac0bb4f7b4d5c435-783x450-1.jpg\" \/>\n\t<meta property=\"og:image:width\" content=\"783\" \/>\n\t<meta property=\"og:image:height\" content=\"450\" \/>\n\t<meta property=\"og:image:type\" content=\"image\/jpeg\" \/>\n<meta name=\"author\" content=\"Lusa\" \/>\n<meta name=\"twitter:card\" content=\"summary_large_image\" \/>\n<meta name=\"twitter:creator\" content=\"@altominhoTV\" \/>\n<meta name=\"twitter:site\" content=\"@altominhoTV\" \/>\n<meta name=\"twitter:label1\" content=\"Escrito por\" \/>\n\t<meta name=\"twitter:data1\" content=\"Lusa\" \/>\n\t<meta name=\"twitter:label2\" content=\"Tempo estimado de leitura\" \/>\n\t<meta name=\"twitter:data2\" content=\"3 minutos\" \/>\n<script type=\"application\/ld+json\" class=\"yoast-schema-graph\">{\"@context\":\"https:\\\/\\\/schema.org\",\"@graph\":[{\"@type\":\"Article\",\"@id\":\"https:\\\/\\\/www.altominho.tv\\\/site\\\/2020\\\/10\\\/19\\\/treze-distritos-do-continente-vao-estar-sob-aviso-laranja-devido-a-chuva-forte\\\/#article\",\"isPartOf\":{\"@id\":\"https:\\\/\\\/www.altominho.tv\\\/site\\\/2020\\\/10\\\/19\\\/treze-distritos-do-continente-vao-estar-sob-aviso-laranja-devido-a-chuva-forte\\\/\"},\"author\":{\"name\":\"Lusa\",\"@id\":\"https:\\\/\\\/www.altominho.tv\\\/site\\\/#\\\/schema\\\/person\\\/63f693da3e1899361cbe955c46f3232e\"},\"headline\":\"Treze distritos do continente v\u00e3o estar sob aviso laranja devido \u00e0 chuva forte\",\"datePublished\":\"2020-10-19T08:29:19+00:00\",\"dateModified\":\"2020-10-19T08:29:23+00:00\",\"mainEntityOfPage\":{\"@id\":\"https:\\\/\\\/www.altominho.tv\\\/site\\\/2020\\\/10\\\/19\\\/treze-distritos-do-continente-vao-estar-sob-aviso-laranja-devido-a-chuva-forte\\\/\"},\"wordCount\":531,\"image\":{\"@id\":\"https:\\\/\\\/www.altominho.tv\\\/site\\\/2020\\\/10\\\/19\\\/treze-distritos-do-continente-vao-estar-sob-aviso-laranja-devido-a-chuva-forte\\\/#primaryimage\"},\"thumbnailUrl\":\"https:\\\/\\\/www.altominho.tv\\\/site\\\/wp-content\\\/uploads\\\/2020\\\/10\\\/6fee6d769fee5f38ac0bb4f7b4d5c435-783x450-1.jpg\",\"keywords\":[\"Sociedade\"],\"articleSection\":[\"Alto Minho\"],\"inLanguage\":\"pt-PT\",\"copyrightYear\":\"2020\",\"copyrightHolder\":{\"@id\":\"https:\\\/\\\/www.altominho.tv\\\/site\\\/#organization\"}},{\"@type\":\"WebPage\",\"@id\":\"https:\\\/\\\/www.altominho.tv\\\/site\\\/2020\\\/10\\\/19\\\/treze-distritos-do-continente-vao-estar-sob-aviso-laranja-devido-a-chuva-forte\\\/\",\"url\":\"https:\\\/\\\/www.altominho.tv\\\/site\\\/2020\\\/10\\\/19\\\/treze-distritos-do-continente-vao-estar-sob-aviso-laranja-devido-a-chuva-forte\\\/\",\"name\":\"Treze distritos do continente v\u00e3o estar sob aviso laranja devido \u00e0 chuva forte\",\"isPartOf\":{\"@id\":\"https:\\\/\\\/www.altominho.tv\\\/site\\\/#website\"},\"primaryImageOfPage\":{\"@id\":\"https:\\\/\\\/www.altominho.tv\\\/site\\\/2020\\\/10\\\/19\\\/treze-distritos-do-continente-vao-estar-sob-aviso-laranja-devido-a-chuva-forte\\\/#primaryimage\"},\"image\":{\"@id\":\"https:\\\/\\\/www.altominho.tv\\\/site\\\/2020\\\/10\\\/19\\\/treze-distritos-do-continente-vao-estar-sob-aviso-laranja-devido-a-chuva-forte\\\/#primaryimage\"},\"thumbnailUrl\":\"https:\\\/\\\/www.altominho.tv\\\/site\\\/wp-content\\\/uploads\\\/2020\\\/10\\\/6fee6d769fee5f38ac0bb4f7b4d5c435-783x450-1.jpg\",\"datePublished\":\"2020-10-19T08:29:19+00:00\",\"dateModified\":\"2020-10-19T08:29:23+00:00\",\"author\":{\"@id\":\"https:\\\/\\\/www.altominho.tv\\\/site\\\/#\\\/schema\\\/person\\\/63f693da3e1899361cbe955c46f3232e\"},\"breadcrumb\":{\"@id\":\"https:\\\/\\\/www.altominho.tv\\\/site\\\/2020\\\/10\\\/19\\\/treze-distritos-do-continente-vao-estar-sob-aviso-laranja-devido-a-chuva-forte\\\/#breadcrumb\"},\"inLanguage\":\"pt-PT\",\"potentialAction\":[{\"@type\":\"ReadAction\",\"target\":[\"https:\\\/\\\/www.altominho.tv\\\/site\\\/2020\\\/10\\\/19\\\/treze-distritos-do-continente-vao-estar-sob-aviso-laranja-devido-a-chuva-forte\\\/\"]}]},{\"@type\":\"ImageObject\",\"inLanguage\":\"pt-PT\",\"@id\":\"https:\\\/\\\/www.altominho.tv\\\/site\\\/2020\\\/10\\\/19\\\/treze-distritos-do-continente-vao-estar-sob-aviso-laranja-devido-a-chuva-forte\\\/#primaryimage\",\"url\":\"https:\\\/\\\/www.altominho.tv\\\/site\\\/wp-content\\\/uploads\\\/2020\\\/10\\\/6fee6d769fee5f38ac0bb4f7b4d5c435-783x450-1.jpg\",\"contentUrl\":\"https:\\\/\\\/www.altominho.tv\\\/site\\\/wp-content\\\/uploads\\\/2020\\\/10\\\/6fee6d769fee5f38ac0bb4f7b4d5c435-783x450-1.jpg\",\"width\":783,\"height\":450},{\"@type\":\"BreadcrumbList\",\"@id\":\"https:\\\/\\\/www.altominho.tv\\\/site\\\/2020\\\/10\\\/19\\\/treze-distritos-do-continente-vao-estar-sob-aviso-laranja-devido-a-chuva-forte\\\/#breadcrumb\",\"itemListElement\":[{\"@type\":\"ListItem\",\"position\":1,\"name\":\"In\u00edcio\",\"item\":\"https:\\\/\\\/www.altominho.tv\\\/site\\\/\"},{\"@type\":\"ListItem\",\"position\":2,\"name\":\"Treze distritos do continente v\u00e3o estar sob aviso laranja devido \u00e0 chuva forte\"}]},{\"@type\":\"WebSite\",\"@id\":\"https:\\\/\\\/www.altominho.tv\\\/site\\\/#website\",\"url\":\"https:\\\/\\\/www.altominho.tv\\\/site\\\/\",\"name\":\"Altominho.tv\",\"description\":\"A sua regi\u00e3o \u00e0 dist\u00e2ncia de um clique...\",\"potentialAction\":[{\"@type\":\"SearchAction\",\"target\":{\"@type\":\"EntryPoint\",\"urlTemplate\":\"https:\\\/\\\/www.altominho.tv\\\/site\\\/?s={search_term_string}\"},\"query-input\":{\"@type\":\"PropertyValueSpecification\",\"valueRequired\":true,\"valueName\":\"search_term_string\"}}],\"inLanguage\":\"pt-PT\"},{\"@type\":\"Person\",\"@id\":\"https:\\\/\\\/www.altominho.tv\\\/site\\\/#\\\/schema\\\/person\\\/63f693da3e1899361cbe955c46f3232e\",\"name\":\"Lusa\",\"image\":{\"@type\":\"ImageObject\",\"inLanguage\":\"pt-PT\",\"@id\":\"https:\\\/\\\/www.altominho.tv\\\/site\\\/wp-content\\\/uploads\\\/2019\\\/08\\\/LUSA_Logo.gif\",\"url\":\"https:\\\/\\\/www.altominho.tv\\\/site\\\/wp-content\\\/uploads\\\/2019\\\/08\\\/LUSA_Logo.gif\",\"contentUrl\":\"https:\\\/\\\/www.altominho.tv\\\/site\\\/wp-content\\\/uploads\\\/2019\\\/08\\\/LUSA_Logo.gif\",\"caption\":\"Lusa\"},\"sameAs\":[\"http:\\\/\\\/\\\/\\\/www.altominho.tv\\\/site\"],\"url\":\"https:\\\/\\\/www.altominho.tv\\\/site\\\/author\\\/lusa\\\/\"}]}<\/script>\n<!-- \/ Yoast SEO Premium plugin. -->","yoast_head_json":{"title":"Treze distritos do continente v\u00e3o estar sob aviso laranja devido \u00e0 chuva forte","robots":{"index":"index","follow":"follow","max-snippet":"max-snippet:-1","max-image-preview":"max-image-preview:large","max-video-preview":"max-video-preview:-1"},"canonical":"https:\/\/www.altominho.tv\/site\/2020\/10\/19\/treze-distritos-do-continente-vao-estar-sob-aviso-laranja-devido-a-chuva-forte\/","og_locale":"pt_PT","og_type":"article","og_title":"Treze distritos do continente v\u00e3o estar sob aviso laranja devido \u00e0 chuva forte","og_description":"Treze distritos de Portugal continental v\u00e3o estar hoje sob aviso laranja devido \u00e0 previs\u00e3o chuva forte e trovoada, estendendo-se depois na ter\u00e7a-feira a todos os 18 distritos na sequ\u00eancia da passagem da depress\u00e3o B\u00e1rbara, segundo o IPMA. Portugal continental vai estar sob o efeito da depress\u00e3o B\u00e1rbara, a partir da tarde de hoje e at\u00e9 [&hellip;]","og_url":"https:\/\/www.altominho.tv\/site\/2020\/10\/19\/treze-distritos-do-continente-vao-estar-sob-aviso-laranja-devido-a-chuva-forte\/","og_site_name":"Altominho.tv","article_publisher":"https:\/\/www.facebook.com\/altominhotv","article_published_time":"2020-10-19T08:29:19+00:00","article_modified_time":"2020-10-19T08:29:23+00:00","og_image":[{"width":783,"height":450,"url":"https:\/\/www.altominho.tv\/site\/wp-content\/uploads\/2020\/10\/6fee6d769fee5f38ac0bb4f7b4d5c435-783x450-1.jpg","type":"image\/jpeg"}],"author":"Lusa","twitter_card":"summary_large_image","twitter_creator":"@altominhoTV","twitter_site":"@altominhoTV","twitter_misc":{"Escrito por":"Lusa","Tempo estimado de leitura":"3 minutos"},"schema":{"@context":"https:\/\/schema.org","@graph":[{"@type":"Article","@id":"https:\/\/www.altominho.tv\/site\/2020\/10\/19\/treze-distritos-do-continente-vao-estar-sob-aviso-laranja-devido-a-chuva-forte\/#article","isPartOf":{"@id":"https:\/\/www.altominho.tv\/site\/2020\/10\/19\/treze-distritos-do-continente-vao-estar-sob-aviso-laranja-devido-a-chuva-forte\/"},"author":{"name":"Lusa","@id":"https:\/\/www.altominho.tv\/site\/#\/schema\/person\/63f693da3e1899361cbe955c46f3232e"},"headline":"Treze distritos do continente v\u00e3o estar sob aviso laranja devido \u00e0 chuva forte","datePublished":"2020-10-19T08:29:19+00:00","dateModified":"2020-10-19T08:29:23+00:00","mainEntityOfPage":{"@id":"https:\/\/www.altominho.tv\/site\/2020\/10\/19\/treze-distritos-do-continente-vao-estar-sob-aviso-laranja-devido-a-chuva-forte\/"},"wordCount":531,"image":{"@id":"https:\/\/www.altominho.tv\/site\/2020\/10\/19\/treze-distritos-do-continente-vao-estar-sob-aviso-laranja-devido-a-chuva-forte\/#primaryimage"},"thumbnailUrl":"https:\/\/www.altominho.tv\/site\/wp-content\/uploads\/2020\/10\/6fee6d769fee5f38ac0bb4f7b4d5c435-783x450-1.jpg","keywords":["Sociedade"],"articleSection":["Alto Minho"],"inLanguage":"pt-PT","copyrightYear":"2020","copyrightHolder":{"@id":"https:\/\/www.altominho.tv\/site\/#organization"}},{"@type":"WebPage","@id":"https:\/\/www.altominho.tv\/site\/2020\/10\/19\/treze-distritos-do-continente-vao-estar-sob-aviso-laranja-devido-a-chuva-forte\/","url":"https:\/\/www.altominho.tv\/site\/2020\/10\/19\/treze-distritos-do-continente-vao-estar-sob-aviso-laranja-devido-a-chuva-forte\/","name":"Treze distritos do continente v\u00e3o estar sob aviso laranja devido \u00e0 chuva forte","isPartOf":{"@id":"https:\/\/www.altominho.tv\/site\/#website"},"primaryImageOfPage":{"@id":"https:\/\/www.altominho.tv\/site\/2020\/10\/19\/treze-distritos-do-continente-vao-estar-sob-aviso-laranja-devido-a-chuva-forte\/#primaryimage"},"image":{"@id":"https:\/\/www.altominho.tv\/site\/2020\/10\/19\/treze-distritos-do-continente-vao-estar-sob-aviso-laranja-devido-a-chuva-forte\/#primaryimage"},"thumbnailUrl":"https:\/\/www.altominho.tv\/site\/wp-content\/uploads\/2020\/10\/6fee6d769fee5f38ac0bb4f7b4d5c435-783x450-1.jpg","datePublished":"2020-10-19T08:29:19+00:00","dateModified":"2020-10-19T08:29:23+00:00","author":{"@id":"https:\/\/www.altominho.tv\/site\/#\/schema\/person\/63f693da3e1899361cbe955c46f3232e"},"breadcrumb":{"@id":"https:\/\/www.altominho.tv\/site\/2020\/10\/19\/treze-distritos-do-continente-vao-estar-sob-aviso-laranja-devido-a-chuva-forte\/#breadcrumb"},"inLanguage":"pt-PT","potentialAction":[{"@type":"ReadAction","target":["https:\/\/www.altominho.tv\/site\/2020\/10\/19\/treze-distritos-do-continente-vao-estar-sob-aviso-laranja-devido-a-chuva-forte\/"]}]},{"@type":"ImageObject","inLanguage":"pt-PT","@id":"https:\/\/www.altominho.tv\/site\/2020\/10\/19\/treze-distritos-do-continente-vao-estar-sob-aviso-laranja-devido-a-chuva-forte\/#primaryimage","url":"https:\/\/www.altominho.tv\/site\/wp-content\/uploads\/2020\/10\/6fee6d769fee5f38ac0bb4f7b4d5c435-783x450-1.jpg","contentUrl":"https:\/\/www.altominho.tv\/site\/wp-content\/uploads\/2020\/10\/6fee6d769fee5f38ac0bb4f7b4d5c435-783x450-1.jpg","width":783,"height":450},{"@type":"BreadcrumbList","@id":"https:\/\/www.altominho.tv\/site\/2020\/10\/19\/treze-distritos-do-continente-vao-estar-sob-aviso-laranja-devido-a-chuva-forte\/#breadcrumb","itemListElement":[{"@type":"ListItem","position":1,"name":"In\u00edcio","item":"https:\/\/www.altominho.tv\/site\/"},{"@type":"ListItem","position":2,"name":"Treze distritos do continente v\u00e3o estar sob aviso laranja devido \u00e0 chuva forte"}]},{"@type":"WebSite","@id":"https:\/\/www.altominho.tv\/site\/#website","url":"https:\/\/www.altominho.tv\/site\/","name":"Altominho.tv","description":"A sua regi\u00e3o \u00e0 dist\u00e2ncia de um clique...","potentialAction":[{"@type":"SearchAction","target":{"@type":"EntryPoint","urlTemplate":"https:\/\/www.altominho.tv\/site\/?s={search_term_string}"},"query-input":{"@type":"PropertyValueSpecification","valueRequired":true,"valueName":"search_term_string"}}],"inLanguage":"pt-PT"},{"@type":"Person","@id":"https:\/\/www.altominho.tv\/site\/#\/schema\/person\/63f693da3e1899361cbe955c46f3232e","name":"Lusa","image":{"@type":"ImageObject","inLanguage":"pt-PT","@id":"https:\/\/www.altominho.tv\/site\/wp-content\/uploads\/2019\/08\/LUSA_Logo.gif","url":"https:\/\/www.altominho.tv\/site\/wp-content\/uploads\/2019\/08\/LUSA_Logo.gif","contentUrl":"https:\/\/www.altominho.tv\/site\/wp-content\/uploads\/2019\/08\/LUSA_Logo.gif","caption":"Lusa"},"sameAs":["http:\/\/\/\/www.altominho.tv\/site"],"url":"https:\/\/www.altominho.tv\/site\/author\/lusa\/"}]}},"_links":{"self":[{"href":"https:\/\/www.altominho.tv\/site\/wp-json\/wp\/v2\/posts\/54002","targetHints":{"allow":["GET"]}}],"collection":[{"href":"https:\/\/www.altominho.tv\/site\/wp-json\/wp\/v2\/posts"}],"about":[{"href":"https:\/\/www.altominho.tv\/site\/wp-json\/wp\/v2\/types\/post"}],"author":[{"embeddable":true,"href":"https:\/\/www.altominho.tv\/site\/wp-json\/wp\/v2\/users\/13"}],"replies":[{"embeddable":true,"href":"https:\/\/www.altominho.tv\/site\/wp-json\/wp\/v2\/comments?post=54002"}],"version-history":[{"count":0,"href":"https:\/\/www.altominho.tv\/site\/wp-json\/wp\/v2\/posts\/54002\/revisions"}],"wp:featuredmedia":[{"embeddable":true,"href":"https:\/\/www.altominho.tv\/site\/wp-json\/wp\/v2\/media\/54003"}],"wp:attachment":[{"href":"https:\/\/www.altominho.tv\/site\/wp-json\/wp\/v2\/media?parent=54002"}],"wp:term":[{"taxonomy":"category","embeddable":true,"href":"https:\/\/www.altominho.tv\/site\/wp-json\/wp\/v2\/categories?post=54002"},{"taxonomy":"post_tag","embeddable":true,"href":"https:\/\/www.altominho.tv\/site\/wp-json\/wp\/v2\/tags?post=54002"}],"curies":[{"name":"wp","href":"https:\/\/api.w.org\/{rel}","templated":true}]}}