{"id":53846,"date":"2020-10-15T10:48:59","date_gmt":"2020-10-15T09:48:59","guid":{"rendered":"https:\/\/www.altominho.tv\/site\/?p=53846"},"modified":"2020-10-15T10:49:04","modified_gmt":"2020-10-15T09:49:04","slug":"arcos-de-valdevez-e-ponte-da-barca-reivindicam-melhoria-de-ligacao-a-fronteira-da-madalena","status":"publish","type":"post","link":"https:\/\/www.altominho.tv\/site\/2020\/10\/15\/arcos-de-valdevez-e-ponte-da-barca-reivindicam-melhoria-de-ligacao-a-fronteira-da-madalena\/","title":{"rendered":"Arcos de Valdevez e Ponte da Barca reivindicam melhoria de liga\u00e7\u00e3o \u00e0 fronteira da Madalena"},"content":{"rendered":"<p>As C\u00e2maras de Arcos de Valdevez e Ponte da Barca reivindicam a melhoria da estrada que liga o Itiner\u00e1rio Complementar 28 (IC28) \u00e0 fronteira da Madalena com Ourense, na Galiza.<\/p>\n<p>Em comunicado, as duas autarquias adiantam ter enviado uma &#8220;missiva&#8221; ao primeiro-ministro a exigir a &#8220;melhoria&#8221; daquela liga\u00e7\u00e3o do IC28, considerada &#8220;estrat\u00e9gica&#8221; para a regi\u00e3o.<\/p>\n<p>Os munic\u00edpios recordam que a empreitada \u00e9 reclamada &#8220;h\u00e1 mais de uma d\u00e9cada&#8221; e querem que o Governo a inclua no Plano de Recupera\u00e7\u00e3o e Resili\u00eancia de Portugal como obra &#8220;priorit\u00e1ria&#8221; para &#8220;alavancar as rela\u00e7\u00f5es econ\u00f3micas e transfronteiri\u00e7as e a atratividade dos munic\u00edpios e da regi\u00e3o&#8221;.<\/p>\n<p>Aquela estrada &#8220;\u00e9 estrat\u00e9gica para a competitividade&#8221; dos dois munic\u00edpios e do distrito de Viana do Castelo, sublinham, acrescentando que, do lado galego, \u00e9 considerada &#8220;estruturante na conex\u00e3o entre Celanova e a fronteira da Madalena&#8221;.<\/p>\n<p>&#8220;A melhoria da estrada permitir\u00e1 colocar as pessoas e os produtos a menos de 30 minutos das redes rodoferrovi\u00e1rias principais de liga\u00e7\u00e3o a Madrid e ao centro da Europa, isto porque ir\u00e1 ligar com a autoestrada de acesso \u00e0 Europa (A52)&#8221;, sustentam na nota enviada \u00e0 imprensa.<\/p>\n<p>Ainda de acordo com as autarquias, &#8220;a via tamb\u00e9m permitir\u00e1 a liga\u00e7\u00e3o com o TGV, uma vez que est\u00e1 em constru\u00e7\u00e3o, a sul de Ourense\/Celanova, a esta\u00e7\u00e3o da Linha de Alta Velocidade entre Madrid-Galiza&#8221;.<\/p>\n<p>Os munic\u00edpios recordam que a obra faz parte do plano rodovi\u00e1rio portugu\u00eas, bem como do plano da Junta da Galiza, e lamentam que sua beneficia\u00e7\u00e3o n\u00e3o tenha sido abordada na \u00faltima cimeira luso-espanhola.<\/p>\n","protected":false},"excerpt":{"rendered":"<p>As C\u00e2maras de Arcos de Valdevez e Ponte da Barca reivindicam a melhoria da estrada que liga o Itiner\u00e1rio Complementar 28 (IC28) \u00e0 fronteira da Madalena com Ourense, na Galiza. Em comunicado, as duas autarquias adiantam ter enviado uma &#8220;missiva&#8221; ao primeiro-ministro a exigir a &#8220;melhoria&#8221; daquela liga\u00e7\u00e3o do IC28, considerada &#8220;estrat\u00e9gica&#8221; para a regi\u00e3o. [&hellip;]<\/p>\n","protected":false},"author":12,"featured_media":53847,"comment_status":"closed","ping_status":"closed","sticky":false,"template":"","format":"standard","meta":{"_exactmetrics_skip_tracking":false,"_exactmetrics_sitenote_active":false,"_exactmetrics_sitenote_note":"","_exactmetrics_sitenote_category":0,"footnotes":""},"categories":[73],"tags":[27],"class_list":["post-53846","post","type-post","status-publish","format-standard","has-post-thumbnail","hentry","category-alto-minho","tag-sociedade"],"yoast_head":"<!-- This site is optimized with the Yoast SEO Premium plugin v27.4 (Yoast SEO v27.4) - https:\/\/yoast.com\/product\/yoast-seo-premium-wordpress\/ -->\n<title>Arcos de Valdevez e Ponte da Barca reivindicam melhoria de liga\u00e7\u00e3o \u00e0 fronteira da Madalena<\/title>\n<meta name=\"robots\" content=\"index, follow, max-snippet:-1, max-image-preview:large, max-video-preview:-1\" \/>\n<link rel=\"canonical\" href=\"https:\/\/www.altominho.tv\/site\/2020\/10\/15\/arcos-de-valdevez-e-ponte-da-barca-reivindicam-melhoria-de-ligacao-a-fronteira-da-madalena\/\" \/>\n<meta property=\"og:locale\" content=\"pt_PT\" \/>\n<meta property=\"og:type\" content=\"article\" \/>\n<meta property=\"og:title\" content=\"Arcos de Valdevez e Ponte da Barca reivindicam melhoria de liga\u00e7\u00e3o \u00e0 fronteira da Madalena\" \/>\n<meta property=\"og:description\" content=\"As C\u00e2maras de Arcos de Valdevez e Ponte da Barca reivindicam a melhoria da estrada que liga o Itiner\u00e1rio Complementar 28 (IC28) \u00e0 fronteira da Madalena com Ourense, na Galiza. Em comunicado, as duas autarquias adiantam ter enviado uma &#8220;missiva&#8221; ao primeiro-ministro a exigir a &#8220;melhoria&#8221; daquela liga\u00e7\u00e3o do IC28, considerada &#8220;estrat\u00e9gica&#8221; para a regi\u00e3o. [&hellip;]\" \/>\n<meta property=\"og:url\" content=\"https:\/\/www.altominho.tv\/site\/2020\/10\/15\/arcos-de-valdevez-e-ponte-da-barca-reivindicam-melhoria-de-ligacao-a-fronteira-da-madalena\/\" \/>\n<meta property=\"og:site_name\" content=\"Altominho.tv\" \/>\n<meta property=\"article:publisher\" content=\"https:\/\/www.facebook.com\/altominhotv\" \/>\n<meta property=\"article:published_time\" content=\"2020-10-15T09:48:59+00:00\" \/>\n<meta property=\"article:modified_time\" content=\"2020-10-15T09:49:04+00:00\" \/>\n<meta property=\"og:image\" content=\"https:\/\/www.altominho.tv\/site\/wp-content\/uploads\/2020\/10\/nota-fronteira-madalena.jpg\" \/>\n\t<meta property=\"og:image:width\" content=\"1756\" \/>\n\t<meta property=\"og:image:height\" content=\"804\" \/>\n\t<meta property=\"og:image:type\" content=\"image\/jpeg\" \/>\n<meta name=\"author\" content=\"Andreia Ferreira\" \/>\n<meta name=\"twitter:card\" content=\"summary_large_image\" \/>\n<meta name=\"twitter:creator\" content=\"@altominhoTV\" \/>\n<meta name=\"twitter:site\" content=\"@altominhoTV\" \/>\n<meta name=\"twitter:label1\" content=\"Escrito por\" \/>\n\t<meta name=\"twitter:data1\" content=\"Andreia Ferreira\" \/>\n\t<meta name=\"twitter:label2\" content=\"Tempo estimado de leitura\" \/>\n\t<meta name=\"twitter:data2\" content=\"1 minuto\" \/>\n<script type=\"application\/ld+json\" class=\"yoast-schema-graph\">{\"@context\":\"https:\\\/\\\/schema.org\",\"@graph\":[{\"@type\":\"Article\",\"@id\":\"https:\\\/\\\/www.altominho.tv\\\/site\\\/2020\\\/10\\\/15\\\/arcos-de-valdevez-e-ponte-da-barca-reivindicam-melhoria-de-ligacao-a-fronteira-da-madalena\\\/#article\",\"isPartOf\":{\"@id\":\"https:\\\/\\\/www.altominho.tv\\\/site\\\/2020\\\/10\\\/15\\\/arcos-de-valdevez-e-ponte-da-barca-reivindicam-melhoria-de-ligacao-a-fronteira-da-madalena\\\/\"},\"author\":{\"name\":\"Andreia Ferreira\",\"@id\":\"https:\\\/\\\/www.altominho.tv\\\/site\\\/#\\\/schema\\\/person\\\/d9be4265364723f14ea8e0d56a1d38cd\"},\"headline\":\"Arcos de Valdevez e Ponte da Barca reivindicam melhoria de liga\u00e7\u00e3o \u00e0 fronteira da Madalena\",\"datePublished\":\"2020-10-15T09:48:59+00:00\",\"dateModified\":\"2020-10-15T09:49:04+00:00\",\"mainEntityOfPage\":{\"@id\":\"https:\\\/\\\/www.altominho.tv\\\/site\\\/2020\\\/10\\\/15\\\/arcos-de-valdevez-e-ponte-da-barca-reivindicam-melhoria-de-ligacao-a-fronteira-da-madalena\\\/\"},\"wordCount\":287,\"image\":{\"@id\":\"https:\\\/\\\/www.altominho.tv\\\/site\\\/2020\\\/10\\\/15\\\/arcos-de-valdevez-e-ponte-da-barca-reivindicam-melhoria-de-ligacao-a-fronteira-da-madalena\\\/#primaryimage\"},\"thumbnailUrl\":\"https:\\\/\\\/www.altominho.tv\\\/site\\\/wp-content\\\/uploads\\\/2020\\\/10\\\/nota-fronteira-madalena.jpg\",\"keywords\":[\"Sociedade\"],\"articleSection\":[\"Alto Minho\"],\"inLanguage\":\"pt-PT\",\"copyrightYear\":\"2020\",\"copyrightHolder\":{\"@id\":\"https:\\\/\\\/www.altominho.tv\\\/site\\\/#organization\"}},{\"@type\":\"WebPage\",\"@id\":\"https:\\\/\\\/www.altominho.tv\\\/site\\\/2020\\\/10\\\/15\\\/arcos-de-valdevez-e-ponte-da-barca-reivindicam-melhoria-de-ligacao-a-fronteira-da-madalena\\\/\",\"url\":\"https:\\\/\\\/www.altominho.tv\\\/site\\\/2020\\\/10\\\/15\\\/arcos-de-valdevez-e-ponte-da-barca-reivindicam-melhoria-de-ligacao-a-fronteira-da-madalena\\\/\",\"name\":\"Arcos de Valdevez e Ponte da Barca reivindicam melhoria de liga\u00e7\u00e3o \u00e0 fronteira da Madalena\",\"isPartOf\":{\"@id\":\"https:\\\/\\\/www.altominho.tv\\\/site\\\/#website\"},\"primaryImageOfPage\":{\"@id\":\"https:\\\/\\\/www.altominho.tv\\\/site\\\/2020\\\/10\\\/15\\\/arcos-de-valdevez-e-ponte-da-barca-reivindicam-melhoria-de-ligacao-a-fronteira-da-madalena\\\/#primaryimage\"},\"image\":{\"@id\":\"https:\\\/\\\/www.altominho.tv\\\/site\\\/2020\\\/10\\\/15\\\/arcos-de-valdevez-e-ponte-da-barca-reivindicam-melhoria-de-ligacao-a-fronteira-da-madalena\\\/#primaryimage\"},\"thumbnailUrl\":\"https:\\\/\\\/www.altominho.tv\\\/site\\\/wp-content\\\/uploads\\\/2020\\\/10\\\/nota-fronteira-madalena.jpg\",\"datePublished\":\"2020-10-15T09:48:59+00:00\",\"dateModified\":\"2020-10-15T09:49:04+00:00\",\"author\":{\"@id\":\"https:\\\/\\\/www.altominho.tv\\\/site\\\/#\\\/schema\\\/person\\\/d9be4265364723f14ea8e0d56a1d38cd\"},\"breadcrumb\":{\"@id\":\"https:\\\/\\\/www.altominho.tv\\\/site\\\/2020\\\/10\\\/15\\\/arcos-de-valdevez-e-ponte-da-barca-reivindicam-melhoria-de-ligacao-a-fronteira-da-madalena\\\/#breadcrumb\"},\"inLanguage\":\"pt-PT\",\"potentialAction\":[{\"@type\":\"ReadAction\",\"target\":[\"https:\\\/\\\/www.altominho.tv\\\/site\\\/2020\\\/10\\\/15\\\/arcos-de-valdevez-e-ponte-da-barca-reivindicam-melhoria-de-ligacao-a-fronteira-da-madalena\\\/\"]}]},{\"@type\":\"ImageObject\",\"inLanguage\":\"pt-PT\",\"@id\":\"https:\\\/\\\/www.altominho.tv\\\/site\\\/2020\\\/10\\\/15\\\/arcos-de-valdevez-e-ponte-da-barca-reivindicam-melhoria-de-ligacao-a-fronteira-da-madalena\\\/#primaryimage\",\"url\":\"https:\\\/\\\/www.altominho.tv\\\/site\\\/wp-content\\\/uploads\\\/2020\\\/10\\\/nota-fronteira-madalena.jpg\",\"contentUrl\":\"https:\\\/\\\/www.altominho.tv\\\/site\\\/wp-content\\\/uploads\\\/2020\\\/10\\\/nota-fronteira-madalena.jpg\",\"width\":1756,\"height\":804},{\"@type\":\"BreadcrumbList\",\"@id\":\"https:\\\/\\\/www.altominho.tv\\\/site\\\/2020\\\/10\\\/15\\\/arcos-de-valdevez-e-ponte-da-barca-reivindicam-melhoria-de-ligacao-a-fronteira-da-madalena\\\/#breadcrumb\",\"itemListElement\":[{\"@type\":\"ListItem\",\"position\":1,\"name\":\"In\u00edcio\",\"item\":\"https:\\\/\\\/www.altominho.tv\\\/site\\\/\"},{\"@type\":\"ListItem\",\"position\":2,\"name\":\"Arcos de Valdevez e Ponte da Barca reivindicam melhoria de liga\u00e7\u00e3o \u00e0 fronteira da Madalena\"}]},{\"@type\":\"WebSite\",\"@id\":\"https:\\\/\\\/www.altominho.tv\\\/site\\\/#website\",\"url\":\"https:\\\/\\\/www.altominho.tv\\\/site\\\/\",\"name\":\"Altominho.tv\",\"description\":\"A sua regi\u00e3o \u00e0 dist\u00e2ncia de um clique...\",\"potentialAction\":[{\"@type\":\"SearchAction\",\"target\":{\"@type\":\"EntryPoint\",\"urlTemplate\":\"https:\\\/\\\/www.altominho.tv\\\/site\\\/?s={search_term_string}\"},\"query-input\":{\"@type\":\"PropertyValueSpecification\",\"valueRequired\":true,\"valueName\":\"search_term_string\"}}],\"inLanguage\":\"pt-PT\"},{\"@type\":\"Person\",\"@id\":\"https:\\\/\\\/www.altominho.tv\\\/site\\\/#\\\/schema\\\/person\\\/d9be4265364723f14ea8e0d56a1d38cd\",\"name\":\"Andreia Ferreira\",\"image\":{\"@type\":\"ImageObject\",\"inLanguage\":\"pt-PT\",\"@id\":\"https:\\\/\\\/www.altominho.tv\\\/site\\\/wp-content\\\/uploads\\\/2021\\\/01\\\/AndreiaFerreira-150x150.jpg\",\"url\":\"https:\\\/\\\/www.altominho.tv\\\/site\\\/wp-content\\\/uploads\\\/2021\\\/01\\\/AndreiaFerreira-150x150.jpg\",\"contentUrl\":\"https:\\\/\\\/www.altominho.tv\\\/site\\\/wp-content\\\/uploads\\\/2021\\\/01\\\/AndreiaFerreira-150x150.jpg\",\"caption\":\"Andreia Ferreira\"},\"url\":\"https:\\\/\\\/www.altominho.tv\\\/site\\\/author\\\/andreiaferreira\\\/\"}]}<\/script>\n<!-- \/ Yoast SEO Premium plugin. -->","yoast_head_json":{"title":"Arcos de Valdevez e Ponte da Barca reivindicam melhoria de liga\u00e7\u00e3o \u00e0 fronteira da Madalena","robots":{"index":"index","follow":"follow","max-snippet":"max-snippet:-1","max-image-preview":"max-image-preview:large","max-video-preview":"max-video-preview:-1"},"canonical":"https:\/\/www.altominho.tv\/site\/2020\/10\/15\/arcos-de-valdevez-e-ponte-da-barca-reivindicam-melhoria-de-ligacao-a-fronteira-da-madalena\/","og_locale":"pt_PT","og_type":"article","og_title":"Arcos de Valdevez e Ponte da Barca reivindicam melhoria de liga\u00e7\u00e3o \u00e0 fronteira da Madalena","og_description":"As C\u00e2maras de Arcos de Valdevez e Ponte da Barca reivindicam a melhoria da estrada que liga o Itiner\u00e1rio Complementar 28 (IC28) \u00e0 fronteira da Madalena com Ourense, na Galiza. Em comunicado, as duas autarquias adiantam ter enviado uma &#8220;missiva&#8221; ao primeiro-ministro a exigir a &#8220;melhoria&#8221; daquela liga\u00e7\u00e3o do IC28, considerada &#8220;estrat\u00e9gica&#8221; para a regi\u00e3o. [&hellip;]","og_url":"https:\/\/www.altominho.tv\/site\/2020\/10\/15\/arcos-de-valdevez-e-ponte-da-barca-reivindicam-melhoria-de-ligacao-a-fronteira-da-madalena\/","og_site_name":"Altominho.tv","article_publisher":"https:\/\/www.facebook.com\/altominhotv","article_published_time":"2020-10-15T09:48:59+00:00","article_modified_time":"2020-10-15T09:49:04+00:00","og_image":[{"width":1756,"height":804,"url":"https:\/\/www.altominho.tv\/site\/wp-content\/uploads\/2020\/10\/nota-fronteira-madalena.jpg","type":"image\/jpeg"}],"author":"Andreia Ferreira","twitter_card":"summary_large_image","twitter_creator":"@altominhoTV","twitter_site":"@altominhoTV","twitter_misc":{"Escrito por":"Andreia Ferreira","Tempo estimado de leitura":"1 minuto"},"schema":{"@context":"https:\/\/schema.org","@graph":[{"@type":"Article","@id":"https:\/\/www.altominho.tv\/site\/2020\/10\/15\/arcos-de-valdevez-e-ponte-da-barca-reivindicam-melhoria-de-ligacao-a-fronteira-da-madalena\/#article","isPartOf":{"@id":"https:\/\/www.altominho.tv\/site\/2020\/10\/15\/arcos-de-valdevez-e-ponte-da-barca-reivindicam-melhoria-de-ligacao-a-fronteira-da-madalena\/"},"author":{"name":"Andreia Ferreira","@id":"https:\/\/www.altominho.tv\/site\/#\/schema\/person\/d9be4265364723f14ea8e0d56a1d38cd"},"headline":"Arcos de Valdevez e Ponte da Barca reivindicam melhoria de liga\u00e7\u00e3o \u00e0 fronteira da Madalena","datePublished":"2020-10-15T09:48:59+00:00","dateModified":"2020-10-15T09:49:04+00:00","mainEntityOfPage":{"@id":"https:\/\/www.altominho.tv\/site\/2020\/10\/15\/arcos-de-valdevez-e-ponte-da-barca-reivindicam-melhoria-de-ligacao-a-fronteira-da-madalena\/"},"wordCount":287,"image":{"@id":"https:\/\/www.altominho.tv\/site\/2020\/10\/15\/arcos-de-valdevez-e-ponte-da-barca-reivindicam-melhoria-de-ligacao-a-fronteira-da-madalena\/#primaryimage"},"thumbnailUrl":"https:\/\/www.altominho.tv\/site\/wp-content\/uploads\/2020\/10\/nota-fronteira-madalena.jpg","keywords":["Sociedade"],"articleSection":["Alto Minho"],"inLanguage":"pt-PT","copyrightYear":"2020","copyrightHolder":{"@id":"https:\/\/www.altominho.tv\/site\/#organization"}},{"@type":"WebPage","@id":"https:\/\/www.altominho.tv\/site\/2020\/10\/15\/arcos-de-valdevez-e-ponte-da-barca-reivindicam-melhoria-de-ligacao-a-fronteira-da-madalena\/","url":"https:\/\/www.altominho.tv\/site\/2020\/10\/15\/arcos-de-valdevez-e-ponte-da-barca-reivindicam-melhoria-de-ligacao-a-fronteira-da-madalena\/","name":"Arcos de Valdevez e Ponte da Barca reivindicam melhoria de liga\u00e7\u00e3o \u00e0 fronteira da Madalena","isPartOf":{"@id":"https:\/\/www.altominho.tv\/site\/#website"},"primaryImageOfPage":{"@id":"https:\/\/www.altominho.tv\/site\/2020\/10\/15\/arcos-de-valdevez-e-ponte-da-barca-reivindicam-melhoria-de-ligacao-a-fronteira-da-madalena\/#primaryimage"},"image":{"@id":"https:\/\/www.altominho.tv\/site\/2020\/10\/15\/arcos-de-valdevez-e-ponte-da-barca-reivindicam-melhoria-de-ligacao-a-fronteira-da-madalena\/#primaryimage"},"thumbnailUrl":"https:\/\/www.altominho.tv\/site\/wp-content\/uploads\/2020\/10\/nota-fronteira-madalena.jpg","datePublished":"2020-10-15T09:48:59+00:00","dateModified":"2020-10-15T09:49:04+00:00","author":{"@id":"https:\/\/www.altominho.tv\/site\/#\/schema\/person\/d9be4265364723f14ea8e0d56a1d38cd"},"breadcrumb":{"@id":"https:\/\/www.altominho.tv\/site\/2020\/10\/15\/arcos-de-valdevez-e-ponte-da-barca-reivindicam-melhoria-de-ligacao-a-fronteira-da-madalena\/#breadcrumb"},"inLanguage":"pt-PT","potentialAction":[{"@type":"ReadAction","target":["https:\/\/www.altominho.tv\/site\/2020\/10\/15\/arcos-de-valdevez-e-ponte-da-barca-reivindicam-melhoria-de-ligacao-a-fronteira-da-madalena\/"]}]},{"@type":"ImageObject","inLanguage":"pt-PT","@id":"https:\/\/www.altominho.tv\/site\/2020\/10\/15\/arcos-de-valdevez-e-ponte-da-barca-reivindicam-melhoria-de-ligacao-a-fronteira-da-madalena\/#primaryimage","url":"https:\/\/www.altominho.tv\/site\/wp-content\/uploads\/2020\/10\/nota-fronteira-madalena.jpg","contentUrl":"https:\/\/www.altominho.tv\/site\/wp-content\/uploads\/2020\/10\/nota-fronteira-madalena.jpg","width":1756,"height":804},{"@type":"BreadcrumbList","@id":"https:\/\/www.altominho.tv\/site\/2020\/10\/15\/arcos-de-valdevez-e-ponte-da-barca-reivindicam-melhoria-de-ligacao-a-fronteira-da-madalena\/#breadcrumb","itemListElement":[{"@type":"ListItem","position":1,"name":"In\u00edcio","item":"https:\/\/www.altominho.tv\/site\/"},{"@type":"ListItem","position":2,"name":"Arcos de Valdevez e Ponte da Barca reivindicam melhoria de liga\u00e7\u00e3o \u00e0 fronteira da Madalena"}]},{"@type":"WebSite","@id":"https:\/\/www.altominho.tv\/site\/#website","url":"https:\/\/www.altominho.tv\/site\/","name":"Altominho.tv","description":"A sua regi\u00e3o \u00e0 dist\u00e2ncia de um clique...","potentialAction":[{"@type":"SearchAction","target":{"@type":"EntryPoint","urlTemplate":"https:\/\/www.altominho.tv\/site\/?s={search_term_string}"},"query-input":{"@type":"PropertyValueSpecification","valueRequired":true,"valueName":"search_term_string"}}],"inLanguage":"pt-PT"},{"@type":"Person","@id":"https:\/\/www.altominho.tv\/site\/#\/schema\/person\/d9be4265364723f14ea8e0d56a1d38cd","name":"Andreia Ferreira","image":{"@type":"ImageObject","inLanguage":"pt-PT","@id":"https:\/\/www.altominho.tv\/site\/wp-content\/uploads\/2021\/01\/AndreiaFerreira-150x150.jpg","url":"https:\/\/www.altominho.tv\/site\/wp-content\/uploads\/2021\/01\/AndreiaFerreira-150x150.jpg","contentUrl":"https:\/\/www.altominho.tv\/site\/wp-content\/uploads\/2021\/01\/AndreiaFerreira-150x150.jpg","caption":"Andreia Ferreira"},"url":"https:\/\/www.altominho.tv\/site\/author\/andreiaferreira\/"}]}},"_links":{"self":[{"href":"https:\/\/www.altominho.tv\/site\/wp-json\/wp\/v2\/posts\/53846","targetHints":{"allow":["GET"]}}],"collection":[{"href":"https:\/\/www.altominho.tv\/site\/wp-json\/wp\/v2\/posts"}],"about":[{"href":"https:\/\/www.altominho.tv\/site\/wp-json\/wp\/v2\/types\/post"}],"author":[{"embeddable":true,"href":"https:\/\/www.altominho.tv\/site\/wp-json\/wp\/v2\/users\/12"}],"replies":[{"embeddable":true,"href":"https:\/\/www.altominho.tv\/site\/wp-json\/wp\/v2\/comments?post=53846"}],"version-history":[{"count":0,"href":"https:\/\/www.altominho.tv\/site\/wp-json\/wp\/v2\/posts\/53846\/revisions"}],"wp:featuredmedia":[{"embeddable":true,"href":"https:\/\/www.altominho.tv\/site\/wp-json\/wp\/v2\/media\/53847"}],"wp:attachment":[{"href":"https:\/\/www.altominho.tv\/site\/wp-json\/wp\/v2\/media?parent=53846"}],"wp:term":[{"taxonomy":"category","embeddable":true,"href":"https:\/\/www.altominho.tv\/site\/wp-json\/wp\/v2\/categories?post=53846"},{"taxonomy":"post_tag","embeddable":true,"href":"https:\/\/www.altominho.tv\/site\/wp-json\/wp\/v2\/tags?post=53846"}],"curies":[{"name":"wp","href":"https:\/\/api.w.org\/{rel}","templated":true}]}}