{"id":53837,"date":"2020-10-15T09:59:02","date_gmt":"2020-10-15T08:59:02","guid":{"rendered":"https:\/\/www.altominho.tv\/site\/?p=53837"},"modified":"2020-10-15T10:00:26","modified_gmt":"2020-10-15T09:00:26","slug":"funeral-de-bispo-emerito-de-viana-do-castelo-realiza-se-na-sexta-feira","status":"publish","type":"post","link":"https:\/\/www.altominho.tv\/site\/2020\/10\/15\/funeral-de-bispo-emerito-de-viana-do-castelo-realiza-se-na-sexta-feira\/","title":{"rendered":"Funeral de bispo em\u00e9rito de Viana do Castelo realiza-se na sexta-feira"},"content":{"rendered":"<p>O funeral do bispo em\u00e9rito de Viana do Castelo, Jos\u00e9 Pedreira, que morreu esta quarta-feira aos 85 anos, v\u00edtima de doen\u00e7a prolongada, realiza-se na sexta-feira, no cemit\u00e9rio municipal da cidade, depois da cerim\u00f3nia f\u00fanebre na S\u00e9 Catedral.<\/p>\n<p>Em comunicado, a diocese de Viana do Castelo informou que &#8220;as ex\u00e9quias ter\u00e3o lugar na sexta-feira, \u00e0s 15h00, na S\u00e9 Catedral da cidade, sendo que o corpo ir\u00e1, posteriormente, a sepultar no cemit\u00e9rio municipal&#8221; da capital do Alto Minho.<\/p>\n<p>&#8220;Num momento em que ainda recordamos de forma viva a partida repentina de D. Anacleto Oliveira, a diocese de Viana do Castelo comunica o falecimento do seu bispo em\u00e9rito D. Jos\u00e9 Augusto Martins Fernandes Pedreira, v\u00edtima de doen\u00e7a prolongada, ao final da manh\u00e3&#8221; refere a nota.<\/p>\n<p>Jos\u00e9 Pedreira, bispo da diocese de Viana do Castelo entre 1997 e 2010, <a href=\"https:\/\/www.altominho.tv\/site\/2020\/10\/14\/morreu-bispo-emerito-de-viana-do-castelo\/\">morreu esta quarta-feira de manh\u00e3<\/a> no hospital de Braga onde se encontrava internado.<\/p>\n<p>D. Jos\u00e9 Augusto Martins Fernandes Pedreira nasceu na freguesia de Gondomil, no concelho de Valen\u00e7a, no dia 10 de abril de 1935. Foi ordenado sacerdote a 12 de julho de 1959. Em 1982 foi nomeado bispo-auxiliar do Porto, com o t\u00edtulo de bispo-titular de Elvas.<\/p>\n<p>A ordena\u00e7\u00e3o episcopal decorreu a 19 de mar\u00e7o de 1983, tendo como principal consagrante Armindo Lopes Coelho, na altura recentemente nomeado bispo de Viana do Castelo, e como consagrantes, Eurico Dias Nogueira, arcebispo de Braga e J\u00falio Tavares Rebimbas, arcebispo do Porto.<\/p>\n<p>Foi ainda formador no Semin\u00e1rio Maior de Braga, diretor e professor do Col\u00e9gio do Minho, em Viana do Castelo, e professor da Escola do Magist\u00e9rio Prim\u00e1rio, da Escola de Educadoras de Inf\u00e2ncia e da Escola de Enfermagem de Viana do Castelo (1975-1979).<br \/>\nEntre 1978 e 1983, foi chanceler secret\u00e1rio da C\u00faria Diocesana e, em 1982, Promotor de Justi\u00e7a do Tribunal Eclesi\u00e1stico.<\/p>\n<p>A 29 de Outubro de 1997 foi nomeado bispo de Viana do Castelo, cargo onde se manteve at\u00e9 ao seu pedido de resigna\u00e7\u00e3o e consequente nomea\u00e7\u00e3o de Anacleto Oliveira, que morreu em setembro, aos 74 anos, na sequ\u00eancia do despiste do autom\u00f3vel que conduzia na Autoestrada do Sul perto de Almod\u00f4var, no distrito de Beja.<\/p>\n","protected":false},"excerpt":{"rendered":"<p>O funeral do bispo em\u00e9rito de Viana do Castelo, Jos\u00e9 Pedreira, que morreu esta quarta-feira aos 85 anos, v\u00edtima de doen\u00e7a prolongada, realiza-se na sexta-feira, no cemit\u00e9rio municipal da cidade, depois da cerim\u00f3nia f\u00fanebre na S\u00e9 Catedral. Em comunicado, a diocese de Viana do Castelo informou que &#8220;as ex\u00e9quias ter\u00e3o lugar na sexta-feira, \u00e0s 15h00, [&hellip;]<\/p>\n","protected":false},"author":15,"featured_media":53838,"comment_status":"closed","ping_status":"closed","sticky":false,"template":"","format":"standard","meta":{"_exactmetrics_skip_tracking":false,"_exactmetrics_sitenote_active":false,"_exactmetrics_sitenote_note":"","_exactmetrics_sitenote_category":0,"footnotes":""},"categories":[73],"tags":[27],"class_list":["post-53837","post","type-post","status-publish","format-standard","has-post-thumbnail","hentry","category-alto-minho","tag-sociedade"],"yoast_head":"<!-- This site is optimized with the Yoast SEO Premium plugin v27.4 (Yoast SEO v27.4) - https:\/\/yoast.com\/product\/yoast-seo-premium-wordpress\/ -->\n<title>Funeral de bispo em\u00e9rito de Viana do Castelo realiza-se na sexta-feira<\/title>\n<meta name=\"robots\" content=\"index, follow, max-snippet:-1, max-image-preview:large, max-video-preview:-1\" \/>\n<link rel=\"canonical\" href=\"https:\/\/www.altominho.tv\/site\/2020\/10\/15\/funeral-de-bispo-emerito-de-viana-do-castelo-realiza-se-na-sexta-feira\/\" \/>\n<meta property=\"og:locale\" content=\"pt_PT\" \/>\n<meta property=\"og:type\" content=\"article\" \/>\n<meta property=\"og:title\" content=\"Funeral de bispo em\u00e9rito de Viana do Castelo realiza-se na sexta-feira\" \/>\n<meta property=\"og:description\" content=\"O funeral do bispo em\u00e9rito de Viana do Castelo, Jos\u00e9 Pedreira, que morreu esta quarta-feira aos 85 anos, v\u00edtima de doen\u00e7a prolongada, realiza-se na sexta-feira, no cemit\u00e9rio municipal da cidade, depois da cerim\u00f3nia f\u00fanebre na S\u00e9 Catedral. Em comunicado, a diocese de Viana do Castelo informou que &#8220;as ex\u00e9quias ter\u00e3o lugar na sexta-feira, \u00e0s 15h00, [&hellip;]\" \/>\n<meta property=\"og:url\" content=\"https:\/\/www.altominho.tv\/site\/2020\/10\/15\/funeral-de-bispo-emerito-de-viana-do-castelo-realiza-se-na-sexta-feira\/\" \/>\n<meta property=\"og:site_name\" content=\"Altominho.tv\" \/>\n<meta property=\"article:publisher\" content=\"https:\/\/www.facebook.com\/altominhotv\" \/>\n<meta property=\"article:published_time\" content=\"2020-10-15T08:59:02+00:00\" \/>\n<meta property=\"article:modified_time\" content=\"2020-10-15T09:00:26+00:00\" \/>\n<meta property=\"og:image\" content=\"https:\/\/www.altominho.tv\/site\/wp-content\/uploads\/2020\/10\/1024.jpeg\" \/>\n\t<meta property=\"og:image:width\" content=\"1024\" \/>\n\t<meta property=\"og:image:height\" content=\"682\" \/>\n\t<meta property=\"og:image:type\" content=\"image\/jpeg\" \/>\n<meta name=\"author\" content=\"Andreia Ferreira | Lusa\" \/>\n<meta name=\"twitter:card\" content=\"summary_large_image\" \/>\n<meta name=\"twitter:creator\" content=\"@altominhoTV\" \/>\n<meta name=\"twitter:site\" content=\"@altominhoTV\" \/>\n<meta name=\"twitter:label1\" content=\"Escrito por\" \/>\n\t<meta name=\"twitter:data1\" content=\"Andreia Ferreira | Lusa\" \/>\n\t<meta name=\"twitter:label2\" content=\"Tempo estimado de leitura\" \/>\n\t<meta name=\"twitter:data2\" content=\"2 minutos\" \/>\n<script type=\"application\/ld+json\" class=\"yoast-schema-graph\">{\"@context\":\"https:\\\/\\\/schema.org\",\"@graph\":[{\"@type\":\"Article\",\"@id\":\"https:\\\/\\\/www.altominho.tv\\\/site\\\/2020\\\/10\\\/15\\\/funeral-de-bispo-emerito-de-viana-do-castelo-realiza-se-na-sexta-feira\\\/#article\",\"isPartOf\":{\"@id\":\"https:\\\/\\\/www.altominho.tv\\\/site\\\/2020\\\/10\\\/15\\\/funeral-de-bispo-emerito-de-viana-do-castelo-realiza-se-na-sexta-feira\\\/\"},\"author\":{\"name\":\"Andreia Ferreira | Lusa\",\"@id\":\"https:\\\/\\\/www.altominho.tv\\\/site\\\/#\\\/schema\\\/person\\\/a0bff6dc1041aadd46fa81887444b017\"},\"headline\":\"Funeral de bispo em\u00e9rito de Viana do Castelo realiza-se na sexta-feira\",\"datePublished\":\"2020-10-15T08:59:02+00:00\",\"dateModified\":\"2020-10-15T09:00:26+00:00\",\"mainEntityOfPage\":{\"@id\":\"https:\\\/\\\/www.altominho.tv\\\/site\\\/2020\\\/10\\\/15\\\/funeral-de-bispo-emerito-de-viana-do-castelo-realiza-se-na-sexta-feira\\\/\"},\"wordCount\":378,\"image\":{\"@id\":\"https:\\\/\\\/www.altominho.tv\\\/site\\\/2020\\\/10\\\/15\\\/funeral-de-bispo-emerito-de-viana-do-castelo-realiza-se-na-sexta-feira\\\/#primaryimage\"},\"thumbnailUrl\":\"https:\\\/\\\/www.altominho.tv\\\/site\\\/wp-content\\\/uploads\\\/2020\\\/10\\\/1024.jpeg\",\"keywords\":[\"Sociedade\"],\"articleSection\":[\"Alto Minho\"],\"inLanguage\":\"pt-PT\",\"copyrightYear\":\"2020\",\"copyrightHolder\":{\"@id\":\"https:\\\/\\\/www.altominho.tv\\\/site\\\/#organization\"}},{\"@type\":\"WebPage\",\"@id\":\"https:\\\/\\\/www.altominho.tv\\\/site\\\/2020\\\/10\\\/15\\\/funeral-de-bispo-emerito-de-viana-do-castelo-realiza-se-na-sexta-feira\\\/\",\"url\":\"https:\\\/\\\/www.altominho.tv\\\/site\\\/2020\\\/10\\\/15\\\/funeral-de-bispo-emerito-de-viana-do-castelo-realiza-se-na-sexta-feira\\\/\",\"name\":\"Funeral de bispo em\u00e9rito de Viana do Castelo realiza-se na sexta-feira\",\"isPartOf\":{\"@id\":\"https:\\\/\\\/www.altominho.tv\\\/site\\\/#website\"},\"primaryImageOfPage\":{\"@id\":\"https:\\\/\\\/www.altominho.tv\\\/site\\\/2020\\\/10\\\/15\\\/funeral-de-bispo-emerito-de-viana-do-castelo-realiza-se-na-sexta-feira\\\/#primaryimage\"},\"image\":{\"@id\":\"https:\\\/\\\/www.altominho.tv\\\/site\\\/2020\\\/10\\\/15\\\/funeral-de-bispo-emerito-de-viana-do-castelo-realiza-se-na-sexta-feira\\\/#primaryimage\"},\"thumbnailUrl\":\"https:\\\/\\\/www.altominho.tv\\\/site\\\/wp-content\\\/uploads\\\/2020\\\/10\\\/1024.jpeg\",\"datePublished\":\"2020-10-15T08:59:02+00:00\",\"dateModified\":\"2020-10-15T09:00:26+00:00\",\"author\":{\"@id\":\"https:\\\/\\\/www.altominho.tv\\\/site\\\/#\\\/schema\\\/person\\\/a0bff6dc1041aadd46fa81887444b017\"},\"breadcrumb\":{\"@id\":\"https:\\\/\\\/www.altominho.tv\\\/site\\\/2020\\\/10\\\/15\\\/funeral-de-bispo-emerito-de-viana-do-castelo-realiza-se-na-sexta-feira\\\/#breadcrumb\"},\"inLanguage\":\"pt-PT\",\"potentialAction\":[{\"@type\":\"ReadAction\",\"target\":[\"https:\\\/\\\/www.altominho.tv\\\/site\\\/2020\\\/10\\\/15\\\/funeral-de-bispo-emerito-de-viana-do-castelo-realiza-se-na-sexta-feira\\\/\"]}]},{\"@type\":\"ImageObject\",\"inLanguage\":\"pt-PT\",\"@id\":\"https:\\\/\\\/www.altominho.tv\\\/site\\\/2020\\\/10\\\/15\\\/funeral-de-bispo-emerito-de-viana-do-castelo-realiza-se-na-sexta-feira\\\/#primaryimage\",\"url\":\"https:\\\/\\\/www.altominho.tv\\\/site\\\/wp-content\\\/uploads\\\/2020\\\/10\\\/1024.jpeg\",\"contentUrl\":\"https:\\\/\\\/www.altominho.tv\\\/site\\\/wp-content\\\/uploads\\\/2020\\\/10\\\/1024.jpeg\",\"width\":1024,\"height\":682},{\"@type\":\"BreadcrumbList\",\"@id\":\"https:\\\/\\\/www.altominho.tv\\\/site\\\/2020\\\/10\\\/15\\\/funeral-de-bispo-emerito-de-viana-do-castelo-realiza-se-na-sexta-feira\\\/#breadcrumb\",\"itemListElement\":[{\"@type\":\"ListItem\",\"position\":1,\"name\":\"In\u00edcio\",\"item\":\"https:\\\/\\\/www.altominho.tv\\\/site\\\/\"},{\"@type\":\"ListItem\",\"position\":2,\"name\":\"Funeral de bispo em\u00e9rito de Viana do Castelo realiza-se na sexta-feira\"}]},{\"@type\":\"WebSite\",\"@id\":\"https:\\\/\\\/www.altominho.tv\\\/site\\\/#website\",\"url\":\"https:\\\/\\\/www.altominho.tv\\\/site\\\/\",\"name\":\"Altominho.tv\",\"description\":\"A sua regi\u00e3o \u00e0 dist\u00e2ncia de um clique...\",\"potentialAction\":[{\"@type\":\"SearchAction\",\"target\":{\"@type\":\"EntryPoint\",\"urlTemplate\":\"https:\\\/\\\/www.altominho.tv\\\/site\\\/?s={search_term_string}\"},\"query-input\":{\"@type\":\"PropertyValueSpecification\",\"valueRequired\":true,\"valueName\":\"search_term_string\"}}],\"inLanguage\":\"pt-PT\"},{\"@type\":\"Person\",\"@id\":\"https:\\\/\\\/www.altominho.tv\\\/site\\\/#\\\/schema\\\/person\\\/a0bff6dc1041aadd46fa81887444b017\",\"name\":\"Andreia Ferreira | Lusa\",\"image\":{\"@type\":\"ImageObject\",\"inLanguage\":\"pt-PT\",\"@id\":\"https:\\\/\\\/www.altominho.tv\\\/site\\\/wp-content\\\/uploads\\\/2018\\\/04\\\/Andreia-150x150.jpg\",\"url\":\"https:\\\/\\\/www.altominho.tv\\\/site\\\/wp-content\\\/uploads\\\/2018\\\/04\\\/Andreia-150x150.jpg\",\"contentUrl\":\"https:\\\/\\\/www.altominho.tv\\\/site\\\/wp-content\\\/uploads\\\/2018\\\/04\\\/Andreia-150x150.jpg\",\"caption\":\"Andreia Ferreira | Lusa\"},\"sameAs\":[\"https:\\\/\\\/www.altominho.tv\\\/site\"],\"url\":\"https:\\\/\\\/www.altominho.tv\\\/site\\\/author\\\/andreiaferreiralusa\\\/\"}]}<\/script>\n<!-- \/ Yoast SEO Premium plugin. -->","yoast_head_json":{"title":"Funeral de bispo em\u00e9rito de Viana do Castelo realiza-se na sexta-feira","robots":{"index":"index","follow":"follow","max-snippet":"max-snippet:-1","max-image-preview":"max-image-preview:large","max-video-preview":"max-video-preview:-1"},"canonical":"https:\/\/www.altominho.tv\/site\/2020\/10\/15\/funeral-de-bispo-emerito-de-viana-do-castelo-realiza-se-na-sexta-feira\/","og_locale":"pt_PT","og_type":"article","og_title":"Funeral de bispo em\u00e9rito de Viana do Castelo realiza-se na sexta-feira","og_description":"O funeral do bispo em\u00e9rito de Viana do Castelo, Jos\u00e9 Pedreira, que morreu esta quarta-feira aos 85 anos, v\u00edtima de doen\u00e7a prolongada, realiza-se na sexta-feira, no cemit\u00e9rio municipal da cidade, depois da cerim\u00f3nia f\u00fanebre na S\u00e9 Catedral. Em comunicado, a diocese de Viana do Castelo informou que &#8220;as ex\u00e9quias ter\u00e3o lugar na sexta-feira, \u00e0s 15h00, [&hellip;]","og_url":"https:\/\/www.altominho.tv\/site\/2020\/10\/15\/funeral-de-bispo-emerito-de-viana-do-castelo-realiza-se-na-sexta-feira\/","og_site_name":"Altominho.tv","article_publisher":"https:\/\/www.facebook.com\/altominhotv","article_published_time":"2020-10-15T08:59:02+00:00","article_modified_time":"2020-10-15T09:00:26+00:00","og_image":[{"width":1024,"height":682,"url":"https:\/\/www.altominho.tv\/site\/wp-content\/uploads\/2020\/10\/1024.jpeg","type":"image\/jpeg"}],"author":"Andreia Ferreira | Lusa","twitter_card":"summary_large_image","twitter_creator":"@altominhoTV","twitter_site":"@altominhoTV","twitter_misc":{"Escrito por":"Andreia Ferreira | Lusa","Tempo estimado de leitura":"2 minutos"},"schema":{"@context":"https:\/\/schema.org","@graph":[{"@type":"Article","@id":"https:\/\/www.altominho.tv\/site\/2020\/10\/15\/funeral-de-bispo-emerito-de-viana-do-castelo-realiza-se-na-sexta-feira\/#article","isPartOf":{"@id":"https:\/\/www.altominho.tv\/site\/2020\/10\/15\/funeral-de-bispo-emerito-de-viana-do-castelo-realiza-se-na-sexta-feira\/"},"author":{"name":"Andreia Ferreira | Lusa","@id":"https:\/\/www.altominho.tv\/site\/#\/schema\/person\/a0bff6dc1041aadd46fa81887444b017"},"headline":"Funeral de bispo em\u00e9rito de Viana do Castelo realiza-se na sexta-feira","datePublished":"2020-10-15T08:59:02+00:00","dateModified":"2020-10-15T09:00:26+00:00","mainEntityOfPage":{"@id":"https:\/\/www.altominho.tv\/site\/2020\/10\/15\/funeral-de-bispo-emerito-de-viana-do-castelo-realiza-se-na-sexta-feira\/"},"wordCount":378,"image":{"@id":"https:\/\/www.altominho.tv\/site\/2020\/10\/15\/funeral-de-bispo-emerito-de-viana-do-castelo-realiza-se-na-sexta-feira\/#primaryimage"},"thumbnailUrl":"https:\/\/www.altominho.tv\/site\/wp-content\/uploads\/2020\/10\/1024.jpeg","keywords":["Sociedade"],"articleSection":["Alto Minho"],"inLanguage":"pt-PT","copyrightYear":"2020","copyrightHolder":{"@id":"https:\/\/www.altominho.tv\/site\/#organization"}},{"@type":"WebPage","@id":"https:\/\/www.altominho.tv\/site\/2020\/10\/15\/funeral-de-bispo-emerito-de-viana-do-castelo-realiza-se-na-sexta-feira\/","url":"https:\/\/www.altominho.tv\/site\/2020\/10\/15\/funeral-de-bispo-emerito-de-viana-do-castelo-realiza-se-na-sexta-feira\/","name":"Funeral de bispo em\u00e9rito de Viana do Castelo realiza-se na sexta-feira","isPartOf":{"@id":"https:\/\/www.altominho.tv\/site\/#website"},"primaryImageOfPage":{"@id":"https:\/\/www.altominho.tv\/site\/2020\/10\/15\/funeral-de-bispo-emerito-de-viana-do-castelo-realiza-se-na-sexta-feira\/#primaryimage"},"image":{"@id":"https:\/\/www.altominho.tv\/site\/2020\/10\/15\/funeral-de-bispo-emerito-de-viana-do-castelo-realiza-se-na-sexta-feira\/#primaryimage"},"thumbnailUrl":"https:\/\/www.altominho.tv\/site\/wp-content\/uploads\/2020\/10\/1024.jpeg","datePublished":"2020-10-15T08:59:02+00:00","dateModified":"2020-10-15T09:00:26+00:00","author":{"@id":"https:\/\/www.altominho.tv\/site\/#\/schema\/person\/a0bff6dc1041aadd46fa81887444b017"},"breadcrumb":{"@id":"https:\/\/www.altominho.tv\/site\/2020\/10\/15\/funeral-de-bispo-emerito-de-viana-do-castelo-realiza-se-na-sexta-feira\/#breadcrumb"},"inLanguage":"pt-PT","potentialAction":[{"@type":"ReadAction","target":["https:\/\/www.altominho.tv\/site\/2020\/10\/15\/funeral-de-bispo-emerito-de-viana-do-castelo-realiza-se-na-sexta-feira\/"]}]},{"@type":"ImageObject","inLanguage":"pt-PT","@id":"https:\/\/www.altominho.tv\/site\/2020\/10\/15\/funeral-de-bispo-emerito-de-viana-do-castelo-realiza-se-na-sexta-feira\/#primaryimage","url":"https:\/\/www.altominho.tv\/site\/wp-content\/uploads\/2020\/10\/1024.jpeg","contentUrl":"https:\/\/www.altominho.tv\/site\/wp-content\/uploads\/2020\/10\/1024.jpeg","width":1024,"height":682},{"@type":"BreadcrumbList","@id":"https:\/\/www.altominho.tv\/site\/2020\/10\/15\/funeral-de-bispo-emerito-de-viana-do-castelo-realiza-se-na-sexta-feira\/#breadcrumb","itemListElement":[{"@type":"ListItem","position":1,"name":"In\u00edcio","item":"https:\/\/www.altominho.tv\/site\/"},{"@type":"ListItem","position":2,"name":"Funeral de bispo em\u00e9rito de Viana do Castelo realiza-se na sexta-feira"}]},{"@type":"WebSite","@id":"https:\/\/www.altominho.tv\/site\/#website","url":"https:\/\/www.altominho.tv\/site\/","name":"Altominho.tv","description":"A sua regi\u00e3o \u00e0 dist\u00e2ncia de um clique...","potentialAction":[{"@type":"SearchAction","target":{"@type":"EntryPoint","urlTemplate":"https:\/\/www.altominho.tv\/site\/?s={search_term_string}"},"query-input":{"@type":"PropertyValueSpecification","valueRequired":true,"valueName":"search_term_string"}}],"inLanguage":"pt-PT"},{"@type":"Person","@id":"https:\/\/www.altominho.tv\/site\/#\/schema\/person\/a0bff6dc1041aadd46fa81887444b017","name":"Andreia Ferreira | Lusa","image":{"@type":"ImageObject","inLanguage":"pt-PT","@id":"https:\/\/www.altominho.tv\/site\/wp-content\/uploads\/2018\/04\/Andreia-150x150.jpg","url":"https:\/\/www.altominho.tv\/site\/wp-content\/uploads\/2018\/04\/Andreia-150x150.jpg","contentUrl":"https:\/\/www.altominho.tv\/site\/wp-content\/uploads\/2018\/04\/Andreia-150x150.jpg","caption":"Andreia Ferreira | Lusa"},"sameAs":["https:\/\/www.altominho.tv\/site"],"url":"https:\/\/www.altominho.tv\/site\/author\/andreiaferreiralusa\/"}]}},"_links":{"self":[{"href":"https:\/\/www.altominho.tv\/site\/wp-json\/wp\/v2\/posts\/53837","targetHints":{"allow":["GET"]}}],"collection":[{"href":"https:\/\/www.altominho.tv\/site\/wp-json\/wp\/v2\/posts"}],"about":[{"href":"https:\/\/www.altominho.tv\/site\/wp-json\/wp\/v2\/types\/post"}],"author":[{"embeddable":true,"href":"https:\/\/www.altominho.tv\/site\/wp-json\/wp\/v2\/users\/15"}],"replies":[{"embeddable":true,"href":"https:\/\/www.altominho.tv\/site\/wp-json\/wp\/v2\/comments?post=53837"}],"version-history":[{"count":0,"href":"https:\/\/www.altominho.tv\/site\/wp-json\/wp\/v2\/posts\/53837\/revisions"}],"wp:featuredmedia":[{"embeddable":true,"href":"https:\/\/www.altominho.tv\/site\/wp-json\/wp\/v2\/media\/53838"}],"wp:attachment":[{"href":"https:\/\/www.altominho.tv\/site\/wp-json\/wp\/v2\/media?parent=53837"}],"wp:term":[{"taxonomy":"category","embeddable":true,"href":"https:\/\/www.altominho.tv\/site\/wp-json\/wp\/v2\/categories?post=53837"},{"taxonomy":"post_tag","embeddable":true,"href":"https:\/\/www.altominho.tv\/site\/wp-json\/wp\/v2\/tags?post=53837"}],"curies":[{"name":"wp","href":"https:\/\/api.w.org\/{rel}","templated":true}]}}