{"id":53698,"date":"2020-10-13T17:01:29","date_gmt":"2020-10-13T16:01:29","guid":{"rendered":"https:\/\/www.altominho.tv\/site\/?p=53698"},"modified":"2020-10-13T17:01:32","modified_gmt":"2020-10-13T16:01:32","slug":"dia-mundial-da-alimentacao-assinalado-nas-escolas-de-moncao","status":"publish","type":"post","link":"https:\/\/www.altominho.tv\/site\/2020\/10\/13\/dia-mundial-da-alimentacao-assinalado-nas-escolas-de-moncao\/","title":{"rendered":"Dia Mundial da Alimenta\u00e7\u00e3o assinalado nas escolas de Mon\u00e7\u00e3o"},"content":{"rendered":"<p>Mon\u00e7\u00e3o vai assinalar o Dia Mundial da Alimenta\u00e7\u00e3o, a 16 de outubro, com a exibi\u00e7\u00e3o de um v\u00eddeo pedag\u00f3gico sobre a Roda de Alimentos nos jardins de inf\u00e2ncia e escolas do primeiro ciclo do ensino b\u00e1sico do concelho.<\/p>\n<p>A atividade, que conta com a colabora\u00e7\u00e3o da nutricionista da Unidade Local de Sa\u00fade do Alto Minho, Liliana Fernandes, integra as iniciativas promovidas pelo munic\u00edpio para assinalar esta data.<\/p>\n<p>De acordo com a autarquia, ao longo desta semana, est\u00e3o ainda a ser divulgados, na p\u00e1gina oficial do Facebook do munic\u00edpio, cinco v\u00eddeos do Programa de Alimenta\u00e7\u00e3o Saud\u00e1vel em Sa\u00fade Escolar (PASSE). O objetivo \u00e9 alertar para a import\u00e2ncia de uma alimenta\u00e7\u00e3o equilibrada e sadia.<\/p>\n<p>A celebra\u00e7\u00e3o do Dia Mundial da Alimenta\u00e7\u00e3o, no dia 16 de outubro, foi estabelecida, em novembro de 1979, pelos pa\u00edses membros da Organiza\u00e7\u00e3o das Na\u00e7\u00f5es Unidas, por ocasi\u00e3o da celebra\u00e7\u00e3o da 20\u00aa Confer\u00eancia da Alimenta\u00e7\u00e3o e Agricultura.<\/p>\n","protected":false},"excerpt":{"rendered":"<p>Mon\u00e7\u00e3o vai assinalar o Dia Mundial da Alimenta\u00e7\u00e3o, a 16 de outubro, com a exibi\u00e7\u00e3o de um v\u00eddeo pedag\u00f3gico sobre a Roda de Alimentos nos jardins de inf\u00e2ncia e escolas do primeiro ciclo do ensino b\u00e1sico do concelho. A atividade, que conta com a colabora\u00e7\u00e3o da nutricionista da Unidade Local de Sa\u00fade do Alto Minho, [&hellip;]<\/p>\n","protected":false},"author":12,"featured_media":53699,"comment_status":"closed","ping_status":"closed","sticky":false,"template":"","format":"standard","meta":{"_exactmetrics_skip_tracking":false,"_exactmetrics_sitenote_active":false,"_exactmetrics_sitenote_note":"","_exactmetrics_sitenote_category":0,"footnotes":""},"categories":[9],"tags":[22],"class_list":["post-53698","post","type-post","status-publish","format-standard","has-post-thumbnail","hentry","category-moncao","tag-educacao"],"yoast_head":"<!-- This site is optimized with the Yoast SEO Premium plugin v27.5 (Yoast SEO v27.5) - https:\/\/yoast.com\/product\/yoast-seo-premium-wordpress\/ -->\n<title>Dia Mundial da Alimenta\u00e7\u00e3o assinalado nas escolas de Mon\u00e7\u00e3o<\/title>\n<meta name=\"robots\" content=\"index, follow, max-snippet:-1, max-image-preview:large, max-video-preview:-1\" \/>\n<link rel=\"canonical\" href=\"https:\/\/www.altominho.tv\/site\/2020\/10\/13\/dia-mundial-da-alimentacao-assinalado-nas-escolas-de-moncao\/\" \/>\n<meta property=\"og:locale\" content=\"pt_PT\" \/>\n<meta property=\"og:type\" content=\"article\" \/>\n<meta property=\"og:title\" content=\"Dia Mundial da Alimenta\u00e7\u00e3o assinalado nas escolas de Mon\u00e7\u00e3o\" \/>\n<meta property=\"og:description\" content=\"Mon\u00e7\u00e3o vai assinalar o Dia Mundial da Alimenta\u00e7\u00e3o, a 16 de outubro, com a exibi\u00e7\u00e3o de um v\u00eddeo pedag\u00f3gico sobre a Roda de Alimentos nos jardins de inf\u00e2ncia e escolas do primeiro ciclo do ensino b\u00e1sico do concelho. A atividade, que conta com a colabora\u00e7\u00e3o da nutricionista da Unidade Local de Sa\u00fade do Alto Minho, [&hellip;]\" \/>\n<meta property=\"og:url\" content=\"https:\/\/www.altominho.tv\/site\/2020\/10\/13\/dia-mundial-da-alimentacao-assinalado-nas-escolas-de-moncao\/\" \/>\n<meta property=\"og:site_name\" content=\"Altominho.tv\" \/>\n<meta property=\"article:publisher\" content=\"https:\/\/www.facebook.com\/altominhotv\" \/>\n<meta property=\"article:published_time\" content=\"2020-10-13T16:01:29+00:00\" \/>\n<meta property=\"article:modified_time\" content=\"2020-10-13T16:01:32+00:00\" \/>\n<meta property=\"og:image\" content=\"https:\/\/www.altominho.tv\/site\/wp-content\/uploads\/2020\/10\/Captura-de-ecra\u0303-2020-10-13-a\u0300s-16.44.15.png\" \/>\n\t<meta property=\"og:image:width\" content=\"1267\" \/>\n\t<meta property=\"og:image:height\" content=\"670\" \/>\n\t<meta property=\"og:image:type\" content=\"image\/png\" \/>\n<meta name=\"author\" content=\"Andreia Ferreira\" \/>\n<meta name=\"twitter:card\" content=\"summary_large_image\" \/>\n<meta name=\"twitter:creator\" content=\"@altominhoTV\" \/>\n<meta name=\"twitter:site\" content=\"@altominhoTV\" \/>\n<meta name=\"twitter:label1\" content=\"Escrito por\" \/>\n\t<meta name=\"twitter:data1\" content=\"Andreia Ferreira\" \/>\n\t<meta name=\"twitter:label2\" content=\"Tempo estimado de leitura\" \/>\n\t<meta name=\"twitter:data2\" content=\"1 minuto\" \/>\n<script type=\"application\/ld+json\" class=\"yoast-schema-graph\">{\"@context\":\"https:\\\/\\\/schema.org\",\"@graph\":[{\"@type\":\"Article\",\"@id\":\"https:\\\/\\\/www.altominho.tv\\\/site\\\/2020\\\/10\\\/13\\\/dia-mundial-da-alimentacao-assinalado-nas-escolas-de-moncao\\\/#article\",\"isPartOf\":{\"@id\":\"https:\\\/\\\/www.altominho.tv\\\/site\\\/2020\\\/10\\\/13\\\/dia-mundial-da-alimentacao-assinalado-nas-escolas-de-moncao\\\/\"},\"author\":{\"name\":\"Andreia Ferreira\",\"@id\":\"https:\\\/\\\/www.altominho.tv\\\/site\\\/#\\\/schema\\\/person\\\/d9be4265364723f14ea8e0d56a1d38cd\"},\"headline\":\"Dia Mundial da Alimenta\u00e7\u00e3o assinalado nas escolas de Mon\u00e7\u00e3o\",\"datePublished\":\"2020-10-13T16:01:29+00:00\",\"dateModified\":\"2020-10-13T16:01:32+00:00\",\"mainEntityOfPage\":{\"@id\":\"https:\\\/\\\/www.altominho.tv\\\/site\\\/2020\\\/10\\\/13\\\/dia-mundial-da-alimentacao-assinalado-nas-escolas-de-moncao\\\/\"},\"wordCount\":183,\"image\":{\"@id\":\"https:\\\/\\\/www.altominho.tv\\\/site\\\/2020\\\/10\\\/13\\\/dia-mundial-da-alimentacao-assinalado-nas-escolas-de-moncao\\\/#primaryimage\"},\"thumbnailUrl\":\"https:\\\/\\\/www.altominho.tv\\\/site\\\/wp-content\\\/uploads\\\/2020\\\/10\\\/Captura-de-ecra\u0303-2020-10-13-a\u0300s-16.44.15.png\",\"keywords\":[\"Educa\u00e7\u00e3o\"],\"articleSection\":[\"Mon\u00e7\u00e3o\"],\"inLanguage\":\"pt-PT\",\"copyrightYear\":\"2020\",\"copyrightHolder\":{\"@id\":\"https:\\\/\\\/www.altominho.tv\\\/site\\\/#organization\"}},{\"@type\":\"WebPage\",\"@id\":\"https:\\\/\\\/www.altominho.tv\\\/site\\\/2020\\\/10\\\/13\\\/dia-mundial-da-alimentacao-assinalado-nas-escolas-de-moncao\\\/\",\"url\":\"https:\\\/\\\/www.altominho.tv\\\/site\\\/2020\\\/10\\\/13\\\/dia-mundial-da-alimentacao-assinalado-nas-escolas-de-moncao\\\/\",\"name\":\"Dia Mundial da Alimenta\u00e7\u00e3o assinalado nas escolas de Mon\u00e7\u00e3o\",\"isPartOf\":{\"@id\":\"https:\\\/\\\/www.altominho.tv\\\/site\\\/#website\"},\"primaryImageOfPage\":{\"@id\":\"https:\\\/\\\/www.altominho.tv\\\/site\\\/2020\\\/10\\\/13\\\/dia-mundial-da-alimentacao-assinalado-nas-escolas-de-moncao\\\/#primaryimage\"},\"image\":{\"@id\":\"https:\\\/\\\/www.altominho.tv\\\/site\\\/2020\\\/10\\\/13\\\/dia-mundial-da-alimentacao-assinalado-nas-escolas-de-moncao\\\/#primaryimage\"},\"thumbnailUrl\":\"https:\\\/\\\/www.altominho.tv\\\/site\\\/wp-content\\\/uploads\\\/2020\\\/10\\\/Captura-de-ecra\u0303-2020-10-13-a\u0300s-16.44.15.png\",\"datePublished\":\"2020-10-13T16:01:29+00:00\",\"dateModified\":\"2020-10-13T16:01:32+00:00\",\"author\":{\"@id\":\"https:\\\/\\\/www.altominho.tv\\\/site\\\/#\\\/schema\\\/person\\\/d9be4265364723f14ea8e0d56a1d38cd\"},\"breadcrumb\":{\"@id\":\"https:\\\/\\\/www.altominho.tv\\\/site\\\/2020\\\/10\\\/13\\\/dia-mundial-da-alimentacao-assinalado-nas-escolas-de-moncao\\\/#breadcrumb\"},\"inLanguage\":\"pt-PT\",\"potentialAction\":[{\"@type\":\"ReadAction\",\"target\":[\"https:\\\/\\\/www.altominho.tv\\\/site\\\/2020\\\/10\\\/13\\\/dia-mundial-da-alimentacao-assinalado-nas-escolas-de-moncao\\\/\"]}]},{\"@type\":\"ImageObject\",\"inLanguage\":\"pt-PT\",\"@id\":\"https:\\\/\\\/www.altominho.tv\\\/site\\\/2020\\\/10\\\/13\\\/dia-mundial-da-alimentacao-assinalado-nas-escolas-de-moncao\\\/#primaryimage\",\"url\":\"https:\\\/\\\/www.altominho.tv\\\/site\\\/wp-content\\\/uploads\\\/2020\\\/10\\\/Captura-de-ecra\u0303-2020-10-13-a\u0300s-16.44.15.png\",\"contentUrl\":\"https:\\\/\\\/www.altominho.tv\\\/site\\\/wp-content\\\/uploads\\\/2020\\\/10\\\/Captura-de-ecra\u0303-2020-10-13-a\u0300s-16.44.15.png\",\"width\":1267,\"height\":670},{\"@type\":\"BreadcrumbList\",\"@id\":\"https:\\\/\\\/www.altominho.tv\\\/site\\\/2020\\\/10\\\/13\\\/dia-mundial-da-alimentacao-assinalado-nas-escolas-de-moncao\\\/#breadcrumb\",\"itemListElement\":[{\"@type\":\"ListItem\",\"position\":1,\"name\":\"In\u00edcio\",\"item\":\"https:\\\/\\\/www.altominho.tv\\\/site\\\/\"},{\"@type\":\"ListItem\",\"position\":2,\"name\":\"Dia Mundial da Alimenta\u00e7\u00e3o assinalado nas escolas de Mon\u00e7\u00e3o\"}]},{\"@type\":\"WebSite\",\"@id\":\"https:\\\/\\\/www.altominho.tv\\\/site\\\/#website\",\"url\":\"https:\\\/\\\/www.altominho.tv\\\/site\\\/\",\"name\":\"Altominho.tv\",\"description\":\"A sua regi\u00e3o \u00e0 dist\u00e2ncia de um clique...\",\"potentialAction\":[{\"@type\":\"SearchAction\",\"target\":{\"@type\":\"EntryPoint\",\"urlTemplate\":\"https:\\\/\\\/www.altominho.tv\\\/site\\\/?s={search_term_string}\"},\"query-input\":{\"@type\":\"PropertyValueSpecification\",\"valueRequired\":true,\"valueName\":\"search_term_string\"}}],\"inLanguage\":\"pt-PT\"},{\"@type\":\"Person\",\"@id\":\"https:\\\/\\\/www.altominho.tv\\\/site\\\/#\\\/schema\\\/person\\\/d9be4265364723f14ea8e0d56a1d38cd\",\"name\":\"Andreia Ferreira\",\"image\":{\"@type\":\"ImageObject\",\"inLanguage\":\"pt-PT\",\"@id\":\"https:\\\/\\\/www.altominho.tv\\\/site\\\/wp-content\\\/uploads\\\/2021\\\/01\\\/AndreiaFerreira-150x150.jpg\",\"url\":\"https:\\\/\\\/www.altominho.tv\\\/site\\\/wp-content\\\/uploads\\\/2021\\\/01\\\/AndreiaFerreira-150x150.jpg\",\"contentUrl\":\"https:\\\/\\\/www.altominho.tv\\\/site\\\/wp-content\\\/uploads\\\/2021\\\/01\\\/AndreiaFerreira-150x150.jpg\",\"caption\":\"Andreia Ferreira\"},\"url\":\"https:\\\/\\\/www.altominho.tv\\\/site\\\/author\\\/andreiaferreira\\\/\"}]}<\/script>\n<!-- \/ Yoast SEO Premium plugin. -->","yoast_head_json":{"title":"Dia Mundial da Alimenta\u00e7\u00e3o assinalado nas escolas de Mon\u00e7\u00e3o","robots":{"index":"index","follow":"follow","max-snippet":"max-snippet:-1","max-image-preview":"max-image-preview:large","max-video-preview":"max-video-preview:-1"},"canonical":"https:\/\/www.altominho.tv\/site\/2020\/10\/13\/dia-mundial-da-alimentacao-assinalado-nas-escolas-de-moncao\/","og_locale":"pt_PT","og_type":"article","og_title":"Dia Mundial da Alimenta\u00e7\u00e3o assinalado nas escolas de Mon\u00e7\u00e3o","og_description":"Mon\u00e7\u00e3o vai assinalar o Dia Mundial da Alimenta\u00e7\u00e3o, a 16 de outubro, com a exibi\u00e7\u00e3o de um v\u00eddeo pedag\u00f3gico sobre a Roda de Alimentos nos jardins de inf\u00e2ncia e escolas do primeiro ciclo do ensino b\u00e1sico do concelho. A atividade, que conta com a colabora\u00e7\u00e3o da nutricionista da Unidade Local de Sa\u00fade do Alto Minho, [&hellip;]","og_url":"https:\/\/www.altominho.tv\/site\/2020\/10\/13\/dia-mundial-da-alimentacao-assinalado-nas-escolas-de-moncao\/","og_site_name":"Altominho.tv","article_publisher":"https:\/\/www.facebook.com\/altominhotv","article_published_time":"2020-10-13T16:01:29+00:00","article_modified_time":"2020-10-13T16:01:32+00:00","og_image":[{"width":1267,"height":670,"url":"https:\/\/www.altominho.tv\/site\/wp-content\/uploads\/2020\/10\/Captura-de-ecra\u0303-2020-10-13-a\u0300s-16.44.15.png","type":"image\/png"}],"author":"Andreia Ferreira","twitter_card":"summary_large_image","twitter_creator":"@altominhoTV","twitter_site":"@altominhoTV","twitter_misc":{"Escrito por":"Andreia Ferreira","Tempo estimado de leitura":"1 minuto"},"schema":{"@context":"https:\/\/schema.org","@graph":[{"@type":"Article","@id":"https:\/\/www.altominho.tv\/site\/2020\/10\/13\/dia-mundial-da-alimentacao-assinalado-nas-escolas-de-moncao\/#article","isPartOf":{"@id":"https:\/\/www.altominho.tv\/site\/2020\/10\/13\/dia-mundial-da-alimentacao-assinalado-nas-escolas-de-moncao\/"},"author":{"name":"Andreia Ferreira","@id":"https:\/\/www.altominho.tv\/site\/#\/schema\/person\/d9be4265364723f14ea8e0d56a1d38cd"},"headline":"Dia Mundial da Alimenta\u00e7\u00e3o assinalado nas escolas de Mon\u00e7\u00e3o","datePublished":"2020-10-13T16:01:29+00:00","dateModified":"2020-10-13T16:01:32+00:00","mainEntityOfPage":{"@id":"https:\/\/www.altominho.tv\/site\/2020\/10\/13\/dia-mundial-da-alimentacao-assinalado-nas-escolas-de-moncao\/"},"wordCount":183,"image":{"@id":"https:\/\/www.altominho.tv\/site\/2020\/10\/13\/dia-mundial-da-alimentacao-assinalado-nas-escolas-de-moncao\/#primaryimage"},"thumbnailUrl":"https:\/\/www.altominho.tv\/site\/wp-content\/uploads\/2020\/10\/Captura-de-ecra\u0303-2020-10-13-a\u0300s-16.44.15.png","keywords":["Educa\u00e7\u00e3o"],"articleSection":["Mon\u00e7\u00e3o"],"inLanguage":"pt-PT","copyrightYear":"2020","copyrightHolder":{"@id":"https:\/\/www.altominho.tv\/site\/#organization"}},{"@type":"WebPage","@id":"https:\/\/www.altominho.tv\/site\/2020\/10\/13\/dia-mundial-da-alimentacao-assinalado-nas-escolas-de-moncao\/","url":"https:\/\/www.altominho.tv\/site\/2020\/10\/13\/dia-mundial-da-alimentacao-assinalado-nas-escolas-de-moncao\/","name":"Dia Mundial da Alimenta\u00e7\u00e3o assinalado nas escolas de Mon\u00e7\u00e3o","isPartOf":{"@id":"https:\/\/www.altominho.tv\/site\/#website"},"primaryImageOfPage":{"@id":"https:\/\/www.altominho.tv\/site\/2020\/10\/13\/dia-mundial-da-alimentacao-assinalado-nas-escolas-de-moncao\/#primaryimage"},"image":{"@id":"https:\/\/www.altominho.tv\/site\/2020\/10\/13\/dia-mundial-da-alimentacao-assinalado-nas-escolas-de-moncao\/#primaryimage"},"thumbnailUrl":"https:\/\/www.altominho.tv\/site\/wp-content\/uploads\/2020\/10\/Captura-de-ecra\u0303-2020-10-13-a\u0300s-16.44.15.png","datePublished":"2020-10-13T16:01:29+00:00","dateModified":"2020-10-13T16:01:32+00:00","author":{"@id":"https:\/\/www.altominho.tv\/site\/#\/schema\/person\/d9be4265364723f14ea8e0d56a1d38cd"},"breadcrumb":{"@id":"https:\/\/www.altominho.tv\/site\/2020\/10\/13\/dia-mundial-da-alimentacao-assinalado-nas-escolas-de-moncao\/#breadcrumb"},"inLanguage":"pt-PT","potentialAction":[{"@type":"ReadAction","target":["https:\/\/www.altominho.tv\/site\/2020\/10\/13\/dia-mundial-da-alimentacao-assinalado-nas-escolas-de-moncao\/"]}]},{"@type":"ImageObject","inLanguage":"pt-PT","@id":"https:\/\/www.altominho.tv\/site\/2020\/10\/13\/dia-mundial-da-alimentacao-assinalado-nas-escolas-de-moncao\/#primaryimage","url":"https:\/\/www.altominho.tv\/site\/wp-content\/uploads\/2020\/10\/Captura-de-ecra\u0303-2020-10-13-a\u0300s-16.44.15.png","contentUrl":"https:\/\/www.altominho.tv\/site\/wp-content\/uploads\/2020\/10\/Captura-de-ecra\u0303-2020-10-13-a\u0300s-16.44.15.png","width":1267,"height":670},{"@type":"BreadcrumbList","@id":"https:\/\/www.altominho.tv\/site\/2020\/10\/13\/dia-mundial-da-alimentacao-assinalado-nas-escolas-de-moncao\/#breadcrumb","itemListElement":[{"@type":"ListItem","position":1,"name":"In\u00edcio","item":"https:\/\/www.altominho.tv\/site\/"},{"@type":"ListItem","position":2,"name":"Dia Mundial da Alimenta\u00e7\u00e3o assinalado nas escolas de Mon\u00e7\u00e3o"}]},{"@type":"WebSite","@id":"https:\/\/www.altominho.tv\/site\/#website","url":"https:\/\/www.altominho.tv\/site\/","name":"Altominho.tv","description":"A sua regi\u00e3o \u00e0 dist\u00e2ncia de um clique...","potentialAction":[{"@type":"SearchAction","target":{"@type":"EntryPoint","urlTemplate":"https:\/\/www.altominho.tv\/site\/?s={search_term_string}"},"query-input":{"@type":"PropertyValueSpecification","valueRequired":true,"valueName":"search_term_string"}}],"inLanguage":"pt-PT"},{"@type":"Person","@id":"https:\/\/www.altominho.tv\/site\/#\/schema\/person\/d9be4265364723f14ea8e0d56a1d38cd","name":"Andreia Ferreira","image":{"@type":"ImageObject","inLanguage":"pt-PT","@id":"https:\/\/www.altominho.tv\/site\/wp-content\/uploads\/2021\/01\/AndreiaFerreira-150x150.jpg","url":"https:\/\/www.altominho.tv\/site\/wp-content\/uploads\/2021\/01\/AndreiaFerreira-150x150.jpg","contentUrl":"https:\/\/www.altominho.tv\/site\/wp-content\/uploads\/2021\/01\/AndreiaFerreira-150x150.jpg","caption":"Andreia Ferreira"},"url":"https:\/\/www.altominho.tv\/site\/author\/andreiaferreira\/"}]}},"_links":{"self":[{"href":"https:\/\/www.altominho.tv\/site\/wp-json\/wp\/v2\/posts\/53698","targetHints":{"allow":["GET"]}}],"collection":[{"href":"https:\/\/www.altominho.tv\/site\/wp-json\/wp\/v2\/posts"}],"about":[{"href":"https:\/\/www.altominho.tv\/site\/wp-json\/wp\/v2\/types\/post"}],"author":[{"embeddable":true,"href":"https:\/\/www.altominho.tv\/site\/wp-json\/wp\/v2\/users\/12"}],"replies":[{"embeddable":true,"href":"https:\/\/www.altominho.tv\/site\/wp-json\/wp\/v2\/comments?post=53698"}],"version-history":[{"count":0,"href":"https:\/\/www.altominho.tv\/site\/wp-json\/wp\/v2\/posts\/53698\/revisions"}],"wp:featuredmedia":[{"embeddable":true,"href":"https:\/\/www.altominho.tv\/site\/wp-json\/wp\/v2\/media\/53699"}],"wp:attachment":[{"href":"https:\/\/www.altominho.tv\/site\/wp-json\/wp\/v2\/media?parent=53698"}],"wp:term":[{"taxonomy":"category","embeddable":true,"href":"https:\/\/www.altominho.tv\/site\/wp-json\/wp\/v2\/categories?post=53698"},{"taxonomy":"post_tag","embeddable":true,"href":"https:\/\/www.altominho.tv\/site\/wp-json\/wp\/v2\/tags?post=53698"}],"curies":[{"name":"wp","href":"https:\/\/api.w.org\/{rel}","templated":true}]}}