{"id":53657,"date":"2020-10-12T18:53:08","date_gmt":"2020-10-12T17:53:08","guid":{"rendered":"https:\/\/www.altominho.tv\/site\/?p=53657"},"modified":"2020-10-12T18:53:10","modified_gmt":"2020-10-12T17:53:10","slug":"merufe-vai-investir-mais-de-200-mil-euros-na-arborizacao-de-parte-da-area-ardida-em-2017","status":"publish","type":"post","link":"https:\/\/www.altominho.tv\/site\/2020\/10\/12\/merufe-vai-investir-mais-de-200-mil-euros-na-arborizacao-de-parte-da-area-ardida-em-2017\/","title":{"rendered":"Merufe vai investir mais de 200 mil euros na arboriza\u00e7\u00e3o de parte da \u00e1rea ardida em 2017"},"content":{"rendered":"<p>O presidente da Junta de Freguesia de Merufe, em Mon\u00e7\u00e3o, apontou para este ano o in\u00edcio da arboriza\u00e7\u00e3o de 100 hectares de \u00e1rea florestal consumida pelos fogos de outubro de 2017, num investimento de mais de 200 mil euros.<\/p>\n<p>Contactado a prop\u00f3sito do lan\u00e7amento do concurso p\u00fablico daquela empreitada, hoje publicado em Di\u00e1rio da Rep\u00fablica, M\u00e1rcio Alves explicou que o investimento resulta de &#8220;uma de v\u00e1rias&#8221; candidaturas que a freguesia apresentou para recupera\u00e7\u00e3o dos 1.600 hectares que a freguesia perdeu h\u00e1 tr\u00eas anos.<\/p>\n<p>Os projetos &#8220;foram candidatados aos fundos do Programa de Desenvolvimento Rural (PDR), do Portugal 2020, uns com comparticipa\u00e7\u00e3o de 80% outros de 100%&#8221;.<br \/>\nNo dia 14 de outubro de 2017, as chamas deflagraram nas freguesias vizinhas de Longos Vales e Merufe. Quando chegou \u00e0 aldeia de Bela, o fogo saltou o rio Minho e atingiu a Galiza.<\/p>\n<p>O <a href=\"\/\/www.altominho.tv\/site\/2017\/10\/16\/fim-de-semana-devastador-em-moncao-devido-aos-incendios\/\">inc\u00eandio foi dado como extinto no dia 16<\/a><a href=\"\/\/www.altominho.tv\/site\/2017\/10\/16\/fim-de-semana-devastador-em-moncao-devido-aos-incendios\/\">, mas deixou um rasto de destrui\u00e7\u00e3o<\/a> em v\u00e1rias das 24 freguesias de Mon\u00e7\u00e3o, no distrito de Viana do Castelo.<br \/>\nNaquele concelho arderam 3.550 hectares. Merufe, Longos Vales, Barbeita e Bela foram as freguesias mais atingidas.<\/p>\n<p>&#8220;Dos 1.600 hectares que perdemos, recuper\u00e1mos pouca coisa. Cerca de 50 hectares. Conclu\u00edmos uma candidatura no valor de cerca de 120 mil euros&#8221;, referiu o autarca de Merufe.<\/p>\n<p>M\u00e1rcio Alves adiantou que &#8220;a freguesia, por si s\u00f3, n\u00e3o tem capacidade para repor 1.600 hectares consumidos pelos fogos de 2017. Estamos a trabalhar com os fundos comunit\u00e1rios e, mesmo assim, em algumas candidaturas, temos de p\u00f4r 20% do valor global. \u00c9 um valor significativo para a freguesia, face ao n\u00famero de projetos que candidatamos&#8221;, observou.<\/p>\n<p>No total, a Junta de Freguesia de Merufe candidatou projetos de recupera\u00e7\u00e3o florestal no valor de cerca de 1,2 milh\u00f5es de euros, sendo que s\u00f3 120 mil euros foram executados.<\/p>\n<p>O autarca admitiu que a &#8220;morosidade e complexidade&#8221; das candidaturas aos fundos comunit\u00e1rios t\u00eam atrasado a recupera\u00e7\u00e3o da \u00e1rea ardida.<\/p>\n<p>&#8220;A aprova\u00e7\u00e3o das candidaturas demorou mais do que est\u00e1vamos \u00e0 espera. Se o processo fosse menos burocr\u00e1tico, talvez fosse mais c\u00e9lere. \u00c0s vezes, as quest\u00f5es est\u00e3o pendentes, por uma situa\u00e7\u00e3o ou outra, que facilmente podia ser resolvida. Mas se andarem devagar e bem, j\u00e1 \u00e9 \u00f3timo&#8221;, especificou.<\/p>\n<p>Segundo M\u00e1rcio Alves, o concurso p\u00fablico hoje aberto para a presta\u00e7\u00e3o de servi\u00e7os de restabelecimento da floresta ir\u00e1 intervir &#8220;numa das zonas mais afetadas da freguesia e onde n\u00e3o h\u00e1 regenera\u00e7\u00e3o natural&#8221;.<\/p>\n<p>&#8220;Queremos repor o potencial florestal da freguesia, agora de forma mais ordenada, cumprindo o plano de gest\u00e3o florestal que foi aprovado este ano&#8221;, disse, apontando para o final do ano a aprova\u00e7\u00e3o de outra candidatura, no valor de 500 mil euros, para regenerar 320 hectares de floresta.<\/p>\n","protected":false},"excerpt":{"rendered":"<p>O presidente da Junta de Freguesia de Merufe, em Mon\u00e7\u00e3o, apontou para este ano o in\u00edcio da arboriza\u00e7\u00e3o de 100 hectares de \u00e1rea florestal consumida pelos fogos de outubro de 2017, num investimento de mais de 200 mil euros. Contactado a prop\u00f3sito do lan\u00e7amento do concurso p\u00fablico daquela empreitada, hoje publicado em Di\u00e1rio da Rep\u00fablica, [&hellip;]<\/p>\n","protected":false},"author":13,"featured_media":53658,"comment_status":"closed","ping_status":"closed","sticky":false,"template":"","format":"standard","meta":{"_exactmetrics_skip_tracking":false,"_exactmetrics_sitenote_active":false,"_exactmetrics_sitenote_note":"","_exactmetrics_sitenote_category":0,"footnotes":""},"categories":[9],"tags":[21,27],"class_list":["post-53657","post","type-post","status-publish","format-standard","has-post-thumbnail","hentry","category-moncao","tag-economia","tag-sociedade"],"yoast_head":"<!-- This site is optimized with the Yoast SEO Premium plugin v27.5 (Yoast SEO v27.5) - https:\/\/yoast.com\/product\/yoast-seo-premium-wordpress\/ -->\n<title>Merufe vai investir mais de 200 mil euros na arboriza\u00e7\u00e3o de parte da \u00e1rea ardida em 2017<\/title>\n<meta name=\"robots\" content=\"index, follow, max-snippet:-1, max-image-preview:large, max-video-preview:-1\" \/>\n<link rel=\"canonical\" href=\"https:\/\/www.altominho.tv\/site\/2020\/10\/12\/merufe-vai-investir-mais-de-200-mil-euros-na-arborizacao-de-parte-da-area-ardida-em-2017\/\" \/>\n<meta property=\"og:locale\" content=\"pt_PT\" \/>\n<meta property=\"og:type\" content=\"article\" \/>\n<meta property=\"og:title\" content=\"Merufe vai investir mais de 200 mil euros na arboriza\u00e7\u00e3o de parte da \u00e1rea ardida em 2017\" \/>\n<meta property=\"og:description\" content=\"O presidente da Junta de Freguesia de Merufe, em Mon\u00e7\u00e3o, apontou para este ano o in\u00edcio da arboriza\u00e7\u00e3o de 100 hectares de \u00e1rea florestal consumida pelos fogos de outubro de 2017, num investimento de mais de 200 mil euros. Contactado a prop\u00f3sito do lan\u00e7amento do concurso p\u00fablico daquela empreitada, hoje publicado em Di\u00e1rio da Rep\u00fablica, [&hellip;]\" \/>\n<meta property=\"og:url\" content=\"https:\/\/www.altominho.tv\/site\/2020\/10\/12\/merufe-vai-investir-mais-de-200-mil-euros-na-arborizacao-de-parte-da-area-ardida-em-2017\/\" \/>\n<meta property=\"og:site_name\" content=\"Altominho.tv\" \/>\n<meta property=\"article:publisher\" content=\"https:\/\/www.facebook.com\/altominhotv\" \/>\n<meta property=\"article:published_time\" content=\"2020-10-12T17:53:08+00:00\" \/>\n<meta property=\"article:modified_time\" content=\"2020-10-12T17:53:10+00:00\" \/>\n<meta property=\"og:image\" content=\"https:\/\/www.altominho.tv\/site\/wp-content\/uploads\/2020\/10\/Junta_Merufe.jpg\" \/>\n\t<meta property=\"og:image:width\" content=\"1988\" \/>\n\t<meta property=\"og:image:height\" content=\"1118\" \/>\n\t<meta property=\"og:image:type\" content=\"image\/jpeg\" \/>\n<meta name=\"author\" content=\"Lusa\" \/>\n<meta name=\"twitter:card\" content=\"summary_large_image\" \/>\n<meta name=\"twitter:creator\" content=\"@altominhoTV\" \/>\n<meta name=\"twitter:site\" content=\"@altominhoTV\" \/>\n<meta name=\"twitter:label1\" content=\"Escrito por\" \/>\n\t<meta name=\"twitter:data1\" content=\"Lusa\" \/>\n\t<meta name=\"twitter:label2\" content=\"Tempo estimado de leitura\" \/>\n\t<meta name=\"twitter:data2\" content=\"2 minutos\" \/>\n<script type=\"application\/ld+json\" class=\"yoast-schema-graph\">{\"@context\":\"https:\\\/\\\/schema.org\",\"@graph\":[{\"@type\":\"Article\",\"@id\":\"https:\\\/\\\/www.altominho.tv\\\/site\\\/2020\\\/10\\\/12\\\/merufe-vai-investir-mais-de-200-mil-euros-na-arborizacao-de-parte-da-area-ardida-em-2017\\\/#article\",\"isPartOf\":{\"@id\":\"https:\\\/\\\/www.altominho.tv\\\/site\\\/2020\\\/10\\\/12\\\/merufe-vai-investir-mais-de-200-mil-euros-na-arborizacao-de-parte-da-area-ardida-em-2017\\\/\"},\"author\":{\"name\":\"Lusa\",\"@id\":\"https:\\\/\\\/www.altominho.tv\\\/site\\\/#\\\/schema\\\/person\\\/63f693da3e1899361cbe955c46f3232e\"},\"headline\":\"Merufe vai investir mais de 200 mil euros na arboriza\u00e7\u00e3o de parte da \u00e1rea ardida em 2017\",\"datePublished\":\"2020-10-12T17:53:08+00:00\",\"dateModified\":\"2020-10-12T17:53:10+00:00\",\"mainEntityOfPage\":{\"@id\":\"https:\\\/\\\/www.altominho.tv\\\/site\\\/2020\\\/10\\\/12\\\/merufe-vai-investir-mais-de-200-mil-euros-na-arborizacao-de-parte-da-area-ardida-em-2017\\\/\"},\"wordCount\":478,\"image\":{\"@id\":\"https:\\\/\\\/www.altominho.tv\\\/site\\\/2020\\\/10\\\/12\\\/merufe-vai-investir-mais-de-200-mil-euros-na-arborizacao-de-parte-da-area-ardida-em-2017\\\/#primaryimage\"},\"thumbnailUrl\":\"https:\\\/\\\/www.altominho.tv\\\/site\\\/wp-content\\\/uploads\\\/2020\\\/10\\\/Junta_Merufe.jpg\",\"keywords\":[\"Economia\",\"Sociedade\"],\"articleSection\":[\"Mon\u00e7\u00e3o\"],\"inLanguage\":\"pt-PT\",\"copyrightYear\":\"2020\",\"copyrightHolder\":{\"@id\":\"https:\\\/\\\/www.altominho.tv\\\/site\\\/#organization\"}},{\"@type\":\"WebPage\",\"@id\":\"https:\\\/\\\/www.altominho.tv\\\/site\\\/2020\\\/10\\\/12\\\/merufe-vai-investir-mais-de-200-mil-euros-na-arborizacao-de-parte-da-area-ardida-em-2017\\\/\",\"url\":\"https:\\\/\\\/www.altominho.tv\\\/site\\\/2020\\\/10\\\/12\\\/merufe-vai-investir-mais-de-200-mil-euros-na-arborizacao-de-parte-da-area-ardida-em-2017\\\/\",\"name\":\"Merufe vai investir mais de 200 mil euros na arboriza\u00e7\u00e3o de parte da \u00e1rea ardida em 2017\",\"isPartOf\":{\"@id\":\"https:\\\/\\\/www.altominho.tv\\\/site\\\/#website\"},\"primaryImageOfPage\":{\"@id\":\"https:\\\/\\\/www.altominho.tv\\\/site\\\/2020\\\/10\\\/12\\\/merufe-vai-investir-mais-de-200-mil-euros-na-arborizacao-de-parte-da-area-ardida-em-2017\\\/#primaryimage\"},\"image\":{\"@id\":\"https:\\\/\\\/www.altominho.tv\\\/site\\\/2020\\\/10\\\/12\\\/merufe-vai-investir-mais-de-200-mil-euros-na-arborizacao-de-parte-da-area-ardida-em-2017\\\/#primaryimage\"},\"thumbnailUrl\":\"https:\\\/\\\/www.altominho.tv\\\/site\\\/wp-content\\\/uploads\\\/2020\\\/10\\\/Junta_Merufe.jpg\",\"datePublished\":\"2020-10-12T17:53:08+00:00\",\"dateModified\":\"2020-10-12T17:53:10+00:00\",\"author\":{\"@id\":\"https:\\\/\\\/www.altominho.tv\\\/site\\\/#\\\/schema\\\/person\\\/63f693da3e1899361cbe955c46f3232e\"},\"breadcrumb\":{\"@id\":\"https:\\\/\\\/www.altominho.tv\\\/site\\\/2020\\\/10\\\/12\\\/merufe-vai-investir-mais-de-200-mil-euros-na-arborizacao-de-parte-da-area-ardida-em-2017\\\/#breadcrumb\"},\"inLanguage\":\"pt-PT\",\"potentialAction\":[{\"@type\":\"ReadAction\",\"target\":[\"https:\\\/\\\/www.altominho.tv\\\/site\\\/2020\\\/10\\\/12\\\/merufe-vai-investir-mais-de-200-mil-euros-na-arborizacao-de-parte-da-area-ardida-em-2017\\\/\"]}]},{\"@type\":\"ImageObject\",\"inLanguage\":\"pt-PT\",\"@id\":\"https:\\\/\\\/www.altominho.tv\\\/site\\\/2020\\\/10\\\/12\\\/merufe-vai-investir-mais-de-200-mil-euros-na-arborizacao-de-parte-da-area-ardida-em-2017\\\/#primaryimage\",\"url\":\"https:\\\/\\\/www.altominho.tv\\\/site\\\/wp-content\\\/uploads\\\/2020\\\/10\\\/Junta_Merufe.jpg\",\"contentUrl\":\"https:\\\/\\\/www.altominho.tv\\\/site\\\/wp-content\\\/uploads\\\/2020\\\/10\\\/Junta_Merufe.jpg\",\"width\":1988,\"height\":1118},{\"@type\":\"BreadcrumbList\",\"@id\":\"https:\\\/\\\/www.altominho.tv\\\/site\\\/2020\\\/10\\\/12\\\/merufe-vai-investir-mais-de-200-mil-euros-na-arborizacao-de-parte-da-area-ardida-em-2017\\\/#breadcrumb\",\"itemListElement\":[{\"@type\":\"ListItem\",\"position\":1,\"name\":\"In\u00edcio\",\"item\":\"https:\\\/\\\/www.altominho.tv\\\/site\\\/\"},{\"@type\":\"ListItem\",\"position\":2,\"name\":\"Merufe vai investir mais de 200 mil euros na arboriza\u00e7\u00e3o de parte da \u00e1rea ardida em 2017\"}]},{\"@type\":\"WebSite\",\"@id\":\"https:\\\/\\\/www.altominho.tv\\\/site\\\/#website\",\"url\":\"https:\\\/\\\/www.altominho.tv\\\/site\\\/\",\"name\":\"Altominho.tv\",\"description\":\"A sua regi\u00e3o \u00e0 dist\u00e2ncia de um clique...\",\"potentialAction\":[{\"@type\":\"SearchAction\",\"target\":{\"@type\":\"EntryPoint\",\"urlTemplate\":\"https:\\\/\\\/www.altominho.tv\\\/site\\\/?s={search_term_string}\"},\"query-input\":{\"@type\":\"PropertyValueSpecification\",\"valueRequired\":true,\"valueName\":\"search_term_string\"}}],\"inLanguage\":\"pt-PT\"},{\"@type\":\"Person\",\"@id\":\"https:\\\/\\\/www.altominho.tv\\\/site\\\/#\\\/schema\\\/person\\\/63f693da3e1899361cbe955c46f3232e\",\"name\":\"Lusa\",\"image\":{\"@type\":\"ImageObject\",\"inLanguage\":\"pt-PT\",\"@id\":\"https:\\\/\\\/www.altominho.tv\\\/site\\\/wp-content\\\/uploads\\\/2019\\\/08\\\/LUSA_Logo.gif\",\"url\":\"https:\\\/\\\/www.altominho.tv\\\/site\\\/wp-content\\\/uploads\\\/2019\\\/08\\\/LUSA_Logo.gif\",\"contentUrl\":\"https:\\\/\\\/www.altominho.tv\\\/site\\\/wp-content\\\/uploads\\\/2019\\\/08\\\/LUSA_Logo.gif\",\"caption\":\"Lusa\"},\"sameAs\":[\"http:\\\/\\\/\\\/\\\/www.altominho.tv\\\/site\"],\"url\":\"https:\\\/\\\/www.altominho.tv\\\/site\\\/author\\\/lusa\\\/\"}]}<\/script>\n<!-- \/ Yoast SEO Premium plugin. -->","yoast_head_json":{"title":"Merufe vai investir mais de 200 mil euros na arboriza\u00e7\u00e3o de parte da \u00e1rea ardida em 2017","robots":{"index":"index","follow":"follow","max-snippet":"max-snippet:-1","max-image-preview":"max-image-preview:large","max-video-preview":"max-video-preview:-1"},"canonical":"https:\/\/www.altominho.tv\/site\/2020\/10\/12\/merufe-vai-investir-mais-de-200-mil-euros-na-arborizacao-de-parte-da-area-ardida-em-2017\/","og_locale":"pt_PT","og_type":"article","og_title":"Merufe vai investir mais de 200 mil euros na arboriza\u00e7\u00e3o de parte da \u00e1rea ardida em 2017","og_description":"O presidente da Junta de Freguesia de Merufe, em Mon\u00e7\u00e3o, apontou para este ano o in\u00edcio da arboriza\u00e7\u00e3o de 100 hectares de \u00e1rea florestal consumida pelos fogos de outubro de 2017, num investimento de mais de 200 mil euros. Contactado a prop\u00f3sito do lan\u00e7amento do concurso p\u00fablico daquela empreitada, hoje publicado em Di\u00e1rio da Rep\u00fablica, [&hellip;]","og_url":"https:\/\/www.altominho.tv\/site\/2020\/10\/12\/merufe-vai-investir-mais-de-200-mil-euros-na-arborizacao-de-parte-da-area-ardida-em-2017\/","og_site_name":"Altominho.tv","article_publisher":"https:\/\/www.facebook.com\/altominhotv","article_published_time":"2020-10-12T17:53:08+00:00","article_modified_time":"2020-10-12T17:53:10+00:00","og_image":[{"width":1988,"height":1118,"url":"https:\/\/www.altominho.tv\/site\/wp-content\/uploads\/2020\/10\/Junta_Merufe.jpg","type":"image\/jpeg"}],"author":"Lusa","twitter_card":"summary_large_image","twitter_creator":"@altominhoTV","twitter_site":"@altominhoTV","twitter_misc":{"Escrito por":"Lusa","Tempo estimado de leitura":"2 minutos"},"schema":{"@context":"https:\/\/schema.org","@graph":[{"@type":"Article","@id":"https:\/\/www.altominho.tv\/site\/2020\/10\/12\/merufe-vai-investir-mais-de-200-mil-euros-na-arborizacao-de-parte-da-area-ardida-em-2017\/#article","isPartOf":{"@id":"https:\/\/www.altominho.tv\/site\/2020\/10\/12\/merufe-vai-investir-mais-de-200-mil-euros-na-arborizacao-de-parte-da-area-ardida-em-2017\/"},"author":{"name":"Lusa","@id":"https:\/\/www.altominho.tv\/site\/#\/schema\/person\/63f693da3e1899361cbe955c46f3232e"},"headline":"Merufe vai investir mais de 200 mil euros na arboriza\u00e7\u00e3o de parte da \u00e1rea ardida em 2017","datePublished":"2020-10-12T17:53:08+00:00","dateModified":"2020-10-12T17:53:10+00:00","mainEntityOfPage":{"@id":"https:\/\/www.altominho.tv\/site\/2020\/10\/12\/merufe-vai-investir-mais-de-200-mil-euros-na-arborizacao-de-parte-da-area-ardida-em-2017\/"},"wordCount":478,"image":{"@id":"https:\/\/www.altominho.tv\/site\/2020\/10\/12\/merufe-vai-investir-mais-de-200-mil-euros-na-arborizacao-de-parte-da-area-ardida-em-2017\/#primaryimage"},"thumbnailUrl":"https:\/\/www.altominho.tv\/site\/wp-content\/uploads\/2020\/10\/Junta_Merufe.jpg","keywords":["Economia","Sociedade"],"articleSection":["Mon\u00e7\u00e3o"],"inLanguage":"pt-PT","copyrightYear":"2020","copyrightHolder":{"@id":"https:\/\/www.altominho.tv\/site\/#organization"}},{"@type":"WebPage","@id":"https:\/\/www.altominho.tv\/site\/2020\/10\/12\/merufe-vai-investir-mais-de-200-mil-euros-na-arborizacao-de-parte-da-area-ardida-em-2017\/","url":"https:\/\/www.altominho.tv\/site\/2020\/10\/12\/merufe-vai-investir-mais-de-200-mil-euros-na-arborizacao-de-parte-da-area-ardida-em-2017\/","name":"Merufe vai investir mais de 200 mil euros na arboriza\u00e7\u00e3o de parte da \u00e1rea ardida em 2017","isPartOf":{"@id":"https:\/\/www.altominho.tv\/site\/#website"},"primaryImageOfPage":{"@id":"https:\/\/www.altominho.tv\/site\/2020\/10\/12\/merufe-vai-investir-mais-de-200-mil-euros-na-arborizacao-de-parte-da-area-ardida-em-2017\/#primaryimage"},"image":{"@id":"https:\/\/www.altominho.tv\/site\/2020\/10\/12\/merufe-vai-investir-mais-de-200-mil-euros-na-arborizacao-de-parte-da-area-ardida-em-2017\/#primaryimage"},"thumbnailUrl":"https:\/\/www.altominho.tv\/site\/wp-content\/uploads\/2020\/10\/Junta_Merufe.jpg","datePublished":"2020-10-12T17:53:08+00:00","dateModified":"2020-10-12T17:53:10+00:00","author":{"@id":"https:\/\/www.altominho.tv\/site\/#\/schema\/person\/63f693da3e1899361cbe955c46f3232e"},"breadcrumb":{"@id":"https:\/\/www.altominho.tv\/site\/2020\/10\/12\/merufe-vai-investir-mais-de-200-mil-euros-na-arborizacao-de-parte-da-area-ardida-em-2017\/#breadcrumb"},"inLanguage":"pt-PT","potentialAction":[{"@type":"ReadAction","target":["https:\/\/www.altominho.tv\/site\/2020\/10\/12\/merufe-vai-investir-mais-de-200-mil-euros-na-arborizacao-de-parte-da-area-ardida-em-2017\/"]}]},{"@type":"ImageObject","inLanguage":"pt-PT","@id":"https:\/\/www.altominho.tv\/site\/2020\/10\/12\/merufe-vai-investir-mais-de-200-mil-euros-na-arborizacao-de-parte-da-area-ardida-em-2017\/#primaryimage","url":"https:\/\/www.altominho.tv\/site\/wp-content\/uploads\/2020\/10\/Junta_Merufe.jpg","contentUrl":"https:\/\/www.altominho.tv\/site\/wp-content\/uploads\/2020\/10\/Junta_Merufe.jpg","width":1988,"height":1118},{"@type":"BreadcrumbList","@id":"https:\/\/www.altominho.tv\/site\/2020\/10\/12\/merufe-vai-investir-mais-de-200-mil-euros-na-arborizacao-de-parte-da-area-ardida-em-2017\/#breadcrumb","itemListElement":[{"@type":"ListItem","position":1,"name":"In\u00edcio","item":"https:\/\/www.altominho.tv\/site\/"},{"@type":"ListItem","position":2,"name":"Merufe vai investir mais de 200 mil euros na arboriza\u00e7\u00e3o de parte da \u00e1rea ardida em 2017"}]},{"@type":"WebSite","@id":"https:\/\/www.altominho.tv\/site\/#website","url":"https:\/\/www.altominho.tv\/site\/","name":"Altominho.tv","description":"A sua regi\u00e3o \u00e0 dist\u00e2ncia de um clique...","potentialAction":[{"@type":"SearchAction","target":{"@type":"EntryPoint","urlTemplate":"https:\/\/www.altominho.tv\/site\/?s={search_term_string}"},"query-input":{"@type":"PropertyValueSpecification","valueRequired":true,"valueName":"search_term_string"}}],"inLanguage":"pt-PT"},{"@type":"Person","@id":"https:\/\/www.altominho.tv\/site\/#\/schema\/person\/63f693da3e1899361cbe955c46f3232e","name":"Lusa","image":{"@type":"ImageObject","inLanguage":"pt-PT","@id":"https:\/\/www.altominho.tv\/site\/wp-content\/uploads\/2019\/08\/LUSA_Logo.gif","url":"https:\/\/www.altominho.tv\/site\/wp-content\/uploads\/2019\/08\/LUSA_Logo.gif","contentUrl":"https:\/\/www.altominho.tv\/site\/wp-content\/uploads\/2019\/08\/LUSA_Logo.gif","caption":"Lusa"},"sameAs":["http:\/\/\/\/www.altominho.tv\/site"],"url":"https:\/\/www.altominho.tv\/site\/author\/lusa\/"}]}},"_links":{"self":[{"href":"https:\/\/www.altominho.tv\/site\/wp-json\/wp\/v2\/posts\/53657","targetHints":{"allow":["GET"]}}],"collection":[{"href":"https:\/\/www.altominho.tv\/site\/wp-json\/wp\/v2\/posts"}],"about":[{"href":"https:\/\/www.altominho.tv\/site\/wp-json\/wp\/v2\/types\/post"}],"author":[{"embeddable":true,"href":"https:\/\/www.altominho.tv\/site\/wp-json\/wp\/v2\/users\/13"}],"replies":[{"embeddable":true,"href":"https:\/\/www.altominho.tv\/site\/wp-json\/wp\/v2\/comments?post=53657"}],"version-history":[{"count":0,"href":"https:\/\/www.altominho.tv\/site\/wp-json\/wp\/v2\/posts\/53657\/revisions"}],"wp:featuredmedia":[{"embeddable":true,"href":"https:\/\/www.altominho.tv\/site\/wp-json\/wp\/v2\/media\/53658"}],"wp:attachment":[{"href":"https:\/\/www.altominho.tv\/site\/wp-json\/wp\/v2\/media?parent=53657"}],"wp:term":[{"taxonomy":"category","embeddable":true,"href":"https:\/\/www.altominho.tv\/site\/wp-json\/wp\/v2\/categories?post=53657"},{"taxonomy":"post_tag","embeddable":true,"href":"https:\/\/www.altominho.tv\/site\/wp-json\/wp\/v2\/tags?post=53657"}],"curies":[{"name":"wp","href":"https:\/\/api.w.org\/{rel}","templated":true}]}}