{"id":53548,"date":"2020-10-09T12:26:51","date_gmt":"2020-10-09T11:26:51","guid":{"rendered":"https:\/\/www.altominho.tv\/site\/?p=53548"},"modified":"2020-10-09T12:26:54","modified_gmt":"2020-10-09T11:26:54","slug":"viana-do-castelo-entre-os-distritos-com-maior-aumento-de-insolvencias-ate-setembro","status":"publish","type":"post","link":"https:\/\/www.altominho.tv\/site\/2020\/10\/09\/viana-do-castelo-entre-os-distritos-com-maior-aumento-de-insolvencias-ate-setembro\/","title":{"rendered":"Viana do Castelo entre os distritos com maior aumento de insolv\u00eancias at\u00e9 setembro"},"content":{"rendered":"<p><strong>Viana do Castelo est\u00e1 entre os distritos portugueses que maior aumento de insolv\u00eancias t\u00eam registado, situando-se no final de setembro numa varia\u00e7\u00e3o de 39,2% face ao per\u00edodo hom\u00f3logo.<\/strong><\/p>\n<p>Segundo dados da Iberinform, o n\u00famero de insolv\u00eancias em Portugal atingiu, em final do m\u00eas passado, os 3.877, um aumento de 424 empresas insolventes face aos primeiros nove meses de 2019, o que traduz em mais 12,3%.\u00a0<\/p>\n<p>Numa an\u00e1lise por distritos, os maiores aumentos verificam-se em Castelo Branco (56,4%), Angra do Hero\u00edsmo (46,2%), Faro (39,7%), Viana do Castelo (39,2%), Madeira (26,3%), \u00c9vora (23,3%) e Beja (20%). No caso de Viana do Castelo, at\u00e9 setembro foram registadas 71 insolv\u00eancias, mais 20 do que no mesmo per\u00edodo do ano passado, o\u00a0que representa a subida de 39,2% face ao desempenho de 2019.<\/p>\n<p>No sentido oposto, h\u00e1 quatro distritos que registaram descidas no n\u00famero de insolv\u00eancias: Horta (-33,3%), Coimbra (-19,8%), Guarda (-15,2%) e Aveiro (-0,3%).<\/p>\n<p>O Porto lidera em valores absolutos, com 986 insolv\u00eancias, e Lisboa aparece em segundo lugar, com 806. Em termos percentuais, Lisboa apresenta uma subida de 18,5% face ao desempenho de 2019, enquanto o Porto v\u00ea o indicador crescer 12,9%.<\/p>\n<p>Nos primeiros nove meses deste ano, 2.100 empresas declararam insolv\u00eancia, mais 220 que no mesmo per\u00edodo do ano passado. Pelo contr\u00e1rio, os encerramentos com planos de insolv\u00eancia tiveram uma redu\u00e7\u00e3o de 15%.\u00a0<\/p>\n<p>Por tipologia, at\u00e9 final de setembro, as insolv\u00eancias requeridas tiveram um aumento de 5% (mais 38 empresas que no ano passado), enquanto as declara\u00e7\u00f5es de insolv\u00eancia apresentadas pelas pr\u00f3prias empresas registam uma subida de 22,1%, evoluindo de 778 casos em 2019 para 950.<\/p>\n<p>Por setores, o da transforma\u00e7\u00e3o regista o maior n\u00famero de insolv\u00eancias at\u00e9 final de setembro (917), seguido pelos servi\u00e7os (776), constru\u00e7\u00e3o e obras p\u00fablicas (540), com\u00e9rcio a retalho (461), com\u00e9rcio por grosso (452) e hotelaria e restaura\u00e7\u00e3o (340).<\/p>\n<p>Em rela\u00e7\u00e3o a novas empresas, as constitui\u00e7\u00f5es recuaram 5,6% em setembro, face ao ano passado, com menos 203 novas empresas, fixando-se em 3.452 constitui\u00e7\u00f5es. No acumulado do ano, a queda \u00e9 mais acentuada, com menos 10.179 empresas, valor que traduz um decr\u00e9scimo de 26,7%. Nos primeiros nove meses deste ano foram criadas 27.900 empresas.<\/p>\n<p>Em setembro, \u201cas insolv\u00eancias voltaram a crescer&#8221;, afirmando-se como o m\u00eas deste ano com maior n\u00famero de insolv\u00eancias, 660 registos, um aumento de 53,5% face ao ano passado e o valor mais elevado verificado em setembro desde 2017, adianta a\u00a0empresa de informa\u00e7\u00e3o empresarial.<\/p>\n\n\n<p class=\"wp-block-paragraph\"><\/p>\n","protected":false},"excerpt":{"rendered":"<p>Viana do Castelo est\u00e1 entre os distritos portugueses que maior aumento de insolv\u00eancias t\u00eam registado, situando-se no final de setembro numa varia\u00e7\u00e3o de 39,2% face ao per\u00edodo hom\u00f3logo. Segundo dados da Iberinform, o n\u00famero de insolv\u00eancias em Portugal atingiu, em final do m\u00eas passado, os 3.877, um aumento de 424 empresas insolventes face aos primeiros [&hellip;]<\/p>\n","protected":false},"author":15,"featured_media":53550,"comment_status":"closed","ping_status":"closed","sticky":false,"template":"","format":"standard","meta":{"_exactmetrics_skip_tracking":false,"footnotes":""},"categories":[73],"tags":[21],"class_list":["post-53548","post","type-post","status-publish","format-standard","has-post-thumbnail","hentry","category-alto-minho","tag-economia"],"yoast_head":"<!-- This site is optimized with the Yoast SEO Premium plugin v28.3 (Yoast SEO v28.3) - https:\/\/yoast.com\/product\/yoast-seo-premium-wordpress\/ -->\n<title>Viana do Castelo entre os distritos com maior aumento de insolv\u00eancias at\u00e9 setembro<\/title>\n<meta name=\"robots\" content=\"index, follow, max-snippet:-1, max-image-preview:large, max-video-preview:-1\" \/>\n<link rel=\"canonical\" href=\"https:\/\/www.altominho.tv\/site\/2020\/10\/09\/viana-do-castelo-entre-os-distritos-com-maior-aumento-de-insolvencias-ate-setembro\/\" \/>\n<meta property=\"og:locale\" content=\"pt_PT\" \/>\n<meta property=\"og:type\" content=\"article\" \/>\n<meta property=\"og:title\" content=\"Viana do Castelo entre os distritos com maior aumento de insolv\u00eancias at\u00e9 setembro\" \/>\n<meta property=\"og:description\" content=\"Viana do Castelo est\u00e1 entre os distritos portugueses que maior aumento de insolv\u00eancias t\u00eam registado, situando-se no final de setembro numa varia\u00e7\u00e3o de 39,2% face ao per\u00edodo hom\u00f3logo. Segundo dados da Iberinform, o n\u00famero de insolv\u00eancias em Portugal atingiu, em final do m\u00eas passado, os 3.877, um aumento de 424 empresas insolventes face aos primeiros [&hellip;]\" \/>\n<meta property=\"og:url\" content=\"https:\/\/www.altominho.tv\/site\/2020\/10\/09\/viana-do-castelo-entre-os-distritos-com-maior-aumento-de-insolvencias-ate-setembro\/\" \/>\n<meta property=\"og:site_name\" content=\"Altominho.tv\" \/>\n<meta property=\"article:publisher\" content=\"https:\/\/www.facebook.com\/altominhotv\" \/>\n<meta property=\"article:published_time\" content=\"2020-10-09T11:26:51+00:00\" \/>\n<meta property=\"article:modified_time\" content=\"2020-10-09T11:26:54+00:00\" \/>\n<meta property=\"og:image\" content=\"https:\/\/www.altominho.tv\/site\/wp-content\/uploads\/2020\/10\/Empresas-3-740x461-1.png\" \/>\n\t<meta property=\"og:image:width\" content=\"740\" \/>\n\t<meta property=\"og:image:height\" content=\"461\" \/>\n\t<meta property=\"og:image:type\" content=\"image\/png\" \/>\n<meta name=\"author\" content=\"Andreia Ferreira | Lusa\" \/>\n<meta name=\"twitter:card\" content=\"summary_large_image\" \/>\n<meta name=\"twitter:creator\" content=\"@altominhoTV\" \/>\n<meta name=\"twitter:site\" content=\"@altominhoTV\" \/>\n<meta name=\"twitter:label1\" content=\"Escrito por\" \/>\n\t<meta name=\"twitter:data1\" content=\"Andreia Ferreira | Lusa\" \/>\n\t<meta name=\"twitter:label2\" content=\"Tempo estimado de leitura\" \/>\n\t<meta name=\"twitter:data2\" content=\"2 minutos\" \/>\n<script type=\"application\/ld+json\" class=\"yoast-schema-graph\">{\"@context\":\"https:\\\/\\\/schema.org\",\"@graph\":[{\"@type\":\"Article\",\"@id\":\"https:\\\/\\\/www.altominho.tv\\\/site\\\/2020\\\/10\\\/09\\\/viana-do-castelo-entre-os-distritos-com-maior-aumento-de-insolvencias-ate-setembro\\\/#article\",\"isPartOf\":{\"@id\":\"https:\\\/\\\/www.altominho.tv\\\/site\\\/2020\\\/10\\\/09\\\/viana-do-castelo-entre-os-distritos-com-maior-aumento-de-insolvencias-ate-setembro\\\/\"},\"author\":{\"name\":\"Andreia Ferreira | Lusa\",\"@id\":\"https:\\\/\\\/www.altominho.tv\\\/site\\\/#\\\/schema\\\/person\\\/a0bff6dc1041aadd46fa81887444b017\"},\"headline\":\"Viana do Castelo entre os distritos com maior aumento de insolv\u00eancias at\u00e9 setembro\",\"datePublished\":\"2020-10-09T11:26:51+00:00\",\"dateModified\":\"2020-10-09T11:26:54+00:00\",\"mainEntityOfPage\":{\"@id\":\"https:\\\/\\\/www.altominho.tv\\\/site\\\/2020\\\/10\\\/09\\\/viana-do-castelo-entre-os-distritos-com-maior-aumento-de-insolvencias-ate-setembro\\\/\"},\"wordCount\":410,\"image\":{\"@id\":\"https:\\\/\\\/www.altominho.tv\\\/site\\\/2020\\\/10\\\/09\\\/viana-do-castelo-entre-os-distritos-com-maior-aumento-de-insolvencias-ate-setembro\\\/#primaryimage\"},\"thumbnailUrl\":\"https:\\\/\\\/www.altominho.tv\\\/site\\\/wp-content\\\/uploads\\\/2020\\\/10\\\/Empresas-3-740x461-1.png\",\"keywords\":[\"Economia\"],\"articleSection\":[\"Alto Minho\"],\"inLanguage\":\"pt-PT\",\"copyrightYear\":\"2020\",\"copyrightHolder\":{\"@id\":\"https:\\\/\\\/www.altominho.tv\\\/site\\\/#organization\"}},{\"@type\":\"WebPage\",\"@id\":\"https:\\\/\\\/www.altominho.tv\\\/site\\\/2020\\\/10\\\/09\\\/viana-do-castelo-entre-os-distritos-com-maior-aumento-de-insolvencias-ate-setembro\\\/\",\"url\":\"https:\\\/\\\/www.altominho.tv\\\/site\\\/2020\\\/10\\\/09\\\/viana-do-castelo-entre-os-distritos-com-maior-aumento-de-insolvencias-ate-setembro\\\/\",\"name\":\"Viana do Castelo entre os distritos com maior aumento de insolv\u00eancias at\u00e9 setembro\",\"isPartOf\":{\"@id\":\"https:\\\/\\\/www.altominho.tv\\\/site\\\/#website\"},\"primaryImageOfPage\":{\"@id\":\"https:\\\/\\\/www.altominho.tv\\\/site\\\/2020\\\/10\\\/09\\\/viana-do-castelo-entre-os-distritos-com-maior-aumento-de-insolvencias-ate-setembro\\\/#primaryimage\"},\"image\":{\"@id\":\"https:\\\/\\\/www.altominho.tv\\\/site\\\/2020\\\/10\\\/09\\\/viana-do-castelo-entre-os-distritos-com-maior-aumento-de-insolvencias-ate-setembro\\\/#primaryimage\"},\"thumbnailUrl\":\"https:\\\/\\\/www.altominho.tv\\\/site\\\/wp-content\\\/uploads\\\/2020\\\/10\\\/Empresas-3-740x461-1.png\",\"datePublished\":\"2020-10-09T11:26:51+00:00\",\"dateModified\":\"2020-10-09T11:26:54+00:00\",\"author\":{\"@id\":\"https:\\\/\\\/www.altominho.tv\\\/site\\\/#\\\/schema\\\/person\\\/a0bff6dc1041aadd46fa81887444b017\"},\"breadcrumb\":{\"@id\":\"https:\\\/\\\/www.altominho.tv\\\/site\\\/2020\\\/10\\\/09\\\/viana-do-castelo-entre-os-distritos-com-maior-aumento-de-insolvencias-ate-setembro\\\/#breadcrumb\"},\"inLanguage\":\"pt-PT\",\"potentialAction\":[{\"@type\":\"ReadAction\",\"target\":[\"https:\\\/\\\/www.altominho.tv\\\/site\\\/2020\\\/10\\\/09\\\/viana-do-castelo-entre-os-distritos-com-maior-aumento-de-insolvencias-ate-setembro\\\/\"]}]},{\"@type\":\"ImageObject\",\"inLanguage\":\"pt-PT\",\"@id\":\"https:\\\/\\\/www.altominho.tv\\\/site\\\/2020\\\/10\\\/09\\\/viana-do-castelo-entre-os-distritos-com-maior-aumento-de-insolvencias-ate-setembro\\\/#primaryimage\",\"url\":\"https:\\\/\\\/www.altominho.tv\\\/site\\\/wp-content\\\/uploads\\\/2020\\\/10\\\/Empresas-3-740x461-1.png\",\"contentUrl\":\"https:\\\/\\\/www.altominho.tv\\\/site\\\/wp-content\\\/uploads\\\/2020\\\/10\\\/Empresas-3-740x461-1.png\",\"width\":740,\"height\":461},{\"@type\":\"BreadcrumbList\",\"@id\":\"https:\\\/\\\/www.altominho.tv\\\/site\\\/2020\\\/10\\\/09\\\/viana-do-castelo-entre-os-distritos-com-maior-aumento-de-insolvencias-ate-setembro\\\/#breadcrumb\",\"itemListElement\":[{\"@type\":\"ListItem\",\"position\":1,\"name\":\"In\u00edcio\",\"item\":\"https:\\\/\\\/www.altominho.tv\\\/site\\\/\"},{\"@type\":\"ListItem\",\"position\":2,\"name\":\"Viana do Castelo entre os distritos com maior aumento de insolv\u00eancias at\u00e9 setembro\"}]},{\"@type\":\"WebSite\",\"@id\":\"https:\\\/\\\/www.altominho.tv\\\/site\\\/#website\",\"url\":\"https:\\\/\\\/www.altominho.tv\\\/site\\\/\",\"name\":\"Altominho.tv\",\"description\":\"A sua regi\u00e3o \u00e0 dist\u00e2ncia de um clique...\",\"potentialAction\":[{\"@type\":\"SearchAction\",\"target\":{\"@type\":\"EntryPoint\",\"urlTemplate\":\"https:\\\/\\\/www.altominho.tv\\\/site\\\/?s={search_term_string}\"},\"query-input\":{\"@type\":\"PropertyValueSpecification\",\"valueRequired\":true,\"valueName\":\"search_term_string\"}}],\"inLanguage\":\"pt-PT\"},{\"@type\":\"Person\",\"@id\":\"https:\\\/\\\/www.altominho.tv\\\/site\\\/#\\\/schema\\\/person\\\/a0bff6dc1041aadd46fa81887444b017\",\"name\":\"Andreia Ferreira | Lusa\",\"image\":{\"@type\":\"ImageObject\",\"inLanguage\":\"pt-PT\",\"@id\":\"https:\\\/\\\/www.altominho.tv\\\/site\\\/wp-content\\\/uploads\\\/2018\\\/04\\\/Andreia-150x150.jpg\",\"url\":\"https:\\\/\\\/www.altominho.tv\\\/site\\\/wp-content\\\/uploads\\\/2018\\\/04\\\/Andreia-150x150.jpg\",\"contentUrl\":\"https:\\\/\\\/www.altominho.tv\\\/site\\\/wp-content\\\/uploads\\\/2018\\\/04\\\/Andreia-150x150.jpg\",\"caption\":\"Andreia Ferreira | Lusa\"},\"sameAs\":[\"https:\\\/\\\/www.altominho.tv\\\/site\"],\"url\":\"https:\\\/\\\/www.altominho.tv\\\/site\\\/author\\\/andreiaferreiralusa\\\/\"}]}<\/script>\n<!-- \/ Yoast SEO Premium plugin. -->","yoast_head_json":{"title":"Viana do Castelo entre os distritos com maior aumento de insolv\u00eancias at\u00e9 setembro","robots":{"index":"index","follow":"follow","max-snippet":"max-snippet:-1","max-image-preview":"max-image-preview:large","max-video-preview":"max-video-preview:-1"},"canonical":"https:\/\/www.altominho.tv\/site\/2020\/10\/09\/viana-do-castelo-entre-os-distritos-com-maior-aumento-de-insolvencias-ate-setembro\/","og_locale":"pt_PT","og_type":"article","og_title":"Viana do Castelo entre os distritos com maior aumento de insolv\u00eancias at\u00e9 setembro","og_description":"Viana do Castelo est\u00e1 entre os distritos portugueses que maior aumento de insolv\u00eancias t\u00eam registado, situando-se no final de setembro numa varia\u00e7\u00e3o de 39,2% face ao per\u00edodo hom\u00f3logo. Segundo dados da Iberinform, o n\u00famero de insolv\u00eancias em Portugal atingiu, em final do m\u00eas passado, os 3.877, um aumento de 424 empresas insolventes face aos primeiros [&hellip;]","og_url":"https:\/\/www.altominho.tv\/site\/2020\/10\/09\/viana-do-castelo-entre-os-distritos-com-maior-aumento-de-insolvencias-ate-setembro\/","og_site_name":"Altominho.tv","article_publisher":"https:\/\/www.facebook.com\/altominhotv","article_published_time":"2020-10-09T11:26:51+00:00","article_modified_time":"2020-10-09T11:26:54+00:00","og_image":[{"width":740,"height":461,"url":"https:\/\/www.altominho.tv\/site\/wp-content\/uploads\/2020\/10\/Empresas-3-740x461-1.png","type":"image\/png"}],"author":"Andreia Ferreira | Lusa","twitter_card":"summary_large_image","twitter_creator":"@altominhoTV","twitter_site":"@altominhoTV","twitter_misc":{"Escrito por":"Andreia Ferreira | Lusa","Tempo estimado de leitura":"2 minutos"},"schema":{"@context":"https:\/\/schema.org","@graph":[{"@type":"Article","@id":"https:\/\/www.altominho.tv\/site\/2020\/10\/09\/viana-do-castelo-entre-os-distritos-com-maior-aumento-de-insolvencias-ate-setembro\/#article","isPartOf":{"@id":"https:\/\/www.altominho.tv\/site\/2020\/10\/09\/viana-do-castelo-entre-os-distritos-com-maior-aumento-de-insolvencias-ate-setembro\/"},"author":{"name":"Andreia Ferreira | Lusa","@id":"https:\/\/www.altominho.tv\/site\/#\/schema\/person\/a0bff6dc1041aadd46fa81887444b017"},"headline":"Viana do Castelo entre os distritos com maior aumento de insolv\u00eancias at\u00e9 setembro","datePublished":"2020-10-09T11:26:51+00:00","dateModified":"2020-10-09T11:26:54+00:00","mainEntityOfPage":{"@id":"https:\/\/www.altominho.tv\/site\/2020\/10\/09\/viana-do-castelo-entre-os-distritos-com-maior-aumento-de-insolvencias-ate-setembro\/"},"wordCount":410,"image":{"@id":"https:\/\/www.altominho.tv\/site\/2020\/10\/09\/viana-do-castelo-entre-os-distritos-com-maior-aumento-de-insolvencias-ate-setembro\/#primaryimage"},"thumbnailUrl":"https:\/\/www.altominho.tv\/site\/wp-content\/uploads\/2020\/10\/Empresas-3-740x461-1.png","keywords":["Economia"],"articleSection":["Alto Minho"],"inLanguage":"pt-PT","copyrightYear":"2020","copyrightHolder":{"@id":"https:\/\/www.altominho.tv\/site\/#organization"}},{"@type":"WebPage","@id":"https:\/\/www.altominho.tv\/site\/2020\/10\/09\/viana-do-castelo-entre-os-distritos-com-maior-aumento-de-insolvencias-ate-setembro\/","url":"https:\/\/www.altominho.tv\/site\/2020\/10\/09\/viana-do-castelo-entre-os-distritos-com-maior-aumento-de-insolvencias-ate-setembro\/","name":"Viana do Castelo entre os distritos com maior aumento de insolv\u00eancias at\u00e9 setembro","isPartOf":{"@id":"https:\/\/www.altominho.tv\/site\/#website"},"primaryImageOfPage":{"@id":"https:\/\/www.altominho.tv\/site\/2020\/10\/09\/viana-do-castelo-entre-os-distritos-com-maior-aumento-de-insolvencias-ate-setembro\/#primaryimage"},"image":{"@id":"https:\/\/www.altominho.tv\/site\/2020\/10\/09\/viana-do-castelo-entre-os-distritos-com-maior-aumento-de-insolvencias-ate-setembro\/#primaryimage"},"thumbnailUrl":"https:\/\/www.altominho.tv\/site\/wp-content\/uploads\/2020\/10\/Empresas-3-740x461-1.png","datePublished":"2020-10-09T11:26:51+00:00","dateModified":"2020-10-09T11:26:54+00:00","author":{"@id":"https:\/\/www.altominho.tv\/site\/#\/schema\/person\/a0bff6dc1041aadd46fa81887444b017"},"breadcrumb":{"@id":"https:\/\/www.altominho.tv\/site\/2020\/10\/09\/viana-do-castelo-entre-os-distritos-com-maior-aumento-de-insolvencias-ate-setembro\/#breadcrumb"},"inLanguage":"pt-PT","potentialAction":[{"@type":"ReadAction","target":["https:\/\/www.altominho.tv\/site\/2020\/10\/09\/viana-do-castelo-entre-os-distritos-com-maior-aumento-de-insolvencias-ate-setembro\/"]}]},{"@type":"ImageObject","inLanguage":"pt-PT","@id":"https:\/\/www.altominho.tv\/site\/2020\/10\/09\/viana-do-castelo-entre-os-distritos-com-maior-aumento-de-insolvencias-ate-setembro\/#primaryimage","url":"https:\/\/www.altominho.tv\/site\/wp-content\/uploads\/2020\/10\/Empresas-3-740x461-1.png","contentUrl":"https:\/\/www.altominho.tv\/site\/wp-content\/uploads\/2020\/10\/Empresas-3-740x461-1.png","width":740,"height":461},{"@type":"BreadcrumbList","@id":"https:\/\/www.altominho.tv\/site\/2020\/10\/09\/viana-do-castelo-entre-os-distritos-com-maior-aumento-de-insolvencias-ate-setembro\/#breadcrumb","itemListElement":[{"@type":"ListItem","position":1,"name":"In\u00edcio","item":"https:\/\/www.altominho.tv\/site\/"},{"@type":"ListItem","position":2,"name":"Viana do Castelo entre os distritos com maior aumento de insolv\u00eancias at\u00e9 setembro"}]},{"@type":"WebSite","@id":"https:\/\/www.altominho.tv\/site\/#website","url":"https:\/\/www.altominho.tv\/site\/","name":"Altominho.tv","description":"A sua regi\u00e3o \u00e0 dist\u00e2ncia de um clique...","potentialAction":[{"@type":"SearchAction","target":{"@type":"EntryPoint","urlTemplate":"https:\/\/www.altominho.tv\/site\/?s={search_term_string}"},"query-input":{"@type":"PropertyValueSpecification","valueRequired":true,"valueName":"search_term_string"}}],"inLanguage":"pt-PT"},{"@type":"Person","@id":"https:\/\/www.altominho.tv\/site\/#\/schema\/person\/a0bff6dc1041aadd46fa81887444b017","name":"Andreia Ferreira | Lusa","image":{"@type":"ImageObject","inLanguage":"pt-PT","@id":"https:\/\/www.altominho.tv\/site\/wp-content\/uploads\/2018\/04\/Andreia-150x150.jpg","url":"https:\/\/www.altominho.tv\/site\/wp-content\/uploads\/2018\/04\/Andreia-150x150.jpg","contentUrl":"https:\/\/www.altominho.tv\/site\/wp-content\/uploads\/2018\/04\/Andreia-150x150.jpg","caption":"Andreia Ferreira | Lusa"},"sameAs":["https:\/\/www.altominho.tv\/site"],"url":"https:\/\/www.altominho.tv\/site\/author\/andreiaferreiralusa\/"}]}},"_links":{"self":[{"href":"https:\/\/www.altominho.tv\/site\/wp-json\/wp\/v2\/posts\/53548","targetHints":{"allow":["GET"]}}],"collection":[{"href":"https:\/\/www.altominho.tv\/site\/wp-json\/wp\/v2\/posts"}],"about":[{"href":"https:\/\/www.altominho.tv\/site\/wp-json\/wp\/v2\/types\/post"}],"author":[{"embeddable":true,"href":"https:\/\/www.altominho.tv\/site\/wp-json\/wp\/v2\/users\/15"}],"replies":[{"embeddable":true,"href":"https:\/\/www.altominho.tv\/site\/wp-json\/wp\/v2\/comments?post=53548"}],"version-history":[{"count":0,"href":"https:\/\/www.altominho.tv\/site\/wp-json\/wp\/v2\/posts\/53548\/revisions"}],"wp:featuredmedia":[{"embeddable":true,"href":"https:\/\/www.altominho.tv\/site\/wp-json\/wp\/v2\/media\/53550"}],"wp:attachment":[{"href":"https:\/\/www.altominho.tv\/site\/wp-json\/wp\/v2\/media?parent=53548"}],"wp:term":[{"taxonomy":"category","embeddable":true,"href":"https:\/\/www.altominho.tv\/site\/wp-json\/wp\/v2\/categories?post=53548"},{"taxonomy":"post_tag","embeddable":true,"href":"https:\/\/www.altominho.tv\/site\/wp-json\/wp\/v2\/tags?post=53548"}],"curies":[{"name":"wp","href":"https:\/\/api.w.org\/{rel}","templated":true}]}}