{"id":53536,"date":"2020-10-09T10:08:58","date_gmt":"2020-10-09T09:08:58","guid":{"rendered":"http:\/\/www.altominho.tv\/site\/?p=53536"},"modified":"2022-01-17T14:24:01","modified_gmt":"2022-01-17T14:24:01","slug":"psd-questiona-governo-sobre-dragagem-do-porto-de-vila-praia-de-ancora","status":"publish","type":"post","link":"https:\/\/www.altominho.tv\/site\/2020\/10\/09\/psd-questiona-governo-sobre-dragagem-do-porto-de-vila-praia-de-ancora\/","title":{"rendered":"PSD questiona Governo sobre dragagem do porto de Vila Praia de \u00c2ncora"},"content":{"rendered":"<p>Os deputados do PSD eleitos por Viana do Castelo questionaram o ministro do Mar sobre a dragagem do porto de Vila Praia de \u00c2ncora, em Caminha, que deveria, dizem, ter-se iniciado em setembro.<\/p>\n<p>&#8220;Perante a promessa de ver o seu problema resolvido a comunidade piscat\u00f3ria aguardou ansiosamente o m\u00eas de setembro na expetativa de finalmente ter condi\u00e7\u00f5es para sair para a faina e entrar no porto sem que a sua vida seja colocada em causa, como sucede atualmente&#8221;, referem os deputados Jorge Mendes, Em\u00edlia Cerqueira e Eduardo Teixeira, numa nota enviada \u00e0s reda\u00e7\u00f5es.<\/p>\n<p>No documento lamentam que o m\u00eas de setembro tenha terminado e que &#8220;j\u00e1 em pleno m\u00eas de outubro nada tenha sido feito, mais uma vez&#8221;. &#8220;A comunidade local espera e desespera pelo desassoreamento repetidamente prometido e sempre adiado&#8221;, frisam.<\/p>\n<p>Na pergunta que dirigiram ao ministro Ricardo Serr\u00e3o Santos, os tr\u00eas deputados eleitos pelo c\u00edrculo de Viana do Castelo insistem na defini\u00e7\u00e3o de um calend\u00e1rio de arranque da interven\u00e7\u00e3o. Relembram j\u00e1 ter questionado o ministro do Mar sobre o mesmo assunto, em junho, e que o arranque da obra estava previsto para &#8220;o segundo semestre de 2020&#8221;.<\/p>\n<p>&#8220;N\u00e3o obstante a resposta enviada pelo Minist\u00e9rio do Mar n\u00e3o precisar a altura exata em que as obras ser\u00e3o levadas a efeito, foi abundantemente anunciado localmente que as mesmas ocorreriam no in\u00edcio do m\u00eas de setembro&#8221;, dizem os deputados.<\/p>\n<p>Na mesma resposta, o ministro do Mar explicou que &#8220;os trabalhos integram uma adjudica\u00e7\u00e3o mais vasta, designada de interven\u00e7\u00e3o de alimenta\u00e7\u00e3o artificial, prote\u00e7\u00e3o e reabilita\u00e7\u00e3o do sistema costeiro natural da duna dos Caldeir\u00f5es, atrav\u00e9s da alimenta\u00e7\u00e3o remo\u00e7\u00e3o e migra\u00e7\u00e3o de areias da barra, canal de entrada e bacia portu\u00e1ria do porto de Vila Praia de \u00c2ncora&#8221;.<\/p>\n","protected":false},"excerpt":{"rendered":"<p>Os deputados do PSD eleitos por Viana do Castelo questionaram o ministro do Mar sobre a dragagem do porto de Vila Praia de \u00c2ncora, em Caminha, que deveria, dizem, ter-se iniciado em setembro. &#8220;Perante a promessa de ver o seu problema resolvido a comunidade piscat\u00f3ria aguardou ansiosamente o m\u00eas de setembro na expetativa de finalmente [&hellip;]<\/p>\n","protected":false},"author":15,"featured_media":53537,"comment_status":"closed","ping_status":"closed","sticky":false,"template":"","format":"standard","meta":{"_exactmetrics_skip_tracking":false,"_exactmetrics_sitenote_active":false,"_exactmetrics_sitenote_note":"","_exactmetrics_sitenote_category":0,"footnotes":""},"categories":[7],"tags":[56326,27],"class_list":["post-53536","post","type-post","status-publish","format-standard","has-post-thumbnail","hentry","category-caminha","tag-politica","tag-sociedade"],"yoast_head":"<!-- This site is optimized with the Yoast SEO Premium plugin v27.4 (Yoast SEO v27.4) - https:\/\/yoast.com\/product\/yoast-seo-premium-wordpress\/ -->\n<title>PSD questiona Governo sobre dragagem do porto de Vila Praia de \u00c2ncora<\/title>\n<meta name=\"robots\" content=\"index, follow, max-snippet:-1, max-image-preview:large, max-video-preview:-1\" \/>\n<link rel=\"canonical\" href=\"https:\/\/www.altominho.tv\/site\/2020\/10\/09\/psd-questiona-governo-sobre-dragagem-do-porto-de-vila-praia-de-ancora\/\" \/>\n<meta property=\"og:locale\" content=\"pt_PT\" \/>\n<meta property=\"og:type\" content=\"article\" \/>\n<meta property=\"og:title\" content=\"PSD questiona Governo sobre dragagem do porto de Vila Praia de \u00c2ncora\" \/>\n<meta property=\"og:description\" content=\"Os deputados do PSD eleitos por Viana do Castelo questionaram o ministro do Mar sobre a dragagem do porto de Vila Praia de \u00c2ncora, em Caminha, que deveria, dizem, ter-se iniciado em setembro. &#8220;Perante a promessa de ver o seu problema resolvido a comunidade piscat\u00f3ria aguardou ansiosamente o m\u00eas de setembro na expetativa de finalmente [&hellip;]\" \/>\n<meta property=\"og:url\" content=\"https:\/\/www.altominho.tv\/site\/2020\/10\/09\/psd-questiona-governo-sobre-dragagem-do-porto-de-vila-praia-de-ancora\/\" \/>\n<meta property=\"og:site_name\" content=\"Altominho.tv\" \/>\n<meta property=\"article:publisher\" content=\"https:\/\/www.facebook.com\/altominhotv\" \/>\n<meta property=\"article:published_time\" content=\"2020-10-09T09:08:58+00:00\" \/>\n<meta property=\"article:modified_time\" content=\"2022-01-17T14:24:01+00:00\" \/>\n<meta property=\"og:image\" content=\"https:\/\/www.altominho.tv\/site\/wp-content\/uploads\/2020\/10\/Porto-Ancora.jpg\" \/>\n\t<meta property=\"og:image:width\" content=\"960\" \/>\n\t<meta property=\"og:image:height\" content=\"600\" \/>\n\t<meta property=\"og:image:type\" content=\"image\/jpeg\" \/>\n<meta name=\"author\" content=\"Andreia Ferreira | Lusa\" \/>\n<meta name=\"twitter:card\" content=\"summary_large_image\" \/>\n<meta name=\"twitter:creator\" content=\"@altominhoTV\" \/>\n<meta name=\"twitter:site\" content=\"@altominhoTV\" \/>\n<meta name=\"twitter:label1\" content=\"Escrito por\" \/>\n\t<meta name=\"twitter:data1\" content=\"Andreia Ferreira | Lusa\" \/>\n\t<meta name=\"twitter:label2\" content=\"Tempo estimado de leitura\" \/>\n\t<meta name=\"twitter:data2\" content=\"2 minutos\" \/>\n<script type=\"application\/ld+json\" class=\"yoast-schema-graph\">{\"@context\":\"https:\\\/\\\/schema.org\",\"@graph\":[{\"@type\":\"Article\",\"@id\":\"https:\\\/\\\/www.altominho.tv\\\/site\\\/2020\\\/10\\\/09\\\/psd-questiona-governo-sobre-dragagem-do-porto-de-vila-praia-de-ancora\\\/#article\",\"isPartOf\":{\"@id\":\"https:\\\/\\\/www.altominho.tv\\\/site\\\/2020\\\/10\\\/09\\\/psd-questiona-governo-sobre-dragagem-do-porto-de-vila-praia-de-ancora\\\/\"},\"author\":{\"name\":\"Andreia Ferreira | Lusa\",\"@id\":\"https:\\\/\\\/www.altominho.tv\\\/site\\\/#\\\/schema\\\/person\\\/a0bff6dc1041aadd46fa81887444b017\"},\"headline\":\"PSD questiona Governo sobre dragagem do porto de Vila Praia de \u00c2ncora\",\"datePublished\":\"2020-10-09T09:08:58+00:00\",\"dateModified\":\"2022-01-17T14:24:01+00:00\",\"mainEntityOfPage\":{\"@id\":\"https:\\\/\\\/www.altominho.tv\\\/site\\\/2020\\\/10\\\/09\\\/psd-questiona-governo-sobre-dragagem-do-porto-de-vila-praia-de-ancora\\\/\"},\"wordCount\":325,\"image\":{\"@id\":\"https:\\\/\\\/www.altominho.tv\\\/site\\\/2020\\\/10\\\/09\\\/psd-questiona-governo-sobre-dragagem-do-porto-de-vila-praia-de-ancora\\\/#primaryimage\"},\"thumbnailUrl\":\"https:\\\/\\\/www.altominho.tv\\\/site\\\/wp-content\\\/uploads\\\/2020\\\/10\\\/Porto-Ancora-e1709650701701.jpg\",\"keywords\":[\"Pol\u00edtica\",\"Sociedade\"],\"articleSection\":[\"Caminha\"],\"inLanguage\":\"pt-PT\",\"copyrightYear\":\"2020\",\"copyrightHolder\":{\"@id\":\"https:\\\/\\\/www.altominho.tv\\\/site\\\/#organization\"}},{\"@type\":\"WebPage\",\"@id\":\"https:\\\/\\\/www.altominho.tv\\\/site\\\/2020\\\/10\\\/09\\\/psd-questiona-governo-sobre-dragagem-do-porto-de-vila-praia-de-ancora\\\/\",\"url\":\"https:\\\/\\\/www.altominho.tv\\\/site\\\/2020\\\/10\\\/09\\\/psd-questiona-governo-sobre-dragagem-do-porto-de-vila-praia-de-ancora\\\/\",\"name\":\"PSD questiona Governo sobre dragagem do porto de Vila Praia de \u00c2ncora\",\"isPartOf\":{\"@id\":\"https:\\\/\\\/www.altominho.tv\\\/site\\\/#website\"},\"primaryImageOfPage\":{\"@id\":\"https:\\\/\\\/www.altominho.tv\\\/site\\\/2020\\\/10\\\/09\\\/psd-questiona-governo-sobre-dragagem-do-porto-de-vila-praia-de-ancora\\\/#primaryimage\"},\"image\":{\"@id\":\"https:\\\/\\\/www.altominho.tv\\\/site\\\/2020\\\/10\\\/09\\\/psd-questiona-governo-sobre-dragagem-do-porto-de-vila-praia-de-ancora\\\/#primaryimage\"},\"thumbnailUrl\":\"https:\\\/\\\/www.altominho.tv\\\/site\\\/wp-content\\\/uploads\\\/2020\\\/10\\\/Porto-Ancora-e1709650701701.jpg\",\"datePublished\":\"2020-10-09T09:08:58+00:00\",\"dateModified\":\"2022-01-17T14:24:01+00:00\",\"author\":{\"@id\":\"https:\\\/\\\/www.altominho.tv\\\/site\\\/#\\\/schema\\\/person\\\/a0bff6dc1041aadd46fa81887444b017\"},\"breadcrumb\":{\"@id\":\"https:\\\/\\\/www.altominho.tv\\\/site\\\/2020\\\/10\\\/09\\\/psd-questiona-governo-sobre-dragagem-do-porto-de-vila-praia-de-ancora\\\/#breadcrumb\"},\"inLanguage\":\"pt-PT\",\"potentialAction\":[{\"@type\":\"ReadAction\",\"target\":[\"https:\\\/\\\/www.altominho.tv\\\/site\\\/2020\\\/10\\\/09\\\/psd-questiona-governo-sobre-dragagem-do-porto-de-vila-praia-de-ancora\\\/\"]}]},{\"@type\":\"ImageObject\",\"inLanguage\":\"pt-PT\",\"@id\":\"https:\\\/\\\/www.altominho.tv\\\/site\\\/2020\\\/10\\\/09\\\/psd-questiona-governo-sobre-dragagem-do-porto-de-vila-praia-de-ancora\\\/#primaryimage\",\"url\":\"https:\\\/\\\/www.altominho.tv\\\/site\\\/wp-content\\\/uploads\\\/2020\\\/10\\\/Porto-Ancora-e1709650701701.jpg\",\"contentUrl\":\"https:\\\/\\\/www.altominho.tv\\\/site\\\/wp-content\\\/uploads\\\/2020\\\/10\\\/Porto-Ancora-e1709650701701.jpg\",\"width\":960,\"height\":555},{\"@type\":\"BreadcrumbList\",\"@id\":\"https:\\\/\\\/www.altominho.tv\\\/site\\\/2020\\\/10\\\/09\\\/psd-questiona-governo-sobre-dragagem-do-porto-de-vila-praia-de-ancora\\\/#breadcrumb\",\"itemListElement\":[{\"@type\":\"ListItem\",\"position\":1,\"name\":\"In\u00edcio\",\"item\":\"https:\\\/\\\/www.altominho.tv\\\/site\\\/\"},{\"@type\":\"ListItem\",\"position\":2,\"name\":\"PSD questiona Governo sobre dragagem do porto de Vila Praia de \u00c2ncora\"}]},{\"@type\":\"WebSite\",\"@id\":\"https:\\\/\\\/www.altominho.tv\\\/site\\\/#website\",\"url\":\"https:\\\/\\\/www.altominho.tv\\\/site\\\/\",\"name\":\"Altominho.tv\",\"description\":\"A sua regi\u00e3o \u00e0 dist\u00e2ncia de um clique...\",\"potentialAction\":[{\"@type\":\"SearchAction\",\"target\":{\"@type\":\"EntryPoint\",\"urlTemplate\":\"https:\\\/\\\/www.altominho.tv\\\/site\\\/?s={search_term_string}\"},\"query-input\":{\"@type\":\"PropertyValueSpecification\",\"valueRequired\":true,\"valueName\":\"search_term_string\"}}],\"inLanguage\":\"pt-PT\"},{\"@type\":\"Person\",\"@id\":\"https:\\\/\\\/www.altominho.tv\\\/site\\\/#\\\/schema\\\/person\\\/a0bff6dc1041aadd46fa81887444b017\",\"name\":\"Andreia Ferreira | Lusa\",\"image\":{\"@type\":\"ImageObject\",\"inLanguage\":\"pt-PT\",\"@id\":\"https:\\\/\\\/www.altominho.tv\\\/site\\\/wp-content\\\/uploads\\\/2018\\\/04\\\/Andreia-150x150.jpg\",\"url\":\"https:\\\/\\\/www.altominho.tv\\\/site\\\/wp-content\\\/uploads\\\/2018\\\/04\\\/Andreia-150x150.jpg\",\"contentUrl\":\"https:\\\/\\\/www.altominho.tv\\\/site\\\/wp-content\\\/uploads\\\/2018\\\/04\\\/Andreia-150x150.jpg\",\"caption\":\"Andreia Ferreira | Lusa\"},\"sameAs\":[\"https:\\\/\\\/www.altominho.tv\\\/site\"],\"url\":\"https:\\\/\\\/www.altominho.tv\\\/site\\\/author\\\/andreiaferreiralusa\\\/\"}]}<\/script>\n<!-- \/ Yoast SEO Premium plugin. -->","yoast_head_json":{"title":"PSD questiona Governo sobre dragagem do porto de Vila Praia de \u00c2ncora","robots":{"index":"index","follow":"follow","max-snippet":"max-snippet:-1","max-image-preview":"max-image-preview:large","max-video-preview":"max-video-preview:-1"},"canonical":"https:\/\/www.altominho.tv\/site\/2020\/10\/09\/psd-questiona-governo-sobre-dragagem-do-porto-de-vila-praia-de-ancora\/","og_locale":"pt_PT","og_type":"article","og_title":"PSD questiona Governo sobre dragagem do porto de Vila Praia de \u00c2ncora","og_description":"Os deputados do PSD eleitos por Viana do Castelo questionaram o ministro do Mar sobre a dragagem do porto de Vila Praia de \u00c2ncora, em Caminha, que deveria, dizem, ter-se iniciado em setembro. &#8220;Perante a promessa de ver o seu problema resolvido a comunidade piscat\u00f3ria aguardou ansiosamente o m\u00eas de setembro na expetativa de finalmente [&hellip;]","og_url":"https:\/\/www.altominho.tv\/site\/2020\/10\/09\/psd-questiona-governo-sobre-dragagem-do-porto-de-vila-praia-de-ancora\/","og_site_name":"Altominho.tv","article_publisher":"https:\/\/www.facebook.com\/altominhotv","article_published_time":"2020-10-09T09:08:58+00:00","article_modified_time":"2022-01-17T14:24:01+00:00","og_image":[{"width":960,"height":600,"url":"https:\/\/www.altominho.tv\/site\/wp-content\/uploads\/2020\/10\/Porto-Ancora.jpg","type":"image\/jpeg"}],"author":"Andreia Ferreira | Lusa","twitter_card":"summary_large_image","twitter_creator":"@altominhoTV","twitter_site":"@altominhoTV","twitter_misc":{"Escrito por":"Andreia Ferreira | Lusa","Tempo estimado de leitura":"2 minutos"},"schema":{"@context":"https:\/\/schema.org","@graph":[{"@type":"Article","@id":"https:\/\/www.altominho.tv\/site\/2020\/10\/09\/psd-questiona-governo-sobre-dragagem-do-porto-de-vila-praia-de-ancora\/#article","isPartOf":{"@id":"https:\/\/www.altominho.tv\/site\/2020\/10\/09\/psd-questiona-governo-sobre-dragagem-do-porto-de-vila-praia-de-ancora\/"},"author":{"name":"Andreia Ferreira | Lusa","@id":"https:\/\/www.altominho.tv\/site\/#\/schema\/person\/a0bff6dc1041aadd46fa81887444b017"},"headline":"PSD questiona Governo sobre dragagem do porto de Vila Praia de \u00c2ncora","datePublished":"2020-10-09T09:08:58+00:00","dateModified":"2022-01-17T14:24:01+00:00","mainEntityOfPage":{"@id":"https:\/\/www.altominho.tv\/site\/2020\/10\/09\/psd-questiona-governo-sobre-dragagem-do-porto-de-vila-praia-de-ancora\/"},"wordCount":325,"image":{"@id":"https:\/\/www.altominho.tv\/site\/2020\/10\/09\/psd-questiona-governo-sobre-dragagem-do-porto-de-vila-praia-de-ancora\/#primaryimage"},"thumbnailUrl":"https:\/\/www.altominho.tv\/site\/wp-content\/uploads\/2020\/10\/Porto-Ancora-e1709650701701.jpg","keywords":["Pol\u00edtica","Sociedade"],"articleSection":["Caminha"],"inLanguage":"pt-PT","copyrightYear":"2020","copyrightHolder":{"@id":"https:\/\/www.altominho.tv\/site\/#organization"}},{"@type":"WebPage","@id":"https:\/\/www.altominho.tv\/site\/2020\/10\/09\/psd-questiona-governo-sobre-dragagem-do-porto-de-vila-praia-de-ancora\/","url":"https:\/\/www.altominho.tv\/site\/2020\/10\/09\/psd-questiona-governo-sobre-dragagem-do-porto-de-vila-praia-de-ancora\/","name":"PSD questiona Governo sobre dragagem do porto de Vila Praia de \u00c2ncora","isPartOf":{"@id":"https:\/\/www.altominho.tv\/site\/#website"},"primaryImageOfPage":{"@id":"https:\/\/www.altominho.tv\/site\/2020\/10\/09\/psd-questiona-governo-sobre-dragagem-do-porto-de-vila-praia-de-ancora\/#primaryimage"},"image":{"@id":"https:\/\/www.altominho.tv\/site\/2020\/10\/09\/psd-questiona-governo-sobre-dragagem-do-porto-de-vila-praia-de-ancora\/#primaryimage"},"thumbnailUrl":"https:\/\/www.altominho.tv\/site\/wp-content\/uploads\/2020\/10\/Porto-Ancora-e1709650701701.jpg","datePublished":"2020-10-09T09:08:58+00:00","dateModified":"2022-01-17T14:24:01+00:00","author":{"@id":"https:\/\/www.altominho.tv\/site\/#\/schema\/person\/a0bff6dc1041aadd46fa81887444b017"},"breadcrumb":{"@id":"https:\/\/www.altominho.tv\/site\/2020\/10\/09\/psd-questiona-governo-sobre-dragagem-do-porto-de-vila-praia-de-ancora\/#breadcrumb"},"inLanguage":"pt-PT","potentialAction":[{"@type":"ReadAction","target":["https:\/\/www.altominho.tv\/site\/2020\/10\/09\/psd-questiona-governo-sobre-dragagem-do-porto-de-vila-praia-de-ancora\/"]}]},{"@type":"ImageObject","inLanguage":"pt-PT","@id":"https:\/\/www.altominho.tv\/site\/2020\/10\/09\/psd-questiona-governo-sobre-dragagem-do-porto-de-vila-praia-de-ancora\/#primaryimage","url":"https:\/\/www.altominho.tv\/site\/wp-content\/uploads\/2020\/10\/Porto-Ancora-e1709650701701.jpg","contentUrl":"https:\/\/www.altominho.tv\/site\/wp-content\/uploads\/2020\/10\/Porto-Ancora-e1709650701701.jpg","width":960,"height":555},{"@type":"BreadcrumbList","@id":"https:\/\/www.altominho.tv\/site\/2020\/10\/09\/psd-questiona-governo-sobre-dragagem-do-porto-de-vila-praia-de-ancora\/#breadcrumb","itemListElement":[{"@type":"ListItem","position":1,"name":"In\u00edcio","item":"https:\/\/www.altominho.tv\/site\/"},{"@type":"ListItem","position":2,"name":"PSD questiona Governo sobre dragagem do porto de Vila Praia de \u00c2ncora"}]},{"@type":"WebSite","@id":"https:\/\/www.altominho.tv\/site\/#website","url":"https:\/\/www.altominho.tv\/site\/","name":"Altominho.tv","description":"A sua regi\u00e3o \u00e0 dist\u00e2ncia de um clique...","potentialAction":[{"@type":"SearchAction","target":{"@type":"EntryPoint","urlTemplate":"https:\/\/www.altominho.tv\/site\/?s={search_term_string}"},"query-input":{"@type":"PropertyValueSpecification","valueRequired":true,"valueName":"search_term_string"}}],"inLanguage":"pt-PT"},{"@type":"Person","@id":"https:\/\/www.altominho.tv\/site\/#\/schema\/person\/a0bff6dc1041aadd46fa81887444b017","name":"Andreia Ferreira | Lusa","image":{"@type":"ImageObject","inLanguage":"pt-PT","@id":"https:\/\/www.altominho.tv\/site\/wp-content\/uploads\/2018\/04\/Andreia-150x150.jpg","url":"https:\/\/www.altominho.tv\/site\/wp-content\/uploads\/2018\/04\/Andreia-150x150.jpg","contentUrl":"https:\/\/www.altominho.tv\/site\/wp-content\/uploads\/2018\/04\/Andreia-150x150.jpg","caption":"Andreia Ferreira | Lusa"},"sameAs":["https:\/\/www.altominho.tv\/site"],"url":"https:\/\/www.altominho.tv\/site\/author\/andreiaferreiralusa\/"}]}},"_links":{"self":[{"href":"https:\/\/www.altominho.tv\/site\/wp-json\/wp\/v2\/posts\/53536","targetHints":{"allow":["GET"]}}],"collection":[{"href":"https:\/\/www.altominho.tv\/site\/wp-json\/wp\/v2\/posts"}],"about":[{"href":"https:\/\/www.altominho.tv\/site\/wp-json\/wp\/v2\/types\/post"}],"author":[{"embeddable":true,"href":"https:\/\/www.altominho.tv\/site\/wp-json\/wp\/v2\/users\/15"}],"replies":[{"embeddable":true,"href":"https:\/\/www.altominho.tv\/site\/wp-json\/wp\/v2\/comments?post=53536"}],"version-history":[{"count":0,"href":"https:\/\/www.altominho.tv\/site\/wp-json\/wp\/v2\/posts\/53536\/revisions"}],"wp:featuredmedia":[{"embeddable":true,"href":"https:\/\/www.altominho.tv\/site\/wp-json\/wp\/v2\/media\/53537"}],"wp:attachment":[{"href":"https:\/\/www.altominho.tv\/site\/wp-json\/wp\/v2\/media?parent=53536"}],"wp:term":[{"taxonomy":"category","embeddable":true,"href":"https:\/\/www.altominho.tv\/site\/wp-json\/wp\/v2\/categories?post=53536"},{"taxonomy":"post_tag","embeddable":true,"href":"https:\/\/www.altominho.tv\/site\/wp-json\/wp\/v2\/tags?post=53536"}],"curies":[{"name":"wp","href":"https:\/\/api.w.org\/{rel}","templated":true}]}}