{"id":53533,"date":"2020-10-09T11:01:38","date_gmt":"2020-10-09T10:01:38","guid":{"rendered":"http:\/\/www.altominho.tv\/site\/?p=53533"},"modified":"2020-10-09T11:01:41","modified_gmt":"2020-10-09T10:01:41","slug":"bandeira-verde-eco-escolas-atribuida-a-39-escolas-do-alto-minho","status":"publish","type":"post","link":"https:\/\/www.altominho.tv\/site\/2020\/10\/09\/bandeira-verde-eco-escolas-atribuida-a-39-escolas-do-alto-minho\/","title":{"rendered":"Bandeira Verde Eco-Escolas atribu\u00edda a 39 escolas do Alto Minho"},"content":{"rendered":"<p class=\"post-subtitle\"><strong>Das 45 escolas inscritas no distrito de Viana do Castelo, 39 v\u00e3o i\u00e7ar a bandeira verde do programa Eco-Escolas.<\/strong><\/p>\n<p>Os concelhos com as <a href=\"https:\/\/ecoescolas.abae.pt\/escolas-e-municipios\/escolas\/eco-escolas-2019-20\" target=\"_blank\" rel=\"noopener noreferrer\">escolas galardoadas<\/a> s\u00e3o Arcos de Valdevez (2), Caminha (15), Mon\u00e7\u00e3o (6), Ponte da Barca (2), Ponte de Lima (7), Valen\u00e7a (1), Viana do Castelo (5) e Vila Nova de Cerveira (1).<\/p>\n<p>Este ano, a entrega das Bandeiras Verdes Eco-Escolas 2020 ter\u00e1 lugar em Lisboa, a 30 de outubro. Devido \u00e0 pandemia, a cerim\u00f3nia vai realizar-se presencialmente no F\u00f3rum Lisboa (Areeiro), durante a tarde do dia 30 de outubro, e ser\u00e1 transmitida <em>online<\/em> pelo <em><a href=\"https:\/\/www.facebook.com\/ABAEfeePortugal\" target=\"_blank\" rel=\"noopener noreferrer\">Facebook<\/a><\/em>,\u00a0<em><a href=\"https:\/\/www.youtube.com\/c\/ABAE-FEE-Portugal\" target=\"_blank\" rel=\"noopener noreferrer\">Youtube<\/a><\/em>\u00a0e\u00a0<a href=\"https:\/\/abae.pt\/\" target=\"_blank\" rel=\"noopener noreferrer\">P\u00e1gina da Associa\u00e7\u00e3o Bandeira Azul da Europa.<\/a><\/p>\n<div class=\"postcontent content\">\n<p>O programa Eco-Escolas \u00e9 um projeto educativo internacional promovido pela Funda\u00e7\u00e3o para a Educa\u00e7\u00e3o Ambiental e apoiado pela Comiss\u00e3o Europeia. Em Portugal, \u00e9 organizado pela Associa\u00e7\u00e3o Bandeira Azul da Europa e desenvolvido\u00a0 desde 1996, sendo atualmente implementado em mais de 1500 escolas e de 230 concelhos em todo o territ\u00f3rio nacional, abrangendo todos os graus de ensino.<\/p>\n<p>De acordo com a\u00a0<a href=\"https:\/\/ecoescolas.abae.pt\/\">p\u00e1gina do projeto<\/a>, o programa \u201cpretende encorajar a\u00e7\u00f5es e reconhecer o trabalho de qualidade desenvolvido pela escola, no \u00e2mbito da Educa\u00e7\u00e3o Ambiental para a Sustentabilidade\u201d e visa ainda &#8220;criar h\u00e1bitos de participa\u00e7\u00e3o e cidadania, tendo como objetivo principal encontrar solu\u00e7\u00f5es que permitam melhorar a qualidade de vida na escola e na comunidade&#8221;.<\/p>\n<p>Uma escola que adere ao Eco-Escolas compromete-se a &#8220;desenvolver um conjunto de a\u00e7\u00f5es e atividades que dever\u00e3o envolver os diferentes elementos da comunidade escolar e da comunidade envolvente&#8221;. A Bandeira Verde simboliza que, naquela escola, se verifica uma \u201ceduca\u00e7\u00e3o ambiental coerente e de qualidade\u201d.<\/p>\n<\/div>\n","protected":false},"excerpt":{"rendered":"<p>Das 45 escolas inscritas no distrito de Viana do Castelo, 39 v\u00e3o i\u00e7ar a bandeira verde do programa Eco-Escolas. Os concelhos com as escolas galardoadas s\u00e3o Arcos de Valdevez (2), Caminha (15), Mon\u00e7\u00e3o (6), Ponte da Barca (2), Ponte de Lima (7), Valen\u00e7a (1), Viana do Castelo (5) e Vila Nova de Cerveira (1). Este [&hellip;]<\/p>\n","protected":false},"author":12,"featured_media":53534,"comment_status":"closed","ping_status":"closed","sticky":false,"template":"","format":"standard","meta":{"_exactmetrics_skip_tracking":false,"footnotes":""},"categories":[73],"tags":[22],"class_list":["post-53533","post","type-post","status-publish","format-standard","has-post-thumbnail","hentry","category-alto-minho","tag-educacao"],"yoast_head":"<!-- This site is optimized with the Yoast SEO Premium plugin v28.3 (Yoast SEO v28.3) - https:\/\/yoast.com\/product\/yoast-seo-premium-wordpress\/ -->\n<title>Bandeira Verde Eco-Escolas atribu\u00edda a 39 escolas do Alto Minho<\/title>\n<meta name=\"robots\" content=\"index, follow, max-snippet:-1, max-image-preview:large, max-video-preview:-1\" \/>\n<link rel=\"canonical\" href=\"https:\/\/www.altominho.tv\/site\/2020\/10\/09\/bandeira-verde-eco-escolas-atribuida-a-39-escolas-do-alto-minho\/\" \/>\n<meta property=\"og:locale\" content=\"pt_PT\" \/>\n<meta property=\"og:type\" content=\"article\" \/>\n<meta property=\"og:title\" content=\"Bandeira Verde Eco-Escolas atribu\u00edda a 39 escolas do Alto Minho\" \/>\n<meta property=\"og:description\" content=\"Das 45 escolas inscritas no distrito de Viana do Castelo, 39 v\u00e3o i\u00e7ar a bandeira verde do programa Eco-Escolas. Os concelhos com as escolas galardoadas s\u00e3o Arcos de Valdevez (2), Caminha (15), Mon\u00e7\u00e3o (6), Ponte da Barca (2), Ponte de Lima (7), Valen\u00e7a (1), Viana do Castelo (5) e Vila Nova de Cerveira (1). Este [&hellip;]\" \/>\n<meta property=\"og:url\" content=\"https:\/\/www.altominho.tv\/site\/2020\/10\/09\/bandeira-verde-eco-escolas-atribuida-a-39-escolas-do-alto-minho\/\" \/>\n<meta property=\"og:site_name\" content=\"Altominho.tv\" \/>\n<meta property=\"article:publisher\" content=\"https:\/\/www.facebook.com\/altominhotv\" \/>\n<meta property=\"article:published_time\" content=\"2020-10-09T10:01:38+00:00\" \/>\n<meta property=\"article:modified_time\" content=\"2020-10-09T10:01:41+00:00\" \/>\n<meta property=\"og:image\" content=\"https:\/\/www.altominho.tv\/site\/wp-content\/uploads\/2020\/10\/118600312_336906764109955_9052775170114164996_n.jpg\" \/>\n\t<meta property=\"og:image:width\" content=\"960\" \/>\n\t<meta property=\"og:image:height\" content=\"600\" \/>\n\t<meta property=\"og:image:type\" content=\"image\/jpeg\" \/>\n<meta name=\"author\" content=\"Andreia Ferreira\" \/>\n<meta name=\"twitter:card\" content=\"summary_large_image\" \/>\n<meta name=\"twitter:creator\" content=\"@altominhoTV\" \/>\n<meta name=\"twitter:site\" content=\"@altominhoTV\" \/>\n<meta name=\"twitter:label1\" content=\"Escrito por\" \/>\n\t<meta name=\"twitter:data1\" content=\"Andreia Ferreira\" \/>\n\t<meta name=\"twitter:label2\" content=\"Tempo estimado de leitura\" \/>\n\t<meta name=\"twitter:data2\" content=\"1 minuto\" \/>\n<script type=\"application\/ld+json\" class=\"yoast-schema-graph\">{\"@context\":\"https:\\\/\\\/schema.org\",\"@graph\":[{\"@type\":\"Article\",\"@id\":\"https:\\\/\\\/www.altominho.tv\\\/site\\\/2020\\\/10\\\/09\\\/bandeira-verde-eco-escolas-atribuida-a-39-escolas-do-alto-minho\\\/#article\",\"isPartOf\":{\"@id\":\"https:\\\/\\\/www.altominho.tv\\\/site\\\/2020\\\/10\\\/09\\\/bandeira-verde-eco-escolas-atribuida-a-39-escolas-do-alto-minho\\\/\"},\"author\":{\"name\":\"Andreia Ferreira\",\"@id\":\"https:\\\/\\\/www.altominho.tv\\\/site\\\/#\\\/schema\\\/person\\\/d9be4265364723f14ea8e0d56a1d38cd\"},\"headline\":\"Bandeira Verde Eco-Escolas atribu\u00edda a 39 escolas do Alto Minho\",\"datePublished\":\"2020-10-09T10:01:38+00:00\",\"dateModified\":\"2020-10-09T10:01:41+00:00\",\"mainEntityOfPage\":{\"@id\":\"https:\\\/\\\/www.altominho.tv\\\/site\\\/2020\\\/10\\\/09\\\/bandeira-verde-eco-escolas-atribuida-a-39-escolas-do-alto-minho\\\/\"},\"wordCount\":277,\"image\":{\"@id\":\"https:\\\/\\\/www.altominho.tv\\\/site\\\/2020\\\/10\\\/09\\\/bandeira-verde-eco-escolas-atribuida-a-39-escolas-do-alto-minho\\\/#primaryimage\"},\"thumbnailUrl\":\"https:\\\/\\\/www.altominho.tv\\\/site\\\/wp-content\\\/uploads\\\/2020\\\/10\\\/118600312_336906764109955_9052775170114164996_n.jpg\",\"keywords\":[\"Educa\u00e7\u00e3o\"],\"articleSection\":[\"Alto Minho\"],\"inLanguage\":\"pt-PT\",\"copyrightYear\":\"2020\",\"copyrightHolder\":{\"@id\":\"https:\\\/\\\/www.altominho.tv\\\/site\\\/#organization\"}},{\"@type\":\"WebPage\",\"@id\":\"https:\\\/\\\/www.altominho.tv\\\/site\\\/2020\\\/10\\\/09\\\/bandeira-verde-eco-escolas-atribuida-a-39-escolas-do-alto-minho\\\/\",\"url\":\"https:\\\/\\\/www.altominho.tv\\\/site\\\/2020\\\/10\\\/09\\\/bandeira-verde-eco-escolas-atribuida-a-39-escolas-do-alto-minho\\\/\",\"name\":\"Bandeira Verde Eco-Escolas atribu\u00edda a 39 escolas do Alto Minho\",\"isPartOf\":{\"@id\":\"https:\\\/\\\/www.altominho.tv\\\/site\\\/#website\"},\"primaryImageOfPage\":{\"@id\":\"https:\\\/\\\/www.altominho.tv\\\/site\\\/2020\\\/10\\\/09\\\/bandeira-verde-eco-escolas-atribuida-a-39-escolas-do-alto-minho\\\/#primaryimage\"},\"image\":{\"@id\":\"https:\\\/\\\/www.altominho.tv\\\/site\\\/2020\\\/10\\\/09\\\/bandeira-verde-eco-escolas-atribuida-a-39-escolas-do-alto-minho\\\/#primaryimage\"},\"thumbnailUrl\":\"https:\\\/\\\/www.altominho.tv\\\/site\\\/wp-content\\\/uploads\\\/2020\\\/10\\\/118600312_336906764109955_9052775170114164996_n.jpg\",\"datePublished\":\"2020-10-09T10:01:38+00:00\",\"dateModified\":\"2020-10-09T10:01:41+00:00\",\"author\":{\"@id\":\"https:\\\/\\\/www.altominho.tv\\\/site\\\/#\\\/schema\\\/person\\\/d9be4265364723f14ea8e0d56a1d38cd\"},\"breadcrumb\":{\"@id\":\"https:\\\/\\\/www.altominho.tv\\\/site\\\/2020\\\/10\\\/09\\\/bandeira-verde-eco-escolas-atribuida-a-39-escolas-do-alto-minho\\\/#breadcrumb\"},\"inLanguage\":\"pt-PT\",\"potentialAction\":[{\"@type\":\"ReadAction\",\"target\":[\"https:\\\/\\\/www.altominho.tv\\\/site\\\/2020\\\/10\\\/09\\\/bandeira-verde-eco-escolas-atribuida-a-39-escolas-do-alto-minho\\\/\"]}]},{\"@type\":\"ImageObject\",\"inLanguage\":\"pt-PT\",\"@id\":\"https:\\\/\\\/www.altominho.tv\\\/site\\\/2020\\\/10\\\/09\\\/bandeira-verde-eco-escolas-atribuida-a-39-escolas-do-alto-minho\\\/#primaryimage\",\"url\":\"https:\\\/\\\/www.altominho.tv\\\/site\\\/wp-content\\\/uploads\\\/2020\\\/10\\\/118600312_336906764109955_9052775170114164996_n.jpg\",\"contentUrl\":\"https:\\\/\\\/www.altominho.tv\\\/site\\\/wp-content\\\/uploads\\\/2020\\\/10\\\/118600312_336906764109955_9052775170114164996_n.jpg\",\"width\":960,\"height\":600},{\"@type\":\"BreadcrumbList\",\"@id\":\"https:\\\/\\\/www.altominho.tv\\\/site\\\/2020\\\/10\\\/09\\\/bandeira-verde-eco-escolas-atribuida-a-39-escolas-do-alto-minho\\\/#breadcrumb\",\"itemListElement\":[{\"@type\":\"ListItem\",\"position\":1,\"name\":\"In\u00edcio\",\"item\":\"https:\\\/\\\/www.altominho.tv\\\/site\\\/\"},{\"@type\":\"ListItem\",\"position\":2,\"name\":\"Bandeira Verde Eco-Escolas atribu\u00edda a 39 escolas do Alto Minho\"}]},{\"@type\":\"WebSite\",\"@id\":\"https:\\\/\\\/www.altominho.tv\\\/site\\\/#website\",\"url\":\"https:\\\/\\\/www.altominho.tv\\\/site\\\/\",\"name\":\"Altominho.tv\",\"description\":\"A sua regi\u00e3o \u00e0 dist\u00e2ncia de um clique...\",\"potentialAction\":[{\"@type\":\"SearchAction\",\"target\":{\"@type\":\"EntryPoint\",\"urlTemplate\":\"https:\\\/\\\/www.altominho.tv\\\/site\\\/?s={search_term_string}\"},\"query-input\":{\"@type\":\"PropertyValueSpecification\",\"valueRequired\":true,\"valueName\":\"search_term_string\"}}],\"inLanguage\":\"pt-PT\"},{\"@type\":\"Person\",\"@id\":\"https:\\\/\\\/www.altominho.tv\\\/site\\\/#\\\/schema\\\/person\\\/d9be4265364723f14ea8e0d56a1d38cd\",\"name\":\"Andreia Ferreira\",\"image\":{\"@type\":\"ImageObject\",\"inLanguage\":\"pt-PT\",\"@id\":\"https:\\\/\\\/www.altominho.tv\\\/site\\\/wp-content\\\/uploads\\\/2021\\\/01\\\/AndreiaFerreira-150x150.jpg\",\"url\":\"https:\\\/\\\/www.altominho.tv\\\/site\\\/wp-content\\\/uploads\\\/2021\\\/01\\\/AndreiaFerreira-150x150.jpg\",\"contentUrl\":\"https:\\\/\\\/www.altominho.tv\\\/site\\\/wp-content\\\/uploads\\\/2021\\\/01\\\/AndreiaFerreira-150x150.jpg\",\"caption\":\"Andreia Ferreira\"},\"url\":\"https:\\\/\\\/www.altominho.tv\\\/site\\\/author\\\/andreiaferreira\\\/\"}]}<\/script>\n<!-- \/ Yoast SEO Premium plugin. -->","yoast_head_json":{"title":"Bandeira Verde Eco-Escolas atribu\u00edda a 39 escolas do Alto Minho","robots":{"index":"index","follow":"follow","max-snippet":"max-snippet:-1","max-image-preview":"max-image-preview:large","max-video-preview":"max-video-preview:-1"},"canonical":"https:\/\/www.altominho.tv\/site\/2020\/10\/09\/bandeira-verde-eco-escolas-atribuida-a-39-escolas-do-alto-minho\/","og_locale":"pt_PT","og_type":"article","og_title":"Bandeira Verde Eco-Escolas atribu\u00edda a 39 escolas do Alto Minho","og_description":"Das 45 escolas inscritas no distrito de Viana do Castelo, 39 v\u00e3o i\u00e7ar a bandeira verde do programa Eco-Escolas. Os concelhos com as escolas galardoadas s\u00e3o Arcos de Valdevez (2), Caminha (15), Mon\u00e7\u00e3o (6), Ponte da Barca (2), Ponte de Lima (7), Valen\u00e7a (1), Viana do Castelo (5) e Vila Nova de Cerveira (1). Este [&hellip;]","og_url":"https:\/\/www.altominho.tv\/site\/2020\/10\/09\/bandeira-verde-eco-escolas-atribuida-a-39-escolas-do-alto-minho\/","og_site_name":"Altominho.tv","article_publisher":"https:\/\/www.facebook.com\/altominhotv","article_published_time":"2020-10-09T10:01:38+00:00","article_modified_time":"2020-10-09T10:01:41+00:00","og_image":[{"width":960,"height":600,"url":"https:\/\/www.altominho.tv\/site\/wp-content\/uploads\/2020\/10\/118600312_336906764109955_9052775170114164996_n.jpg","type":"image\/jpeg"}],"author":"Andreia Ferreira","twitter_card":"summary_large_image","twitter_creator":"@altominhoTV","twitter_site":"@altominhoTV","twitter_misc":{"Escrito por":"Andreia Ferreira","Tempo estimado de leitura":"1 minuto"},"schema":{"@context":"https:\/\/schema.org","@graph":[{"@type":"Article","@id":"https:\/\/www.altominho.tv\/site\/2020\/10\/09\/bandeira-verde-eco-escolas-atribuida-a-39-escolas-do-alto-minho\/#article","isPartOf":{"@id":"https:\/\/www.altominho.tv\/site\/2020\/10\/09\/bandeira-verde-eco-escolas-atribuida-a-39-escolas-do-alto-minho\/"},"author":{"name":"Andreia Ferreira","@id":"https:\/\/www.altominho.tv\/site\/#\/schema\/person\/d9be4265364723f14ea8e0d56a1d38cd"},"headline":"Bandeira Verde Eco-Escolas atribu\u00edda a 39 escolas do Alto Minho","datePublished":"2020-10-09T10:01:38+00:00","dateModified":"2020-10-09T10:01:41+00:00","mainEntityOfPage":{"@id":"https:\/\/www.altominho.tv\/site\/2020\/10\/09\/bandeira-verde-eco-escolas-atribuida-a-39-escolas-do-alto-minho\/"},"wordCount":277,"image":{"@id":"https:\/\/www.altominho.tv\/site\/2020\/10\/09\/bandeira-verde-eco-escolas-atribuida-a-39-escolas-do-alto-minho\/#primaryimage"},"thumbnailUrl":"https:\/\/www.altominho.tv\/site\/wp-content\/uploads\/2020\/10\/118600312_336906764109955_9052775170114164996_n.jpg","keywords":["Educa\u00e7\u00e3o"],"articleSection":["Alto Minho"],"inLanguage":"pt-PT","copyrightYear":"2020","copyrightHolder":{"@id":"https:\/\/www.altominho.tv\/site\/#organization"}},{"@type":"WebPage","@id":"https:\/\/www.altominho.tv\/site\/2020\/10\/09\/bandeira-verde-eco-escolas-atribuida-a-39-escolas-do-alto-minho\/","url":"https:\/\/www.altominho.tv\/site\/2020\/10\/09\/bandeira-verde-eco-escolas-atribuida-a-39-escolas-do-alto-minho\/","name":"Bandeira Verde Eco-Escolas atribu\u00edda a 39 escolas do Alto Minho","isPartOf":{"@id":"https:\/\/www.altominho.tv\/site\/#website"},"primaryImageOfPage":{"@id":"https:\/\/www.altominho.tv\/site\/2020\/10\/09\/bandeira-verde-eco-escolas-atribuida-a-39-escolas-do-alto-minho\/#primaryimage"},"image":{"@id":"https:\/\/www.altominho.tv\/site\/2020\/10\/09\/bandeira-verde-eco-escolas-atribuida-a-39-escolas-do-alto-minho\/#primaryimage"},"thumbnailUrl":"https:\/\/www.altominho.tv\/site\/wp-content\/uploads\/2020\/10\/118600312_336906764109955_9052775170114164996_n.jpg","datePublished":"2020-10-09T10:01:38+00:00","dateModified":"2020-10-09T10:01:41+00:00","author":{"@id":"https:\/\/www.altominho.tv\/site\/#\/schema\/person\/d9be4265364723f14ea8e0d56a1d38cd"},"breadcrumb":{"@id":"https:\/\/www.altominho.tv\/site\/2020\/10\/09\/bandeira-verde-eco-escolas-atribuida-a-39-escolas-do-alto-minho\/#breadcrumb"},"inLanguage":"pt-PT","potentialAction":[{"@type":"ReadAction","target":["https:\/\/www.altominho.tv\/site\/2020\/10\/09\/bandeira-verde-eco-escolas-atribuida-a-39-escolas-do-alto-minho\/"]}]},{"@type":"ImageObject","inLanguage":"pt-PT","@id":"https:\/\/www.altominho.tv\/site\/2020\/10\/09\/bandeira-verde-eco-escolas-atribuida-a-39-escolas-do-alto-minho\/#primaryimage","url":"https:\/\/www.altominho.tv\/site\/wp-content\/uploads\/2020\/10\/118600312_336906764109955_9052775170114164996_n.jpg","contentUrl":"https:\/\/www.altominho.tv\/site\/wp-content\/uploads\/2020\/10\/118600312_336906764109955_9052775170114164996_n.jpg","width":960,"height":600},{"@type":"BreadcrumbList","@id":"https:\/\/www.altominho.tv\/site\/2020\/10\/09\/bandeira-verde-eco-escolas-atribuida-a-39-escolas-do-alto-minho\/#breadcrumb","itemListElement":[{"@type":"ListItem","position":1,"name":"In\u00edcio","item":"https:\/\/www.altominho.tv\/site\/"},{"@type":"ListItem","position":2,"name":"Bandeira Verde Eco-Escolas atribu\u00edda a 39 escolas do Alto Minho"}]},{"@type":"WebSite","@id":"https:\/\/www.altominho.tv\/site\/#website","url":"https:\/\/www.altominho.tv\/site\/","name":"Altominho.tv","description":"A sua regi\u00e3o \u00e0 dist\u00e2ncia de um clique...","potentialAction":[{"@type":"SearchAction","target":{"@type":"EntryPoint","urlTemplate":"https:\/\/www.altominho.tv\/site\/?s={search_term_string}"},"query-input":{"@type":"PropertyValueSpecification","valueRequired":true,"valueName":"search_term_string"}}],"inLanguage":"pt-PT"},{"@type":"Person","@id":"https:\/\/www.altominho.tv\/site\/#\/schema\/person\/d9be4265364723f14ea8e0d56a1d38cd","name":"Andreia Ferreira","image":{"@type":"ImageObject","inLanguage":"pt-PT","@id":"https:\/\/www.altominho.tv\/site\/wp-content\/uploads\/2021\/01\/AndreiaFerreira-150x150.jpg","url":"https:\/\/www.altominho.tv\/site\/wp-content\/uploads\/2021\/01\/AndreiaFerreira-150x150.jpg","contentUrl":"https:\/\/www.altominho.tv\/site\/wp-content\/uploads\/2021\/01\/AndreiaFerreira-150x150.jpg","caption":"Andreia Ferreira"},"url":"https:\/\/www.altominho.tv\/site\/author\/andreiaferreira\/"}]}},"_links":{"self":[{"href":"https:\/\/www.altominho.tv\/site\/wp-json\/wp\/v2\/posts\/53533","targetHints":{"allow":["GET"]}}],"collection":[{"href":"https:\/\/www.altominho.tv\/site\/wp-json\/wp\/v2\/posts"}],"about":[{"href":"https:\/\/www.altominho.tv\/site\/wp-json\/wp\/v2\/types\/post"}],"author":[{"embeddable":true,"href":"https:\/\/www.altominho.tv\/site\/wp-json\/wp\/v2\/users\/12"}],"replies":[{"embeddable":true,"href":"https:\/\/www.altominho.tv\/site\/wp-json\/wp\/v2\/comments?post=53533"}],"version-history":[{"count":0,"href":"https:\/\/www.altominho.tv\/site\/wp-json\/wp\/v2\/posts\/53533\/revisions"}],"wp:featuredmedia":[{"embeddable":true,"href":"https:\/\/www.altominho.tv\/site\/wp-json\/wp\/v2\/media\/53534"}],"wp:attachment":[{"href":"https:\/\/www.altominho.tv\/site\/wp-json\/wp\/v2\/media?parent=53533"}],"wp:term":[{"taxonomy":"category","embeddable":true,"href":"https:\/\/www.altominho.tv\/site\/wp-json\/wp\/v2\/categories?post=53533"},{"taxonomy":"post_tag","embeddable":true,"href":"https:\/\/www.altominho.tv\/site\/wp-json\/wp\/v2\/tags?post=53533"}],"curies":[{"name":"wp","href":"https:\/\/api.w.org\/{rel}","templated":true}]}}