{"id":53380,"date":"2020-10-06T17:37:47","date_gmt":"2020-10-06T16:37:47","guid":{"rendered":"http:\/\/www.altominho.tv\/site\/?p=53380"},"modified":"2020-10-06T17:37:52","modified_gmt":"2020-10-06T16:37:52","slug":"gnr-apanha-106-condutores-em-excesso-de-velocidade","status":"publish","type":"post","link":"https:\/\/www.altominho.tv\/site\/2020\/10\/06\/gnr-apanha-106-condutores-em-excesso-de-velocidade\/","title":{"rendered":"GNR apanha 106 condutores em excesso de velocidade"},"content":{"rendered":"<p>A GNR detetou, na \u00faltima semana, no distrito de Viana do Castelo, 295 infra\u00e7\u00f5es de tr\u00e2nsito, a maioria por excesso de velocidade. No total, foram apanhados 106 condutores nas estradas do Alto Minho.<\/p>\n<p>Em comunicado, com o balan\u00e7o da atividade operacional da semana entre 28 de setembro e 4 de outubro, o Comando Territorial da GNR de Viana do Castelo adiantou que a falta de inspe\u00e7\u00e3o (17), a falta de seguro (15) e o uso indevido do telem\u00f3vel no exerc\u00edcio da condu\u00e7\u00e3o (13) s\u00e3o outras das principais infra\u00e7\u00f5es registadas.<\/p>\n<p>Os militares da GNR detiveram seis pessoas em flagrante delito, entre as quais, duas por condu\u00e7\u00e3o sem habilita\u00e7\u00e3o legal, uma por condu\u00e7\u00e3o sob efeito do \u00e1lcool, uma por deten\u00e7\u00e3o de armas proibidas e outra por tr\u00e1fico de estupefacientes, tendo apreendido 23 doses de liamba e duas armas brancas.<\/p>\n<p>Neste per\u00edodo, foram ainda registados 56 acidentes, dos quais resultaram um ferido grave e 12 ligeiros.<\/p>\n","protected":false},"excerpt":{"rendered":"<p>A GNR detetou, na \u00faltima semana, no distrito de Viana do Castelo, 295 infra\u00e7\u00f5es de tr\u00e2nsito, a maioria por excesso de velocidade. No total, foram apanhados 106 condutores nas estradas do Alto Minho. Em comunicado, com o balan\u00e7o da atividade operacional da semana entre 28 de setembro e 4 de outubro, o Comando Territorial da [&hellip;]<\/p>\n","protected":false},"author":12,"featured_media":53381,"comment_status":"closed","ping_status":"closed","sticky":false,"template":"","format":"standard","meta":{"_exactmetrics_skip_tracking":false,"footnotes":""},"categories":[73],"tags":[27],"class_list":["post-53380","post","type-post","status-publish","format-standard","has-post-thumbnail","hentry","category-alto-minho","tag-sociedade"],"yoast_head":"<!-- This site is optimized with the Yoast SEO Premium plugin v28.3 (Yoast SEO v28.3) - https:\/\/yoast.com\/product\/yoast-seo-premium-wordpress\/ -->\n<title>GNR apanha 106 condutores em excesso de velocidade<\/title>\n<meta name=\"robots\" content=\"index, follow, max-snippet:-1, max-image-preview:large, max-video-preview:-1\" \/>\n<link rel=\"canonical\" href=\"https:\/\/www.altominho.tv\/site\/2020\/10\/06\/gnr-apanha-106-condutores-em-excesso-de-velocidade\/\" \/>\n<meta property=\"og:locale\" content=\"pt_PT\" \/>\n<meta property=\"og:type\" content=\"article\" \/>\n<meta property=\"og:title\" content=\"GNR apanha 106 condutores em excesso de velocidade\" \/>\n<meta property=\"og:description\" content=\"A GNR detetou, na \u00faltima semana, no distrito de Viana do Castelo, 295 infra\u00e7\u00f5es de tr\u00e2nsito, a maioria por excesso de velocidade. No total, foram apanhados 106 condutores nas estradas do Alto Minho. Em comunicado, com o balan\u00e7o da atividade operacional da semana entre 28 de setembro e 4 de outubro, o Comando Territorial da [&hellip;]\" \/>\n<meta property=\"og:url\" content=\"https:\/\/www.altominho.tv\/site\/2020\/10\/06\/gnr-apanha-106-condutores-em-excesso-de-velocidade\/\" \/>\n<meta property=\"og:site_name\" content=\"Altominho.tv\" \/>\n<meta property=\"article:publisher\" content=\"https:\/\/www.facebook.com\/altominhotv\" \/>\n<meta property=\"article:published_time\" content=\"2020-10-06T16:37:47+00:00\" \/>\n<meta property=\"article:modified_time\" content=\"2020-10-06T16:37:52+00:00\" \/>\n<meta property=\"og:image\" content=\"https:\/\/www.altominho.tv\/site\/wp-content\/uploads\/2020\/10\/velocimetro.jpg\" \/>\n\t<meta property=\"og:image:width\" content=\"1000\" \/>\n\t<meta property=\"og:image:height\" content=\"563\" \/>\n\t<meta property=\"og:image:type\" content=\"image\/jpeg\" \/>\n<meta name=\"author\" content=\"Andreia Ferreira\" \/>\n<meta name=\"twitter:card\" content=\"summary_large_image\" \/>\n<meta name=\"twitter:creator\" content=\"@altominhoTV\" \/>\n<meta name=\"twitter:site\" content=\"@altominhoTV\" \/>\n<meta name=\"twitter:label1\" content=\"Escrito por\" \/>\n\t<meta name=\"twitter:data1\" content=\"Andreia Ferreira\" \/>\n\t<meta name=\"twitter:label2\" content=\"Tempo estimado de leitura\" \/>\n\t<meta name=\"twitter:data2\" content=\"1 minuto\" \/>\n<script type=\"application\/ld+json\" class=\"yoast-schema-graph\">{\"@context\":\"https:\\\/\\\/schema.org\",\"@graph\":[{\"@type\":\"Article\",\"@id\":\"https:\\\/\\\/www.altominho.tv\\\/site\\\/2020\\\/10\\\/06\\\/gnr-apanha-106-condutores-em-excesso-de-velocidade\\\/#article\",\"isPartOf\":{\"@id\":\"https:\\\/\\\/www.altominho.tv\\\/site\\\/2020\\\/10\\\/06\\\/gnr-apanha-106-condutores-em-excesso-de-velocidade\\\/\"},\"author\":{\"name\":\"Andreia Ferreira\",\"@id\":\"https:\\\/\\\/www.altominho.tv\\\/site\\\/#\\\/schema\\\/person\\\/d9be4265364723f14ea8e0d56a1d38cd\"},\"headline\":\"GNR apanha 106 condutores em excesso de velocidade\",\"datePublished\":\"2020-10-06T16:37:47+00:00\",\"dateModified\":\"2020-10-06T16:37:52+00:00\",\"mainEntityOfPage\":{\"@id\":\"https:\\\/\\\/www.altominho.tv\\\/site\\\/2020\\\/10\\\/06\\\/gnr-apanha-106-condutores-em-excesso-de-velocidade\\\/\"},\"wordCount\":165,\"image\":{\"@id\":\"https:\\\/\\\/www.altominho.tv\\\/site\\\/2020\\\/10\\\/06\\\/gnr-apanha-106-condutores-em-excesso-de-velocidade\\\/#primaryimage\"},\"thumbnailUrl\":\"https:\\\/\\\/www.altominho.tv\\\/site\\\/wp-content\\\/uploads\\\/2020\\\/10\\\/velocimetro.jpg\",\"keywords\":[\"Sociedade\"],\"articleSection\":[\"Alto Minho\"],\"inLanguage\":\"pt-PT\",\"copyrightYear\":\"2020\",\"copyrightHolder\":{\"@id\":\"https:\\\/\\\/www.altominho.tv\\\/site\\\/#organization\"}},{\"@type\":\"WebPage\",\"@id\":\"https:\\\/\\\/www.altominho.tv\\\/site\\\/2020\\\/10\\\/06\\\/gnr-apanha-106-condutores-em-excesso-de-velocidade\\\/\",\"url\":\"https:\\\/\\\/www.altominho.tv\\\/site\\\/2020\\\/10\\\/06\\\/gnr-apanha-106-condutores-em-excesso-de-velocidade\\\/\",\"name\":\"GNR apanha 106 condutores em excesso de velocidade\",\"isPartOf\":{\"@id\":\"https:\\\/\\\/www.altominho.tv\\\/site\\\/#website\"},\"primaryImageOfPage\":{\"@id\":\"https:\\\/\\\/www.altominho.tv\\\/site\\\/2020\\\/10\\\/06\\\/gnr-apanha-106-condutores-em-excesso-de-velocidade\\\/#primaryimage\"},\"image\":{\"@id\":\"https:\\\/\\\/www.altominho.tv\\\/site\\\/2020\\\/10\\\/06\\\/gnr-apanha-106-condutores-em-excesso-de-velocidade\\\/#primaryimage\"},\"thumbnailUrl\":\"https:\\\/\\\/www.altominho.tv\\\/site\\\/wp-content\\\/uploads\\\/2020\\\/10\\\/velocimetro.jpg\",\"datePublished\":\"2020-10-06T16:37:47+00:00\",\"dateModified\":\"2020-10-06T16:37:52+00:00\",\"author\":{\"@id\":\"https:\\\/\\\/www.altominho.tv\\\/site\\\/#\\\/schema\\\/person\\\/d9be4265364723f14ea8e0d56a1d38cd\"},\"breadcrumb\":{\"@id\":\"https:\\\/\\\/www.altominho.tv\\\/site\\\/2020\\\/10\\\/06\\\/gnr-apanha-106-condutores-em-excesso-de-velocidade\\\/#breadcrumb\"},\"inLanguage\":\"pt-PT\",\"potentialAction\":[{\"@type\":\"ReadAction\",\"target\":[\"https:\\\/\\\/www.altominho.tv\\\/site\\\/2020\\\/10\\\/06\\\/gnr-apanha-106-condutores-em-excesso-de-velocidade\\\/\"]}]},{\"@type\":\"ImageObject\",\"inLanguage\":\"pt-PT\",\"@id\":\"https:\\\/\\\/www.altominho.tv\\\/site\\\/2020\\\/10\\\/06\\\/gnr-apanha-106-condutores-em-excesso-de-velocidade\\\/#primaryimage\",\"url\":\"https:\\\/\\\/www.altominho.tv\\\/site\\\/wp-content\\\/uploads\\\/2020\\\/10\\\/velocimetro.jpg\",\"contentUrl\":\"https:\\\/\\\/www.altominho.tv\\\/site\\\/wp-content\\\/uploads\\\/2020\\\/10\\\/velocimetro.jpg\",\"width\":1000,\"height\":563},{\"@type\":\"BreadcrumbList\",\"@id\":\"https:\\\/\\\/www.altominho.tv\\\/site\\\/2020\\\/10\\\/06\\\/gnr-apanha-106-condutores-em-excesso-de-velocidade\\\/#breadcrumb\",\"itemListElement\":[{\"@type\":\"ListItem\",\"position\":1,\"name\":\"In\u00edcio\",\"item\":\"https:\\\/\\\/www.altominho.tv\\\/site\\\/\"},{\"@type\":\"ListItem\",\"position\":2,\"name\":\"GNR apanha 106 condutores em excesso de velocidade\"}]},{\"@type\":\"WebSite\",\"@id\":\"https:\\\/\\\/www.altominho.tv\\\/site\\\/#website\",\"url\":\"https:\\\/\\\/www.altominho.tv\\\/site\\\/\",\"name\":\"Altominho.tv\",\"description\":\"A sua regi\u00e3o \u00e0 dist\u00e2ncia de um clique...\",\"potentialAction\":[{\"@type\":\"SearchAction\",\"target\":{\"@type\":\"EntryPoint\",\"urlTemplate\":\"https:\\\/\\\/www.altominho.tv\\\/site\\\/?s={search_term_string}\"},\"query-input\":{\"@type\":\"PropertyValueSpecification\",\"valueRequired\":true,\"valueName\":\"search_term_string\"}}],\"inLanguage\":\"pt-PT\"},{\"@type\":\"Person\",\"@id\":\"https:\\\/\\\/www.altominho.tv\\\/site\\\/#\\\/schema\\\/person\\\/d9be4265364723f14ea8e0d56a1d38cd\",\"name\":\"Andreia Ferreira\",\"image\":{\"@type\":\"ImageObject\",\"inLanguage\":\"pt-PT\",\"@id\":\"https:\\\/\\\/www.altominho.tv\\\/site\\\/wp-content\\\/uploads\\\/2021\\\/01\\\/AndreiaFerreira-150x150.jpg\",\"url\":\"https:\\\/\\\/www.altominho.tv\\\/site\\\/wp-content\\\/uploads\\\/2021\\\/01\\\/AndreiaFerreira-150x150.jpg\",\"contentUrl\":\"https:\\\/\\\/www.altominho.tv\\\/site\\\/wp-content\\\/uploads\\\/2021\\\/01\\\/AndreiaFerreira-150x150.jpg\",\"caption\":\"Andreia Ferreira\"},\"url\":\"https:\\\/\\\/www.altominho.tv\\\/site\\\/author\\\/andreiaferreira\\\/\"}]}<\/script>\n<!-- \/ Yoast SEO Premium plugin. -->","yoast_head_json":{"title":"GNR apanha 106 condutores em excesso de velocidade","robots":{"index":"index","follow":"follow","max-snippet":"max-snippet:-1","max-image-preview":"max-image-preview:large","max-video-preview":"max-video-preview:-1"},"canonical":"https:\/\/www.altominho.tv\/site\/2020\/10\/06\/gnr-apanha-106-condutores-em-excesso-de-velocidade\/","og_locale":"pt_PT","og_type":"article","og_title":"GNR apanha 106 condutores em excesso de velocidade","og_description":"A GNR detetou, na \u00faltima semana, no distrito de Viana do Castelo, 295 infra\u00e7\u00f5es de tr\u00e2nsito, a maioria por excesso de velocidade. No total, foram apanhados 106 condutores nas estradas do Alto Minho. Em comunicado, com o balan\u00e7o da atividade operacional da semana entre 28 de setembro e 4 de outubro, o Comando Territorial da [&hellip;]","og_url":"https:\/\/www.altominho.tv\/site\/2020\/10\/06\/gnr-apanha-106-condutores-em-excesso-de-velocidade\/","og_site_name":"Altominho.tv","article_publisher":"https:\/\/www.facebook.com\/altominhotv","article_published_time":"2020-10-06T16:37:47+00:00","article_modified_time":"2020-10-06T16:37:52+00:00","og_image":[{"width":1000,"height":563,"url":"https:\/\/www.altominho.tv\/site\/wp-content\/uploads\/2020\/10\/velocimetro.jpg","type":"image\/jpeg"}],"author":"Andreia Ferreira","twitter_card":"summary_large_image","twitter_creator":"@altominhoTV","twitter_site":"@altominhoTV","twitter_misc":{"Escrito por":"Andreia Ferreira","Tempo estimado de leitura":"1 minuto"},"schema":{"@context":"https:\/\/schema.org","@graph":[{"@type":"Article","@id":"https:\/\/www.altominho.tv\/site\/2020\/10\/06\/gnr-apanha-106-condutores-em-excesso-de-velocidade\/#article","isPartOf":{"@id":"https:\/\/www.altominho.tv\/site\/2020\/10\/06\/gnr-apanha-106-condutores-em-excesso-de-velocidade\/"},"author":{"name":"Andreia Ferreira","@id":"https:\/\/www.altominho.tv\/site\/#\/schema\/person\/d9be4265364723f14ea8e0d56a1d38cd"},"headline":"GNR apanha 106 condutores em excesso de velocidade","datePublished":"2020-10-06T16:37:47+00:00","dateModified":"2020-10-06T16:37:52+00:00","mainEntityOfPage":{"@id":"https:\/\/www.altominho.tv\/site\/2020\/10\/06\/gnr-apanha-106-condutores-em-excesso-de-velocidade\/"},"wordCount":165,"image":{"@id":"https:\/\/www.altominho.tv\/site\/2020\/10\/06\/gnr-apanha-106-condutores-em-excesso-de-velocidade\/#primaryimage"},"thumbnailUrl":"https:\/\/www.altominho.tv\/site\/wp-content\/uploads\/2020\/10\/velocimetro.jpg","keywords":["Sociedade"],"articleSection":["Alto Minho"],"inLanguage":"pt-PT","copyrightYear":"2020","copyrightHolder":{"@id":"https:\/\/www.altominho.tv\/site\/#organization"}},{"@type":"WebPage","@id":"https:\/\/www.altominho.tv\/site\/2020\/10\/06\/gnr-apanha-106-condutores-em-excesso-de-velocidade\/","url":"https:\/\/www.altominho.tv\/site\/2020\/10\/06\/gnr-apanha-106-condutores-em-excesso-de-velocidade\/","name":"GNR apanha 106 condutores em excesso de velocidade","isPartOf":{"@id":"https:\/\/www.altominho.tv\/site\/#website"},"primaryImageOfPage":{"@id":"https:\/\/www.altominho.tv\/site\/2020\/10\/06\/gnr-apanha-106-condutores-em-excesso-de-velocidade\/#primaryimage"},"image":{"@id":"https:\/\/www.altominho.tv\/site\/2020\/10\/06\/gnr-apanha-106-condutores-em-excesso-de-velocidade\/#primaryimage"},"thumbnailUrl":"https:\/\/www.altominho.tv\/site\/wp-content\/uploads\/2020\/10\/velocimetro.jpg","datePublished":"2020-10-06T16:37:47+00:00","dateModified":"2020-10-06T16:37:52+00:00","author":{"@id":"https:\/\/www.altominho.tv\/site\/#\/schema\/person\/d9be4265364723f14ea8e0d56a1d38cd"},"breadcrumb":{"@id":"https:\/\/www.altominho.tv\/site\/2020\/10\/06\/gnr-apanha-106-condutores-em-excesso-de-velocidade\/#breadcrumb"},"inLanguage":"pt-PT","potentialAction":[{"@type":"ReadAction","target":["https:\/\/www.altominho.tv\/site\/2020\/10\/06\/gnr-apanha-106-condutores-em-excesso-de-velocidade\/"]}]},{"@type":"ImageObject","inLanguage":"pt-PT","@id":"https:\/\/www.altominho.tv\/site\/2020\/10\/06\/gnr-apanha-106-condutores-em-excesso-de-velocidade\/#primaryimage","url":"https:\/\/www.altominho.tv\/site\/wp-content\/uploads\/2020\/10\/velocimetro.jpg","contentUrl":"https:\/\/www.altominho.tv\/site\/wp-content\/uploads\/2020\/10\/velocimetro.jpg","width":1000,"height":563},{"@type":"BreadcrumbList","@id":"https:\/\/www.altominho.tv\/site\/2020\/10\/06\/gnr-apanha-106-condutores-em-excesso-de-velocidade\/#breadcrumb","itemListElement":[{"@type":"ListItem","position":1,"name":"In\u00edcio","item":"https:\/\/www.altominho.tv\/site\/"},{"@type":"ListItem","position":2,"name":"GNR apanha 106 condutores em excesso de velocidade"}]},{"@type":"WebSite","@id":"https:\/\/www.altominho.tv\/site\/#website","url":"https:\/\/www.altominho.tv\/site\/","name":"Altominho.tv","description":"A sua regi\u00e3o \u00e0 dist\u00e2ncia de um clique...","potentialAction":[{"@type":"SearchAction","target":{"@type":"EntryPoint","urlTemplate":"https:\/\/www.altominho.tv\/site\/?s={search_term_string}"},"query-input":{"@type":"PropertyValueSpecification","valueRequired":true,"valueName":"search_term_string"}}],"inLanguage":"pt-PT"},{"@type":"Person","@id":"https:\/\/www.altominho.tv\/site\/#\/schema\/person\/d9be4265364723f14ea8e0d56a1d38cd","name":"Andreia Ferreira","image":{"@type":"ImageObject","inLanguage":"pt-PT","@id":"https:\/\/www.altominho.tv\/site\/wp-content\/uploads\/2021\/01\/AndreiaFerreira-150x150.jpg","url":"https:\/\/www.altominho.tv\/site\/wp-content\/uploads\/2021\/01\/AndreiaFerreira-150x150.jpg","contentUrl":"https:\/\/www.altominho.tv\/site\/wp-content\/uploads\/2021\/01\/AndreiaFerreira-150x150.jpg","caption":"Andreia Ferreira"},"url":"https:\/\/www.altominho.tv\/site\/author\/andreiaferreira\/"}]}},"_links":{"self":[{"href":"https:\/\/www.altominho.tv\/site\/wp-json\/wp\/v2\/posts\/53380","targetHints":{"allow":["GET"]}}],"collection":[{"href":"https:\/\/www.altominho.tv\/site\/wp-json\/wp\/v2\/posts"}],"about":[{"href":"https:\/\/www.altominho.tv\/site\/wp-json\/wp\/v2\/types\/post"}],"author":[{"embeddable":true,"href":"https:\/\/www.altominho.tv\/site\/wp-json\/wp\/v2\/users\/12"}],"replies":[{"embeddable":true,"href":"https:\/\/www.altominho.tv\/site\/wp-json\/wp\/v2\/comments?post=53380"}],"version-history":[{"count":0,"href":"https:\/\/www.altominho.tv\/site\/wp-json\/wp\/v2\/posts\/53380\/revisions"}],"wp:featuredmedia":[{"embeddable":true,"href":"https:\/\/www.altominho.tv\/site\/wp-json\/wp\/v2\/media\/53381"}],"wp:attachment":[{"href":"https:\/\/www.altominho.tv\/site\/wp-json\/wp\/v2\/media?parent=53380"}],"wp:term":[{"taxonomy":"category","embeddable":true,"href":"https:\/\/www.altominho.tv\/site\/wp-json\/wp\/v2\/categories?post=53380"},{"taxonomy":"post_tag","embeddable":true,"href":"https:\/\/www.altominho.tv\/site\/wp-json\/wp\/v2\/tags?post=53380"}],"curies":[{"name":"wp","href":"https:\/\/api.w.org\/{rel}","templated":true}]}}