{"id":53287,"date":"2020-10-05T19:44:36","date_gmt":"2020-10-05T18:44:36","guid":{"rendered":"http:\/\/www.altominho.tv\/site\/?p=53287"},"modified":"2020-10-05T19:44:40","modified_gmt":"2020-10-05T18:44:40","slug":"bom-tempo-regressa-na-quarta-feira","status":"publish","type":"post","link":"https:\/\/www.altominho.tv\/site\/2020\/10\/05\/bom-tempo-regressa-na-quarta-feira\/","title":{"rendered":"Bom tempo regressa na quarta-feira"},"content":{"rendered":"\n<p class=\"wp-block-paragraph\">Depois da chuva e vento dos \u00faltimos dias, o bom tempo vai regressar na pr\u00f3xima quarta-feira.<\/p>\n\n\n\n<p class=\"wp-block-paragraph\">Segundo as previs\u00f5es do Instituto Portugu\u00eas do Mar e da Atmosfera (IPMA) o sol vai regressar aos concelhos do Alto Minho a partir de quarta-feira.<\/p>\n\n\n\n<p class=\"wp-block-paragraph\">As temperaturas m\u00ednimas v\u00e3o descer, e v\u00e3o rondar os oito graus, sendo que as m\u00e1ximas poder\u00e3o chegar aos vinte e seis.<\/p>\n\n\n\n<p class=\"wp-block-paragraph\">Os dias de sol v\u00e3o manter-se pelo menos at\u00e9 ao in\u00edcio da pr\u00f3xima semana. <\/p>\n","protected":false},"excerpt":{"rendered":"<p>Depois da chuva e vento dos \u00faltimos dias, o bom tempo vai regressar na pr\u00f3xima quarta-feira. Segundo as previs\u00f5es do Instituto Portugu\u00eas do Mar e da Atmosfera (IPMA) o sol vai regressar aos concelhos do Alto Minho a partir de quarta-feira. As temperaturas m\u00ednimas v\u00e3o descer, e v\u00e3o rondar os oito graus, sendo que as [&hellip;]<\/p>\n","protected":false},"author":7,"featured_media":53288,"comment_status":"closed","ping_status":"closed","sticky":false,"template":"","format":"standard","meta":{"_exactmetrics_skip_tracking":false,"footnotes":""},"categories":[73],"tags":[27],"class_list":["post-53287","post","type-post","status-publish","format-standard","has-post-thumbnail","hentry","category-alto-minho","tag-sociedade"],"yoast_head":"<!-- This site is optimized with the Yoast SEO Premium plugin v28.3 (Yoast SEO v28.3) - https:\/\/yoast.com\/product\/yoast-seo-premium-wordpress\/ -->\n<title>Bom tempo regressa na quarta-feira<\/title>\n<meta name=\"robots\" content=\"index, follow, max-snippet:-1, max-image-preview:large, max-video-preview:-1\" \/>\n<link rel=\"canonical\" href=\"https:\/\/www.altominho.tv\/site\/2020\/10\/05\/bom-tempo-regressa-na-quarta-feira\/\" \/>\n<meta property=\"og:locale\" content=\"pt_PT\" \/>\n<meta property=\"og:type\" content=\"article\" \/>\n<meta property=\"og:title\" content=\"Bom tempo regressa na quarta-feira\" \/>\n<meta property=\"og:description\" content=\"Depois da chuva e vento dos \u00faltimos dias, o bom tempo vai regressar na pr\u00f3xima quarta-feira. Segundo as previs\u00f5es do Instituto Portugu\u00eas do Mar e da Atmosfera (IPMA) o sol vai regressar aos concelhos do Alto Minho a partir de quarta-feira. As temperaturas m\u00ednimas v\u00e3o descer, e v\u00e3o rondar os oito graus, sendo que as [&hellip;]\" \/>\n<meta property=\"og:url\" content=\"https:\/\/www.altominho.tv\/site\/2020\/10\/05\/bom-tempo-regressa-na-quarta-feira\/\" \/>\n<meta property=\"og:site_name\" content=\"Altominho.tv\" \/>\n<meta property=\"article:publisher\" content=\"https:\/\/www.facebook.com\/altominhotv\" \/>\n<meta property=\"article:published_time\" content=\"2020-10-05T18:44:36+00:00\" \/>\n<meta property=\"article:modified_time\" content=\"2020-10-05T18:44:40+00:00\" \/>\n<meta property=\"og:image\" content=\"https:\/\/www.altominho.tv\/site\/wp-content\/uploads\/2020\/10\/Tempo-quente.jpg\" \/>\n\t<meta property=\"og:image:width\" content=\"640\" \/>\n\t<meta property=\"og:image:height\" content=\"425\" \/>\n\t<meta property=\"og:image:type\" content=\"image\/jpeg\" \/>\n<meta name=\"author\" content=\"Andreia Cunha\" \/>\n<meta name=\"twitter:card\" content=\"summary_large_image\" \/>\n<meta name=\"twitter:creator\" content=\"@altominhoTV\" \/>\n<meta name=\"twitter:site\" content=\"@altominhoTV\" \/>\n<meta name=\"twitter:label1\" content=\"Escrito por\" \/>\n\t<meta name=\"twitter:data1\" content=\"Andreia Cunha\" \/>\n<script type=\"application\/ld+json\" class=\"yoast-schema-graph\">{\"@context\":\"https:\\\/\\\/schema.org\",\"@graph\":[{\"@type\":\"Article\",\"@id\":\"https:\\\/\\\/www.altominho.tv\\\/site\\\/2020\\\/10\\\/05\\\/bom-tempo-regressa-na-quarta-feira\\\/#article\",\"isPartOf\":{\"@id\":\"https:\\\/\\\/www.altominho.tv\\\/site\\\/2020\\\/10\\\/05\\\/bom-tempo-regressa-na-quarta-feira\\\/\"},\"author\":{\"name\":\"Andreia Cunha\",\"@id\":\"https:\\\/\\\/www.altominho.tv\\\/site\\\/#\\\/schema\\\/person\\\/a0e4ef6d041f98ca284393d8f1d97153\"},\"headline\":\"Bom tempo regressa na quarta-feira\",\"datePublished\":\"2020-10-05T18:44:36+00:00\",\"dateModified\":\"2020-10-05T18:44:40+00:00\",\"mainEntityOfPage\":{\"@id\":\"https:\\\/\\\/www.altominho.tv\\\/site\\\/2020\\\/10\\\/05\\\/bom-tempo-regressa-na-quarta-feira\\\/\"},\"wordCount\":92,\"image\":{\"@id\":\"https:\\\/\\\/www.altominho.tv\\\/site\\\/2020\\\/10\\\/05\\\/bom-tempo-regressa-na-quarta-feira\\\/#primaryimage\"},\"thumbnailUrl\":\"https:\\\/\\\/www.altominho.tv\\\/site\\\/wp-content\\\/uploads\\\/2020\\\/10\\\/Tempo-quente.jpg\",\"keywords\":[\"Sociedade\"],\"articleSection\":[\"Alto Minho\"],\"inLanguage\":\"pt-PT\",\"copyrightYear\":\"2020\",\"copyrightHolder\":{\"@id\":\"https:\\\/\\\/www.altominho.tv\\\/site\\\/#organization\"}},{\"@type\":\"WebPage\",\"@id\":\"https:\\\/\\\/www.altominho.tv\\\/site\\\/2020\\\/10\\\/05\\\/bom-tempo-regressa-na-quarta-feira\\\/\",\"url\":\"https:\\\/\\\/www.altominho.tv\\\/site\\\/2020\\\/10\\\/05\\\/bom-tempo-regressa-na-quarta-feira\\\/\",\"name\":\"Bom tempo regressa na quarta-feira\",\"isPartOf\":{\"@id\":\"https:\\\/\\\/www.altominho.tv\\\/site\\\/#website\"},\"primaryImageOfPage\":{\"@id\":\"https:\\\/\\\/www.altominho.tv\\\/site\\\/2020\\\/10\\\/05\\\/bom-tempo-regressa-na-quarta-feira\\\/#primaryimage\"},\"image\":{\"@id\":\"https:\\\/\\\/www.altominho.tv\\\/site\\\/2020\\\/10\\\/05\\\/bom-tempo-regressa-na-quarta-feira\\\/#primaryimage\"},\"thumbnailUrl\":\"https:\\\/\\\/www.altominho.tv\\\/site\\\/wp-content\\\/uploads\\\/2020\\\/10\\\/Tempo-quente.jpg\",\"datePublished\":\"2020-10-05T18:44:36+00:00\",\"dateModified\":\"2020-10-05T18:44:40+00:00\",\"author\":{\"@id\":\"https:\\\/\\\/www.altominho.tv\\\/site\\\/#\\\/schema\\\/person\\\/a0e4ef6d041f98ca284393d8f1d97153\"},\"breadcrumb\":{\"@id\":\"https:\\\/\\\/www.altominho.tv\\\/site\\\/2020\\\/10\\\/05\\\/bom-tempo-regressa-na-quarta-feira\\\/#breadcrumb\"},\"inLanguage\":\"pt-PT\",\"potentialAction\":[{\"@type\":\"ReadAction\",\"target\":[\"https:\\\/\\\/www.altominho.tv\\\/site\\\/2020\\\/10\\\/05\\\/bom-tempo-regressa-na-quarta-feira\\\/\"]}]},{\"@type\":\"ImageObject\",\"inLanguage\":\"pt-PT\",\"@id\":\"https:\\\/\\\/www.altominho.tv\\\/site\\\/2020\\\/10\\\/05\\\/bom-tempo-regressa-na-quarta-feira\\\/#primaryimage\",\"url\":\"https:\\\/\\\/www.altominho.tv\\\/site\\\/wp-content\\\/uploads\\\/2020\\\/10\\\/Tempo-quente.jpg\",\"contentUrl\":\"https:\\\/\\\/www.altominho.tv\\\/site\\\/wp-content\\\/uploads\\\/2020\\\/10\\\/Tempo-quente.jpg\",\"width\":640,\"height\":425},{\"@type\":\"BreadcrumbList\",\"@id\":\"https:\\\/\\\/www.altominho.tv\\\/site\\\/2020\\\/10\\\/05\\\/bom-tempo-regressa-na-quarta-feira\\\/#breadcrumb\",\"itemListElement\":[{\"@type\":\"ListItem\",\"position\":1,\"name\":\"In\u00edcio\",\"item\":\"https:\\\/\\\/www.altominho.tv\\\/site\\\/\"},{\"@type\":\"ListItem\",\"position\":2,\"name\":\"Bom tempo regressa na quarta-feira\"}]},{\"@type\":\"WebSite\",\"@id\":\"https:\\\/\\\/www.altominho.tv\\\/site\\\/#website\",\"url\":\"https:\\\/\\\/www.altominho.tv\\\/site\\\/\",\"name\":\"Altominho.tv\",\"description\":\"A sua regi\u00e3o \u00e0 dist\u00e2ncia de um clique...\",\"potentialAction\":[{\"@type\":\"SearchAction\",\"target\":{\"@type\":\"EntryPoint\",\"urlTemplate\":\"https:\\\/\\\/www.altominho.tv\\\/site\\\/?s={search_term_string}\"},\"query-input\":{\"@type\":\"PropertyValueSpecification\",\"valueRequired\":true,\"valueName\":\"search_term_string\"}}],\"inLanguage\":\"pt-PT\"},{\"@type\":\"Person\",\"@id\":\"https:\\\/\\\/www.altominho.tv\\\/site\\\/#\\\/schema\\\/person\\\/a0e4ef6d041f98ca284393d8f1d97153\",\"name\":\"Andreia Cunha\",\"image\":{\"@type\":\"ImageObject\",\"inLanguage\":\"pt-PT\",\"@id\":\"https:\\\/\\\/www.altominho.tv\\\/site\\\/wp-content\\\/uploads\\\/2017\\\/11\\\/Andreia_Cunha-1-150x150.jpg\",\"url\":\"https:\\\/\\\/www.altominho.tv\\\/site\\\/wp-content\\\/uploads\\\/2017\\\/11\\\/Andreia_Cunha-1-150x150.jpg\",\"contentUrl\":\"https:\\\/\\\/www.altominho.tv\\\/site\\\/wp-content\\\/uploads\\\/2017\\\/11\\\/Andreia_Cunha-1-150x150.jpg\",\"caption\":\"Andreia Cunha\"},\"url\":\"https:\\\/\\\/www.altominho.tv\\\/site\\\/author\\\/andreiacunha\\\/\"}]}<\/script>\n<!-- \/ Yoast SEO Premium plugin. -->","yoast_head_json":{"title":"Bom tempo regressa na quarta-feira","robots":{"index":"index","follow":"follow","max-snippet":"max-snippet:-1","max-image-preview":"max-image-preview:large","max-video-preview":"max-video-preview:-1"},"canonical":"https:\/\/www.altominho.tv\/site\/2020\/10\/05\/bom-tempo-regressa-na-quarta-feira\/","og_locale":"pt_PT","og_type":"article","og_title":"Bom tempo regressa na quarta-feira","og_description":"Depois da chuva e vento dos \u00faltimos dias, o bom tempo vai regressar na pr\u00f3xima quarta-feira. Segundo as previs\u00f5es do Instituto Portugu\u00eas do Mar e da Atmosfera (IPMA) o sol vai regressar aos concelhos do Alto Minho a partir de quarta-feira. As temperaturas m\u00ednimas v\u00e3o descer, e v\u00e3o rondar os oito graus, sendo que as [&hellip;]","og_url":"https:\/\/www.altominho.tv\/site\/2020\/10\/05\/bom-tempo-regressa-na-quarta-feira\/","og_site_name":"Altominho.tv","article_publisher":"https:\/\/www.facebook.com\/altominhotv","article_published_time":"2020-10-05T18:44:36+00:00","article_modified_time":"2020-10-05T18:44:40+00:00","og_image":[{"width":640,"height":425,"url":"https:\/\/www.altominho.tv\/site\/wp-content\/uploads\/2020\/10\/Tempo-quente.jpg","type":"image\/jpeg"}],"author":"Andreia Cunha","twitter_card":"summary_large_image","twitter_creator":"@altominhoTV","twitter_site":"@altominhoTV","twitter_misc":{"Escrito por":"Andreia Cunha"},"schema":{"@context":"https:\/\/schema.org","@graph":[{"@type":"Article","@id":"https:\/\/www.altominho.tv\/site\/2020\/10\/05\/bom-tempo-regressa-na-quarta-feira\/#article","isPartOf":{"@id":"https:\/\/www.altominho.tv\/site\/2020\/10\/05\/bom-tempo-regressa-na-quarta-feira\/"},"author":{"name":"Andreia Cunha","@id":"https:\/\/www.altominho.tv\/site\/#\/schema\/person\/a0e4ef6d041f98ca284393d8f1d97153"},"headline":"Bom tempo regressa na quarta-feira","datePublished":"2020-10-05T18:44:36+00:00","dateModified":"2020-10-05T18:44:40+00:00","mainEntityOfPage":{"@id":"https:\/\/www.altominho.tv\/site\/2020\/10\/05\/bom-tempo-regressa-na-quarta-feira\/"},"wordCount":92,"image":{"@id":"https:\/\/www.altominho.tv\/site\/2020\/10\/05\/bom-tempo-regressa-na-quarta-feira\/#primaryimage"},"thumbnailUrl":"https:\/\/www.altominho.tv\/site\/wp-content\/uploads\/2020\/10\/Tempo-quente.jpg","keywords":["Sociedade"],"articleSection":["Alto Minho"],"inLanguage":"pt-PT","copyrightYear":"2020","copyrightHolder":{"@id":"https:\/\/www.altominho.tv\/site\/#organization"}},{"@type":"WebPage","@id":"https:\/\/www.altominho.tv\/site\/2020\/10\/05\/bom-tempo-regressa-na-quarta-feira\/","url":"https:\/\/www.altominho.tv\/site\/2020\/10\/05\/bom-tempo-regressa-na-quarta-feira\/","name":"Bom tempo regressa na quarta-feira","isPartOf":{"@id":"https:\/\/www.altominho.tv\/site\/#website"},"primaryImageOfPage":{"@id":"https:\/\/www.altominho.tv\/site\/2020\/10\/05\/bom-tempo-regressa-na-quarta-feira\/#primaryimage"},"image":{"@id":"https:\/\/www.altominho.tv\/site\/2020\/10\/05\/bom-tempo-regressa-na-quarta-feira\/#primaryimage"},"thumbnailUrl":"https:\/\/www.altominho.tv\/site\/wp-content\/uploads\/2020\/10\/Tempo-quente.jpg","datePublished":"2020-10-05T18:44:36+00:00","dateModified":"2020-10-05T18:44:40+00:00","author":{"@id":"https:\/\/www.altominho.tv\/site\/#\/schema\/person\/a0e4ef6d041f98ca284393d8f1d97153"},"breadcrumb":{"@id":"https:\/\/www.altominho.tv\/site\/2020\/10\/05\/bom-tempo-regressa-na-quarta-feira\/#breadcrumb"},"inLanguage":"pt-PT","potentialAction":[{"@type":"ReadAction","target":["https:\/\/www.altominho.tv\/site\/2020\/10\/05\/bom-tempo-regressa-na-quarta-feira\/"]}]},{"@type":"ImageObject","inLanguage":"pt-PT","@id":"https:\/\/www.altominho.tv\/site\/2020\/10\/05\/bom-tempo-regressa-na-quarta-feira\/#primaryimage","url":"https:\/\/www.altominho.tv\/site\/wp-content\/uploads\/2020\/10\/Tempo-quente.jpg","contentUrl":"https:\/\/www.altominho.tv\/site\/wp-content\/uploads\/2020\/10\/Tempo-quente.jpg","width":640,"height":425},{"@type":"BreadcrumbList","@id":"https:\/\/www.altominho.tv\/site\/2020\/10\/05\/bom-tempo-regressa-na-quarta-feira\/#breadcrumb","itemListElement":[{"@type":"ListItem","position":1,"name":"In\u00edcio","item":"https:\/\/www.altominho.tv\/site\/"},{"@type":"ListItem","position":2,"name":"Bom tempo regressa na quarta-feira"}]},{"@type":"WebSite","@id":"https:\/\/www.altominho.tv\/site\/#website","url":"https:\/\/www.altominho.tv\/site\/","name":"Altominho.tv","description":"A sua regi\u00e3o \u00e0 dist\u00e2ncia de um clique...","potentialAction":[{"@type":"SearchAction","target":{"@type":"EntryPoint","urlTemplate":"https:\/\/www.altominho.tv\/site\/?s={search_term_string}"},"query-input":{"@type":"PropertyValueSpecification","valueRequired":true,"valueName":"search_term_string"}}],"inLanguage":"pt-PT"},{"@type":"Person","@id":"https:\/\/www.altominho.tv\/site\/#\/schema\/person\/a0e4ef6d041f98ca284393d8f1d97153","name":"Andreia Cunha","image":{"@type":"ImageObject","inLanguage":"pt-PT","@id":"https:\/\/www.altominho.tv\/site\/wp-content\/uploads\/2017\/11\/Andreia_Cunha-1-150x150.jpg","url":"https:\/\/www.altominho.tv\/site\/wp-content\/uploads\/2017\/11\/Andreia_Cunha-1-150x150.jpg","contentUrl":"https:\/\/www.altominho.tv\/site\/wp-content\/uploads\/2017\/11\/Andreia_Cunha-1-150x150.jpg","caption":"Andreia Cunha"},"url":"https:\/\/www.altominho.tv\/site\/author\/andreiacunha\/"}]}},"_links":{"self":[{"href":"https:\/\/www.altominho.tv\/site\/wp-json\/wp\/v2\/posts\/53287","targetHints":{"allow":["GET"]}}],"collection":[{"href":"https:\/\/www.altominho.tv\/site\/wp-json\/wp\/v2\/posts"}],"about":[{"href":"https:\/\/www.altominho.tv\/site\/wp-json\/wp\/v2\/types\/post"}],"author":[{"embeddable":true,"href":"https:\/\/www.altominho.tv\/site\/wp-json\/wp\/v2\/users\/7"}],"replies":[{"embeddable":true,"href":"https:\/\/www.altominho.tv\/site\/wp-json\/wp\/v2\/comments?post=53287"}],"version-history":[{"count":0,"href":"https:\/\/www.altominho.tv\/site\/wp-json\/wp\/v2\/posts\/53287\/revisions"}],"wp:featuredmedia":[{"embeddable":true,"href":"https:\/\/www.altominho.tv\/site\/wp-json\/wp\/v2\/media\/53288"}],"wp:attachment":[{"href":"https:\/\/www.altominho.tv\/site\/wp-json\/wp\/v2\/media?parent=53287"}],"wp:term":[{"taxonomy":"category","embeddable":true,"href":"https:\/\/www.altominho.tv\/site\/wp-json\/wp\/v2\/categories?post=53287"},{"taxonomy":"post_tag","embeddable":true,"href":"https:\/\/www.altominho.tv\/site\/wp-json\/wp\/v2\/tags?post=53287"}],"curies":[{"name":"wp","href":"https:\/\/api.w.org\/{rel}","templated":true}]}}