{"id":53268,"date":"2020-10-05T14:49:40","date_gmt":"2020-10-05T13:49:40","guid":{"rendered":"http:\/\/www.altominho.tv\/site\/?p=53268"},"modified":"2020-10-06T10:29:39","modified_gmt":"2020-10-06T09:29:39","slug":"minho-entre-as-regioes-do-pais-com-mais-dormidas-em-agosto","status":"publish","type":"post","link":"https:\/\/www.altominho.tv\/site\/2020\/10\/05\/minho-entre-as-regioes-do-pais-com-mais-dormidas-em-agosto\/","title":{"rendered":"Minho entre as regi\u00f5es do pa\u00eds com mais dormidas em agosto"},"content":{"rendered":"<p>O <strong>Turismo do Porto e Norte de Portugal<\/strong> (TPNP) registou no m\u00eas de agosto um total de 831,8 dormidas, tendo sido assim a segunda regi\u00e3o com mais dormidas no Pa\u00eds, de acordo com os dados do Instituto Nacional de Estat\u00edstica (INE).<\/p>\n<p>\u201cFoi um m\u00eas com taxas de ocupa\u00e7\u00e3o muito interessantes e que ajudaram a esbater as perdas registadas ao longo de todo o ano,<strong> principalmente nos subdestinos do Minho, Douro e Tr\u00e1s-os-Montes, onde se verificaram, em alguns locais, taxas de ocupa\u00e7\u00e3o superior a 90%<\/strong>\u201d, adianta Lu\u00eds Pedro Martins, presidente do Turismo do Porto e Norte.<\/p>\n<p>Ainda assim, e apesar dos sinais de recupera\u00e7\u00e3o sentidos em agosto, no total do n\u00famero de dormidas registaram-se menos 41% face ao per\u00edodo hom\u00f3logo de 2019.<\/p>\n<p>No in\u00edcio de julho deste ano o Turismo do Porto e Norte lan\u00e7ou uma <a href=\"\/\/www.altominho.tv\/site\/2020\/05\/09\/turismo-porto-e-norte-avanca-em-junho-com-plano-de-recuperacao-do-setor\/\">forte campanha de promo\u00e7\u00e3o do destino<\/a>, especialmente direcionada para os turistas nacionais e para o mercado espanhol, e cujo principal objetivo foi o de potenciar o consumo tur\u00edstico da Regi\u00e3o. \u201cUm trabalho de promo\u00e7\u00e3o forte e incisivo, que foi capaz de mostrar as potencialidades naturais, gastron\u00f3micas ou culturais do nosso territ\u00f3rio\u201d, acrescentou o presidente.<\/p>\n\n\n<div class=\"wp-block-image\"><figure class=\"aligncenter size-large\"><img loading=\"lazy\" decoding=\"async\" width=\"1024\" height=\"683\" src=\"http:\/\/www.altominho.tv\/site\/wp-content\/uploads\/2020\/10\/Norte-de-Portugal_2-1024x683.jpg\" alt=\"\" class=\"wp-image-53270\" srcset=\"https:\/\/www.altominho.tv\/site\/wp-content\/uploads\/2020\/10\/Norte-de-Portugal_2-1024x683.jpg 1024w, https:\/\/www.altominho.tv\/site\/wp-content\/uploads\/2020\/10\/Norte-de-Portugal_2-649x433.jpg 649w, https:\/\/www.altominho.tv\/site\/wp-content\/uploads\/2020\/10\/Norte-de-Portugal_2-768x512.jpg 768w, https:\/\/www.altominho.tv\/site\/wp-content\/uploads\/2020\/10\/Norte-de-Portugal_2-370x247.jpg 370w, https:\/\/www.altominho.tv\/site\/wp-content\/uploads\/2020\/10\/Norte-de-Portugal_2-270x180.jpg 270w, https:\/\/www.altominho.tv\/site\/wp-content\/uploads\/2020\/10\/Norte-de-Portugal_2-570x380.jpg 570w, https:\/\/www.altominho.tv\/site\/wp-content\/uploads\/2020\/10\/Norte-de-Portugal_2-740x494.jpg 740w, https:\/\/www.altominho.tv\/site\/wp-content\/uploads\/2020\/10\/Norte-de-Portugal_2.jpg 1400w\" sizes=\"auto, (max-width: 1024px) 100vw, 1024px\" \/><\/figure><\/div>\n\n\n<p>Ainda de acordo com Lu\u00eds Pedro Martins, \u201c\u00e9 fundamental ajudar os parceiros p\u00fablicos e privados no setor do Turismo, aproveitar os pacotes de apoio europeus e promover uma discrimina\u00e7\u00e3o positiva de um setor que tanto tem contribu\u00eddo para a economia nacional nos \u00faltimos anos\u201d, justifica.<\/p>\n<p>Lu\u00eds Pedro Martins elogia, por isso, a medida que o Governo pretende inserir no Or\u00e7amento de Estado para 2021 e que permitir\u00e1 recuperar parte do IVA gasto em v\u00e1rios setores, Turismo inclu\u00eddo, para depois ser gasto em novas compras no mesmo setor.<\/p>\n<p>\u201c\u00c9 uma medida que poder\u00e1 ajudar a alavancar o turismo nacional e incrementar as dormidas de residentes, ajudando os nossos parceiros a recuperar de um ano muito dif\u00edcil\u201d, conclui.<\/p>","protected":false},"excerpt":{"rendered":"<p>O Turismo do Porto e Norte de Portugal (TPNP) registou no m\u00eas de agosto um total de 831,8 dormidas, tendo sido assim a segunda regi\u00e3o com mais dormidas no Pa\u00eds, de acordo com os dados do Instituto Nacional de Estat\u00edstica (INE). \u201cFoi um m\u00eas com taxas de ocupa\u00e7\u00e3o muito interessantes e que ajudaram a esbater [&hellip;]<\/p>\n","protected":false},"author":1,"featured_media":53276,"comment_status":"closed","ping_status":"closed","sticky":false,"template":"","format":"standard","meta":{"_exactmetrics_skip_tracking":false,"footnotes":""},"categories":[73],"tags":[21],"class_list":["post-53268","post","type-post","status-publish","format-standard","has-post-thumbnail","hentry","category-alto-minho","tag-economia"],"yoast_head":"<!-- This site is optimized with the Yoast SEO Premium plugin v28.3 (Yoast SEO v28.3) - https:\/\/yoast.com\/product\/yoast-seo-premium-wordpress\/ -->\n<title>Minho entre as regi\u00f5es do pa\u00eds com mais dormidas em agosto<\/title>\n<meta name=\"robots\" content=\"index, follow, max-snippet:-1, max-image-preview:large, max-video-preview:-1\" \/>\n<link rel=\"canonical\" href=\"https:\/\/www.altominho.tv\/site\/2020\/10\/05\/minho-entre-as-regioes-do-pais-com-mais-dormidas-em-agosto\/\" \/>\n<meta property=\"og:locale\" content=\"pt_PT\" \/>\n<meta property=\"og:type\" content=\"article\" \/>\n<meta property=\"og:title\" content=\"Minho entre as regi\u00f5es do pa\u00eds com mais dormidas em agosto\" \/>\n<meta property=\"og:description\" content=\"O Turismo do Porto e Norte de Portugal (TPNP) registou no m\u00eas de agosto um total de 831,8 dormidas, tendo sido assim a segunda regi\u00e3o com mais dormidas no Pa\u00eds, de acordo com os dados do Instituto Nacional de Estat\u00edstica (INE). \u201cFoi um m\u00eas com taxas de ocupa\u00e7\u00e3o muito interessantes e que ajudaram a esbater [&hellip;]\" \/>\n<meta property=\"og:url\" content=\"https:\/\/www.altominho.tv\/site\/2020\/10\/05\/minho-entre-as-regioes-do-pais-com-mais-dormidas-em-agosto\/\" \/>\n<meta property=\"og:site_name\" content=\"Altominho.tv\" \/>\n<meta property=\"article:publisher\" content=\"https:\/\/www.facebook.com\/altominhotv\" \/>\n<meta property=\"article:published_time\" content=\"2020-10-05T13:49:40+00:00\" \/>\n<meta property=\"article:modified_time\" content=\"2020-10-06T09:29:39+00:00\" \/>\n<meta property=\"og:image\" content=\"https:\/\/www.altominho.tv\/site\/wp-content\/uploads\/2020\/10\/Alto_Minho_Soajo.jpg\" \/>\n\t<meta property=\"og:image:width\" content=\"1300\" \/>\n\t<meta property=\"og:image:height\" content=\"867\" \/>\n\t<meta property=\"og:image:type\" content=\"image\/jpeg\" \/>\n<meta name=\"author\" content=\"Altominho.tv\" \/>\n<meta name=\"twitter:card\" content=\"summary_large_image\" \/>\n<meta name=\"twitter:creator\" content=\"@altominhoTV\" \/>\n<meta name=\"twitter:site\" content=\"@altominhoTV\" \/>\n<meta name=\"twitter:label1\" content=\"Escrito por\" \/>\n\t<meta name=\"twitter:data1\" content=\"Altominho.tv\" \/>\n\t<meta name=\"twitter:label2\" content=\"Tempo estimado de leitura\" \/>\n\t<meta name=\"twitter:data2\" content=\"2 minutos\" \/>\n<script type=\"application\/ld+json\" class=\"yoast-schema-graph\">{\"@context\":\"https:\\\/\\\/schema.org\",\"@graph\":[{\"@type\":\"Article\",\"@id\":\"https:\\\/\\\/www.altominho.tv\\\/site\\\/2020\\\/10\\\/05\\\/minho-entre-as-regioes-do-pais-com-mais-dormidas-em-agosto\\\/#article\",\"isPartOf\":{\"@id\":\"https:\\\/\\\/www.altominho.tv\\\/site\\\/2020\\\/10\\\/05\\\/minho-entre-as-regioes-do-pais-com-mais-dormidas-em-agosto\\\/\"},\"author\":{\"name\":\"Altominho.tv\",\"@id\":\"https:\\\/\\\/www.altominho.tv\\\/site\\\/#\\\/schema\\\/person\\\/4e536851627d7914baf3dac752b6af22\"},\"headline\":\"Minho entre as regi\u00f5es do pa\u00eds com mais dormidas em agosto\",\"datePublished\":\"2020-10-05T13:49:40+00:00\",\"dateModified\":\"2020-10-06T09:29:39+00:00\",\"mainEntityOfPage\":{\"@id\":\"https:\\\/\\\/www.altominho.tv\\\/site\\\/2020\\\/10\\\/05\\\/minho-entre-as-regioes-do-pais-com-mais-dormidas-em-agosto\\\/\"},\"wordCount\":341,\"image\":{\"@id\":\"https:\\\/\\\/www.altominho.tv\\\/site\\\/2020\\\/10\\\/05\\\/minho-entre-as-regioes-do-pais-com-mais-dormidas-em-agosto\\\/#primaryimage\"},\"thumbnailUrl\":\"https:\\\/\\\/www.altominho.tv\\\/site\\\/wp-content\\\/uploads\\\/2020\\\/10\\\/Alto_Minho_Soajo.jpg\",\"keywords\":[\"Economia\"],\"articleSection\":[\"Alto Minho\"],\"inLanguage\":\"pt-PT\",\"copyrightYear\":\"2020\",\"copyrightHolder\":{\"@id\":\"https:\\\/\\\/www.altominho.tv\\\/site\\\/#organization\"}},{\"@type\":\"WebPage\",\"@id\":\"https:\\\/\\\/www.altominho.tv\\\/site\\\/2020\\\/10\\\/05\\\/minho-entre-as-regioes-do-pais-com-mais-dormidas-em-agosto\\\/\",\"url\":\"https:\\\/\\\/www.altominho.tv\\\/site\\\/2020\\\/10\\\/05\\\/minho-entre-as-regioes-do-pais-com-mais-dormidas-em-agosto\\\/\",\"name\":\"Minho entre as regi\u00f5es do pa\u00eds com mais dormidas em agosto\",\"isPartOf\":{\"@id\":\"https:\\\/\\\/www.altominho.tv\\\/site\\\/#website\"},\"primaryImageOfPage\":{\"@id\":\"https:\\\/\\\/www.altominho.tv\\\/site\\\/2020\\\/10\\\/05\\\/minho-entre-as-regioes-do-pais-com-mais-dormidas-em-agosto\\\/#primaryimage\"},\"image\":{\"@id\":\"https:\\\/\\\/www.altominho.tv\\\/site\\\/2020\\\/10\\\/05\\\/minho-entre-as-regioes-do-pais-com-mais-dormidas-em-agosto\\\/#primaryimage\"},\"thumbnailUrl\":\"https:\\\/\\\/www.altominho.tv\\\/site\\\/wp-content\\\/uploads\\\/2020\\\/10\\\/Alto_Minho_Soajo.jpg\",\"datePublished\":\"2020-10-05T13:49:40+00:00\",\"dateModified\":\"2020-10-06T09:29:39+00:00\",\"author\":{\"@id\":\"https:\\\/\\\/www.altominho.tv\\\/site\\\/#\\\/schema\\\/person\\\/4e536851627d7914baf3dac752b6af22\"},\"breadcrumb\":{\"@id\":\"https:\\\/\\\/www.altominho.tv\\\/site\\\/2020\\\/10\\\/05\\\/minho-entre-as-regioes-do-pais-com-mais-dormidas-em-agosto\\\/#breadcrumb\"},\"inLanguage\":\"pt-PT\",\"potentialAction\":[{\"@type\":\"ReadAction\",\"target\":[\"https:\\\/\\\/www.altominho.tv\\\/site\\\/2020\\\/10\\\/05\\\/minho-entre-as-regioes-do-pais-com-mais-dormidas-em-agosto\\\/\"]}]},{\"@type\":\"ImageObject\",\"inLanguage\":\"pt-PT\",\"@id\":\"https:\\\/\\\/www.altominho.tv\\\/site\\\/2020\\\/10\\\/05\\\/minho-entre-as-regioes-do-pais-com-mais-dormidas-em-agosto\\\/#primaryimage\",\"url\":\"https:\\\/\\\/www.altominho.tv\\\/site\\\/wp-content\\\/uploads\\\/2020\\\/10\\\/Alto_Minho_Soajo.jpg\",\"contentUrl\":\"https:\\\/\\\/www.altominho.tv\\\/site\\\/wp-content\\\/uploads\\\/2020\\\/10\\\/Alto_Minho_Soajo.jpg\",\"width\":1300,\"height\":867},{\"@type\":\"BreadcrumbList\",\"@id\":\"https:\\\/\\\/www.altominho.tv\\\/site\\\/2020\\\/10\\\/05\\\/minho-entre-as-regioes-do-pais-com-mais-dormidas-em-agosto\\\/#breadcrumb\",\"itemListElement\":[{\"@type\":\"ListItem\",\"position\":1,\"name\":\"In\u00edcio\",\"item\":\"https:\\\/\\\/www.altominho.tv\\\/site\\\/\"},{\"@type\":\"ListItem\",\"position\":2,\"name\":\"Minho entre as regi\u00f5es do pa\u00eds com mais dormidas em agosto\"}]},{\"@type\":\"WebSite\",\"@id\":\"https:\\\/\\\/www.altominho.tv\\\/site\\\/#website\",\"url\":\"https:\\\/\\\/www.altominho.tv\\\/site\\\/\",\"name\":\"Altominho.tv\",\"description\":\"A sua regi\u00e3o \u00e0 dist\u00e2ncia de um clique...\",\"potentialAction\":[{\"@type\":\"SearchAction\",\"target\":{\"@type\":\"EntryPoint\",\"urlTemplate\":\"https:\\\/\\\/www.altominho.tv\\\/site\\\/?s={search_term_string}\"},\"query-input\":{\"@type\":\"PropertyValueSpecification\",\"valueRequired\":true,\"valueName\":\"search_term_string\"}}],\"inLanguage\":\"pt-PT\"},{\"@type\":\"Person\",\"@id\":\"https:\\\/\\\/www.altominho.tv\\\/site\\\/#\\\/schema\\\/person\\\/4e536851627d7914baf3dac752b6af22\",\"name\":\"Altominho.tv\",\"image\":{\"@type\":\"ImageObject\",\"inLanguage\":\"pt-PT\",\"@id\":\"https:\\\/\\\/www.altominho.tv\\\/site\\\/wp-content\\\/uploads\\\/2019\\\/11\\\/Logo_Avatar_2-150x150.jpg\",\"url\":\"https:\\\/\\\/www.altominho.tv\\\/site\\\/wp-content\\\/uploads\\\/2019\\\/11\\\/Logo_Avatar_2-150x150.jpg\",\"contentUrl\":\"https:\\\/\\\/www.altominho.tv\\\/site\\\/wp-content\\\/uploads\\\/2019\\\/11\\\/Logo_Avatar_2-150x150.jpg\",\"caption\":\"Altominho.tv\"},\"url\":\"https:\\\/\\\/www.altominho.tv\\\/site\\\/author\\\/altominhotv-tecnico\\\/\"}]}<\/script>\n<!-- \/ Yoast SEO Premium plugin. -->","yoast_head_json":{"title":"Minho entre as regi\u00f5es do pa\u00eds com mais dormidas em agosto","robots":{"index":"index","follow":"follow","max-snippet":"max-snippet:-1","max-image-preview":"max-image-preview:large","max-video-preview":"max-video-preview:-1"},"canonical":"https:\/\/www.altominho.tv\/site\/2020\/10\/05\/minho-entre-as-regioes-do-pais-com-mais-dormidas-em-agosto\/","og_locale":"pt_PT","og_type":"article","og_title":"Minho entre as regi\u00f5es do pa\u00eds com mais dormidas em agosto","og_description":"O Turismo do Porto e Norte de Portugal (TPNP) registou no m\u00eas de agosto um total de 831,8 dormidas, tendo sido assim a segunda regi\u00e3o com mais dormidas no Pa\u00eds, de acordo com os dados do Instituto Nacional de Estat\u00edstica (INE). \u201cFoi um m\u00eas com taxas de ocupa\u00e7\u00e3o muito interessantes e que ajudaram a esbater [&hellip;]","og_url":"https:\/\/www.altominho.tv\/site\/2020\/10\/05\/minho-entre-as-regioes-do-pais-com-mais-dormidas-em-agosto\/","og_site_name":"Altominho.tv","article_publisher":"https:\/\/www.facebook.com\/altominhotv","article_published_time":"2020-10-05T13:49:40+00:00","article_modified_time":"2020-10-06T09:29:39+00:00","og_image":[{"width":1300,"height":867,"url":"https:\/\/www.altominho.tv\/site\/wp-content\/uploads\/2020\/10\/Alto_Minho_Soajo.jpg","type":"image\/jpeg"}],"author":"Altominho.tv","twitter_card":"summary_large_image","twitter_creator":"@altominhoTV","twitter_site":"@altominhoTV","twitter_misc":{"Escrito por":"Altominho.tv","Tempo estimado de leitura":"2 minutos"},"schema":{"@context":"https:\/\/schema.org","@graph":[{"@type":"Article","@id":"https:\/\/www.altominho.tv\/site\/2020\/10\/05\/minho-entre-as-regioes-do-pais-com-mais-dormidas-em-agosto\/#article","isPartOf":{"@id":"https:\/\/www.altominho.tv\/site\/2020\/10\/05\/minho-entre-as-regioes-do-pais-com-mais-dormidas-em-agosto\/"},"author":{"name":"Altominho.tv","@id":"https:\/\/www.altominho.tv\/site\/#\/schema\/person\/4e536851627d7914baf3dac752b6af22"},"headline":"Minho entre as regi\u00f5es do pa\u00eds com mais dormidas em agosto","datePublished":"2020-10-05T13:49:40+00:00","dateModified":"2020-10-06T09:29:39+00:00","mainEntityOfPage":{"@id":"https:\/\/www.altominho.tv\/site\/2020\/10\/05\/minho-entre-as-regioes-do-pais-com-mais-dormidas-em-agosto\/"},"wordCount":341,"image":{"@id":"https:\/\/www.altominho.tv\/site\/2020\/10\/05\/minho-entre-as-regioes-do-pais-com-mais-dormidas-em-agosto\/#primaryimage"},"thumbnailUrl":"https:\/\/www.altominho.tv\/site\/wp-content\/uploads\/2020\/10\/Alto_Minho_Soajo.jpg","keywords":["Economia"],"articleSection":["Alto Minho"],"inLanguage":"pt-PT","copyrightYear":"2020","copyrightHolder":{"@id":"https:\/\/www.altominho.tv\/site\/#organization"}},{"@type":"WebPage","@id":"https:\/\/www.altominho.tv\/site\/2020\/10\/05\/minho-entre-as-regioes-do-pais-com-mais-dormidas-em-agosto\/","url":"https:\/\/www.altominho.tv\/site\/2020\/10\/05\/minho-entre-as-regioes-do-pais-com-mais-dormidas-em-agosto\/","name":"Minho entre as regi\u00f5es do pa\u00eds com mais dormidas em agosto","isPartOf":{"@id":"https:\/\/www.altominho.tv\/site\/#website"},"primaryImageOfPage":{"@id":"https:\/\/www.altominho.tv\/site\/2020\/10\/05\/minho-entre-as-regioes-do-pais-com-mais-dormidas-em-agosto\/#primaryimage"},"image":{"@id":"https:\/\/www.altominho.tv\/site\/2020\/10\/05\/minho-entre-as-regioes-do-pais-com-mais-dormidas-em-agosto\/#primaryimage"},"thumbnailUrl":"https:\/\/www.altominho.tv\/site\/wp-content\/uploads\/2020\/10\/Alto_Minho_Soajo.jpg","datePublished":"2020-10-05T13:49:40+00:00","dateModified":"2020-10-06T09:29:39+00:00","author":{"@id":"https:\/\/www.altominho.tv\/site\/#\/schema\/person\/4e536851627d7914baf3dac752b6af22"},"breadcrumb":{"@id":"https:\/\/www.altominho.tv\/site\/2020\/10\/05\/minho-entre-as-regioes-do-pais-com-mais-dormidas-em-agosto\/#breadcrumb"},"inLanguage":"pt-PT","potentialAction":[{"@type":"ReadAction","target":["https:\/\/www.altominho.tv\/site\/2020\/10\/05\/minho-entre-as-regioes-do-pais-com-mais-dormidas-em-agosto\/"]}]},{"@type":"ImageObject","inLanguage":"pt-PT","@id":"https:\/\/www.altominho.tv\/site\/2020\/10\/05\/minho-entre-as-regioes-do-pais-com-mais-dormidas-em-agosto\/#primaryimage","url":"https:\/\/www.altominho.tv\/site\/wp-content\/uploads\/2020\/10\/Alto_Minho_Soajo.jpg","contentUrl":"https:\/\/www.altominho.tv\/site\/wp-content\/uploads\/2020\/10\/Alto_Minho_Soajo.jpg","width":1300,"height":867},{"@type":"BreadcrumbList","@id":"https:\/\/www.altominho.tv\/site\/2020\/10\/05\/minho-entre-as-regioes-do-pais-com-mais-dormidas-em-agosto\/#breadcrumb","itemListElement":[{"@type":"ListItem","position":1,"name":"In\u00edcio","item":"https:\/\/www.altominho.tv\/site\/"},{"@type":"ListItem","position":2,"name":"Minho entre as regi\u00f5es do pa\u00eds com mais dormidas em agosto"}]},{"@type":"WebSite","@id":"https:\/\/www.altominho.tv\/site\/#website","url":"https:\/\/www.altominho.tv\/site\/","name":"Altominho.tv","description":"A sua regi\u00e3o \u00e0 dist\u00e2ncia de um clique...","potentialAction":[{"@type":"SearchAction","target":{"@type":"EntryPoint","urlTemplate":"https:\/\/www.altominho.tv\/site\/?s={search_term_string}"},"query-input":{"@type":"PropertyValueSpecification","valueRequired":true,"valueName":"search_term_string"}}],"inLanguage":"pt-PT"},{"@type":"Person","@id":"https:\/\/www.altominho.tv\/site\/#\/schema\/person\/4e536851627d7914baf3dac752b6af22","name":"Altominho.tv","image":{"@type":"ImageObject","inLanguage":"pt-PT","@id":"https:\/\/www.altominho.tv\/site\/wp-content\/uploads\/2019\/11\/Logo_Avatar_2-150x150.jpg","url":"https:\/\/www.altominho.tv\/site\/wp-content\/uploads\/2019\/11\/Logo_Avatar_2-150x150.jpg","contentUrl":"https:\/\/www.altominho.tv\/site\/wp-content\/uploads\/2019\/11\/Logo_Avatar_2-150x150.jpg","caption":"Altominho.tv"},"url":"https:\/\/www.altominho.tv\/site\/author\/altominhotv-tecnico\/"}]}},"_links":{"self":[{"href":"https:\/\/www.altominho.tv\/site\/wp-json\/wp\/v2\/posts\/53268","targetHints":{"allow":["GET"]}}],"collection":[{"href":"https:\/\/www.altominho.tv\/site\/wp-json\/wp\/v2\/posts"}],"about":[{"href":"https:\/\/www.altominho.tv\/site\/wp-json\/wp\/v2\/types\/post"}],"author":[{"embeddable":true,"href":"https:\/\/www.altominho.tv\/site\/wp-json\/wp\/v2\/users\/1"}],"replies":[{"embeddable":true,"href":"https:\/\/www.altominho.tv\/site\/wp-json\/wp\/v2\/comments?post=53268"}],"version-history":[{"count":0,"href":"https:\/\/www.altominho.tv\/site\/wp-json\/wp\/v2\/posts\/53268\/revisions"}],"wp:featuredmedia":[{"embeddable":true,"href":"https:\/\/www.altominho.tv\/site\/wp-json\/wp\/v2\/media\/53276"}],"wp:attachment":[{"href":"https:\/\/www.altominho.tv\/site\/wp-json\/wp\/v2\/media?parent=53268"}],"wp:term":[{"taxonomy":"category","embeddable":true,"href":"https:\/\/www.altominho.tv\/site\/wp-json\/wp\/v2\/categories?post=53268"},{"taxonomy":"post_tag","embeddable":true,"href":"https:\/\/www.altominho.tv\/site\/wp-json\/wp\/v2\/tags?post=53268"}],"curies":[{"name":"wp","href":"https:\/\/api.w.org\/{rel}","templated":true}]}}