{"id":53220,"date":"2020-10-02T19:42:25","date_gmt":"2020-10-02T18:42:25","guid":{"rendered":"http:\/\/www.altominho.tv\/site\/?p=53220"},"modified":"2020-10-02T19:42:27","modified_gmt":"2020-10-02T18:42:27","slug":"alto-minho-tem-242-casos-ativos-de-infecao","status":"publish","type":"post","link":"https:\/\/www.altominho.tv\/site\/2020\/10\/02\/alto-minho-tem-242-casos-ativos-de-infecao\/","title":{"rendered":"Alto Minho tem 242 casos ativos de infe\u00e7\u00e3o"},"content":{"rendered":"<p>Segundo os dados da Unidade Local de Sa\u00fade do Alto Minho (ULSAM), disponibilizados esta sexta-feira, o <strong>concelho de Valen\u00e7a continua a registar o maior n\u00famero de casos ativos em todo o Alto Minho, com 92 infetados<\/strong> (uma forte subida de 22 casos face ao relat\u00f3rio anterior), seguido de <strong>Viana, que subiu de 32 para 35<\/strong>.<\/p>\n<p><strong>Ponte de Lima sobe para 28 casos ativos<\/strong>\u00a0(mais 4 face ao relat\u00f3rio anterior) e\u00a0<strong>Caminha sobe para 19 casos ativos<\/strong>, mais 4 casos do que o relat\u00f3rio anterior.<\/p>\n<p>O concelho de\u00a0<strong>Ponte da Barca mant\u00e9m os 18 casos<\/strong> assim como <strong>Mon\u00e7\u00e3o com 13 casos<\/strong>.<\/p>\n<p>O munic\u00edpio de\u00a0<strong>Vila Nova de Cerveira sobe 8 casos ativos<\/strong>, totalizando agora 19 . <strong>Arcos de Valdevez desce 1 caso ativo<\/strong>, passando de 15 para 14.<\/p>\n<p>O concelho de\u00a0<strong>Melga\u00e7o volta a ter 1 caso ativo <\/strong>(depois de ter sido <a href=\"\/\/www.altominho.tv\/site\/2020\/09\/29\/melgaco-e-o-unico-concelho-do-alto-minho-sem-casos-ativos\/\">o \u00fanico concelho do Alto Minho sem casos<\/a>), e <strong>Paredes de Coura\u00a0 mant\u00e9m os 3 casos ativos<\/strong>\u00a0do relat\u00f3rio anterior.<\/p>\n<div class=\"entry-content\">\n<p>Desde o in\u00edcio da pandemia, o distrito de Viana do Castelo\u00a0<strong>contabilizou um total de 1069 casos positivos <\/strong>de infe\u00e7\u00e3o pelo novo coronav\u00edrus<strong>, 766 casos recuperados <\/strong>e<strong>\u00a061 \u00f3bitos<\/strong>.<\/p>\n<\/div>\n\n\n<figure class=\"wp-block-image size-large\"><img loading=\"lazy\" decoding=\"async\" width=\"1024\" height=\"850\" src=\"https:\/\/www.altominho.tv\/site\/wp-content\/uploads\/2020\/10\/Situac\u0327a\u0303o-Epidemiolo\u0301gica_AltoMinho_02_10-1024x850.jpg\" alt=\"\" class=\"wp-image-53221\" srcset=\"https:\/\/www.altominho.tv\/site\/wp-content\/uploads\/2020\/10\/Situac\u0327a\u0303o-Epidemiolo\u0301gica_AltoMinho_02_10-1024x850.jpg 1024w, https:\/\/www.altominho.tv\/site\/wp-content\/uploads\/2020\/10\/Situac\u0327a\u0303o-Epidemiolo\u0301gica_AltoMinho_02_10-521x433.jpg 521w, https:\/\/www.altominho.tv\/site\/wp-content\/uploads\/2020\/10\/Situac\u0327a\u0303o-Epidemiolo\u0301gica_AltoMinho_02_10-768x638.jpg 768w, https:\/\/www.altominho.tv\/site\/wp-content\/uploads\/2020\/10\/Situac\u0327a\u0303o-Epidemiolo\u0301gica_AltoMinho_02_10-370x307.jpg 370w, https:\/\/www.altominho.tv\/site\/wp-content\/uploads\/2020\/10\/Situac\u0327a\u0303o-Epidemiolo\u0301gica_AltoMinho_02_10-270x224.jpg 270w, https:\/\/www.altominho.tv\/site\/wp-content\/uploads\/2020\/10\/Situac\u0327a\u0303o-Epidemiolo\u0301gica_AltoMinho_02_10-570x473.jpg 570w, https:\/\/www.altominho.tv\/site\/wp-content\/uploads\/2020\/10\/Situac\u0327a\u0303o-Epidemiolo\u0301gica_AltoMinho_02_10-740x615.jpg 740w, https:\/\/www.altominho.tv\/site\/wp-content\/uploads\/2020\/10\/Situac\u0327a\u0303o-Epidemiolo\u0301gica_AltoMinho_02_10.jpg 1310w\" sizes=\"auto, (max-width: 1024px) 100vw, 1024px\" \/><\/figure>\n\n\n\n<figure class=\"wp-block-image size-large\"><img loading=\"lazy\" decoding=\"async\" width=\"1024\" height=\"670\" src=\"https:\/\/www.altominho.tv\/site\/wp-content\/uploads\/2020\/10\/Gra\u0301fico_Covid_AltoMinho_02_10-1024x670.jpg\" alt=\"\" class=\"wp-image-53222\" srcset=\"https:\/\/www.altominho.tv\/site\/wp-content\/uploads\/2020\/10\/Gra\u0301fico_Covid_AltoMinho_02_10-1024x670.jpg 1024w, https:\/\/www.altominho.tv\/site\/wp-content\/uploads\/2020\/10\/Gra\u0301fico_Covid_AltoMinho_02_10-662x433.jpg 662w, https:\/\/www.altominho.tv\/site\/wp-content\/uploads\/2020\/10\/Gra\u0301fico_Covid_AltoMinho_02_10-768x502.jpg 768w, https:\/\/www.altominho.tv\/site\/wp-content\/uploads\/2020\/10\/Gra\u0301fico_Covid_AltoMinho_02_10-370x242.jpg 370w, https:\/\/www.altominho.tv\/site\/wp-content\/uploads\/2020\/10\/Gra\u0301fico_Covid_AltoMinho_02_10-270x177.jpg 270w, https:\/\/www.altominho.tv\/site\/wp-content\/uploads\/2020\/10\/Gra\u0301fico_Covid_AltoMinho_02_10-570x373.jpg 570w, https:\/\/www.altominho.tv\/site\/wp-content\/uploads\/2020\/10\/Gra\u0301fico_Covid_AltoMinho_02_10-740x484.jpg 740w, https:\/\/www.altominho.tv\/site\/wp-content\/uploads\/2020\/10\/Gra\u0301fico_Covid_AltoMinho_02_10.jpg 1364w\" sizes=\"auto, (max-width: 1024px) 100vw, 1024px\" \/><\/figure>\n","protected":false},"excerpt":{"rendered":"<p>Segundo os dados da Unidade Local de Sa\u00fade do Alto Minho (ULSAM), disponibilizados esta sexta-feira, o concelho de Valen\u00e7a continua a registar o maior n\u00famero de casos ativos em todo o Alto Minho, com 92 infetados (uma forte subida de 22 casos face ao relat\u00f3rio anterior), seguido de Viana, que subiu de 32 para 35. [&hellip;]<\/p>\n","protected":false},"author":1,"featured_media":53051,"comment_status":"closed","ping_status":"closed","sticky":false,"template":"","format":"standard","meta":{"_exactmetrics_skip_tracking":false,"footnotes":""},"categories":[73],"tags":[26,27],"class_list":["post-53220","post","type-post","status-publish","format-standard","has-post-thumbnail","hentry","category-alto-minho","tag-saude","tag-sociedade"],"yoast_head":"<!-- This site is optimized with the Yoast SEO Premium plugin v28.3 (Yoast SEO v28.3) - https:\/\/yoast.com\/product\/yoast-seo-premium-wordpress\/ -->\n<title>Alto Minho tem 242 casos ativos de infe\u00e7\u00e3o<\/title>\n<meta name=\"robots\" content=\"index, follow, max-snippet:-1, max-image-preview:large, max-video-preview:-1\" \/>\n<link rel=\"canonical\" href=\"https:\/\/www.altominho.tv\/site\/2020\/10\/02\/alto-minho-tem-242-casos-ativos-de-infecao\/\" \/>\n<meta property=\"og:locale\" content=\"pt_PT\" \/>\n<meta property=\"og:type\" content=\"article\" \/>\n<meta property=\"og:title\" content=\"Alto Minho tem 242 casos ativos de infe\u00e7\u00e3o\" \/>\n<meta property=\"og:description\" content=\"Segundo os dados da Unidade Local de Sa\u00fade do Alto Minho (ULSAM), disponibilizados esta sexta-feira, o concelho de Valen\u00e7a continua a registar o maior n\u00famero de casos ativos em todo o Alto Minho, com 92 infetados (uma forte subida de 22 casos face ao relat\u00f3rio anterior), seguido de Viana, que subiu de 32 para 35. [&hellip;]\" \/>\n<meta property=\"og:url\" content=\"https:\/\/www.altominho.tv\/site\/2020\/10\/02\/alto-minho-tem-242-casos-ativos-de-infecao\/\" \/>\n<meta property=\"og:site_name\" content=\"Altominho.tv\" \/>\n<meta property=\"article:publisher\" content=\"https:\/\/www.facebook.com\/altominhotv\" \/>\n<meta property=\"article:published_time\" content=\"2020-10-02T18:42:25+00:00\" \/>\n<meta property=\"article:modified_time\" content=\"2020-10-02T18:42:27+00:00\" \/>\n<meta property=\"og:image\" content=\"https:\/\/www.altominho.tv\/site\/wp-content\/uploads\/2020\/09\/ulsam_ATV-1.jpg\" \/>\n\t<meta property=\"og:image:width\" content=\"940\" \/>\n\t<meta property=\"og:image:height\" content=\"490\" \/>\n\t<meta property=\"og:image:type\" content=\"image\/jpeg\" \/>\n<meta name=\"author\" content=\"Altominho.tv\" \/>\n<meta name=\"twitter:card\" content=\"summary_large_image\" \/>\n<meta name=\"twitter:creator\" content=\"@altominhoTV\" \/>\n<meta name=\"twitter:site\" content=\"@altominhoTV\" \/>\n<meta name=\"twitter:label1\" content=\"Escrito por\" \/>\n\t<meta name=\"twitter:data1\" content=\"Altominho.tv\" \/>\n\t<meta name=\"twitter:label2\" content=\"Tempo estimado de leitura\" \/>\n\t<meta name=\"twitter:data2\" content=\"1 minuto\" \/>\n<script type=\"application\/ld+json\" class=\"yoast-schema-graph\">{\"@context\":\"https:\\\/\\\/schema.org\",\"@graph\":[{\"@type\":\"Article\",\"@id\":\"https:\\\/\\\/www.altominho.tv\\\/site\\\/2020\\\/10\\\/02\\\/alto-minho-tem-242-casos-ativos-de-infecao\\\/#article\",\"isPartOf\":{\"@id\":\"https:\\\/\\\/www.altominho.tv\\\/site\\\/2020\\\/10\\\/02\\\/alto-minho-tem-242-casos-ativos-de-infecao\\\/\"},\"author\":{\"name\":\"Altominho.tv\",\"@id\":\"https:\\\/\\\/www.altominho.tv\\\/site\\\/#\\\/schema\\\/person\\\/4e536851627d7914baf3dac752b6af22\"},\"headline\":\"Alto Minho tem 242 casos ativos de infe\u00e7\u00e3o\",\"datePublished\":\"2020-10-02T18:42:25+00:00\",\"dateModified\":\"2020-10-02T18:42:27+00:00\",\"mainEntityOfPage\":{\"@id\":\"https:\\\/\\\/www.altominho.tv\\\/site\\\/2020\\\/10\\\/02\\\/alto-minho-tem-242-casos-ativos-de-infecao\\\/\"},\"wordCount\":192,\"image\":{\"@id\":\"https:\\\/\\\/www.altominho.tv\\\/site\\\/2020\\\/10\\\/02\\\/alto-minho-tem-242-casos-ativos-de-infecao\\\/#primaryimage\"},\"thumbnailUrl\":\"https:\\\/\\\/www.altominho.tv\\\/site\\\/wp-content\\\/uploads\\\/2020\\\/09\\\/ulsam_ATV-1.jpg\",\"keywords\":[\"Sa\u00fade\",\"Sociedade\"],\"articleSection\":[\"Alto Minho\"],\"inLanguage\":\"pt-PT\",\"copyrightYear\":\"2020\",\"copyrightHolder\":{\"@id\":\"https:\\\/\\\/www.altominho.tv\\\/site\\\/#organization\"}},{\"@type\":\"WebPage\",\"@id\":\"https:\\\/\\\/www.altominho.tv\\\/site\\\/2020\\\/10\\\/02\\\/alto-minho-tem-242-casos-ativos-de-infecao\\\/\",\"url\":\"https:\\\/\\\/www.altominho.tv\\\/site\\\/2020\\\/10\\\/02\\\/alto-minho-tem-242-casos-ativos-de-infecao\\\/\",\"name\":\"Alto Minho tem 242 casos ativos de infe\u00e7\u00e3o\",\"isPartOf\":{\"@id\":\"https:\\\/\\\/www.altominho.tv\\\/site\\\/#website\"},\"primaryImageOfPage\":{\"@id\":\"https:\\\/\\\/www.altominho.tv\\\/site\\\/2020\\\/10\\\/02\\\/alto-minho-tem-242-casos-ativos-de-infecao\\\/#primaryimage\"},\"image\":{\"@id\":\"https:\\\/\\\/www.altominho.tv\\\/site\\\/2020\\\/10\\\/02\\\/alto-minho-tem-242-casos-ativos-de-infecao\\\/#primaryimage\"},\"thumbnailUrl\":\"https:\\\/\\\/www.altominho.tv\\\/site\\\/wp-content\\\/uploads\\\/2020\\\/09\\\/ulsam_ATV-1.jpg\",\"datePublished\":\"2020-10-02T18:42:25+00:00\",\"dateModified\":\"2020-10-02T18:42:27+00:00\",\"author\":{\"@id\":\"https:\\\/\\\/www.altominho.tv\\\/site\\\/#\\\/schema\\\/person\\\/4e536851627d7914baf3dac752b6af22\"},\"breadcrumb\":{\"@id\":\"https:\\\/\\\/www.altominho.tv\\\/site\\\/2020\\\/10\\\/02\\\/alto-minho-tem-242-casos-ativos-de-infecao\\\/#breadcrumb\"},\"inLanguage\":\"pt-PT\",\"potentialAction\":[{\"@type\":\"ReadAction\",\"target\":[\"https:\\\/\\\/www.altominho.tv\\\/site\\\/2020\\\/10\\\/02\\\/alto-minho-tem-242-casos-ativos-de-infecao\\\/\"]}]},{\"@type\":\"ImageObject\",\"inLanguage\":\"pt-PT\",\"@id\":\"https:\\\/\\\/www.altominho.tv\\\/site\\\/2020\\\/10\\\/02\\\/alto-minho-tem-242-casos-ativos-de-infecao\\\/#primaryimage\",\"url\":\"https:\\\/\\\/www.altominho.tv\\\/site\\\/wp-content\\\/uploads\\\/2020\\\/09\\\/ulsam_ATV-1.jpg\",\"contentUrl\":\"https:\\\/\\\/www.altominho.tv\\\/site\\\/wp-content\\\/uploads\\\/2020\\\/09\\\/ulsam_ATV-1.jpg\",\"width\":940,\"height\":490},{\"@type\":\"BreadcrumbList\",\"@id\":\"https:\\\/\\\/www.altominho.tv\\\/site\\\/2020\\\/10\\\/02\\\/alto-minho-tem-242-casos-ativos-de-infecao\\\/#breadcrumb\",\"itemListElement\":[{\"@type\":\"ListItem\",\"position\":1,\"name\":\"In\u00edcio\",\"item\":\"https:\\\/\\\/www.altominho.tv\\\/site\\\/\"},{\"@type\":\"ListItem\",\"position\":2,\"name\":\"Alto Minho tem 242 casos ativos de infe\u00e7\u00e3o\"}]},{\"@type\":\"WebSite\",\"@id\":\"https:\\\/\\\/www.altominho.tv\\\/site\\\/#website\",\"url\":\"https:\\\/\\\/www.altominho.tv\\\/site\\\/\",\"name\":\"Altominho.tv\",\"description\":\"A sua regi\u00e3o \u00e0 dist\u00e2ncia de um clique...\",\"potentialAction\":[{\"@type\":\"SearchAction\",\"target\":{\"@type\":\"EntryPoint\",\"urlTemplate\":\"https:\\\/\\\/www.altominho.tv\\\/site\\\/?s={search_term_string}\"},\"query-input\":{\"@type\":\"PropertyValueSpecification\",\"valueRequired\":true,\"valueName\":\"search_term_string\"}}],\"inLanguage\":\"pt-PT\"},{\"@type\":\"Person\",\"@id\":\"https:\\\/\\\/www.altominho.tv\\\/site\\\/#\\\/schema\\\/person\\\/4e536851627d7914baf3dac752b6af22\",\"name\":\"Altominho.tv\",\"image\":{\"@type\":\"ImageObject\",\"inLanguage\":\"pt-PT\",\"@id\":\"https:\\\/\\\/www.altominho.tv\\\/site\\\/wp-content\\\/uploads\\\/2019\\\/11\\\/Logo_Avatar_2-150x150.jpg\",\"url\":\"https:\\\/\\\/www.altominho.tv\\\/site\\\/wp-content\\\/uploads\\\/2019\\\/11\\\/Logo_Avatar_2-150x150.jpg\",\"contentUrl\":\"https:\\\/\\\/www.altominho.tv\\\/site\\\/wp-content\\\/uploads\\\/2019\\\/11\\\/Logo_Avatar_2-150x150.jpg\",\"caption\":\"Altominho.tv\"},\"url\":\"https:\\\/\\\/www.altominho.tv\\\/site\\\/author\\\/altominhotv-tecnico\\\/\"}]}<\/script>\n<!-- \/ Yoast SEO Premium plugin. -->","yoast_head_json":{"title":"Alto Minho tem 242 casos ativos de infe\u00e7\u00e3o","robots":{"index":"index","follow":"follow","max-snippet":"max-snippet:-1","max-image-preview":"max-image-preview:large","max-video-preview":"max-video-preview:-1"},"canonical":"https:\/\/www.altominho.tv\/site\/2020\/10\/02\/alto-minho-tem-242-casos-ativos-de-infecao\/","og_locale":"pt_PT","og_type":"article","og_title":"Alto Minho tem 242 casos ativos de infe\u00e7\u00e3o","og_description":"Segundo os dados da Unidade Local de Sa\u00fade do Alto Minho (ULSAM), disponibilizados esta sexta-feira, o concelho de Valen\u00e7a continua a registar o maior n\u00famero de casos ativos em todo o Alto Minho, com 92 infetados (uma forte subida de 22 casos face ao relat\u00f3rio anterior), seguido de Viana, que subiu de 32 para 35. [&hellip;]","og_url":"https:\/\/www.altominho.tv\/site\/2020\/10\/02\/alto-minho-tem-242-casos-ativos-de-infecao\/","og_site_name":"Altominho.tv","article_publisher":"https:\/\/www.facebook.com\/altominhotv","article_published_time":"2020-10-02T18:42:25+00:00","article_modified_time":"2020-10-02T18:42:27+00:00","og_image":[{"width":940,"height":490,"url":"https:\/\/www.altominho.tv\/site\/wp-content\/uploads\/2020\/09\/ulsam_ATV-1.jpg","type":"image\/jpeg"}],"author":"Altominho.tv","twitter_card":"summary_large_image","twitter_creator":"@altominhoTV","twitter_site":"@altominhoTV","twitter_misc":{"Escrito por":"Altominho.tv","Tempo estimado de leitura":"1 minuto"},"schema":{"@context":"https:\/\/schema.org","@graph":[{"@type":"Article","@id":"https:\/\/www.altominho.tv\/site\/2020\/10\/02\/alto-minho-tem-242-casos-ativos-de-infecao\/#article","isPartOf":{"@id":"https:\/\/www.altominho.tv\/site\/2020\/10\/02\/alto-minho-tem-242-casos-ativos-de-infecao\/"},"author":{"name":"Altominho.tv","@id":"https:\/\/www.altominho.tv\/site\/#\/schema\/person\/4e536851627d7914baf3dac752b6af22"},"headline":"Alto Minho tem 242 casos ativos de infe\u00e7\u00e3o","datePublished":"2020-10-02T18:42:25+00:00","dateModified":"2020-10-02T18:42:27+00:00","mainEntityOfPage":{"@id":"https:\/\/www.altominho.tv\/site\/2020\/10\/02\/alto-minho-tem-242-casos-ativos-de-infecao\/"},"wordCount":192,"image":{"@id":"https:\/\/www.altominho.tv\/site\/2020\/10\/02\/alto-minho-tem-242-casos-ativos-de-infecao\/#primaryimage"},"thumbnailUrl":"https:\/\/www.altominho.tv\/site\/wp-content\/uploads\/2020\/09\/ulsam_ATV-1.jpg","keywords":["Sa\u00fade","Sociedade"],"articleSection":["Alto Minho"],"inLanguage":"pt-PT","copyrightYear":"2020","copyrightHolder":{"@id":"https:\/\/www.altominho.tv\/site\/#organization"}},{"@type":"WebPage","@id":"https:\/\/www.altominho.tv\/site\/2020\/10\/02\/alto-minho-tem-242-casos-ativos-de-infecao\/","url":"https:\/\/www.altominho.tv\/site\/2020\/10\/02\/alto-minho-tem-242-casos-ativos-de-infecao\/","name":"Alto Minho tem 242 casos ativos de infe\u00e7\u00e3o","isPartOf":{"@id":"https:\/\/www.altominho.tv\/site\/#website"},"primaryImageOfPage":{"@id":"https:\/\/www.altominho.tv\/site\/2020\/10\/02\/alto-minho-tem-242-casos-ativos-de-infecao\/#primaryimage"},"image":{"@id":"https:\/\/www.altominho.tv\/site\/2020\/10\/02\/alto-minho-tem-242-casos-ativos-de-infecao\/#primaryimage"},"thumbnailUrl":"https:\/\/www.altominho.tv\/site\/wp-content\/uploads\/2020\/09\/ulsam_ATV-1.jpg","datePublished":"2020-10-02T18:42:25+00:00","dateModified":"2020-10-02T18:42:27+00:00","author":{"@id":"https:\/\/www.altominho.tv\/site\/#\/schema\/person\/4e536851627d7914baf3dac752b6af22"},"breadcrumb":{"@id":"https:\/\/www.altominho.tv\/site\/2020\/10\/02\/alto-minho-tem-242-casos-ativos-de-infecao\/#breadcrumb"},"inLanguage":"pt-PT","potentialAction":[{"@type":"ReadAction","target":["https:\/\/www.altominho.tv\/site\/2020\/10\/02\/alto-minho-tem-242-casos-ativos-de-infecao\/"]}]},{"@type":"ImageObject","inLanguage":"pt-PT","@id":"https:\/\/www.altominho.tv\/site\/2020\/10\/02\/alto-minho-tem-242-casos-ativos-de-infecao\/#primaryimage","url":"https:\/\/www.altominho.tv\/site\/wp-content\/uploads\/2020\/09\/ulsam_ATV-1.jpg","contentUrl":"https:\/\/www.altominho.tv\/site\/wp-content\/uploads\/2020\/09\/ulsam_ATV-1.jpg","width":940,"height":490},{"@type":"BreadcrumbList","@id":"https:\/\/www.altominho.tv\/site\/2020\/10\/02\/alto-minho-tem-242-casos-ativos-de-infecao\/#breadcrumb","itemListElement":[{"@type":"ListItem","position":1,"name":"In\u00edcio","item":"https:\/\/www.altominho.tv\/site\/"},{"@type":"ListItem","position":2,"name":"Alto Minho tem 242 casos ativos de infe\u00e7\u00e3o"}]},{"@type":"WebSite","@id":"https:\/\/www.altominho.tv\/site\/#website","url":"https:\/\/www.altominho.tv\/site\/","name":"Altominho.tv","description":"A sua regi\u00e3o \u00e0 dist\u00e2ncia de um clique...","potentialAction":[{"@type":"SearchAction","target":{"@type":"EntryPoint","urlTemplate":"https:\/\/www.altominho.tv\/site\/?s={search_term_string}"},"query-input":{"@type":"PropertyValueSpecification","valueRequired":true,"valueName":"search_term_string"}}],"inLanguage":"pt-PT"},{"@type":"Person","@id":"https:\/\/www.altominho.tv\/site\/#\/schema\/person\/4e536851627d7914baf3dac752b6af22","name":"Altominho.tv","image":{"@type":"ImageObject","inLanguage":"pt-PT","@id":"https:\/\/www.altominho.tv\/site\/wp-content\/uploads\/2019\/11\/Logo_Avatar_2-150x150.jpg","url":"https:\/\/www.altominho.tv\/site\/wp-content\/uploads\/2019\/11\/Logo_Avatar_2-150x150.jpg","contentUrl":"https:\/\/www.altominho.tv\/site\/wp-content\/uploads\/2019\/11\/Logo_Avatar_2-150x150.jpg","caption":"Altominho.tv"},"url":"https:\/\/www.altominho.tv\/site\/author\/altominhotv-tecnico\/"}]}},"_links":{"self":[{"href":"https:\/\/www.altominho.tv\/site\/wp-json\/wp\/v2\/posts\/53220","targetHints":{"allow":["GET"]}}],"collection":[{"href":"https:\/\/www.altominho.tv\/site\/wp-json\/wp\/v2\/posts"}],"about":[{"href":"https:\/\/www.altominho.tv\/site\/wp-json\/wp\/v2\/types\/post"}],"author":[{"embeddable":true,"href":"https:\/\/www.altominho.tv\/site\/wp-json\/wp\/v2\/users\/1"}],"replies":[{"embeddable":true,"href":"https:\/\/www.altominho.tv\/site\/wp-json\/wp\/v2\/comments?post=53220"}],"version-history":[{"count":0,"href":"https:\/\/www.altominho.tv\/site\/wp-json\/wp\/v2\/posts\/53220\/revisions"}],"wp:featuredmedia":[{"embeddable":true,"href":"https:\/\/www.altominho.tv\/site\/wp-json\/wp\/v2\/media\/53051"}],"wp:attachment":[{"href":"https:\/\/www.altominho.tv\/site\/wp-json\/wp\/v2\/media?parent=53220"}],"wp:term":[{"taxonomy":"category","embeddable":true,"href":"https:\/\/www.altominho.tv\/site\/wp-json\/wp\/v2\/categories?post=53220"},{"taxonomy":"post_tag","embeddable":true,"href":"https:\/\/www.altominho.tv\/site\/wp-json\/wp\/v2\/tags?post=53220"}],"curies":[{"name":"wp","href":"https:\/\/api.w.org\/{rel}","templated":true}]}}