{"id":52690,"date":"2020-09-23T16:21:36","date_gmt":"2020-09-23T15:21:36","guid":{"rendered":"http:\/\/www.altominho.tv\/site\/?p=52690"},"modified":"2020-09-23T16:21:40","modified_gmt":"2020-09-23T15:21:40","slug":"concluidas-obras-de-667-mil-euros-na-estrada-municipal-503-entre-ceivaes-e-riba-de-mouro","status":"publish","type":"post","link":"https:\/\/www.altominho.tv\/site\/2020\/09\/23\/concluidas-obras-de-667-mil-euros-na-estrada-municipal-503-entre-ceivaes-e-riba-de-mouro\/","title":{"rendered":"Conclu\u00eddas obras de 667 mil euros na Estrada Municipal 503 entre Ceiv\u00e3es e Riba de Mouro"},"content":{"rendered":"<p>O munic\u00edpio de Mon\u00e7\u00e3o anunciou esta quarta-feira a conclus\u00e3o das obras de beneficia\u00e7\u00e3o da Estrada Municipal 503, entre os lugares de Valinha, na freguesia de Ceiv\u00e3es, e Ponte Nova, em Riba de Mouro, numa extens\u00e3o de 8,6 quil\u00f3metros.<\/p>\n<p>Em comunicado, a autarquia refere que a empreitada representou um investimento global de 667.394,44 euros e permitiu requalificar &#8220;uma das vias com maior tr\u00e1fego autom\u00f3vel do concelho, que atravessa as freguesias de Ceiv\u00e3es, Badim, Segude, Podame, Tangil e Riba de Mouro&#8221;.<\/p>\n<p>&#8220;Sendo um percurso j\u00e1 existente com interven\u00e7\u00e3o ao n\u00edvel da remodela\u00e7\u00e3o e beneficia\u00e7\u00e3o do pavimento, a empreitada contemplou tamb\u00e9m novos \u00f3rg\u00e3os de drenagem em toda a extens\u00e3o da via, constru\u00e7\u00e3o de valetas e bermas em bet\u00e3o e limpeza de aquedutos existentes&#8221;, l\u00ea-se naquela nota.<\/p>\n<p>Segundo o munic\u00edpio, a requalifica\u00e7\u00e3o deste tra\u00e7ado rodovi\u00e1rio &#8220;reflete um passo importante para quem reside naquela \u00e1rea geogr\u00e1fica do concelho, assegurando-lhes uma circula\u00e7\u00e3o mais segura e flu\u00edda, bem como melhores condi\u00e7\u00f5es de acesso \u00e0s habita\u00e7\u00f5es&#8221;.<\/p>\n<p>&#8220;Devido \u00e0 circula\u00e7\u00e3o intensa e \u00e0 drenagem deficiente, a estrada encontrava-se com o pavimento muito degradado em determinados tro\u00e7os, com irregularidades acentuadas e assentamentos, sendo necess\u00e1rio intervir antes da coloca\u00e7\u00e3o da camada final de tapete betuminoso&#8221;, explica.<\/p>\n<p>A interven\u00e7\u00e3o integra um conjunto de investimentos na rede vi\u00e1ria distribu\u00eddos pelo concelho, num investimento global de 1,3 milh\u00f5es de euros.<\/p>\n","protected":false},"excerpt":{"rendered":"<p>O munic\u00edpio de Mon\u00e7\u00e3o anunciou esta quarta-feira a conclus\u00e3o das obras de beneficia\u00e7\u00e3o da Estrada Municipal 503, entre os lugares de Valinha, na freguesia de Ceiv\u00e3es, e Ponte Nova, em Riba de Mouro, numa extens\u00e3o de 8,6 quil\u00f3metros. Em comunicado, a autarquia refere que a empreitada representou um investimento global de 667.394,44 euros e permitiu [&hellip;]<\/p>\n","protected":false},"author":12,"featured_media":52691,"comment_status":"closed","ping_status":"closed","sticky":false,"template":"","format":"standard","meta":{"_exactmetrics_skip_tracking":false,"footnotes":""},"categories":[9],"tags":[27],"class_list":["post-52690","post","type-post","status-publish","format-standard","has-post-thumbnail","hentry","category-moncao","tag-sociedade"],"yoast_head":"<!-- This site is optimized with the Yoast SEO Premium plugin v28.3 (Yoast SEO v28.3) - https:\/\/yoast.com\/product\/yoast-seo-premium-wordpress\/ -->\n<title>Conclu\u00eddas obras de 667 mil euros na Estrada Municipal 503 entre Ceiv\u00e3es e Riba de Mouro<\/title>\n<meta name=\"robots\" content=\"index, follow, max-snippet:-1, max-image-preview:large, max-video-preview:-1\" \/>\n<link rel=\"canonical\" href=\"https:\/\/www.altominho.tv\/site\/2020\/09\/23\/concluidas-obras-de-667-mil-euros-na-estrada-municipal-503-entre-ceivaes-e-riba-de-mouro\/\" \/>\n<meta property=\"og:locale\" content=\"pt_PT\" \/>\n<meta property=\"og:type\" content=\"article\" \/>\n<meta property=\"og:title\" content=\"Conclu\u00eddas obras de 667 mil euros na Estrada Municipal 503 entre Ceiv\u00e3es e Riba de Mouro\" \/>\n<meta property=\"og:description\" content=\"O munic\u00edpio de Mon\u00e7\u00e3o anunciou esta quarta-feira a conclus\u00e3o das obras de beneficia\u00e7\u00e3o da Estrada Municipal 503, entre os lugares de Valinha, na freguesia de Ceiv\u00e3es, e Ponte Nova, em Riba de Mouro, numa extens\u00e3o de 8,6 quil\u00f3metros. Em comunicado, a autarquia refere que a empreitada representou um investimento global de 667.394,44 euros e permitiu [&hellip;]\" \/>\n<meta property=\"og:url\" content=\"https:\/\/www.altominho.tv\/site\/2020\/09\/23\/concluidas-obras-de-667-mil-euros-na-estrada-municipal-503-entre-ceivaes-e-riba-de-mouro\/\" \/>\n<meta property=\"og:site_name\" content=\"Altominho.tv\" \/>\n<meta property=\"article:publisher\" content=\"https:\/\/www.facebook.com\/altominhotv\" \/>\n<meta property=\"article:published_time\" content=\"2020-09-23T15:21:36+00:00\" \/>\n<meta property=\"article:modified_time\" content=\"2020-09-23T15:21:40+00:00\" \/>\n<meta property=\"og:image\" content=\"https:\/\/www.altominho.tv\/site\/wp-content\/uploads\/2020\/09\/01-p.jpg\" \/>\n\t<meta property=\"og:image:width\" content=\"622\" \/>\n\t<meta property=\"og:image:height\" content=\"401\" \/>\n\t<meta property=\"og:image:type\" content=\"image\/jpeg\" \/>\n<meta name=\"author\" content=\"Andreia Ferreira\" \/>\n<meta name=\"twitter:card\" content=\"summary_large_image\" \/>\n<meta name=\"twitter:creator\" content=\"@altominhoTV\" \/>\n<meta name=\"twitter:site\" content=\"@altominhoTV\" \/>\n<meta name=\"twitter:label1\" content=\"Escrito por\" \/>\n\t<meta name=\"twitter:data1\" content=\"Andreia Ferreira\" \/>\n\t<meta name=\"twitter:label2\" content=\"Tempo estimado de leitura\" \/>\n\t<meta name=\"twitter:data2\" content=\"1 minuto\" \/>\n<script type=\"application\/ld+json\" class=\"yoast-schema-graph\">{\"@context\":\"https:\\\/\\\/schema.org\",\"@graph\":[{\"@type\":\"Article\",\"@id\":\"https:\\\/\\\/www.altominho.tv\\\/site\\\/2020\\\/09\\\/23\\\/concluidas-obras-de-667-mil-euros-na-estrada-municipal-503-entre-ceivaes-e-riba-de-mouro\\\/#article\",\"isPartOf\":{\"@id\":\"https:\\\/\\\/www.altominho.tv\\\/site\\\/2020\\\/09\\\/23\\\/concluidas-obras-de-667-mil-euros-na-estrada-municipal-503-entre-ceivaes-e-riba-de-mouro\\\/\"},\"author\":{\"name\":\"Andreia Ferreira\",\"@id\":\"https:\\\/\\\/www.altominho.tv\\\/site\\\/#\\\/schema\\\/person\\\/d9be4265364723f14ea8e0d56a1d38cd\"},\"headline\":\"Conclu\u00eddas obras de 667 mil euros na Estrada Municipal 503 entre Ceiv\u00e3es e Riba de Mouro\",\"datePublished\":\"2020-09-23T15:21:36+00:00\",\"dateModified\":\"2020-09-23T15:21:40+00:00\",\"mainEntityOfPage\":{\"@id\":\"https:\\\/\\\/www.altominho.tv\\\/site\\\/2020\\\/09\\\/23\\\/concluidas-obras-de-667-mil-euros-na-estrada-municipal-503-entre-ceivaes-e-riba-de-mouro\\\/\"},\"wordCount\":263,\"image\":{\"@id\":\"https:\\\/\\\/www.altominho.tv\\\/site\\\/2020\\\/09\\\/23\\\/concluidas-obras-de-667-mil-euros-na-estrada-municipal-503-entre-ceivaes-e-riba-de-mouro\\\/#primaryimage\"},\"thumbnailUrl\":\"https:\\\/\\\/www.altominho.tv\\\/site\\\/wp-content\\\/uploads\\\/2020\\\/09\\\/01-p.jpg\",\"keywords\":[\"Sociedade\"],\"articleSection\":[\"Mon\u00e7\u00e3o\"],\"inLanguage\":\"pt-PT\",\"copyrightYear\":\"2020\",\"copyrightHolder\":{\"@id\":\"https:\\\/\\\/www.altominho.tv\\\/site\\\/#organization\"}},{\"@type\":\"WebPage\",\"@id\":\"https:\\\/\\\/www.altominho.tv\\\/site\\\/2020\\\/09\\\/23\\\/concluidas-obras-de-667-mil-euros-na-estrada-municipal-503-entre-ceivaes-e-riba-de-mouro\\\/\",\"url\":\"https:\\\/\\\/www.altominho.tv\\\/site\\\/2020\\\/09\\\/23\\\/concluidas-obras-de-667-mil-euros-na-estrada-municipal-503-entre-ceivaes-e-riba-de-mouro\\\/\",\"name\":\"Conclu\u00eddas obras de 667 mil euros na Estrada Municipal 503 entre Ceiv\u00e3es e Riba de Mouro\",\"isPartOf\":{\"@id\":\"https:\\\/\\\/www.altominho.tv\\\/site\\\/#website\"},\"primaryImageOfPage\":{\"@id\":\"https:\\\/\\\/www.altominho.tv\\\/site\\\/2020\\\/09\\\/23\\\/concluidas-obras-de-667-mil-euros-na-estrada-municipal-503-entre-ceivaes-e-riba-de-mouro\\\/#primaryimage\"},\"image\":{\"@id\":\"https:\\\/\\\/www.altominho.tv\\\/site\\\/2020\\\/09\\\/23\\\/concluidas-obras-de-667-mil-euros-na-estrada-municipal-503-entre-ceivaes-e-riba-de-mouro\\\/#primaryimage\"},\"thumbnailUrl\":\"https:\\\/\\\/www.altominho.tv\\\/site\\\/wp-content\\\/uploads\\\/2020\\\/09\\\/01-p.jpg\",\"datePublished\":\"2020-09-23T15:21:36+00:00\",\"dateModified\":\"2020-09-23T15:21:40+00:00\",\"author\":{\"@id\":\"https:\\\/\\\/www.altominho.tv\\\/site\\\/#\\\/schema\\\/person\\\/d9be4265364723f14ea8e0d56a1d38cd\"},\"breadcrumb\":{\"@id\":\"https:\\\/\\\/www.altominho.tv\\\/site\\\/2020\\\/09\\\/23\\\/concluidas-obras-de-667-mil-euros-na-estrada-municipal-503-entre-ceivaes-e-riba-de-mouro\\\/#breadcrumb\"},\"inLanguage\":\"pt-PT\",\"potentialAction\":[{\"@type\":\"ReadAction\",\"target\":[\"https:\\\/\\\/www.altominho.tv\\\/site\\\/2020\\\/09\\\/23\\\/concluidas-obras-de-667-mil-euros-na-estrada-municipal-503-entre-ceivaes-e-riba-de-mouro\\\/\"]}]},{\"@type\":\"ImageObject\",\"inLanguage\":\"pt-PT\",\"@id\":\"https:\\\/\\\/www.altominho.tv\\\/site\\\/2020\\\/09\\\/23\\\/concluidas-obras-de-667-mil-euros-na-estrada-municipal-503-entre-ceivaes-e-riba-de-mouro\\\/#primaryimage\",\"url\":\"https:\\\/\\\/www.altominho.tv\\\/site\\\/wp-content\\\/uploads\\\/2020\\\/09\\\/01-p.jpg\",\"contentUrl\":\"https:\\\/\\\/www.altominho.tv\\\/site\\\/wp-content\\\/uploads\\\/2020\\\/09\\\/01-p.jpg\",\"width\":622,\"height\":401,\"caption\":\"MUNIC\u00cdPIO DE MON\u00c7\u00c3O\"},{\"@type\":\"BreadcrumbList\",\"@id\":\"https:\\\/\\\/www.altominho.tv\\\/site\\\/2020\\\/09\\\/23\\\/concluidas-obras-de-667-mil-euros-na-estrada-municipal-503-entre-ceivaes-e-riba-de-mouro\\\/#breadcrumb\",\"itemListElement\":[{\"@type\":\"ListItem\",\"position\":1,\"name\":\"In\u00edcio\",\"item\":\"https:\\\/\\\/www.altominho.tv\\\/site\\\/\"},{\"@type\":\"ListItem\",\"position\":2,\"name\":\"Conclu\u00eddas obras de 667 mil euros na Estrada Municipal 503 entre Ceiv\u00e3es e Riba de Mouro\"}]},{\"@type\":\"WebSite\",\"@id\":\"https:\\\/\\\/www.altominho.tv\\\/site\\\/#website\",\"url\":\"https:\\\/\\\/www.altominho.tv\\\/site\\\/\",\"name\":\"Altominho.tv\",\"description\":\"A sua regi\u00e3o \u00e0 dist\u00e2ncia de um clique...\",\"potentialAction\":[{\"@type\":\"SearchAction\",\"target\":{\"@type\":\"EntryPoint\",\"urlTemplate\":\"https:\\\/\\\/www.altominho.tv\\\/site\\\/?s={search_term_string}\"},\"query-input\":{\"@type\":\"PropertyValueSpecification\",\"valueRequired\":true,\"valueName\":\"search_term_string\"}}],\"inLanguage\":\"pt-PT\"},{\"@type\":\"Person\",\"@id\":\"https:\\\/\\\/www.altominho.tv\\\/site\\\/#\\\/schema\\\/person\\\/d9be4265364723f14ea8e0d56a1d38cd\",\"name\":\"Andreia Ferreira\",\"image\":{\"@type\":\"ImageObject\",\"inLanguage\":\"pt-PT\",\"@id\":\"https:\\\/\\\/www.altominho.tv\\\/site\\\/wp-content\\\/uploads\\\/2021\\\/01\\\/AndreiaFerreira-150x150.jpg\",\"url\":\"https:\\\/\\\/www.altominho.tv\\\/site\\\/wp-content\\\/uploads\\\/2021\\\/01\\\/AndreiaFerreira-150x150.jpg\",\"contentUrl\":\"https:\\\/\\\/www.altominho.tv\\\/site\\\/wp-content\\\/uploads\\\/2021\\\/01\\\/AndreiaFerreira-150x150.jpg\",\"caption\":\"Andreia Ferreira\"},\"url\":\"https:\\\/\\\/www.altominho.tv\\\/site\\\/author\\\/andreiaferreira\\\/\"}]}<\/script>\n<!-- \/ Yoast SEO Premium plugin. -->","yoast_head_json":{"title":"Conclu\u00eddas obras de 667 mil euros na Estrada Municipal 503 entre Ceiv\u00e3es e Riba de Mouro","robots":{"index":"index","follow":"follow","max-snippet":"max-snippet:-1","max-image-preview":"max-image-preview:large","max-video-preview":"max-video-preview:-1"},"canonical":"https:\/\/www.altominho.tv\/site\/2020\/09\/23\/concluidas-obras-de-667-mil-euros-na-estrada-municipal-503-entre-ceivaes-e-riba-de-mouro\/","og_locale":"pt_PT","og_type":"article","og_title":"Conclu\u00eddas obras de 667 mil euros na Estrada Municipal 503 entre Ceiv\u00e3es e Riba de Mouro","og_description":"O munic\u00edpio de Mon\u00e7\u00e3o anunciou esta quarta-feira a conclus\u00e3o das obras de beneficia\u00e7\u00e3o da Estrada Municipal 503, entre os lugares de Valinha, na freguesia de Ceiv\u00e3es, e Ponte Nova, em Riba de Mouro, numa extens\u00e3o de 8,6 quil\u00f3metros. Em comunicado, a autarquia refere que a empreitada representou um investimento global de 667.394,44 euros e permitiu [&hellip;]","og_url":"https:\/\/www.altominho.tv\/site\/2020\/09\/23\/concluidas-obras-de-667-mil-euros-na-estrada-municipal-503-entre-ceivaes-e-riba-de-mouro\/","og_site_name":"Altominho.tv","article_publisher":"https:\/\/www.facebook.com\/altominhotv","article_published_time":"2020-09-23T15:21:36+00:00","article_modified_time":"2020-09-23T15:21:40+00:00","og_image":[{"width":622,"height":401,"url":"https:\/\/www.altominho.tv\/site\/wp-content\/uploads\/2020\/09\/01-p.jpg","type":"image\/jpeg"}],"author":"Andreia Ferreira","twitter_card":"summary_large_image","twitter_creator":"@altominhoTV","twitter_site":"@altominhoTV","twitter_misc":{"Escrito por":"Andreia Ferreira","Tempo estimado de leitura":"1 minuto"},"schema":{"@context":"https:\/\/schema.org","@graph":[{"@type":"Article","@id":"https:\/\/www.altominho.tv\/site\/2020\/09\/23\/concluidas-obras-de-667-mil-euros-na-estrada-municipal-503-entre-ceivaes-e-riba-de-mouro\/#article","isPartOf":{"@id":"https:\/\/www.altominho.tv\/site\/2020\/09\/23\/concluidas-obras-de-667-mil-euros-na-estrada-municipal-503-entre-ceivaes-e-riba-de-mouro\/"},"author":{"name":"Andreia Ferreira","@id":"https:\/\/www.altominho.tv\/site\/#\/schema\/person\/d9be4265364723f14ea8e0d56a1d38cd"},"headline":"Conclu\u00eddas obras de 667 mil euros na Estrada Municipal 503 entre Ceiv\u00e3es e Riba de Mouro","datePublished":"2020-09-23T15:21:36+00:00","dateModified":"2020-09-23T15:21:40+00:00","mainEntityOfPage":{"@id":"https:\/\/www.altominho.tv\/site\/2020\/09\/23\/concluidas-obras-de-667-mil-euros-na-estrada-municipal-503-entre-ceivaes-e-riba-de-mouro\/"},"wordCount":263,"image":{"@id":"https:\/\/www.altominho.tv\/site\/2020\/09\/23\/concluidas-obras-de-667-mil-euros-na-estrada-municipal-503-entre-ceivaes-e-riba-de-mouro\/#primaryimage"},"thumbnailUrl":"https:\/\/www.altominho.tv\/site\/wp-content\/uploads\/2020\/09\/01-p.jpg","keywords":["Sociedade"],"articleSection":["Mon\u00e7\u00e3o"],"inLanguage":"pt-PT","copyrightYear":"2020","copyrightHolder":{"@id":"https:\/\/www.altominho.tv\/site\/#organization"}},{"@type":"WebPage","@id":"https:\/\/www.altominho.tv\/site\/2020\/09\/23\/concluidas-obras-de-667-mil-euros-na-estrada-municipal-503-entre-ceivaes-e-riba-de-mouro\/","url":"https:\/\/www.altominho.tv\/site\/2020\/09\/23\/concluidas-obras-de-667-mil-euros-na-estrada-municipal-503-entre-ceivaes-e-riba-de-mouro\/","name":"Conclu\u00eddas obras de 667 mil euros na Estrada Municipal 503 entre Ceiv\u00e3es e Riba de Mouro","isPartOf":{"@id":"https:\/\/www.altominho.tv\/site\/#website"},"primaryImageOfPage":{"@id":"https:\/\/www.altominho.tv\/site\/2020\/09\/23\/concluidas-obras-de-667-mil-euros-na-estrada-municipal-503-entre-ceivaes-e-riba-de-mouro\/#primaryimage"},"image":{"@id":"https:\/\/www.altominho.tv\/site\/2020\/09\/23\/concluidas-obras-de-667-mil-euros-na-estrada-municipal-503-entre-ceivaes-e-riba-de-mouro\/#primaryimage"},"thumbnailUrl":"https:\/\/www.altominho.tv\/site\/wp-content\/uploads\/2020\/09\/01-p.jpg","datePublished":"2020-09-23T15:21:36+00:00","dateModified":"2020-09-23T15:21:40+00:00","author":{"@id":"https:\/\/www.altominho.tv\/site\/#\/schema\/person\/d9be4265364723f14ea8e0d56a1d38cd"},"breadcrumb":{"@id":"https:\/\/www.altominho.tv\/site\/2020\/09\/23\/concluidas-obras-de-667-mil-euros-na-estrada-municipal-503-entre-ceivaes-e-riba-de-mouro\/#breadcrumb"},"inLanguage":"pt-PT","potentialAction":[{"@type":"ReadAction","target":["https:\/\/www.altominho.tv\/site\/2020\/09\/23\/concluidas-obras-de-667-mil-euros-na-estrada-municipal-503-entre-ceivaes-e-riba-de-mouro\/"]}]},{"@type":"ImageObject","inLanguage":"pt-PT","@id":"https:\/\/www.altominho.tv\/site\/2020\/09\/23\/concluidas-obras-de-667-mil-euros-na-estrada-municipal-503-entre-ceivaes-e-riba-de-mouro\/#primaryimage","url":"https:\/\/www.altominho.tv\/site\/wp-content\/uploads\/2020\/09\/01-p.jpg","contentUrl":"https:\/\/www.altominho.tv\/site\/wp-content\/uploads\/2020\/09\/01-p.jpg","width":622,"height":401,"caption":"MUNIC\u00cdPIO DE MON\u00c7\u00c3O"},{"@type":"BreadcrumbList","@id":"https:\/\/www.altominho.tv\/site\/2020\/09\/23\/concluidas-obras-de-667-mil-euros-na-estrada-municipal-503-entre-ceivaes-e-riba-de-mouro\/#breadcrumb","itemListElement":[{"@type":"ListItem","position":1,"name":"In\u00edcio","item":"https:\/\/www.altominho.tv\/site\/"},{"@type":"ListItem","position":2,"name":"Conclu\u00eddas obras de 667 mil euros na Estrada Municipal 503 entre Ceiv\u00e3es e Riba de Mouro"}]},{"@type":"WebSite","@id":"https:\/\/www.altominho.tv\/site\/#website","url":"https:\/\/www.altominho.tv\/site\/","name":"Altominho.tv","description":"A sua regi\u00e3o \u00e0 dist\u00e2ncia de um clique...","potentialAction":[{"@type":"SearchAction","target":{"@type":"EntryPoint","urlTemplate":"https:\/\/www.altominho.tv\/site\/?s={search_term_string}"},"query-input":{"@type":"PropertyValueSpecification","valueRequired":true,"valueName":"search_term_string"}}],"inLanguage":"pt-PT"},{"@type":"Person","@id":"https:\/\/www.altominho.tv\/site\/#\/schema\/person\/d9be4265364723f14ea8e0d56a1d38cd","name":"Andreia Ferreira","image":{"@type":"ImageObject","inLanguage":"pt-PT","@id":"https:\/\/www.altominho.tv\/site\/wp-content\/uploads\/2021\/01\/AndreiaFerreira-150x150.jpg","url":"https:\/\/www.altominho.tv\/site\/wp-content\/uploads\/2021\/01\/AndreiaFerreira-150x150.jpg","contentUrl":"https:\/\/www.altominho.tv\/site\/wp-content\/uploads\/2021\/01\/AndreiaFerreira-150x150.jpg","caption":"Andreia Ferreira"},"url":"https:\/\/www.altominho.tv\/site\/author\/andreiaferreira\/"}]}},"_links":{"self":[{"href":"https:\/\/www.altominho.tv\/site\/wp-json\/wp\/v2\/posts\/52690","targetHints":{"allow":["GET"]}}],"collection":[{"href":"https:\/\/www.altominho.tv\/site\/wp-json\/wp\/v2\/posts"}],"about":[{"href":"https:\/\/www.altominho.tv\/site\/wp-json\/wp\/v2\/types\/post"}],"author":[{"embeddable":true,"href":"https:\/\/www.altominho.tv\/site\/wp-json\/wp\/v2\/users\/12"}],"replies":[{"embeddable":true,"href":"https:\/\/www.altominho.tv\/site\/wp-json\/wp\/v2\/comments?post=52690"}],"version-history":[{"count":0,"href":"https:\/\/www.altominho.tv\/site\/wp-json\/wp\/v2\/posts\/52690\/revisions"}],"wp:featuredmedia":[{"embeddable":true,"href":"https:\/\/www.altominho.tv\/site\/wp-json\/wp\/v2\/media\/52691"}],"wp:attachment":[{"href":"https:\/\/www.altominho.tv\/site\/wp-json\/wp\/v2\/media?parent=52690"}],"wp:term":[{"taxonomy":"category","embeddable":true,"href":"https:\/\/www.altominho.tv\/site\/wp-json\/wp\/v2\/categories?post=52690"},{"taxonomy":"post_tag","embeddable":true,"href":"https:\/\/www.altominho.tv\/site\/wp-json\/wp\/v2\/tags?post=52690"}],"curies":[{"name":"wp","href":"https:\/\/api.w.org\/{rel}","templated":true}]}}