{"id":5267,"date":"2017-05-03T09:26:09","date_gmt":"2017-05-03T09:26:09","guid":{"rendered":"http:\/\/www.altominho.tv\/site\/?p=5267"},"modified":"2017-11-27T16:08:37","modified_gmt":"2017-11-27T16:08:37","slug":"ii-btt-e-caminhada-da-ponte-do-mouro-medieval-com-cerca-de-200-participantes","status":"publish","type":"post","link":"https:\/\/www.altominho.tv\/site\/2017\/05\/03\/ii-btt-e-caminhada-da-ponte-do-mouro-medieval-com-cerca-de-200-participantes\/","title":{"rendered":"II BTT e Caminhada da Ponte do Mouro Medieval com cerca de 200 participantes"},"content":{"rendered":"<p><iframe loading=\"lazy\" width=\"770\" height=\"433\" src=\"https:\/\/www.youtube.com\/embed\/V91iHycNzKc?feature=oembed\" frameborder=\"0\" gesture=\"media\" allowfullscreen><\/iframe><\/p>\n<p>No passado fim de semana decorreu o II BTT e Caminha da Ponte do Mouro Medieval, que contou com cerca de 200 participantes. Ponte do Mouro Medieval decorre nos dias 2, 3 e 4 de Junho, no lugar de Ponte do Mouro nas freguesias de Barbeita e Ceiv\u00e3es.<\/p>\n","protected":false},"excerpt":{"rendered":"<p>No passado fim de semana decorreu o II BTT e Caminha da Ponte do Mouro Medieval, que contou com cerca de 200 participantes. Ponte do Mouro Medieval decorre nos dias 2, 3 e 4 de Junho, no lugar de Ponte do Mouro nas freguesias de Barbeita e Ceiv\u00e3es.<\/p>\n","protected":false},"author":8,"featured_media":5277,"comment_status":"closed","ping_status":"closed","sticky":false,"template":"","format":"video","meta":{"_exactmetrics_skip_tracking":false,"_exactmetrics_sitenote_active":false,"_exactmetrics_sitenote_note":"","_exactmetrics_sitenote_category":0,"footnotes":""},"categories":[9],"tags":[20],"class_list":["post-5267","post","type-post","status-publish","format-video","has-post-thumbnail","hentry","category-moncao","tag-desporto","post_format-post-format-video"],"yoast_head":"<!-- This site is optimized with the Yoast SEO Premium plugin v27.4 (Yoast SEO v27.4) - https:\/\/yoast.com\/product\/yoast-seo-premium-wordpress\/ -->\n<title>II BTT e Caminhada da Ponte do Mouro Medieval com cerca de 200 participantes<\/title>\n<meta name=\"robots\" content=\"index, follow, max-snippet:-1, max-image-preview:large, max-video-preview:-1\" \/>\n<link rel=\"canonical\" href=\"https:\/\/www.altominho.tv\/site\/2017\/05\/03\/ii-btt-e-caminhada-da-ponte-do-mouro-medieval-com-cerca-de-200-participantes\/\" \/>\n<meta property=\"og:locale\" content=\"pt_PT\" \/>\n<meta property=\"og:type\" content=\"article\" \/>\n<meta property=\"og:title\" content=\"II BTT e Caminhada da Ponte do Mouro Medieval com cerca de 200 participantes\" \/>\n<meta property=\"og:description\" content=\"No passado fim de semana decorreu o II BTT e Caminha da Ponte do Mouro Medieval, que contou com cerca de 200 participantes. Ponte do Mouro Medieval decorre nos dias 2, 3 e 4 de Junho, no lugar de Ponte do Mouro nas freguesias de Barbeita e Ceiv\u00e3es.\" \/>\n<meta property=\"og:url\" content=\"https:\/\/www.altominho.tv\/site\/2017\/05\/03\/ii-btt-e-caminhada-da-ponte-do-mouro-medieval-com-cerca-de-200-participantes\/\" \/>\n<meta property=\"og:site_name\" content=\"Altominho.tv\" \/>\n<meta property=\"article:publisher\" content=\"https:\/\/www.facebook.com\/altominhotv\" \/>\n<meta property=\"article:published_time\" content=\"2017-05-03T09:26:09+00:00\" \/>\n<meta property=\"article:modified_time\" content=\"2017-11-27T16:08:37+00:00\" \/>\n<meta property=\"og:image\" content=\"https:\/\/www.altominho.tv\/site\/wp-content\/uploads\/2017\/11\/btt-1.jpg\" \/>\n\t<meta property=\"og:image:width\" content=\"1920\" \/>\n\t<meta property=\"og:image:height\" content=\"1080\" \/>\n\t<meta property=\"og:image:type\" content=\"image\/jpeg\" \/>\n<meta name=\"author\" content=\"Alexandre Ferreira\" \/>\n<meta name=\"twitter:card\" content=\"summary_large_image\" \/>\n<meta name=\"twitter:creator\" content=\"@altominhoTV\" \/>\n<meta name=\"twitter:site\" content=\"@altominhoTV\" \/>\n<meta name=\"twitter:label1\" content=\"Escrito por\" \/>\n\t<meta name=\"twitter:data1\" content=\"Alexandre Ferreira\" \/>\n<script type=\"application\/ld+json\" class=\"yoast-schema-graph\">{\"@context\":\"https:\\\/\\\/schema.org\",\"@graph\":[{\"@type\":\"Article\",\"@id\":\"https:\\\/\\\/www.altominho.tv\\\/site\\\/2017\\\/05\\\/03\\\/ii-btt-e-caminhada-da-ponte-do-mouro-medieval-com-cerca-de-200-participantes\\\/#article\",\"isPartOf\":{\"@id\":\"https:\\\/\\\/www.altominho.tv\\\/site\\\/2017\\\/05\\\/03\\\/ii-btt-e-caminhada-da-ponte-do-mouro-medieval-com-cerca-de-200-participantes\\\/\"},\"author\":{\"name\":\"Alexandre Ferreira\",\"@id\":\"https:\\\/\\\/www.altominho.tv\\\/site\\\/#\\\/schema\\\/person\\\/56c462a0f6591602f4e9fb3fa6ea49bd\"},\"headline\":\"II BTT e Caminhada da Ponte do Mouro Medieval com cerca de 200 participantes\",\"datePublished\":\"2017-05-03T09:26:09+00:00\",\"dateModified\":\"2017-11-27T16:08:37+00:00\",\"mainEntityOfPage\":{\"@id\":\"https:\\\/\\\/www.altominho.tv\\\/site\\\/2017\\\/05\\\/03\\\/ii-btt-e-caminhada-da-ponte-do-mouro-medieval-com-cerca-de-200-participantes\\\/\"},\"wordCount\":68,\"image\":{\"@id\":\"https:\\\/\\\/www.altominho.tv\\\/site\\\/2017\\\/05\\\/03\\\/ii-btt-e-caminhada-da-ponte-do-mouro-medieval-com-cerca-de-200-participantes\\\/#primaryimage\"},\"thumbnailUrl\":\"https:\\\/\\\/www.altominho.tv\\\/site\\\/wp-content\\\/uploads\\\/2017\\\/11\\\/btt-1.jpg\",\"keywords\":[\"Desporto\"],\"articleSection\":[\"Mon\u00e7\u00e3o\"],\"inLanguage\":\"pt-PT\",\"copyrightYear\":\"2017\",\"copyrightHolder\":{\"@id\":\"https:\\\/\\\/www.altominho.tv\\\/site\\\/#organization\"}},{\"@type\":\"WebPage\",\"@id\":\"https:\\\/\\\/www.altominho.tv\\\/site\\\/2017\\\/05\\\/03\\\/ii-btt-e-caminhada-da-ponte-do-mouro-medieval-com-cerca-de-200-participantes\\\/\",\"url\":\"https:\\\/\\\/www.altominho.tv\\\/site\\\/2017\\\/05\\\/03\\\/ii-btt-e-caminhada-da-ponte-do-mouro-medieval-com-cerca-de-200-participantes\\\/\",\"name\":\"II BTT e Caminhada da Ponte do Mouro Medieval com cerca de 200 participantes\",\"isPartOf\":{\"@id\":\"https:\\\/\\\/www.altominho.tv\\\/site\\\/#website\"},\"primaryImageOfPage\":{\"@id\":\"https:\\\/\\\/www.altominho.tv\\\/site\\\/2017\\\/05\\\/03\\\/ii-btt-e-caminhada-da-ponte-do-mouro-medieval-com-cerca-de-200-participantes\\\/#primaryimage\"},\"image\":{\"@id\":\"https:\\\/\\\/www.altominho.tv\\\/site\\\/2017\\\/05\\\/03\\\/ii-btt-e-caminhada-da-ponte-do-mouro-medieval-com-cerca-de-200-participantes\\\/#primaryimage\"},\"thumbnailUrl\":\"https:\\\/\\\/www.altominho.tv\\\/site\\\/wp-content\\\/uploads\\\/2017\\\/11\\\/btt-1.jpg\",\"datePublished\":\"2017-05-03T09:26:09+00:00\",\"dateModified\":\"2017-11-27T16:08:37+00:00\",\"author\":{\"@id\":\"https:\\\/\\\/www.altominho.tv\\\/site\\\/#\\\/schema\\\/person\\\/56c462a0f6591602f4e9fb3fa6ea49bd\"},\"breadcrumb\":{\"@id\":\"https:\\\/\\\/www.altominho.tv\\\/site\\\/2017\\\/05\\\/03\\\/ii-btt-e-caminhada-da-ponte-do-mouro-medieval-com-cerca-de-200-participantes\\\/#breadcrumb\"},\"inLanguage\":\"pt-PT\",\"potentialAction\":[{\"@type\":\"ReadAction\",\"target\":[\"https:\\\/\\\/www.altominho.tv\\\/site\\\/2017\\\/05\\\/03\\\/ii-btt-e-caminhada-da-ponte-do-mouro-medieval-com-cerca-de-200-participantes\\\/\"]}]},{\"@type\":\"ImageObject\",\"inLanguage\":\"pt-PT\",\"@id\":\"https:\\\/\\\/www.altominho.tv\\\/site\\\/2017\\\/05\\\/03\\\/ii-btt-e-caminhada-da-ponte-do-mouro-medieval-com-cerca-de-200-participantes\\\/#primaryimage\",\"url\":\"https:\\\/\\\/www.altominho.tv\\\/site\\\/wp-content\\\/uploads\\\/2017\\\/11\\\/btt-1.jpg\",\"contentUrl\":\"https:\\\/\\\/www.altominho.tv\\\/site\\\/wp-content\\\/uploads\\\/2017\\\/11\\\/btt-1.jpg\",\"width\":1920,\"height\":1080},{\"@type\":\"BreadcrumbList\",\"@id\":\"https:\\\/\\\/www.altominho.tv\\\/site\\\/2017\\\/05\\\/03\\\/ii-btt-e-caminhada-da-ponte-do-mouro-medieval-com-cerca-de-200-participantes\\\/#breadcrumb\",\"itemListElement\":[{\"@type\":\"ListItem\",\"position\":1,\"name\":\"In\u00edcio\",\"item\":\"https:\\\/\\\/www.altominho.tv\\\/site\\\/\"},{\"@type\":\"ListItem\",\"position\":2,\"name\":\"II BTT e Caminhada da Ponte do Mouro Medieval com cerca de 200 participantes\"}]},{\"@type\":\"WebSite\",\"@id\":\"https:\\\/\\\/www.altominho.tv\\\/site\\\/#website\",\"url\":\"https:\\\/\\\/www.altominho.tv\\\/site\\\/\",\"name\":\"Altominho.tv\",\"description\":\"A sua regi\u00e3o \u00e0 dist\u00e2ncia de um clique...\",\"potentialAction\":[{\"@type\":\"SearchAction\",\"target\":{\"@type\":\"EntryPoint\",\"urlTemplate\":\"https:\\\/\\\/www.altominho.tv\\\/site\\\/?s={search_term_string}\"},\"query-input\":{\"@type\":\"PropertyValueSpecification\",\"valueRequired\":true,\"valueName\":\"search_term_string\"}}],\"inLanguage\":\"pt-PT\"},{\"@type\":\"Person\",\"@id\":\"https:\\\/\\\/www.altominho.tv\\\/site\\\/#\\\/schema\\\/person\\\/56c462a0f6591602f4e9fb3fa6ea49bd\",\"name\":\"Alexandre Ferreira\",\"image\":{\"@type\":\"ImageObject\",\"inLanguage\":\"pt-PT\",\"@id\":\"https:\\\/\\\/www.altominho.tv\\\/site\\\/wp-content\\\/uploads\\\/2017\\\/11\\\/Alexandre-150x150.jpg\",\"url\":\"https:\\\/\\\/www.altominho.tv\\\/site\\\/wp-content\\\/uploads\\\/2017\\\/11\\\/Alexandre-150x150.jpg\",\"contentUrl\":\"https:\\\/\\\/www.altominho.tv\\\/site\\\/wp-content\\\/uploads\\\/2017\\\/11\\\/Alexandre-150x150.jpg\",\"caption\":\"Alexandre Ferreira\"},\"url\":\"https:\\\/\\\/www.altominho.tv\\\/site\\\/author\\\/alexandreferreira\\\/\"}]}<\/script>\n<!-- \/ Yoast SEO Premium plugin. -->","yoast_head_json":{"title":"II BTT e Caminhada da Ponte do Mouro Medieval com cerca de 200 participantes","robots":{"index":"index","follow":"follow","max-snippet":"max-snippet:-1","max-image-preview":"max-image-preview:large","max-video-preview":"max-video-preview:-1"},"canonical":"https:\/\/www.altominho.tv\/site\/2017\/05\/03\/ii-btt-e-caminhada-da-ponte-do-mouro-medieval-com-cerca-de-200-participantes\/","og_locale":"pt_PT","og_type":"article","og_title":"II BTT e Caminhada da Ponte do Mouro Medieval com cerca de 200 participantes","og_description":"No passado fim de semana decorreu o II BTT e Caminha da Ponte do Mouro Medieval, que contou com cerca de 200 participantes. Ponte do Mouro Medieval decorre nos dias 2, 3 e 4 de Junho, no lugar de Ponte do Mouro nas freguesias de Barbeita e Ceiv\u00e3es.","og_url":"https:\/\/www.altominho.tv\/site\/2017\/05\/03\/ii-btt-e-caminhada-da-ponte-do-mouro-medieval-com-cerca-de-200-participantes\/","og_site_name":"Altominho.tv","article_publisher":"https:\/\/www.facebook.com\/altominhotv","article_published_time":"2017-05-03T09:26:09+00:00","article_modified_time":"2017-11-27T16:08:37+00:00","og_image":[{"width":1920,"height":1080,"url":"https:\/\/www.altominho.tv\/site\/wp-content\/uploads\/2017\/11\/btt-1.jpg","type":"image\/jpeg"}],"author":"Alexandre Ferreira","twitter_card":"summary_large_image","twitter_creator":"@altominhoTV","twitter_site":"@altominhoTV","twitter_misc":{"Escrito por":"Alexandre Ferreira"},"schema":{"@context":"https:\/\/schema.org","@graph":[{"@type":"Article","@id":"https:\/\/www.altominho.tv\/site\/2017\/05\/03\/ii-btt-e-caminhada-da-ponte-do-mouro-medieval-com-cerca-de-200-participantes\/#article","isPartOf":{"@id":"https:\/\/www.altominho.tv\/site\/2017\/05\/03\/ii-btt-e-caminhada-da-ponte-do-mouro-medieval-com-cerca-de-200-participantes\/"},"author":{"name":"Alexandre Ferreira","@id":"https:\/\/www.altominho.tv\/site\/#\/schema\/person\/56c462a0f6591602f4e9fb3fa6ea49bd"},"headline":"II BTT e Caminhada da Ponte do Mouro Medieval com cerca de 200 participantes","datePublished":"2017-05-03T09:26:09+00:00","dateModified":"2017-11-27T16:08:37+00:00","mainEntityOfPage":{"@id":"https:\/\/www.altominho.tv\/site\/2017\/05\/03\/ii-btt-e-caminhada-da-ponte-do-mouro-medieval-com-cerca-de-200-participantes\/"},"wordCount":68,"image":{"@id":"https:\/\/www.altominho.tv\/site\/2017\/05\/03\/ii-btt-e-caminhada-da-ponte-do-mouro-medieval-com-cerca-de-200-participantes\/#primaryimage"},"thumbnailUrl":"https:\/\/www.altominho.tv\/site\/wp-content\/uploads\/2017\/11\/btt-1.jpg","keywords":["Desporto"],"articleSection":["Mon\u00e7\u00e3o"],"inLanguage":"pt-PT","copyrightYear":"2017","copyrightHolder":{"@id":"https:\/\/www.altominho.tv\/site\/#organization"}},{"@type":"WebPage","@id":"https:\/\/www.altominho.tv\/site\/2017\/05\/03\/ii-btt-e-caminhada-da-ponte-do-mouro-medieval-com-cerca-de-200-participantes\/","url":"https:\/\/www.altominho.tv\/site\/2017\/05\/03\/ii-btt-e-caminhada-da-ponte-do-mouro-medieval-com-cerca-de-200-participantes\/","name":"II BTT e Caminhada da Ponte do Mouro Medieval com cerca de 200 participantes","isPartOf":{"@id":"https:\/\/www.altominho.tv\/site\/#website"},"primaryImageOfPage":{"@id":"https:\/\/www.altominho.tv\/site\/2017\/05\/03\/ii-btt-e-caminhada-da-ponte-do-mouro-medieval-com-cerca-de-200-participantes\/#primaryimage"},"image":{"@id":"https:\/\/www.altominho.tv\/site\/2017\/05\/03\/ii-btt-e-caminhada-da-ponte-do-mouro-medieval-com-cerca-de-200-participantes\/#primaryimage"},"thumbnailUrl":"https:\/\/www.altominho.tv\/site\/wp-content\/uploads\/2017\/11\/btt-1.jpg","datePublished":"2017-05-03T09:26:09+00:00","dateModified":"2017-11-27T16:08:37+00:00","author":{"@id":"https:\/\/www.altominho.tv\/site\/#\/schema\/person\/56c462a0f6591602f4e9fb3fa6ea49bd"},"breadcrumb":{"@id":"https:\/\/www.altominho.tv\/site\/2017\/05\/03\/ii-btt-e-caminhada-da-ponte-do-mouro-medieval-com-cerca-de-200-participantes\/#breadcrumb"},"inLanguage":"pt-PT","potentialAction":[{"@type":"ReadAction","target":["https:\/\/www.altominho.tv\/site\/2017\/05\/03\/ii-btt-e-caminhada-da-ponte-do-mouro-medieval-com-cerca-de-200-participantes\/"]}]},{"@type":"ImageObject","inLanguage":"pt-PT","@id":"https:\/\/www.altominho.tv\/site\/2017\/05\/03\/ii-btt-e-caminhada-da-ponte-do-mouro-medieval-com-cerca-de-200-participantes\/#primaryimage","url":"https:\/\/www.altominho.tv\/site\/wp-content\/uploads\/2017\/11\/btt-1.jpg","contentUrl":"https:\/\/www.altominho.tv\/site\/wp-content\/uploads\/2017\/11\/btt-1.jpg","width":1920,"height":1080},{"@type":"BreadcrumbList","@id":"https:\/\/www.altominho.tv\/site\/2017\/05\/03\/ii-btt-e-caminhada-da-ponte-do-mouro-medieval-com-cerca-de-200-participantes\/#breadcrumb","itemListElement":[{"@type":"ListItem","position":1,"name":"In\u00edcio","item":"https:\/\/www.altominho.tv\/site\/"},{"@type":"ListItem","position":2,"name":"II BTT e Caminhada da Ponte do Mouro Medieval com cerca de 200 participantes"}]},{"@type":"WebSite","@id":"https:\/\/www.altominho.tv\/site\/#website","url":"https:\/\/www.altominho.tv\/site\/","name":"Altominho.tv","description":"A sua regi\u00e3o \u00e0 dist\u00e2ncia de um clique...","potentialAction":[{"@type":"SearchAction","target":{"@type":"EntryPoint","urlTemplate":"https:\/\/www.altominho.tv\/site\/?s={search_term_string}"},"query-input":{"@type":"PropertyValueSpecification","valueRequired":true,"valueName":"search_term_string"}}],"inLanguage":"pt-PT"},{"@type":"Person","@id":"https:\/\/www.altominho.tv\/site\/#\/schema\/person\/56c462a0f6591602f4e9fb3fa6ea49bd","name":"Alexandre Ferreira","image":{"@type":"ImageObject","inLanguage":"pt-PT","@id":"https:\/\/www.altominho.tv\/site\/wp-content\/uploads\/2017\/11\/Alexandre-150x150.jpg","url":"https:\/\/www.altominho.tv\/site\/wp-content\/uploads\/2017\/11\/Alexandre-150x150.jpg","contentUrl":"https:\/\/www.altominho.tv\/site\/wp-content\/uploads\/2017\/11\/Alexandre-150x150.jpg","caption":"Alexandre Ferreira"},"url":"https:\/\/www.altominho.tv\/site\/author\/alexandreferreira\/"}]}},"_links":{"self":[{"href":"https:\/\/www.altominho.tv\/site\/wp-json\/wp\/v2\/posts\/5267","targetHints":{"allow":["GET"]}}],"collection":[{"href":"https:\/\/www.altominho.tv\/site\/wp-json\/wp\/v2\/posts"}],"about":[{"href":"https:\/\/www.altominho.tv\/site\/wp-json\/wp\/v2\/types\/post"}],"author":[{"embeddable":true,"href":"https:\/\/www.altominho.tv\/site\/wp-json\/wp\/v2\/users\/8"}],"replies":[{"embeddable":true,"href":"https:\/\/www.altominho.tv\/site\/wp-json\/wp\/v2\/comments?post=5267"}],"version-history":[{"count":0,"href":"https:\/\/www.altominho.tv\/site\/wp-json\/wp\/v2\/posts\/5267\/revisions"}],"wp:featuredmedia":[{"embeddable":true,"href":"https:\/\/www.altominho.tv\/site\/wp-json\/wp\/v2\/media\/5277"}],"wp:attachment":[{"href":"https:\/\/www.altominho.tv\/site\/wp-json\/wp\/v2\/media?parent=5267"}],"wp:term":[{"taxonomy":"category","embeddable":true,"href":"https:\/\/www.altominho.tv\/site\/wp-json\/wp\/v2\/categories?post=5267"},{"taxonomy":"post_tag","embeddable":true,"href":"https:\/\/www.altominho.tv\/site\/wp-json\/wp\/v2\/tags?post=5267"}],"curies":[{"name":"wp","href":"https:\/\/api.w.org\/{rel}","templated":true}]}}