{"id":52615,"date":"2020-09-22T11:30:53","date_gmt":"2020-09-22T10:30:53","guid":{"rendered":"http:\/\/www.altominho.tv\/site\/?p=52615"},"modified":"2022-01-17T14:23:52","modified_gmt":"2022-01-17T14:23:52","slug":"psd-critica-camara-de-caminha-por-aprovar-arrendamento-de-pavilhao-inexistente","status":"publish","type":"post","link":"https:\/\/www.altominho.tv\/site\/2020\/09\/22\/psd-critica-camara-de-caminha-por-aprovar-arrendamento-de-pavilhao-inexistente\/","title":{"rendered":"PSD critica C\u00e2mara de Caminha por aprovar arrendamento de pavilh\u00e3o inexistente"},"content":{"rendered":"\n<p>Os vereadores do PSD na C\u00e2mara de Caminha condenaram hoje a maioria PS na autarquia por ter aprovado um contrato de arredamento com um privado para um centro de exposi\u00e7\u00e3o de 7,5 milh\u00f5es de euros, que ainda n\u00e3o existe.<br><\/p>\n\n\n\n<p>Em comunicado enviado \u00e0s reda\u00e7\u00f5es, a bancada social-democrata naquela autarquia do distrito de Viana do Castelo justificou a rejei\u00e7\u00e3o daquele ponto da ordem de trabalhos da reuni\u00e3o do executivo municipal, na segunda-feira, por considerar que &#8220;n\u00e3o defende os interesses de Caminha e visa a fuga ao visto do Tribunal de Contas&#8221;.<br><\/p>\n\n\n\n<p>&#8220;Este contrato promessa de arrendamento est\u00e1 a ser feito para beneficiar um privado em concreto (\u2026). N\u00e3o nos parece de todo razo\u00e1vel tanta pressa, em cima do joelho e sem qualquer estudo de viabilidade econ\u00f3mica, para fazer um contrato promessa de arrendamento que ir\u00e1 hipotecar por longos anos o concelho de Caminha&#8221;, defendem.<br><\/p>\n\n\n\n<p>Contactado pela ag\u00eancia Lusa, o presidente da C\u00e2mara de Caminha, Miguel Alves, referiu que o comunicado da oposi\u00e7\u00e3o \u00e9 &#8220;uma mistura de mediocridade, mentiras e insultos&#8221;.<br><\/p>\n\n\n\n<p>&#8220;Trata-se de uma obra que vai ser decisiva no combate \u00e0 sazonalidade. O PSD \u00e9 contra tudo o que traga mais gente, mais economia e mais emprego ao concelho de Caminha. \u00c9 pena&#8221;, atirou.<br><\/p>\n\n\n\n<p>Em causa est\u00e1 a constru\u00e7\u00e3o, por um promotor privado, de um centro de exposi\u00e7\u00f5es transfronteiri\u00e7o, cuja conclus\u00e3o est\u00e1 prevista para dentro de dois anos, com capacidade para acolher com 2.600 espectadores sentados, ou 5.500 em p\u00e9.<br><\/p>\n\n\n\n<p>Para o PSD, a &#8220;cria\u00e7\u00e3o de um centro de exposi\u00e7\u00f5es deve ser apoiada pelo munic\u00edpio desde que seja um investimento estrategicamente ponderado e suportado por quem tem capital para o efeito, nomeadamente os privados&#8221;.<br><\/p>\n\n\n\n<p>&#8220;O caso concreto n\u00e3o corresponde a este conceito. Ou seja, o que se discutiu e foi aprovado pela maioria socialista n\u00e3o foi a utilidade de um centro de exposi\u00e7\u00f5es, mas sim um contrato promessa de arrendamento, mesmo sem existir qualquer edif\u00edcio para arrendar&#8221;, argumentam os vereadores do PSD.<br><\/p>\n\n\n\n<p>Segundo o PSD, o contrato &#8220;prev\u00ea o pagamento de uma renda mensal de 25 mil euros por 25 anos, o que perfaz um total de 7,5 milh\u00f5es de euros&#8221;, sendo que o munic\u00edpio &#8220;tem de pagar 300 mil euros \u00e0 empresa privada aquando da assinatura do contrato&#8221;, n\u00e3o podendo, &#8220;sob forma alguma, denunciar o contrato durante cinco anos&#8221;.<br><\/p>\n\n\n\n<p>&#8220;O munic\u00edpio tem de pagar as custas associadas \u00e0s obras de conserva\u00e7\u00e3o, manuten\u00e7\u00e3o e repara\u00e7\u00e3o durante a vig\u00eancia do contrato, valor que acresce aos 7,5 milh\u00f5es de euros que ir\u00e1 custar este arrendamento&#8221;, referem.<br><\/p>\n\n\n\n<p>No final dos 25 anos, acrescenta a nota do PSD, &#8220;o munic\u00edpio, depois de pagar 7,5 milh\u00f5es de euros, n\u00e3o tem direito a ficar automaticamente com as infraestruturas&#8221;.<br><\/p>\n\n\n\n<p>&#8220;Caminha tem agravado consideravelmente a sua situa\u00e7\u00e3o financeira nos \u00faltimos anos, tendo-se visto obrigada a recorrer a um saneamento financeiro (esp\u00e9cie de \u2018troika\u2019) por ter ultrapassado a capacidade de endividamento e \u00e9 dos piores pagadores do pa\u00eds. N\u00e3o entendemos como \u00e9 que, em estado de suposta fal\u00eancia t\u00e9cnica, se pretende assumir, desta forma megal\u00f3mana, o pagamento de 7,5 milh\u00f5es de euros para um edif\u00edcio que, sendo interessante, n\u00e3o \u00e9 priorit\u00e1rio neste momento&#8221;.<br><\/p>\n\n\n\n<p>Na resposta, Miguel Alves explicou que, &#8220;a ser concretizado, o centro de exposi\u00e7\u00f5es transfronteiri\u00e7o atrair\u00e1 congressos, feiras internacionais, torneios desportivos internacionais e concertos ao concelho de Caminha, sobretudo em \u00e9poca baixa&#8221;.<br><\/p>\n\n\n\n<p>Segundo o autarca socialista, &#8220;cabe ao privado encontrar e comprar o terreno, apresentar e aprovar o projeto na C\u00e2mara, construir e obter a licen\u00e7a de alvar\u00e1, e pagar o IMT subjacente \u00e0 compra do terreno e as taxas urban\u00edsticas pela aprova\u00e7\u00e3o do projeto&#8221;.<br><\/p>\n\n\n\n<p>A C\u00e2mara, adiantou, &#8220;tudo far\u00e1 para continuar a trazer mais investimento para o concelho, investimento que potencie a economia e traga outros investidores, como \u00e9 o caso deste equipamento&#8221;.<br><\/p>\n\n\n\n<p>&#8220;O PSD deixou Caminha de rastos em 2013. A C\u00e2mara falida, o desemprego a n\u00edveis hist\u00f3ricos e o n\u00famero de turistas a diminuir. De 2013 para c\u00e1, j\u00e1 pusemos as contas com resultados positivos, atingimos o n\u00famero mais baixo de desempregados de sempre e o n\u00famero de turistas bate todos os recordes desde 2015&#8221;, frisou o autarca socialista.<\/p>\n","protected":false},"excerpt":{"rendered":"<p>Os vereadores do PSD na C\u00e2mara de Caminha condenaram hoje a maioria PS na autarquia por ter aprovado um contrato de arredamento com um privado para um centro de exposi\u00e7\u00e3o de 7,5 milh\u00f5es de euros, que ainda n\u00e3o existe. Em comunicado enviado \u00e0s reda\u00e7\u00f5es, a bancada social-democrata naquela autarquia do distrito de Viana do Castelo [&hellip;]<\/p>\n","protected":false},"author":13,"featured_media":52616,"comment_status":"closed","ping_status":"closed","sticky":false,"template":"","format":"standard","meta":{"_exactmetrics_skip_tracking":false,"_exactmetrics_sitenote_active":false,"_exactmetrics_sitenote_note":"","_exactmetrics_sitenote_category":0,"footnotes":""},"categories":[7],"tags":[56326,27],"class_list":["post-52615","post","type-post","status-publish","format-standard","has-post-thumbnail","hentry","category-caminha","tag-politica","tag-sociedade"],"yoast_head":"<!-- This site is optimized with the Yoast SEO Premium plugin v27.4 (Yoast SEO v27.4) - https:\/\/yoast.com\/product\/yoast-seo-premium-wordpress\/ -->\n<title>PSD critica C\u00e2mara de Caminha por aprovar arrendamento de pavilh\u00e3o inexistente<\/title>\n<meta name=\"robots\" content=\"index, follow, max-snippet:-1, max-image-preview:large, max-video-preview:-1\" \/>\n<link rel=\"canonical\" href=\"https:\/\/www.altominho.tv\/site\/2020\/09\/22\/psd-critica-camara-de-caminha-por-aprovar-arrendamento-de-pavilhao-inexistente\/\" \/>\n<meta property=\"og:locale\" content=\"pt_PT\" \/>\n<meta property=\"og:type\" content=\"article\" \/>\n<meta property=\"og:title\" content=\"PSD critica C\u00e2mara de Caminha por aprovar arrendamento de pavilh\u00e3o inexistente\" \/>\n<meta property=\"og:description\" content=\"Os vereadores do PSD na C\u00e2mara de Caminha condenaram hoje a maioria PS na autarquia por ter aprovado um contrato de arredamento com um privado para um centro de exposi\u00e7\u00e3o de 7,5 milh\u00f5es de euros, que ainda n\u00e3o existe. Em comunicado enviado \u00e0s reda\u00e7\u00f5es, a bancada social-democrata naquela autarquia do distrito de Viana do Castelo [&hellip;]\" \/>\n<meta property=\"og:url\" content=\"https:\/\/www.altominho.tv\/site\/2020\/09\/22\/psd-critica-camara-de-caminha-por-aprovar-arrendamento-de-pavilhao-inexistente\/\" \/>\n<meta property=\"og:site_name\" content=\"Altominho.tv\" \/>\n<meta property=\"article:publisher\" content=\"https:\/\/www.facebook.com\/altominhotv\" \/>\n<meta property=\"article:published_time\" content=\"2020-09-22T10:30:53+00:00\" \/>\n<meta property=\"article:modified_time\" content=\"2022-01-17T14:23:52+00:00\" \/>\n<meta property=\"og:image\" content=\"https:\/\/www.altominho.tv\/site\/wp-content\/uploads\/2020\/09\/camara_caminha.jpg\" \/>\n\t<meta property=\"og:image:width\" content=\"740\" \/>\n\t<meta property=\"og:image:height\" content=\"458\" \/>\n\t<meta property=\"og:image:type\" content=\"image\/jpeg\" \/>\n<meta name=\"author\" content=\"Lusa\" \/>\n<meta name=\"twitter:card\" content=\"summary_large_image\" \/>\n<meta name=\"twitter:creator\" content=\"@altominhoTV\" \/>\n<meta name=\"twitter:site\" content=\"@altominhoTV\" \/>\n<meta name=\"twitter:label1\" content=\"Escrito por\" \/>\n\t<meta name=\"twitter:data1\" content=\"Lusa\" \/>\n\t<meta name=\"twitter:label2\" content=\"Tempo estimado de leitura\" \/>\n\t<meta name=\"twitter:data2\" content=\"4 minutos\" \/>\n<script type=\"application\/ld+json\" class=\"yoast-schema-graph\">{\"@context\":\"https:\\\/\\\/schema.org\",\"@graph\":[{\"@type\":\"Article\",\"@id\":\"https:\\\/\\\/www.altominho.tv\\\/site\\\/2020\\\/09\\\/22\\\/psd-critica-camara-de-caminha-por-aprovar-arrendamento-de-pavilhao-inexistente\\\/#article\",\"isPartOf\":{\"@id\":\"https:\\\/\\\/www.altominho.tv\\\/site\\\/2020\\\/09\\\/22\\\/psd-critica-camara-de-caminha-por-aprovar-arrendamento-de-pavilhao-inexistente\\\/\"},\"author\":{\"name\":\"Lusa\",\"@id\":\"https:\\\/\\\/www.altominho.tv\\\/site\\\/#\\\/schema\\\/person\\\/63f693da3e1899361cbe955c46f3232e\"},\"headline\":\"PSD critica C\u00e2mara de Caminha por aprovar arrendamento de pavilh\u00e3o inexistente\",\"datePublished\":\"2020-09-22T10:30:53+00:00\",\"dateModified\":\"2022-01-17T14:23:52+00:00\",\"mainEntityOfPage\":{\"@id\":\"https:\\\/\\\/www.altominho.tv\\\/site\\\/2020\\\/09\\\/22\\\/psd-critica-camara-de-caminha-por-aprovar-arrendamento-de-pavilhao-inexistente\\\/\"},\"wordCount\":723,\"image\":{\"@id\":\"https:\\\/\\\/www.altominho.tv\\\/site\\\/2020\\\/09\\\/22\\\/psd-critica-camara-de-caminha-por-aprovar-arrendamento-de-pavilhao-inexistente\\\/#primaryimage\"},\"thumbnailUrl\":\"https:\\\/\\\/www.altominho.tv\\\/site\\\/wp-content\\\/uploads\\\/2020\\\/09\\\/camara_caminha.jpg\",\"keywords\":[\"Pol\u00edtica\",\"Sociedade\"],\"articleSection\":[\"Caminha\"],\"inLanguage\":\"pt-PT\",\"copyrightYear\":\"2020\",\"copyrightHolder\":{\"@id\":\"https:\\\/\\\/www.altominho.tv\\\/site\\\/#organization\"}},{\"@type\":\"WebPage\",\"@id\":\"https:\\\/\\\/www.altominho.tv\\\/site\\\/2020\\\/09\\\/22\\\/psd-critica-camara-de-caminha-por-aprovar-arrendamento-de-pavilhao-inexistente\\\/\",\"url\":\"https:\\\/\\\/www.altominho.tv\\\/site\\\/2020\\\/09\\\/22\\\/psd-critica-camara-de-caminha-por-aprovar-arrendamento-de-pavilhao-inexistente\\\/\",\"name\":\"PSD critica C\u00e2mara de Caminha por aprovar arrendamento de pavilh\u00e3o inexistente\",\"isPartOf\":{\"@id\":\"https:\\\/\\\/www.altominho.tv\\\/site\\\/#website\"},\"primaryImageOfPage\":{\"@id\":\"https:\\\/\\\/www.altominho.tv\\\/site\\\/2020\\\/09\\\/22\\\/psd-critica-camara-de-caminha-por-aprovar-arrendamento-de-pavilhao-inexistente\\\/#primaryimage\"},\"image\":{\"@id\":\"https:\\\/\\\/www.altominho.tv\\\/site\\\/2020\\\/09\\\/22\\\/psd-critica-camara-de-caminha-por-aprovar-arrendamento-de-pavilhao-inexistente\\\/#primaryimage\"},\"thumbnailUrl\":\"https:\\\/\\\/www.altominho.tv\\\/site\\\/wp-content\\\/uploads\\\/2020\\\/09\\\/camara_caminha.jpg\",\"datePublished\":\"2020-09-22T10:30:53+00:00\",\"dateModified\":\"2022-01-17T14:23:52+00:00\",\"author\":{\"@id\":\"https:\\\/\\\/www.altominho.tv\\\/site\\\/#\\\/schema\\\/person\\\/63f693da3e1899361cbe955c46f3232e\"},\"breadcrumb\":{\"@id\":\"https:\\\/\\\/www.altominho.tv\\\/site\\\/2020\\\/09\\\/22\\\/psd-critica-camara-de-caminha-por-aprovar-arrendamento-de-pavilhao-inexistente\\\/#breadcrumb\"},\"inLanguage\":\"pt-PT\",\"potentialAction\":[{\"@type\":\"ReadAction\",\"target\":[\"https:\\\/\\\/www.altominho.tv\\\/site\\\/2020\\\/09\\\/22\\\/psd-critica-camara-de-caminha-por-aprovar-arrendamento-de-pavilhao-inexistente\\\/\"]}]},{\"@type\":\"ImageObject\",\"inLanguage\":\"pt-PT\",\"@id\":\"https:\\\/\\\/www.altominho.tv\\\/site\\\/2020\\\/09\\\/22\\\/psd-critica-camara-de-caminha-por-aprovar-arrendamento-de-pavilhao-inexistente\\\/#primaryimage\",\"url\":\"https:\\\/\\\/www.altominho.tv\\\/site\\\/wp-content\\\/uploads\\\/2020\\\/09\\\/camara_caminha.jpg\",\"contentUrl\":\"https:\\\/\\\/www.altominho.tv\\\/site\\\/wp-content\\\/uploads\\\/2020\\\/09\\\/camara_caminha.jpg\",\"width\":740,\"height\":458},{\"@type\":\"BreadcrumbList\",\"@id\":\"https:\\\/\\\/www.altominho.tv\\\/site\\\/2020\\\/09\\\/22\\\/psd-critica-camara-de-caminha-por-aprovar-arrendamento-de-pavilhao-inexistente\\\/#breadcrumb\",\"itemListElement\":[{\"@type\":\"ListItem\",\"position\":1,\"name\":\"In\u00edcio\",\"item\":\"https:\\\/\\\/www.altominho.tv\\\/site\\\/\"},{\"@type\":\"ListItem\",\"position\":2,\"name\":\"PSD critica C\u00e2mara de Caminha por aprovar arrendamento de pavilh\u00e3o inexistente\"}]},{\"@type\":\"WebSite\",\"@id\":\"https:\\\/\\\/www.altominho.tv\\\/site\\\/#website\",\"url\":\"https:\\\/\\\/www.altominho.tv\\\/site\\\/\",\"name\":\"Altominho.tv\",\"description\":\"A sua regi\u00e3o \u00e0 dist\u00e2ncia de um clique...\",\"potentialAction\":[{\"@type\":\"SearchAction\",\"target\":{\"@type\":\"EntryPoint\",\"urlTemplate\":\"https:\\\/\\\/www.altominho.tv\\\/site\\\/?s={search_term_string}\"},\"query-input\":{\"@type\":\"PropertyValueSpecification\",\"valueRequired\":true,\"valueName\":\"search_term_string\"}}],\"inLanguage\":\"pt-PT\"},{\"@type\":\"Person\",\"@id\":\"https:\\\/\\\/www.altominho.tv\\\/site\\\/#\\\/schema\\\/person\\\/63f693da3e1899361cbe955c46f3232e\",\"name\":\"Lusa\",\"image\":{\"@type\":\"ImageObject\",\"inLanguage\":\"pt-PT\",\"@id\":\"https:\\\/\\\/www.altominho.tv\\\/site\\\/wp-content\\\/uploads\\\/2019\\\/08\\\/LUSA_Logo.gif\",\"url\":\"https:\\\/\\\/www.altominho.tv\\\/site\\\/wp-content\\\/uploads\\\/2019\\\/08\\\/LUSA_Logo.gif\",\"contentUrl\":\"https:\\\/\\\/www.altominho.tv\\\/site\\\/wp-content\\\/uploads\\\/2019\\\/08\\\/LUSA_Logo.gif\",\"caption\":\"Lusa\"},\"sameAs\":[\"http:\\\/\\\/\\\/\\\/www.altominho.tv\\\/site\"],\"url\":\"https:\\\/\\\/www.altominho.tv\\\/site\\\/author\\\/lusa\\\/\"}]}<\/script>\n<!-- \/ Yoast SEO Premium plugin. -->","yoast_head_json":{"title":"PSD critica C\u00e2mara de Caminha por aprovar arrendamento de pavilh\u00e3o inexistente","robots":{"index":"index","follow":"follow","max-snippet":"max-snippet:-1","max-image-preview":"max-image-preview:large","max-video-preview":"max-video-preview:-1"},"canonical":"https:\/\/www.altominho.tv\/site\/2020\/09\/22\/psd-critica-camara-de-caminha-por-aprovar-arrendamento-de-pavilhao-inexistente\/","og_locale":"pt_PT","og_type":"article","og_title":"PSD critica C\u00e2mara de Caminha por aprovar arrendamento de pavilh\u00e3o inexistente","og_description":"Os vereadores do PSD na C\u00e2mara de Caminha condenaram hoje a maioria PS na autarquia por ter aprovado um contrato de arredamento com um privado para um centro de exposi\u00e7\u00e3o de 7,5 milh\u00f5es de euros, que ainda n\u00e3o existe. Em comunicado enviado \u00e0s reda\u00e7\u00f5es, a bancada social-democrata naquela autarquia do distrito de Viana do Castelo [&hellip;]","og_url":"https:\/\/www.altominho.tv\/site\/2020\/09\/22\/psd-critica-camara-de-caminha-por-aprovar-arrendamento-de-pavilhao-inexistente\/","og_site_name":"Altominho.tv","article_publisher":"https:\/\/www.facebook.com\/altominhotv","article_published_time":"2020-09-22T10:30:53+00:00","article_modified_time":"2022-01-17T14:23:52+00:00","og_image":[{"width":740,"height":458,"url":"https:\/\/www.altominho.tv\/site\/wp-content\/uploads\/2020\/09\/camara_caminha.jpg","type":"image\/jpeg"}],"author":"Lusa","twitter_card":"summary_large_image","twitter_creator":"@altominhoTV","twitter_site":"@altominhoTV","twitter_misc":{"Escrito por":"Lusa","Tempo estimado de leitura":"4 minutos"},"schema":{"@context":"https:\/\/schema.org","@graph":[{"@type":"Article","@id":"https:\/\/www.altominho.tv\/site\/2020\/09\/22\/psd-critica-camara-de-caminha-por-aprovar-arrendamento-de-pavilhao-inexistente\/#article","isPartOf":{"@id":"https:\/\/www.altominho.tv\/site\/2020\/09\/22\/psd-critica-camara-de-caminha-por-aprovar-arrendamento-de-pavilhao-inexistente\/"},"author":{"name":"Lusa","@id":"https:\/\/www.altominho.tv\/site\/#\/schema\/person\/63f693da3e1899361cbe955c46f3232e"},"headline":"PSD critica C\u00e2mara de Caminha por aprovar arrendamento de pavilh\u00e3o inexistente","datePublished":"2020-09-22T10:30:53+00:00","dateModified":"2022-01-17T14:23:52+00:00","mainEntityOfPage":{"@id":"https:\/\/www.altominho.tv\/site\/2020\/09\/22\/psd-critica-camara-de-caminha-por-aprovar-arrendamento-de-pavilhao-inexistente\/"},"wordCount":723,"image":{"@id":"https:\/\/www.altominho.tv\/site\/2020\/09\/22\/psd-critica-camara-de-caminha-por-aprovar-arrendamento-de-pavilhao-inexistente\/#primaryimage"},"thumbnailUrl":"https:\/\/www.altominho.tv\/site\/wp-content\/uploads\/2020\/09\/camara_caminha.jpg","keywords":["Pol\u00edtica","Sociedade"],"articleSection":["Caminha"],"inLanguage":"pt-PT","copyrightYear":"2020","copyrightHolder":{"@id":"https:\/\/www.altominho.tv\/site\/#organization"}},{"@type":"WebPage","@id":"https:\/\/www.altominho.tv\/site\/2020\/09\/22\/psd-critica-camara-de-caminha-por-aprovar-arrendamento-de-pavilhao-inexistente\/","url":"https:\/\/www.altominho.tv\/site\/2020\/09\/22\/psd-critica-camara-de-caminha-por-aprovar-arrendamento-de-pavilhao-inexistente\/","name":"PSD critica C\u00e2mara de Caminha por aprovar arrendamento de pavilh\u00e3o inexistente","isPartOf":{"@id":"https:\/\/www.altominho.tv\/site\/#website"},"primaryImageOfPage":{"@id":"https:\/\/www.altominho.tv\/site\/2020\/09\/22\/psd-critica-camara-de-caminha-por-aprovar-arrendamento-de-pavilhao-inexistente\/#primaryimage"},"image":{"@id":"https:\/\/www.altominho.tv\/site\/2020\/09\/22\/psd-critica-camara-de-caminha-por-aprovar-arrendamento-de-pavilhao-inexistente\/#primaryimage"},"thumbnailUrl":"https:\/\/www.altominho.tv\/site\/wp-content\/uploads\/2020\/09\/camara_caminha.jpg","datePublished":"2020-09-22T10:30:53+00:00","dateModified":"2022-01-17T14:23:52+00:00","author":{"@id":"https:\/\/www.altominho.tv\/site\/#\/schema\/person\/63f693da3e1899361cbe955c46f3232e"},"breadcrumb":{"@id":"https:\/\/www.altominho.tv\/site\/2020\/09\/22\/psd-critica-camara-de-caminha-por-aprovar-arrendamento-de-pavilhao-inexistente\/#breadcrumb"},"inLanguage":"pt-PT","potentialAction":[{"@type":"ReadAction","target":["https:\/\/www.altominho.tv\/site\/2020\/09\/22\/psd-critica-camara-de-caminha-por-aprovar-arrendamento-de-pavilhao-inexistente\/"]}]},{"@type":"ImageObject","inLanguage":"pt-PT","@id":"https:\/\/www.altominho.tv\/site\/2020\/09\/22\/psd-critica-camara-de-caminha-por-aprovar-arrendamento-de-pavilhao-inexistente\/#primaryimage","url":"https:\/\/www.altominho.tv\/site\/wp-content\/uploads\/2020\/09\/camara_caminha.jpg","contentUrl":"https:\/\/www.altominho.tv\/site\/wp-content\/uploads\/2020\/09\/camara_caminha.jpg","width":740,"height":458},{"@type":"BreadcrumbList","@id":"https:\/\/www.altominho.tv\/site\/2020\/09\/22\/psd-critica-camara-de-caminha-por-aprovar-arrendamento-de-pavilhao-inexistente\/#breadcrumb","itemListElement":[{"@type":"ListItem","position":1,"name":"In\u00edcio","item":"https:\/\/www.altominho.tv\/site\/"},{"@type":"ListItem","position":2,"name":"PSD critica C\u00e2mara de Caminha por aprovar arrendamento de pavilh\u00e3o inexistente"}]},{"@type":"WebSite","@id":"https:\/\/www.altominho.tv\/site\/#website","url":"https:\/\/www.altominho.tv\/site\/","name":"Altominho.tv","description":"A sua regi\u00e3o \u00e0 dist\u00e2ncia de um clique...","potentialAction":[{"@type":"SearchAction","target":{"@type":"EntryPoint","urlTemplate":"https:\/\/www.altominho.tv\/site\/?s={search_term_string}"},"query-input":{"@type":"PropertyValueSpecification","valueRequired":true,"valueName":"search_term_string"}}],"inLanguage":"pt-PT"},{"@type":"Person","@id":"https:\/\/www.altominho.tv\/site\/#\/schema\/person\/63f693da3e1899361cbe955c46f3232e","name":"Lusa","image":{"@type":"ImageObject","inLanguage":"pt-PT","@id":"https:\/\/www.altominho.tv\/site\/wp-content\/uploads\/2019\/08\/LUSA_Logo.gif","url":"https:\/\/www.altominho.tv\/site\/wp-content\/uploads\/2019\/08\/LUSA_Logo.gif","contentUrl":"https:\/\/www.altominho.tv\/site\/wp-content\/uploads\/2019\/08\/LUSA_Logo.gif","caption":"Lusa"},"sameAs":["http:\/\/\/\/www.altominho.tv\/site"],"url":"https:\/\/www.altominho.tv\/site\/author\/lusa\/"}]}},"_links":{"self":[{"href":"https:\/\/www.altominho.tv\/site\/wp-json\/wp\/v2\/posts\/52615","targetHints":{"allow":["GET"]}}],"collection":[{"href":"https:\/\/www.altominho.tv\/site\/wp-json\/wp\/v2\/posts"}],"about":[{"href":"https:\/\/www.altominho.tv\/site\/wp-json\/wp\/v2\/types\/post"}],"author":[{"embeddable":true,"href":"https:\/\/www.altominho.tv\/site\/wp-json\/wp\/v2\/users\/13"}],"replies":[{"embeddable":true,"href":"https:\/\/www.altominho.tv\/site\/wp-json\/wp\/v2\/comments?post=52615"}],"version-history":[{"count":0,"href":"https:\/\/www.altominho.tv\/site\/wp-json\/wp\/v2\/posts\/52615\/revisions"}],"wp:featuredmedia":[{"embeddable":true,"href":"https:\/\/www.altominho.tv\/site\/wp-json\/wp\/v2\/media\/52616"}],"wp:attachment":[{"href":"https:\/\/www.altominho.tv\/site\/wp-json\/wp\/v2\/media?parent=52615"}],"wp:term":[{"taxonomy":"category","embeddable":true,"href":"https:\/\/www.altominho.tv\/site\/wp-json\/wp\/v2\/categories?post=52615"},{"taxonomy":"post_tag","embeddable":true,"href":"https:\/\/www.altominho.tv\/site\/wp-json\/wp\/v2\/tags?post=52615"}],"curies":[{"name":"wp","href":"https:\/\/api.w.org\/{rel}","templated":true}]}}