{"id":52594,"date":"2020-09-21T22:13:51","date_gmt":"2020-09-21T21:13:51","guid":{"rendered":"http:\/\/www.altominho.tv\/site\/?p=52594"},"modified":"2020-09-21T22:13:56","modified_gmt":"2020-09-21T21:13:56","slug":"caminha-aprova-criacao-da-area-de-paisagem-protegida-regional-da-serra-darga","status":"publish","type":"post","link":"https:\/\/www.altominho.tv\/site\/2020\/09\/21\/caminha-aprova-criacao-da-area-de-paisagem-protegida-regional-da-serra-darga\/","title":{"rendered":"Caminha aprova cria\u00e7\u00e3o da \u00c1rea de Paisagem Protegida Regional da Serra d&#8217;Arga"},"content":{"rendered":"<p>A C\u00e2mara de Caminha aprovou, esta segunda-feira, em reuni\u00e3o do executivo a proposta de cria\u00e7\u00e3o da \u00c1rea de Paisagem Protegida Regional da Serra d&#8217;Arga, que inclui mais quatro concelhos do Alto Minho.<\/p>\n<p>Com aquela decis\u00e3o, a C\u00e2mara presidida por Miguel Alves fica &#8220;autorizada&#8221; a apresentar, juntamente com concelhos de Viana do Castelo, Ponte de Lima e Vila Nova de Cerveira, uma proposta de cria\u00e7\u00e3o da \u00c1rea de Paisagem Protegida Regional da Serra d&#8217;Arga, observando ao disposto no Regime Jur\u00eddico da Conserva\u00e7\u00e3o da Natureza e da Biodiversidade, aprovado no Decreto-Lei n.\u00ba 142\/2008, de 24 de julho&#8221;.<\/p>\n<p>A serra d&#8217;Arga abrange uma \u00e1rea de 10 mil hectares nos concelhos de Caminha, Vila Nova de Cerveira, Paredes de Coura, Viana do Castelo e Ponte de Lima, dos quais 4.280 hectares se encontram classificados como S\u00edtio de Import\u00e2ncia Comunit\u00e1ria.<\/p>\n<p>Segundo o Or\u00e7amento do Estado, o Governo quer criar em 2020 um &#8216;cluster&#8217; do l\u00edtio e da ind\u00fastria das baterias e vai lan\u00e7ar um concurso p\u00fablico para atribui\u00e7\u00e3o de direitos de prospe\u00e7\u00e3o de l\u00edtio e minerais associados em nove zonas do pa\u00eds. A Serra d&#8217;Arga \u00e9 uma das \u00e1reas que deve ser abrangida.<\/p>\n<p>Em nota anteriormente enviada \u00e0 imprensa, a C\u00e2mara de Caminha explicou que o documento hoje aprovado enumera os &#8220;10 tipos de \u2018habitat&#8217; de import\u00e2ncia comunit\u00e1ria, a extraordin\u00e1ria riqueza flor\u00edstica, com 546 esp\u00e9cies de plantas vasculares, incluindo 32 esp\u00e9cies raras ou amea\u00e7adas de extin\u00e7\u00e3o\u201d.<\/p>\n<p>A isto, soma-se \u201ca presen\u00e7a confirmada de mais de 180 esp\u00e9cies de vertebrados selvagens, entre as quais esp\u00e9cies raras e emblem\u00e1ticas como o lobo, a salamandra-lusit\u00e2nica e o bufo-real&#8221;.<\/p>\n<p>Segundo o documento, &#8220;a Serra d&#8217;Arga det\u00e9m um patrim\u00f3nio cultural singular pela sua situa\u00e7\u00e3o geogr\u00e1fica, mas tamb\u00e9m pela forma como as atividades humanas foram desenvolvidas, de modo, ao longo do tempo, garantir a sustentabilidade das popula\u00e7\u00f5es&#8221;.<\/p>\n<p>&#8220;A Serra d&#8217;Arga providencia um conjunto de servi\u00e7os de ecossistemas que devem ser salvaguardados e potenciados tendo em vista a melhoria do bem-estar das popula\u00e7\u00f5es locais, a prote\u00e7\u00e3o e aumento da biodiversidade; a mitiga\u00e7\u00e3o e adapta\u00e7\u00e3o aos impactes das altera\u00e7\u00f5es clim\u00e1ticas, e a reuni\u00e3o das condi\u00e7\u00f5es de suporte para o desenvolvimento de uma economia verde&#8221;, descreve o documento.<\/p>\n<p>A proposta refere ainda que &#8220;os estudos desenvolvidos na Serra d&#8217;Arga, que contaram com a iniciativa e, em grande parte, com o apoio financeiro e recursos humanos do munic\u00edpio de Caminha, evidenciam o elevado risco em que se encontra o patrim\u00f3nio natural e cultural da \u00e1rea&#8221;. &#8220;Este patrim\u00f3nio constitui uma oportunidade para o desenvolvimento socioecon\u00f3mico sustent\u00e1vel da regi\u00e3o, com especial import\u00e2ncia na gera\u00e7\u00e3o de benef\u00edcios para as comunidades e para a fun\u00e7\u00e3o em geral\u201d, acrescenta.<\/p>\n<p>Para al\u00e9m disso, \u201cpermitir\u00e1 a cria\u00e7\u00e3o de novas din\u00e2micas, sobretudo associadas \u00e0 explora\u00e7\u00e3o do territ\u00f3rio do ponto de vista tur\u00edstico e das atividades de educa\u00e7\u00e3o e sensibiliza\u00e7\u00e3o ambiental&#8221;, adianta.<\/p>\n<p>A proposta revela ainda que os estudos realizados &#8220;concluem que, em termos pr\u00e1ticos, a atual figura de prote\u00e7\u00e3o atribu\u00edda \u00e0 Serra d&#8217;Arga, S\u00edtio de Import\u00e2ncia Comunit\u00e1ria, revela ser manifestamente insuficiente no sentido de propiciar as necess\u00e1rias condi\u00e7\u00f5es para uma gest\u00e3o integrada da \u00e1rea por parte dos munic\u00edpios com a responsabilidade administrativa na mesma, dificultando a defini\u00e7\u00e3o de uma estrat\u00e9gia conjunta de preserva\u00e7\u00e3o e valoriza\u00e7\u00e3o do patrim\u00f3nio existente&#8221;.<\/p>\n<p>Os cinco munic\u00edpios envolvidos no processo de cria\u00e7\u00e3o da \u00e1rea protegida &#8220;acreditam que, a exemplo da experi\u00eancia obtida com a classifica\u00e7\u00e3o e consequente gest\u00e3o intermunicipal de outras \u00e1reas de Paisagem Protegida de Interesse Regional, a da Serra d&#8217;Arga, contribuir\u00e1 para a conserva\u00e7\u00e3o da natureza e da biodiversidade em presen\u00e7a na serra e por conseguinte no Noroeste Peninsular&#8221;.<\/p>\n\n\n<p><\/p>\n","protected":false},"excerpt":{"rendered":"<p>A C\u00e2mara de Caminha aprovou, esta segunda-feira, em reuni\u00e3o do executivo a proposta de cria\u00e7\u00e3o da \u00c1rea de Paisagem Protegida Regional da Serra d&#8217;Arga, que inclui mais quatro concelhos do Alto Minho. Com aquela decis\u00e3o, a C\u00e2mara presidida por Miguel Alves fica &#8220;autorizada&#8221; a apresentar, juntamente com concelhos de Viana do Castelo, Ponte de Lima [&hellip;]<\/p>\n","protected":false},"author":13,"featured_media":52595,"comment_status":"closed","ping_status":"closed","sticky":false,"template":"","format":"standard","meta":{"_exactmetrics_skip_tracking":false,"_exactmetrics_sitenote_active":false,"_exactmetrics_sitenote_note":"","_exactmetrics_sitenote_category":0,"footnotes":""},"categories":[7],"tags":[27],"class_list":["post-52594","post","type-post","status-publish","format-standard","has-post-thumbnail","hentry","category-caminha","tag-sociedade"],"yoast_head":"<!-- This site is optimized with the Yoast SEO Premium plugin v27.4 (Yoast SEO v27.4) - https:\/\/yoast.com\/product\/yoast-seo-premium-wordpress\/ -->\n<title>Caminha aprova cria\u00e7\u00e3o da \u00c1rea de Paisagem Protegida Regional da Serra d&#039;Arga<\/title>\n<meta name=\"robots\" content=\"index, follow, max-snippet:-1, max-image-preview:large, max-video-preview:-1\" \/>\n<link rel=\"canonical\" href=\"https:\/\/www.altominho.tv\/site\/2020\/09\/21\/caminha-aprova-criacao-da-area-de-paisagem-protegida-regional-da-serra-darga\/\" \/>\n<meta property=\"og:locale\" content=\"pt_PT\" \/>\n<meta property=\"og:type\" content=\"article\" \/>\n<meta property=\"og:title\" content=\"Caminha aprova cria\u00e7\u00e3o da \u00c1rea de Paisagem Protegida Regional da Serra d&#039;Arga\" \/>\n<meta property=\"og:description\" content=\"A C\u00e2mara de Caminha aprovou, esta segunda-feira, em reuni\u00e3o do executivo a proposta de cria\u00e7\u00e3o da \u00c1rea de Paisagem Protegida Regional da Serra d&#8217;Arga, que inclui mais quatro concelhos do Alto Minho. Com aquela decis\u00e3o, a C\u00e2mara presidida por Miguel Alves fica &#8220;autorizada&#8221; a apresentar, juntamente com concelhos de Viana do Castelo, Ponte de Lima [&hellip;]\" \/>\n<meta property=\"og:url\" content=\"https:\/\/www.altominho.tv\/site\/2020\/09\/21\/caminha-aprova-criacao-da-area-de-paisagem-protegida-regional-da-serra-darga\/\" \/>\n<meta property=\"og:site_name\" content=\"Altominho.tv\" \/>\n<meta property=\"article:publisher\" content=\"https:\/\/www.facebook.com\/altominhotv\" \/>\n<meta property=\"article:published_time\" content=\"2020-09-21T21:13:51+00:00\" \/>\n<meta property=\"article:modified_time\" content=\"2020-09-21T21:13:56+00:00\" \/>\n<meta property=\"og:image\" content=\"https:\/\/www.altominho.tv\/site\/wp-content\/uploads\/2020\/09\/serra_darga1_890x593-e1600722775194.jpg\" \/>\n\t<meta property=\"og:image:width\" content=\"874\" \/>\n\t<meta property=\"og:image:height\" content=\"529\" \/>\n\t<meta property=\"og:image:type\" content=\"image\/jpeg\" \/>\n<meta name=\"author\" content=\"Lusa\" \/>\n<meta name=\"twitter:card\" content=\"summary_large_image\" \/>\n<meta name=\"twitter:creator\" content=\"@altominhoTV\" \/>\n<meta name=\"twitter:site\" content=\"@altominhoTV\" \/>\n<meta name=\"twitter:label1\" content=\"Escrito por\" \/>\n\t<meta name=\"twitter:data1\" content=\"Lusa\" \/>\n\t<meta name=\"twitter:label2\" content=\"Tempo estimado de leitura\" \/>\n\t<meta name=\"twitter:data2\" content=\"3 minutos\" \/>\n<script type=\"application\/ld+json\" class=\"yoast-schema-graph\">{\"@context\":\"https:\\\/\\\/schema.org\",\"@graph\":[{\"@type\":\"Article\",\"@id\":\"https:\\\/\\\/www.altominho.tv\\\/site\\\/2020\\\/09\\\/21\\\/caminha-aprova-criacao-da-area-de-paisagem-protegida-regional-da-serra-darga\\\/#article\",\"isPartOf\":{\"@id\":\"https:\\\/\\\/www.altominho.tv\\\/site\\\/2020\\\/09\\\/21\\\/caminha-aprova-criacao-da-area-de-paisagem-protegida-regional-da-serra-darga\\\/\"},\"author\":{\"name\":\"Lusa\",\"@id\":\"https:\\\/\\\/www.altominho.tv\\\/site\\\/#\\\/schema\\\/person\\\/63f693da3e1899361cbe955c46f3232e\"},\"headline\":\"Caminha aprova cria\u00e7\u00e3o da \u00c1rea de Paisagem Protegida Regional da Serra d&#8217;Arga\",\"datePublished\":\"2020-09-21T21:13:51+00:00\",\"dateModified\":\"2020-09-21T21:13:56+00:00\",\"mainEntityOfPage\":{\"@id\":\"https:\\\/\\\/www.altominho.tv\\\/site\\\/2020\\\/09\\\/21\\\/caminha-aprova-criacao-da-area-de-paisagem-protegida-regional-da-serra-darga\\\/\"},\"wordCount\":671,\"image\":{\"@id\":\"https:\\\/\\\/www.altominho.tv\\\/site\\\/2020\\\/09\\\/21\\\/caminha-aprova-criacao-da-area-de-paisagem-protegida-regional-da-serra-darga\\\/#primaryimage\"},\"thumbnailUrl\":\"https:\\\/\\\/www.altominho.tv\\\/site\\\/wp-content\\\/uploads\\\/2020\\\/09\\\/serra_darga1_890x593-e1600722775194.jpg\",\"keywords\":[\"Sociedade\"],\"articleSection\":[\"Caminha\"],\"inLanguage\":\"pt-PT\",\"copyrightYear\":\"2020\",\"copyrightHolder\":{\"@id\":\"https:\\\/\\\/www.altominho.tv\\\/site\\\/#organization\"}},{\"@type\":\"WebPage\",\"@id\":\"https:\\\/\\\/www.altominho.tv\\\/site\\\/2020\\\/09\\\/21\\\/caminha-aprova-criacao-da-area-de-paisagem-protegida-regional-da-serra-darga\\\/\",\"url\":\"https:\\\/\\\/www.altominho.tv\\\/site\\\/2020\\\/09\\\/21\\\/caminha-aprova-criacao-da-area-de-paisagem-protegida-regional-da-serra-darga\\\/\",\"name\":\"Caminha aprova cria\u00e7\u00e3o da \u00c1rea de Paisagem Protegida Regional da Serra d'Arga\",\"isPartOf\":{\"@id\":\"https:\\\/\\\/www.altominho.tv\\\/site\\\/#website\"},\"primaryImageOfPage\":{\"@id\":\"https:\\\/\\\/www.altominho.tv\\\/site\\\/2020\\\/09\\\/21\\\/caminha-aprova-criacao-da-area-de-paisagem-protegida-regional-da-serra-darga\\\/#primaryimage\"},\"image\":{\"@id\":\"https:\\\/\\\/www.altominho.tv\\\/site\\\/2020\\\/09\\\/21\\\/caminha-aprova-criacao-da-area-de-paisagem-protegida-regional-da-serra-darga\\\/#primaryimage\"},\"thumbnailUrl\":\"https:\\\/\\\/www.altominho.tv\\\/site\\\/wp-content\\\/uploads\\\/2020\\\/09\\\/serra_darga1_890x593-e1600722775194.jpg\",\"datePublished\":\"2020-09-21T21:13:51+00:00\",\"dateModified\":\"2020-09-21T21:13:56+00:00\",\"author\":{\"@id\":\"https:\\\/\\\/www.altominho.tv\\\/site\\\/#\\\/schema\\\/person\\\/63f693da3e1899361cbe955c46f3232e\"},\"breadcrumb\":{\"@id\":\"https:\\\/\\\/www.altominho.tv\\\/site\\\/2020\\\/09\\\/21\\\/caminha-aprova-criacao-da-area-de-paisagem-protegida-regional-da-serra-darga\\\/#breadcrumb\"},\"inLanguage\":\"pt-PT\",\"potentialAction\":[{\"@type\":\"ReadAction\",\"target\":[\"https:\\\/\\\/www.altominho.tv\\\/site\\\/2020\\\/09\\\/21\\\/caminha-aprova-criacao-da-area-de-paisagem-protegida-regional-da-serra-darga\\\/\"]}]},{\"@type\":\"ImageObject\",\"inLanguage\":\"pt-PT\",\"@id\":\"https:\\\/\\\/www.altominho.tv\\\/site\\\/2020\\\/09\\\/21\\\/caminha-aprova-criacao-da-area-de-paisagem-protegida-regional-da-serra-darga\\\/#primaryimage\",\"url\":\"https:\\\/\\\/www.altominho.tv\\\/site\\\/wp-content\\\/uploads\\\/2020\\\/09\\\/serra_darga1_890x593-e1600722775194.jpg\",\"contentUrl\":\"https:\\\/\\\/www.altominho.tv\\\/site\\\/wp-content\\\/uploads\\\/2020\\\/09\\\/serra_darga1_890x593-e1600722775194.jpg\",\"width\":874,\"height\":529,\"caption\":\"MUNIC\u00cdPIO DE CAMINHA\"},{\"@type\":\"BreadcrumbList\",\"@id\":\"https:\\\/\\\/www.altominho.tv\\\/site\\\/2020\\\/09\\\/21\\\/caminha-aprova-criacao-da-area-de-paisagem-protegida-regional-da-serra-darga\\\/#breadcrumb\",\"itemListElement\":[{\"@type\":\"ListItem\",\"position\":1,\"name\":\"In\u00edcio\",\"item\":\"https:\\\/\\\/www.altominho.tv\\\/site\\\/\"},{\"@type\":\"ListItem\",\"position\":2,\"name\":\"Caminha aprova cria\u00e7\u00e3o da \u00c1rea de Paisagem Protegida Regional da Serra d&#8217;Arga\"}]},{\"@type\":\"WebSite\",\"@id\":\"https:\\\/\\\/www.altominho.tv\\\/site\\\/#website\",\"url\":\"https:\\\/\\\/www.altominho.tv\\\/site\\\/\",\"name\":\"Altominho.tv\",\"description\":\"A sua regi\u00e3o \u00e0 dist\u00e2ncia de um clique...\",\"potentialAction\":[{\"@type\":\"SearchAction\",\"target\":{\"@type\":\"EntryPoint\",\"urlTemplate\":\"https:\\\/\\\/www.altominho.tv\\\/site\\\/?s={search_term_string}\"},\"query-input\":{\"@type\":\"PropertyValueSpecification\",\"valueRequired\":true,\"valueName\":\"search_term_string\"}}],\"inLanguage\":\"pt-PT\"},{\"@type\":\"Person\",\"@id\":\"https:\\\/\\\/www.altominho.tv\\\/site\\\/#\\\/schema\\\/person\\\/63f693da3e1899361cbe955c46f3232e\",\"name\":\"Lusa\",\"image\":{\"@type\":\"ImageObject\",\"inLanguage\":\"pt-PT\",\"@id\":\"https:\\\/\\\/www.altominho.tv\\\/site\\\/wp-content\\\/uploads\\\/2019\\\/08\\\/LUSA_Logo.gif\",\"url\":\"https:\\\/\\\/www.altominho.tv\\\/site\\\/wp-content\\\/uploads\\\/2019\\\/08\\\/LUSA_Logo.gif\",\"contentUrl\":\"https:\\\/\\\/www.altominho.tv\\\/site\\\/wp-content\\\/uploads\\\/2019\\\/08\\\/LUSA_Logo.gif\",\"caption\":\"Lusa\"},\"sameAs\":[\"http:\\\/\\\/\\\/\\\/www.altominho.tv\\\/site\"],\"url\":\"https:\\\/\\\/www.altominho.tv\\\/site\\\/author\\\/lusa\\\/\"}]}<\/script>\n<!-- \/ Yoast SEO Premium plugin. -->","yoast_head_json":{"title":"Caminha aprova cria\u00e7\u00e3o da \u00c1rea de Paisagem Protegida Regional da Serra d'Arga","robots":{"index":"index","follow":"follow","max-snippet":"max-snippet:-1","max-image-preview":"max-image-preview:large","max-video-preview":"max-video-preview:-1"},"canonical":"https:\/\/www.altominho.tv\/site\/2020\/09\/21\/caminha-aprova-criacao-da-area-de-paisagem-protegida-regional-da-serra-darga\/","og_locale":"pt_PT","og_type":"article","og_title":"Caminha aprova cria\u00e7\u00e3o da \u00c1rea de Paisagem Protegida Regional da Serra d'Arga","og_description":"A C\u00e2mara de Caminha aprovou, esta segunda-feira, em reuni\u00e3o do executivo a proposta de cria\u00e7\u00e3o da \u00c1rea de Paisagem Protegida Regional da Serra d&#8217;Arga, que inclui mais quatro concelhos do Alto Minho. Com aquela decis\u00e3o, a C\u00e2mara presidida por Miguel Alves fica &#8220;autorizada&#8221; a apresentar, juntamente com concelhos de Viana do Castelo, Ponte de Lima [&hellip;]","og_url":"https:\/\/www.altominho.tv\/site\/2020\/09\/21\/caminha-aprova-criacao-da-area-de-paisagem-protegida-regional-da-serra-darga\/","og_site_name":"Altominho.tv","article_publisher":"https:\/\/www.facebook.com\/altominhotv","article_published_time":"2020-09-21T21:13:51+00:00","article_modified_time":"2020-09-21T21:13:56+00:00","og_image":[{"width":874,"height":529,"url":"https:\/\/www.altominho.tv\/site\/wp-content\/uploads\/2020\/09\/serra_darga1_890x593-e1600722775194.jpg","type":"image\/jpeg"}],"author":"Lusa","twitter_card":"summary_large_image","twitter_creator":"@altominhoTV","twitter_site":"@altominhoTV","twitter_misc":{"Escrito por":"Lusa","Tempo estimado de leitura":"3 minutos"},"schema":{"@context":"https:\/\/schema.org","@graph":[{"@type":"Article","@id":"https:\/\/www.altominho.tv\/site\/2020\/09\/21\/caminha-aprova-criacao-da-area-de-paisagem-protegida-regional-da-serra-darga\/#article","isPartOf":{"@id":"https:\/\/www.altominho.tv\/site\/2020\/09\/21\/caminha-aprova-criacao-da-area-de-paisagem-protegida-regional-da-serra-darga\/"},"author":{"name":"Lusa","@id":"https:\/\/www.altominho.tv\/site\/#\/schema\/person\/63f693da3e1899361cbe955c46f3232e"},"headline":"Caminha aprova cria\u00e7\u00e3o da \u00c1rea de Paisagem Protegida Regional da Serra d&#8217;Arga","datePublished":"2020-09-21T21:13:51+00:00","dateModified":"2020-09-21T21:13:56+00:00","mainEntityOfPage":{"@id":"https:\/\/www.altominho.tv\/site\/2020\/09\/21\/caminha-aprova-criacao-da-area-de-paisagem-protegida-regional-da-serra-darga\/"},"wordCount":671,"image":{"@id":"https:\/\/www.altominho.tv\/site\/2020\/09\/21\/caminha-aprova-criacao-da-area-de-paisagem-protegida-regional-da-serra-darga\/#primaryimage"},"thumbnailUrl":"https:\/\/www.altominho.tv\/site\/wp-content\/uploads\/2020\/09\/serra_darga1_890x593-e1600722775194.jpg","keywords":["Sociedade"],"articleSection":["Caminha"],"inLanguage":"pt-PT","copyrightYear":"2020","copyrightHolder":{"@id":"https:\/\/www.altominho.tv\/site\/#organization"}},{"@type":"WebPage","@id":"https:\/\/www.altominho.tv\/site\/2020\/09\/21\/caminha-aprova-criacao-da-area-de-paisagem-protegida-regional-da-serra-darga\/","url":"https:\/\/www.altominho.tv\/site\/2020\/09\/21\/caminha-aprova-criacao-da-area-de-paisagem-protegida-regional-da-serra-darga\/","name":"Caminha aprova cria\u00e7\u00e3o da \u00c1rea de Paisagem Protegida Regional da Serra d'Arga","isPartOf":{"@id":"https:\/\/www.altominho.tv\/site\/#website"},"primaryImageOfPage":{"@id":"https:\/\/www.altominho.tv\/site\/2020\/09\/21\/caminha-aprova-criacao-da-area-de-paisagem-protegida-regional-da-serra-darga\/#primaryimage"},"image":{"@id":"https:\/\/www.altominho.tv\/site\/2020\/09\/21\/caminha-aprova-criacao-da-area-de-paisagem-protegida-regional-da-serra-darga\/#primaryimage"},"thumbnailUrl":"https:\/\/www.altominho.tv\/site\/wp-content\/uploads\/2020\/09\/serra_darga1_890x593-e1600722775194.jpg","datePublished":"2020-09-21T21:13:51+00:00","dateModified":"2020-09-21T21:13:56+00:00","author":{"@id":"https:\/\/www.altominho.tv\/site\/#\/schema\/person\/63f693da3e1899361cbe955c46f3232e"},"breadcrumb":{"@id":"https:\/\/www.altominho.tv\/site\/2020\/09\/21\/caminha-aprova-criacao-da-area-de-paisagem-protegida-regional-da-serra-darga\/#breadcrumb"},"inLanguage":"pt-PT","potentialAction":[{"@type":"ReadAction","target":["https:\/\/www.altominho.tv\/site\/2020\/09\/21\/caminha-aprova-criacao-da-area-de-paisagem-protegida-regional-da-serra-darga\/"]}]},{"@type":"ImageObject","inLanguage":"pt-PT","@id":"https:\/\/www.altominho.tv\/site\/2020\/09\/21\/caminha-aprova-criacao-da-area-de-paisagem-protegida-regional-da-serra-darga\/#primaryimage","url":"https:\/\/www.altominho.tv\/site\/wp-content\/uploads\/2020\/09\/serra_darga1_890x593-e1600722775194.jpg","contentUrl":"https:\/\/www.altominho.tv\/site\/wp-content\/uploads\/2020\/09\/serra_darga1_890x593-e1600722775194.jpg","width":874,"height":529,"caption":"MUNIC\u00cdPIO DE CAMINHA"},{"@type":"BreadcrumbList","@id":"https:\/\/www.altominho.tv\/site\/2020\/09\/21\/caminha-aprova-criacao-da-area-de-paisagem-protegida-regional-da-serra-darga\/#breadcrumb","itemListElement":[{"@type":"ListItem","position":1,"name":"In\u00edcio","item":"https:\/\/www.altominho.tv\/site\/"},{"@type":"ListItem","position":2,"name":"Caminha aprova cria\u00e7\u00e3o da \u00c1rea de Paisagem Protegida Regional da Serra d&#8217;Arga"}]},{"@type":"WebSite","@id":"https:\/\/www.altominho.tv\/site\/#website","url":"https:\/\/www.altominho.tv\/site\/","name":"Altominho.tv","description":"A sua regi\u00e3o \u00e0 dist\u00e2ncia de um clique...","potentialAction":[{"@type":"SearchAction","target":{"@type":"EntryPoint","urlTemplate":"https:\/\/www.altominho.tv\/site\/?s={search_term_string}"},"query-input":{"@type":"PropertyValueSpecification","valueRequired":true,"valueName":"search_term_string"}}],"inLanguage":"pt-PT"},{"@type":"Person","@id":"https:\/\/www.altominho.tv\/site\/#\/schema\/person\/63f693da3e1899361cbe955c46f3232e","name":"Lusa","image":{"@type":"ImageObject","inLanguage":"pt-PT","@id":"https:\/\/www.altominho.tv\/site\/wp-content\/uploads\/2019\/08\/LUSA_Logo.gif","url":"https:\/\/www.altominho.tv\/site\/wp-content\/uploads\/2019\/08\/LUSA_Logo.gif","contentUrl":"https:\/\/www.altominho.tv\/site\/wp-content\/uploads\/2019\/08\/LUSA_Logo.gif","caption":"Lusa"},"sameAs":["http:\/\/\/\/www.altominho.tv\/site"],"url":"https:\/\/www.altominho.tv\/site\/author\/lusa\/"}]}},"_links":{"self":[{"href":"https:\/\/www.altominho.tv\/site\/wp-json\/wp\/v2\/posts\/52594","targetHints":{"allow":["GET"]}}],"collection":[{"href":"https:\/\/www.altominho.tv\/site\/wp-json\/wp\/v2\/posts"}],"about":[{"href":"https:\/\/www.altominho.tv\/site\/wp-json\/wp\/v2\/types\/post"}],"author":[{"embeddable":true,"href":"https:\/\/www.altominho.tv\/site\/wp-json\/wp\/v2\/users\/13"}],"replies":[{"embeddable":true,"href":"https:\/\/www.altominho.tv\/site\/wp-json\/wp\/v2\/comments?post=52594"}],"version-history":[{"count":0,"href":"https:\/\/www.altominho.tv\/site\/wp-json\/wp\/v2\/posts\/52594\/revisions"}],"wp:featuredmedia":[{"embeddable":true,"href":"https:\/\/www.altominho.tv\/site\/wp-json\/wp\/v2\/media\/52595"}],"wp:attachment":[{"href":"https:\/\/www.altominho.tv\/site\/wp-json\/wp\/v2\/media?parent=52594"}],"wp:term":[{"taxonomy":"category","embeddable":true,"href":"https:\/\/www.altominho.tv\/site\/wp-json\/wp\/v2\/categories?post=52594"},{"taxonomy":"post_tag","embeddable":true,"href":"https:\/\/www.altominho.tv\/site\/wp-json\/wp\/v2\/tags?post=52594"}],"curies":[{"name":"wp","href":"https:\/\/api.w.org\/{rel}","templated":true}]}}