{"id":52528,"date":"2020-09-21T08:46:02","date_gmt":"2020-09-21T07:46:02","guid":{"rendered":"http:\/\/www.altominho.tv\/site\/?p=52528"},"modified":"2020-09-21T08:46:06","modified_gmt":"2020-09-21T07:46:06","slug":"alunos-do-politecnico-de-viana-do-castelo-tem-mais-111-camas-no-novo-ano-letivo","status":"publish","type":"post","link":"https:\/\/www.altominho.tv\/site\/2020\/09\/21\/alunos-do-politecnico-de-viana-do-castelo-tem-mais-111-camas-no-novo-ano-letivo\/","title":{"rendered":"Alunos do Polit\u00e9cnico de Viana do Castelo t\u00eam mais 111 camas no novo ano letivo"},"content":{"rendered":"<p>No ano passado, havia 453 camas dispon\u00edveis para os estudantes do Instituto Polit\u00e9cnico de Viana do Castelo (IPVC) e agora h\u00e1 564, um aumento de 111 camas, segundo informa\u00e7\u00e3o divulgada pelo Minist\u00e9rio da Ci\u00eancia, Tecnologia e Ensino Superior (MCTES).<\/p>\n<p>Este aumento de 25 por cento face ao ano letivo 2019\/2020 inclui-se nas \u201cmais 4.500 camas\u201d para estudantes universit\u00e1rios disponibilizadas por hot\u00e9is, pousadas da juventude e unidades de alojamento local.<\/p>\n<p>\u201cCerca de mais 4.500 novas camas ser\u00e3o disponibilizadas em todo o pa\u00eds para os estudantes do ensino superior, atrav\u00e9s de pousadas da juventude, alojamentos locais e hot\u00e9is, representando um aumento de 16% face ao total de camas disponibilizadas no ano letivo anterior\u201d, real\u00e7a o MCTES, em nota \u00e0 comunica\u00e7\u00e3o social.<\/p>\n<p>No total, \u201cmais de 18 mil camas\u201d passam a estar dispon\u00edveis para os estudantes universit\u00e1rios, \u201cem condi\u00e7\u00f5es de conforto, qualidade e seguran\u00e7a\u201d, quando, no ano letivo anterior, eram cerca de 16 mil.<\/p>\n<p>O Governo destaca o refor\u00e7o da \u201ccapacidade instalada de alojamento p\u00fablico para estudantes\u201d, sublinhando que tal decorre de \u201cuma coopera\u00e7\u00e3o estrat\u00e9gica com o setor do Turismo, permitindo manter postos de trabalho e rentabilizando estruturas que, dada a diminui\u00e7\u00e3o da procura tur\u00edstica, enfrentam desafios adicionais de sustentabilidade\u201d.<\/p>\n<p>Segundo o Governo, o aumento de camas resulta de acordos estabelecidos com a Movijovem e v\u00e1rias estruturas representativas de unidades hoteleiras e de alojamento local.<\/p>\n<p>O MCTES adianta que \u201cos acordos come\u00e7ar\u00e3o a ser assinados nos dias 21 e 22 de setembro, em cerim\u00f3nias p\u00fablicas no Porto, Vila Real e Lisboa\u201d.<\/p>\n<p>Na nota \u00e0 comunica\u00e7\u00e3o social, o MCTES partilha uma tabela sobre o impacto das medidas de combate \u00e0 Covid-19 no ano letivo de 2020\/2021 nas resid\u00eancias de estudantes, em resultado das adapta\u00e7\u00f5es fixadas pelas autoridades de sa\u00fade.<\/p>\n<p>Atualmente, existem 12.855 camas p\u00fablicas, \u00e0s quais se juntam outras 1.100 camas atrav\u00e9s de protocolos com autarquias e institui\u00e7\u00f5es privadas, num total de 13.955, \u00e0s quais se juntam agora as 4.500 anunciadas, totalizando 18.455 camas, a partir de outubro.<\/p>\n<p>As medidas de preven\u00e7\u00e3o da Covid-19 resultaram numa redu\u00e7\u00e3o generalizada do n\u00famero de camas dispon\u00edvel nas resid\u00eancias de estudantes, com exce\u00e7\u00e3o do IPVC e tamb\u00e9m do Instituto Polit\u00e9cnico da Guarda e do ISCTE-Instituto Universit\u00e1rio de Lisboa, que mantiveram as ofertas do ano letivo passado.<\/p>\n<p>No total, h\u00e1, para este ano letivo, menos 15 por cento de oferta nas resid\u00eancias de estudantes (correspondendo a 2.218 camas). Esta diminui\u00e7\u00e3o \u00e9 compensada pelo aumento de camas atrav\u00e9s de protocolos com autarquias e institui\u00e7\u00f5es privadas (de 892 para 1.100), mas, sobretudo, pela estreia dos privados (alojamentos locais e hot\u00e9is).<\/p>\n<p>Simultaneamente, e de acordo com a mesma tabela, verifica-se uma descida generalizada nos pre\u00e7os por quarto. Ainda assim, Lisboa pode chegar aos 500 euros (o valor m\u00e1ximo estava nos 593 em setembro de 2019), Porto aos 421 euros (era 460 \u00e0 mesma data). O terceiro caso referido, Braga, mostra uma descida dos pre\u00e7os m\u00ednimo e m\u00e9dio, mas o valor m\u00e1ximo sobe, para aos 375 euros (era 353 em setembro de 2019).<\/p>\n<p>O n\u00famero e tipo de camas dispon\u00edveis \u00e9 constantemente atualizado no Observat\u00f3rio Digital do Alojamento Estudantil, plataforma <em>online<\/em> que identifica diariamente a oferta privada de alojamento para estudantes, as zonas onde os estudantes de ensino superior est\u00e3o alojados e as rendas praticadas a n\u00edvel nacional, assim como o n\u00edvel de ocupa\u00e7\u00e3o e a evolu\u00e7\u00e3o da oferta p\u00fablica de camas em resid\u00eancias para estudantes.<\/p>\n","protected":false},"excerpt":{"rendered":"<p>No ano passado, havia 453 camas dispon\u00edveis para os estudantes do Instituto Polit\u00e9cnico de Viana do Castelo (IPVC) e agora h\u00e1 564, um aumento de 111 camas, segundo informa\u00e7\u00e3o divulgada pelo Minist\u00e9rio da Ci\u00eancia, Tecnologia e Ensino Superior (MCTES). Este aumento de 25 por cento face ao ano letivo 2019\/2020 inclui-se nas \u201cmais 4.500 camas\u201d [&hellip;]<\/p>\n","protected":false},"author":15,"featured_media":52529,"comment_status":"closed","ping_status":"closed","sticky":false,"template":"","format":"standard","meta":{"_exactmetrics_skip_tracking":false,"footnotes":""},"categories":[73],"tags":[22],"class_list":["post-52528","post","type-post","status-publish","format-standard","has-post-thumbnail","hentry","category-alto-minho","tag-educacao"],"yoast_head":"<!-- This site is optimized with the Yoast SEO Premium plugin v28.3 (Yoast SEO v28.3) - https:\/\/yoast.com\/product\/yoast-seo-premium-wordpress\/ -->\n<title>Alunos do Polit\u00e9cnico de Viana do Castelo t\u00eam mais 111 camas no novo ano letivo<\/title>\n<meta name=\"robots\" content=\"index, follow, max-snippet:-1, max-image-preview:large, max-video-preview:-1\" \/>\n<link rel=\"canonical\" href=\"https:\/\/www.altominho.tv\/site\/2020\/09\/21\/alunos-do-politecnico-de-viana-do-castelo-tem-mais-111-camas-no-novo-ano-letivo\/\" \/>\n<meta property=\"og:locale\" content=\"pt_PT\" \/>\n<meta property=\"og:type\" content=\"article\" \/>\n<meta property=\"og:title\" content=\"Alunos do Polit\u00e9cnico de Viana do Castelo t\u00eam mais 111 camas no novo ano letivo\" \/>\n<meta property=\"og:description\" content=\"No ano passado, havia 453 camas dispon\u00edveis para os estudantes do Instituto Polit\u00e9cnico de Viana do Castelo (IPVC) e agora h\u00e1 564, um aumento de 111 camas, segundo informa\u00e7\u00e3o divulgada pelo Minist\u00e9rio da Ci\u00eancia, Tecnologia e Ensino Superior (MCTES). Este aumento de 25 por cento face ao ano letivo 2019\/2020 inclui-se nas \u201cmais 4.500 camas\u201d [&hellip;]\" \/>\n<meta property=\"og:url\" content=\"https:\/\/www.altominho.tv\/site\/2020\/09\/21\/alunos-do-politecnico-de-viana-do-castelo-tem-mais-111-camas-no-novo-ano-letivo\/\" \/>\n<meta property=\"og:site_name\" content=\"Altominho.tv\" \/>\n<meta property=\"article:publisher\" content=\"https:\/\/www.facebook.com\/altominhotv\" \/>\n<meta property=\"article:published_time\" content=\"2020-09-21T07:46:02+00:00\" \/>\n<meta property=\"article:modified_time\" content=\"2020-09-21T07:46:06+00:00\" \/>\n<meta property=\"og:image\" content=\"https:\/\/www.altominho.tv\/site\/wp-content\/uploads\/2020\/09\/unnamed-1.jpg\" \/>\n\t<meta property=\"og:image:width\" content=\"475\" \/>\n\t<meta property=\"og:image:height\" content=\"318\" \/>\n\t<meta property=\"og:image:type\" content=\"image\/jpeg\" \/>\n<meta name=\"author\" content=\"Andreia Ferreira | Lusa\" \/>\n<meta name=\"twitter:card\" content=\"summary_large_image\" \/>\n<meta name=\"twitter:creator\" content=\"@altominhoTV\" \/>\n<meta name=\"twitter:site\" content=\"@altominhoTV\" \/>\n<meta name=\"twitter:label1\" content=\"Escrito por\" \/>\n\t<meta name=\"twitter:data1\" content=\"Andreia Ferreira | Lusa\" \/>\n\t<meta name=\"twitter:label2\" content=\"Tempo estimado de leitura\" \/>\n\t<meta name=\"twitter:data2\" content=\"3 minutos\" \/>\n<script type=\"application\/ld+json\" class=\"yoast-schema-graph\">{\"@context\":\"https:\\\/\\\/schema.org\",\"@graph\":[{\"@type\":\"Article\",\"@id\":\"https:\\\/\\\/www.altominho.tv\\\/site\\\/2020\\\/09\\\/21\\\/alunos-do-politecnico-de-viana-do-castelo-tem-mais-111-camas-no-novo-ano-letivo\\\/#article\",\"isPartOf\":{\"@id\":\"https:\\\/\\\/www.altominho.tv\\\/site\\\/2020\\\/09\\\/21\\\/alunos-do-politecnico-de-viana-do-castelo-tem-mais-111-camas-no-novo-ano-letivo\\\/\"},\"author\":{\"name\":\"Andreia Ferreira | Lusa\",\"@id\":\"https:\\\/\\\/www.altominho.tv\\\/site\\\/#\\\/schema\\\/person\\\/a0bff6dc1041aadd46fa81887444b017\"},\"headline\":\"Alunos do Polit\u00e9cnico de Viana do Castelo t\u00eam mais 111 camas no novo ano letivo\",\"datePublished\":\"2020-09-21T07:46:02+00:00\",\"dateModified\":\"2020-09-21T07:46:06+00:00\",\"mainEntityOfPage\":{\"@id\":\"https:\\\/\\\/www.altominho.tv\\\/site\\\/2020\\\/09\\\/21\\\/alunos-do-politecnico-de-viana-do-castelo-tem-mais-111-camas-no-novo-ano-letivo\\\/\"},\"wordCount\":598,\"image\":{\"@id\":\"https:\\\/\\\/www.altominho.tv\\\/site\\\/2020\\\/09\\\/21\\\/alunos-do-politecnico-de-viana-do-castelo-tem-mais-111-camas-no-novo-ano-letivo\\\/#primaryimage\"},\"thumbnailUrl\":\"https:\\\/\\\/www.altominho.tv\\\/site\\\/wp-content\\\/uploads\\\/2020\\\/09\\\/unnamed-1.jpg\",\"keywords\":[\"Educa\u00e7\u00e3o\"],\"articleSection\":[\"Alto Minho\"],\"inLanguage\":\"pt-PT\",\"copyrightYear\":\"2020\",\"copyrightHolder\":{\"@id\":\"https:\\\/\\\/www.altominho.tv\\\/site\\\/#organization\"}},{\"@type\":\"WebPage\",\"@id\":\"https:\\\/\\\/www.altominho.tv\\\/site\\\/2020\\\/09\\\/21\\\/alunos-do-politecnico-de-viana-do-castelo-tem-mais-111-camas-no-novo-ano-letivo\\\/\",\"url\":\"https:\\\/\\\/www.altominho.tv\\\/site\\\/2020\\\/09\\\/21\\\/alunos-do-politecnico-de-viana-do-castelo-tem-mais-111-camas-no-novo-ano-letivo\\\/\",\"name\":\"Alunos do Polit\u00e9cnico de Viana do Castelo t\u00eam mais 111 camas no novo ano letivo\",\"isPartOf\":{\"@id\":\"https:\\\/\\\/www.altominho.tv\\\/site\\\/#website\"},\"primaryImageOfPage\":{\"@id\":\"https:\\\/\\\/www.altominho.tv\\\/site\\\/2020\\\/09\\\/21\\\/alunos-do-politecnico-de-viana-do-castelo-tem-mais-111-camas-no-novo-ano-letivo\\\/#primaryimage\"},\"image\":{\"@id\":\"https:\\\/\\\/www.altominho.tv\\\/site\\\/2020\\\/09\\\/21\\\/alunos-do-politecnico-de-viana-do-castelo-tem-mais-111-camas-no-novo-ano-letivo\\\/#primaryimage\"},\"thumbnailUrl\":\"https:\\\/\\\/www.altominho.tv\\\/site\\\/wp-content\\\/uploads\\\/2020\\\/09\\\/unnamed-1.jpg\",\"datePublished\":\"2020-09-21T07:46:02+00:00\",\"dateModified\":\"2020-09-21T07:46:06+00:00\",\"author\":{\"@id\":\"https:\\\/\\\/www.altominho.tv\\\/site\\\/#\\\/schema\\\/person\\\/a0bff6dc1041aadd46fa81887444b017\"},\"breadcrumb\":{\"@id\":\"https:\\\/\\\/www.altominho.tv\\\/site\\\/2020\\\/09\\\/21\\\/alunos-do-politecnico-de-viana-do-castelo-tem-mais-111-camas-no-novo-ano-letivo\\\/#breadcrumb\"},\"inLanguage\":\"pt-PT\",\"potentialAction\":[{\"@type\":\"ReadAction\",\"target\":[\"https:\\\/\\\/www.altominho.tv\\\/site\\\/2020\\\/09\\\/21\\\/alunos-do-politecnico-de-viana-do-castelo-tem-mais-111-camas-no-novo-ano-letivo\\\/\"]}]},{\"@type\":\"ImageObject\",\"inLanguage\":\"pt-PT\",\"@id\":\"https:\\\/\\\/www.altominho.tv\\\/site\\\/2020\\\/09\\\/21\\\/alunos-do-politecnico-de-viana-do-castelo-tem-mais-111-camas-no-novo-ano-letivo\\\/#primaryimage\",\"url\":\"https:\\\/\\\/www.altominho.tv\\\/site\\\/wp-content\\\/uploads\\\/2020\\\/09\\\/unnamed-1.jpg\",\"contentUrl\":\"https:\\\/\\\/www.altominho.tv\\\/site\\\/wp-content\\\/uploads\\\/2020\\\/09\\\/unnamed-1.jpg\",\"width\":475,\"height\":318},{\"@type\":\"BreadcrumbList\",\"@id\":\"https:\\\/\\\/www.altominho.tv\\\/site\\\/2020\\\/09\\\/21\\\/alunos-do-politecnico-de-viana-do-castelo-tem-mais-111-camas-no-novo-ano-letivo\\\/#breadcrumb\",\"itemListElement\":[{\"@type\":\"ListItem\",\"position\":1,\"name\":\"In\u00edcio\",\"item\":\"https:\\\/\\\/www.altominho.tv\\\/site\\\/\"},{\"@type\":\"ListItem\",\"position\":2,\"name\":\"Alunos do Polit\u00e9cnico de Viana do Castelo t\u00eam mais 111 camas no novo ano letivo\"}]},{\"@type\":\"WebSite\",\"@id\":\"https:\\\/\\\/www.altominho.tv\\\/site\\\/#website\",\"url\":\"https:\\\/\\\/www.altominho.tv\\\/site\\\/\",\"name\":\"Altominho.tv\",\"description\":\"A sua regi\u00e3o \u00e0 dist\u00e2ncia de um clique...\",\"potentialAction\":[{\"@type\":\"SearchAction\",\"target\":{\"@type\":\"EntryPoint\",\"urlTemplate\":\"https:\\\/\\\/www.altominho.tv\\\/site\\\/?s={search_term_string}\"},\"query-input\":{\"@type\":\"PropertyValueSpecification\",\"valueRequired\":true,\"valueName\":\"search_term_string\"}}],\"inLanguage\":\"pt-PT\"},{\"@type\":\"Person\",\"@id\":\"https:\\\/\\\/www.altominho.tv\\\/site\\\/#\\\/schema\\\/person\\\/a0bff6dc1041aadd46fa81887444b017\",\"name\":\"Andreia Ferreira | Lusa\",\"image\":{\"@type\":\"ImageObject\",\"inLanguage\":\"pt-PT\",\"@id\":\"https:\\\/\\\/www.altominho.tv\\\/site\\\/wp-content\\\/uploads\\\/2018\\\/04\\\/Andreia-150x150.jpg\",\"url\":\"https:\\\/\\\/www.altominho.tv\\\/site\\\/wp-content\\\/uploads\\\/2018\\\/04\\\/Andreia-150x150.jpg\",\"contentUrl\":\"https:\\\/\\\/www.altominho.tv\\\/site\\\/wp-content\\\/uploads\\\/2018\\\/04\\\/Andreia-150x150.jpg\",\"caption\":\"Andreia Ferreira | Lusa\"},\"sameAs\":[\"https:\\\/\\\/www.altominho.tv\\\/site\"],\"url\":\"https:\\\/\\\/www.altominho.tv\\\/site\\\/author\\\/andreiaferreiralusa\\\/\"}]}<\/script>\n<!-- \/ Yoast SEO Premium plugin. -->","yoast_head_json":{"title":"Alunos do Polit\u00e9cnico de Viana do Castelo t\u00eam mais 111 camas no novo ano letivo","robots":{"index":"index","follow":"follow","max-snippet":"max-snippet:-1","max-image-preview":"max-image-preview:large","max-video-preview":"max-video-preview:-1"},"canonical":"https:\/\/www.altominho.tv\/site\/2020\/09\/21\/alunos-do-politecnico-de-viana-do-castelo-tem-mais-111-camas-no-novo-ano-letivo\/","og_locale":"pt_PT","og_type":"article","og_title":"Alunos do Polit\u00e9cnico de Viana do Castelo t\u00eam mais 111 camas no novo ano letivo","og_description":"No ano passado, havia 453 camas dispon\u00edveis para os estudantes do Instituto Polit\u00e9cnico de Viana do Castelo (IPVC) e agora h\u00e1 564, um aumento de 111 camas, segundo informa\u00e7\u00e3o divulgada pelo Minist\u00e9rio da Ci\u00eancia, Tecnologia e Ensino Superior (MCTES). Este aumento de 25 por cento face ao ano letivo 2019\/2020 inclui-se nas \u201cmais 4.500 camas\u201d [&hellip;]","og_url":"https:\/\/www.altominho.tv\/site\/2020\/09\/21\/alunos-do-politecnico-de-viana-do-castelo-tem-mais-111-camas-no-novo-ano-letivo\/","og_site_name":"Altominho.tv","article_publisher":"https:\/\/www.facebook.com\/altominhotv","article_published_time":"2020-09-21T07:46:02+00:00","article_modified_time":"2020-09-21T07:46:06+00:00","og_image":[{"width":475,"height":318,"url":"https:\/\/www.altominho.tv\/site\/wp-content\/uploads\/2020\/09\/unnamed-1.jpg","type":"image\/jpeg"}],"author":"Andreia Ferreira | Lusa","twitter_card":"summary_large_image","twitter_creator":"@altominhoTV","twitter_site":"@altominhoTV","twitter_misc":{"Escrito por":"Andreia Ferreira | Lusa","Tempo estimado de leitura":"3 minutos"},"schema":{"@context":"https:\/\/schema.org","@graph":[{"@type":"Article","@id":"https:\/\/www.altominho.tv\/site\/2020\/09\/21\/alunos-do-politecnico-de-viana-do-castelo-tem-mais-111-camas-no-novo-ano-letivo\/#article","isPartOf":{"@id":"https:\/\/www.altominho.tv\/site\/2020\/09\/21\/alunos-do-politecnico-de-viana-do-castelo-tem-mais-111-camas-no-novo-ano-letivo\/"},"author":{"name":"Andreia Ferreira | Lusa","@id":"https:\/\/www.altominho.tv\/site\/#\/schema\/person\/a0bff6dc1041aadd46fa81887444b017"},"headline":"Alunos do Polit\u00e9cnico de Viana do Castelo t\u00eam mais 111 camas no novo ano letivo","datePublished":"2020-09-21T07:46:02+00:00","dateModified":"2020-09-21T07:46:06+00:00","mainEntityOfPage":{"@id":"https:\/\/www.altominho.tv\/site\/2020\/09\/21\/alunos-do-politecnico-de-viana-do-castelo-tem-mais-111-camas-no-novo-ano-letivo\/"},"wordCount":598,"image":{"@id":"https:\/\/www.altominho.tv\/site\/2020\/09\/21\/alunos-do-politecnico-de-viana-do-castelo-tem-mais-111-camas-no-novo-ano-letivo\/#primaryimage"},"thumbnailUrl":"https:\/\/www.altominho.tv\/site\/wp-content\/uploads\/2020\/09\/unnamed-1.jpg","keywords":["Educa\u00e7\u00e3o"],"articleSection":["Alto Minho"],"inLanguage":"pt-PT","copyrightYear":"2020","copyrightHolder":{"@id":"https:\/\/www.altominho.tv\/site\/#organization"}},{"@type":"WebPage","@id":"https:\/\/www.altominho.tv\/site\/2020\/09\/21\/alunos-do-politecnico-de-viana-do-castelo-tem-mais-111-camas-no-novo-ano-letivo\/","url":"https:\/\/www.altominho.tv\/site\/2020\/09\/21\/alunos-do-politecnico-de-viana-do-castelo-tem-mais-111-camas-no-novo-ano-letivo\/","name":"Alunos do Polit\u00e9cnico de Viana do Castelo t\u00eam mais 111 camas no novo ano letivo","isPartOf":{"@id":"https:\/\/www.altominho.tv\/site\/#website"},"primaryImageOfPage":{"@id":"https:\/\/www.altominho.tv\/site\/2020\/09\/21\/alunos-do-politecnico-de-viana-do-castelo-tem-mais-111-camas-no-novo-ano-letivo\/#primaryimage"},"image":{"@id":"https:\/\/www.altominho.tv\/site\/2020\/09\/21\/alunos-do-politecnico-de-viana-do-castelo-tem-mais-111-camas-no-novo-ano-letivo\/#primaryimage"},"thumbnailUrl":"https:\/\/www.altominho.tv\/site\/wp-content\/uploads\/2020\/09\/unnamed-1.jpg","datePublished":"2020-09-21T07:46:02+00:00","dateModified":"2020-09-21T07:46:06+00:00","author":{"@id":"https:\/\/www.altominho.tv\/site\/#\/schema\/person\/a0bff6dc1041aadd46fa81887444b017"},"breadcrumb":{"@id":"https:\/\/www.altominho.tv\/site\/2020\/09\/21\/alunos-do-politecnico-de-viana-do-castelo-tem-mais-111-camas-no-novo-ano-letivo\/#breadcrumb"},"inLanguage":"pt-PT","potentialAction":[{"@type":"ReadAction","target":["https:\/\/www.altominho.tv\/site\/2020\/09\/21\/alunos-do-politecnico-de-viana-do-castelo-tem-mais-111-camas-no-novo-ano-letivo\/"]}]},{"@type":"ImageObject","inLanguage":"pt-PT","@id":"https:\/\/www.altominho.tv\/site\/2020\/09\/21\/alunos-do-politecnico-de-viana-do-castelo-tem-mais-111-camas-no-novo-ano-letivo\/#primaryimage","url":"https:\/\/www.altominho.tv\/site\/wp-content\/uploads\/2020\/09\/unnamed-1.jpg","contentUrl":"https:\/\/www.altominho.tv\/site\/wp-content\/uploads\/2020\/09\/unnamed-1.jpg","width":475,"height":318},{"@type":"BreadcrumbList","@id":"https:\/\/www.altominho.tv\/site\/2020\/09\/21\/alunos-do-politecnico-de-viana-do-castelo-tem-mais-111-camas-no-novo-ano-letivo\/#breadcrumb","itemListElement":[{"@type":"ListItem","position":1,"name":"In\u00edcio","item":"https:\/\/www.altominho.tv\/site\/"},{"@type":"ListItem","position":2,"name":"Alunos do Polit\u00e9cnico de Viana do Castelo t\u00eam mais 111 camas no novo ano letivo"}]},{"@type":"WebSite","@id":"https:\/\/www.altominho.tv\/site\/#website","url":"https:\/\/www.altominho.tv\/site\/","name":"Altominho.tv","description":"A sua regi\u00e3o \u00e0 dist\u00e2ncia de um clique...","potentialAction":[{"@type":"SearchAction","target":{"@type":"EntryPoint","urlTemplate":"https:\/\/www.altominho.tv\/site\/?s={search_term_string}"},"query-input":{"@type":"PropertyValueSpecification","valueRequired":true,"valueName":"search_term_string"}}],"inLanguage":"pt-PT"},{"@type":"Person","@id":"https:\/\/www.altominho.tv\/site\/#\/schema\/person\/a0bff6dc1041aadd46fa81887444b017","name":"Andreia Ferreira | Lusa","image":{"@type":"ImageObject","inLanguage":"pt-PT","@id":"https:\/\/www.altominho.tv\/site\/wp-content\/uploads\/2018\/04\/Andreia-150x150.jpg","url":"https:\/\/www.altominho.tv\/site\/wp-content\/uploads\/2018\/04\/Andreia-150x150.jpg","contentUrl":"https:\/\/www.altominho.tv\/site\/wp-content\/uploads\/2018\/04\/Andreia-150x150.jpg","caption":"Andreia Ferreira | Lusa"},"sameAs":["https:\/\/www.altominho.tv\/site"],"url":"https:\/\/www.altominho.tv\/site\/author\/andreiaferreiralusa\/"}]}},"_links":{"self":[{"href":"https:\/\/www.altominho.tv\/site\/wp-json\/wp\/v2\/posts\/52528","targetHints":{"allow":["GET"]}}],"collection":[{"href":"https:\/\/www.altominho.tv\/site\/wp-json\/wp\/v2\/posts"}],"about":[{"href":"https:\/\/www.altominho.tv\/site\/wp-json\/wp\/v2\/types\/post"}],"author":[{"embeddable":true,"href":"https:\/\/www.altominho.tv\/site\/wp-json\/wp\/v2\/users\/15"}],"replies":[{"embeddable":true,"href":"https:\/\/www.altominho.tv\/site\/wp-json\/wp\/v2\/comments?post=52528"}],"version-history":[{"count":0,"href":"https:\/\/www.altominho.tv\/site\/wp-json\/wp\/v2\/posts\/52528\/revisions"}],"wp:featuredmedia":[{"embeddable":true,"href":"https:\/\/www.altominho.tv\/site\/wp-json\/wp\/v2\/media\/52529"}],"wp:attachment":[{"href":"https:\/\/www.altominho.tv\/site\/wp-json\/wp\/v2\/media?parent=52528"}],"wp:term":[{"taxonomy":"category","embeddable":true,"href":"https:\/\/www.altominho.tv\/site\/wp-json\/wp\/v2\/categories?post=52528"},{"taxonomy":"post_tag","embeddable":true,"href":"https:\/\/www.altominho.tv\/site\/wp-json\/wp\/v2\/tags?post=52528"}],"curies":[{"name":"wp","href":"https:\/\/api.w.org\/{rel}","templated":true}]}}