{"id":52235,"date":"2020-09-16T14:10:59","date_gmt":"2020-09-16T13:10:59","guid":{"rendered":"http:\/\/www.altominho.tv\/site\/?p=52235"},"modified":"2020-09-16T14:11:05","modified_gmt":"2020-09-16T13:11:05","slug":"projeto-pioneiro-da-cim-alto-minho-cria-catalogo-coletivo-das-bibliotecas-publicas-municipais-do-alto-minho","status":"publish","type":"post","link":"https:\/\/www.altominho.tv\/site\/2020\/09\/16\/projeto-pioneiro-da-cim-alto-minho-cria-catalogo-coletivo-das-bibliotecas-publicas-municipais-do-alto-minho\/","title":{"rendered":"Projeto pioneiro da CIM Alto Minho cria cat\u00e1logo coletivo das bibliotecas p\u00fablicas municipais do Alto Minho"},"content":{"rendered":"\n<p class=\"wp-block-paragraph\">A Comunidade Intermunicipal do Alto Minho (CIM Alto Minho) informou que acaba de lan\u00e7ar um portal de pesquisa das cole\u00e7\u00f5es e fundos documentais de toda a Rede Intermunicipal de Bibliotecas P\u00fablicas Municipais do Alto Minho (RIBAM). <\/p>\n\n\n\n<p class=\"wp-block-paragraph\">O portal, j\u00e1 dispon\u00edvel em\u00a0<a href=\"https:\/\/bibliotecas.altominho.pt\/\" target=\"_blank\" rel=\"noreferrer noopener\">https:\/\/bibliotecas.altominho.pt\/<\/a>, &#8220;\u00e9 suportado por um sistema inovador que permite a agrega\u00e7\u00e3o de conte\u00fados de diferentes fontes de informa\u00e7\u00e3o e a pesquisa a partir de um \u00fanico ponto de acesso&#8221;.<\/p>\n\n\n\n<p class=\"wp-block-paragraph\">A RIBAM \u00e9 constitu\u00edda pelas bibliotecas p\u00fablicas municipais dos dez munic\u00edpios do Alto Minho: Arcos de Valdevez, Caminha, Melga\u00e7o, Mon\u00e7\u00e3o, Paredes de Coura, Ponte da Barca, Ponte de Lima, Valen\u00e7a, Viana do Castelo e Vila Nova de Cerveira. <\/p>\n\n\n\n<p class=\"wp-block-paragraph\">&#8220;Nos casos em que j\u00e1 est\u00e3o formalizadas as redes concelhias de bibliotecas, outras bibliotecas como as escolares e as associativas est\u00e3o tamb\u00e9m agregadas \u00e0s bibliotecas p\u00fablicas municipais, o que resulta num maior n\u00famero de recursos associados&#8221;, deu nota a CIM Alto Minho.<\/p>\n\n\n\n<p class=\"wp-block-paragraph\">Atualmente, est\u00e3o dispon\u00edveis para consulta online cerca de 300 mil registos, provenientes de v\u00e1rias fontes de informa\u00e7\u00e3o. <\/p>\n\n\n\n<p class=\"wp-block-paragraph\">Os fundos documentais das bibliotecas municipais de Valen\u00e7a e de Melga\u00e7o, por procedimentos t\u00e9cnicos ainda em curso, ir\u00e3o integrar esta plataforma at\u00e9 ao final deste ano. <\/p>\n\n\n\n<p class=\"wp-block-paragraph\">Atrav\u00e9s deste portal, &#8220;os utilizadores poder\u00e3o pesquisar e recuperar informa\u00e7\u00e3o relevante de uma forma simples e eficaz. Para isso, os utilizadores apenas precisam de introduzir os termos de pesquisa na plataforma, como se de um motor de busca se tratasse, e depois de localizada a informa\u00e7\u00e3o, s\u00e3o redirecionados para o sistema que cont\u00e9m a informa\u00e7\u00e3o prim\u00e1ria, permitindo-lhes consultar a respetiva informa\u00e7\u00e3o de forma completa e no seu contexto original&#8221;.<\/p>\n\n\n\n<p class=\"wp-block-paragraph\">Inserido no projeto da CIM Alto Minho \u2013 e-Gov Alto Minho 2020, cofinanciado pelo Norte 2020, &#8220;o desenvolvimento desta plataforma tem como objetivos diversificar p\u00fablicos atrav\u00e9s do aumento das atividades e servi\u00e7os digitais oferecidos \u00e0 popula\u00e7\u00e3o geral, mas tamb\u00e9m proporcionar novos servi\u00e7os de informa\u00e7\u00e3o aos cidad\u00e3os, \u00e0s empresas locais, associa\u00e7\u00f5es e grupos de interesse, contribuindo para a qualifica\u00e7\u00e3o dos servi\u00e7os das bibliotecas p\u00fablicas e para a promo\u00e7\u00e3o e consolida\u00e7\u00e3o dos la\u00e7os com a comunidade envolvente&#8221;. <\/p>\n\n\n\n<p class=\"wp-block-paragraph\">O portal representa, assim, uma outra dimens\u00e3o do papel das bibliotecas, assente num trabalho em rede, colaborativo e intermunicipal de promo\u00e7\u00e3o do conhecimento local e da preserva\u00e7\u00e3o e frui\u00e7\u00e3o da heran\u00e7a cultural do Alto Minho.<\/p>\n","protected":false},"excerpt":{"rendered":"<p>A Comunidade Intermunicipal do Alto Minho (CIM Alto Minho) informou que acaba de lan\u00e7ar um portal de pesquisa das cole\u00e7\u00f5es e fundos documentais de toda a Rede Intermunicipal de Bibliotecas P\u00fablicas Municipais do Alto Minho (RIBAM). O portal, j\u00e1 dispon\u00edvel em\u00a0https:\/\/bibliotecas.altominho.pt\/, &#8220;\u00e9 suportado por um sistema inovador que permite a agrega\u00e7\u00e3o de conte\u00fados de diferentes [&hellip;]<\/p>\n","protected":false},"author":7,"featured_media":52236,"comment_status":"closed","ping_status":"closed","sticky":false,"template":"","format":"standard","meta":{"_exactmetrics_skip_tracking":false,"footnotes":""},"categories":[73],"tags":[19,27],"class_list":["post-52235","post","type-post","status-publish","format-standard","has-post-thumbnail","hentry","category-alto-minho","tag-cultura","tag-sociedade"],"yoast_head":"<!-- This site is optimized with the Yoast SEO Premium plugin v28.3 (Yoast SEO v28.3) - https:\/\/yoast.com\/product\/yoast-seo-premium-wordpress\/ -->\n<title>Projeto pioneiro da CIM Alto Minho cria cat\u00e1logo coletivo das bibliotecas p\u00fablicas municipais do Alto Minho<\/title>\n<meta name=\"robots\" content=\"index, follow, max-snippet:-1, max-image-preview:large, max-video-preview:-1\" \/>\n<link rel=\"canonical\" href=\"https:\/\/www.altominho.tv\/site\/2020\/09\/16\/projeto-pioneiro-da-cim-alto-minho-cria-catalogo-coletivo-das-bibliotecas-publicas-municipais-do-alto-minho\/\" \/>\n<meta property=\"og:locale\" content=\"pt_PT\" \/>\n<meta property=\"og:type\" content=\"article\" \/>\n<meta property=\"og:title\" content=\"Projeto pioneiro da CIM Alto Minho cria cat\u00e1logo coletivo das bibliotecas p\u00fablicas municipais do Alto Minho\" \/>\n<meta property=\"og:description\" content=\"A Comunidade Intermunicipal do Alto Minho (CIM Alto Minho) informou que acaba de lan\u00e7ar um portal de pesquisa das cole\u00e7\u00f5es e fundos documentais de toda a Rede Intermunicipal de Bibliotecas P\u00fablicas Municipais do Alto Minho (RIBAM). O portal, j\u00e1 dispon\u00edvel em\u00a0https:\/\/bibliotecas.altominho.pt\/, &#8220;\u00e9 suportado por um sistema inovador que permite a agrega\u00e7\u00e3o de conte\u00fados de diferentes [&hellip;]\" \/>\n<meta property=\"og:url\" content=\"https:\/\/www.altominho.tv\/site\/2020\/09\/16\/projeto-pioneiro-da-cim-alto-minho-cria-catalogo-coletivo-das-bibliotecas-publicas-municipais-do-alto-minho\/\" \/>\n<meta property=\"og:site_name\" content=\"Altominho.tv\" \/>\n<meta property=\"article:publisher\" content=\"https:\/\/www.facebook.com\/altominhotv\" \/>\n<meta property=\"article:published_time\" content=\"2020-09-16T13:10:59+00:00\" \/>\n<meta property=\"article:modified_time\" content=\"2020-09-16T13:11:05+00:00\" \/>\n<meta property=\"og:image\" content=\"https:\/\/www.altominho.tv\/site\/wp-content\/uploads\/2020\/09\/Portal-RIBAM.jpg\" \/>\n\t<meta property=\"og:image:width\" content=\"1645\" \/>\n\t<meta property=\"og:image:height\" content=\"850\" \/>\n\t<meta property=\"og:image:type\" content=\"image\/jpeg\" \/>\n<meta name=\"author\" content=\"Andreia Cunha\" \/>\n<meta name=\"twitter:card\" content=\"summary_large_image\" \/>\n<meta name=\"twitter:creator\" content=\"@altominhoTV\" \/>\n<meta name=\"twitter:site\" content=\"@altominhoTV\" \/>\n<meta name=\"twitter:label1\" content=\"Escrito por\" \/>\n\t<meta name=\"twitter:data1\" content=\"Andreia Cunha\" \/>\n\t<meta name=\"twitter:label2\" content=\"Tempo estimado de leitura\" \/>\n\t<meta name=\"twitter:data2\" content=\"2 minutos\" \/>\n<script type=\"application\/ld+json\" class=\"yoast-schema-graph\">{\"@context\":\"https:\\\/\\\/schema.org\",\"@graph\":[{\"@type\":\"Article\",\"@id\":\"https:\\\/\\\/www.altominho.tv\\\/site\\\/2020\\\/09\\\/16\\\/projeto-pioneiro-da-cim-alto-minho-cria-catalogo-coletivo-das-bibliotecas-publicas-municipais-do-alto-minho\\\/#article\",\"isPartOf\":{\"@id\":\"https:\\\/\\\/www.altominho.tv\\\/site\\\/2020\\\/09\\\/16\\\/projeto-pioneiro-da-cim-alto-minho-cria-catalogo-coletivo-das-bibliotecas-publicas-municipais-do-alto-minho\\\/\"},\"author\":{\"name\":\"Andreia Cunha\",\"@id\":\"https:\\\/\\\/www.altominho.tv\\\/site\\\/#\\\/schema\\\/person\\\/a0e4ef6d041f98ca284393d8f1d97153\"},\"headline\":\"Projeto pioneiro da CIM Alto Minho cria cat\u00e1logo coletivo das bibliotecas p\u00fablicas municipais do Alto Minho\",\"datePublished\":\"2020-09-16T13:10:59+00:00\",\"dateModified\":\"2020-09-16T13:11:05+00:00\",\"mainEntityOfPage\":{\"@id\":\"https:\\\/\\\/www.altominho.tv\\\/site\\\/2020\\\/09\\\/16\\\/projeto-pioneiro-da-cim-alto-minho-cria-catalogo-coletivo-das-bibliotecas-publicas-municipais-do-alto-minho\\\/\"},\"wordCount\":441,\"image\":{\"@id\":\"https:\\\/\\\/www.altominho.tv\\\/site\\\/2020\\\/09\\\/16\\\/projeto-pioneiro-da-cim-alto-minho-cria-catalogo-coletivo-das-bibliotecas-publicas-municipais-do-alto-minho\\\/#primaryimage\"},\"thumbnailUrl\":\"https:\\\/\\\/www.altominho.tv\\\/site\\\/wp-content\\\/uploads\\\/2020\\\/09\\\/Portal-RIBAM.jpg\",\"keywords\":[\"Cultura\",\"Sociedade\"],\"articleSection\":[\"Alto Minho\"],\"inLanguage\":\"pt-PT\",\"copyrightYear\":\"2020\",\"copyrightHolder\":{\"@id\":\"https:\\\/\\\/www.altominho.tv\\\/site\\\/#organization\"}},{\"@type\":\"WebPage\",\"@id\":\"https:\\\/\\\/www.altominho.tv\\\/site\\\/2020\\\/09\\\/16\\\/projeto-pioneiro-da-cim-alto-minho-cria-catalogo-coletivo-das-bibliotecas-publicas-municipais-do-alto-minho\\\/\",\"url\":\"https:\\\/\\\/www.altominho.tv\\\/site\\\/2020\\\/09\\\/16\\\/projeto-pioneiro-da-cim-alto-minho-cria-catalogo-coletivo-das-bibliotecas-publicas-municipais-do-alto-minho\\\/\",\"name\":\"Projeto pioneiro da CIM Alto Minho cria cat\u00e1logo coletivo das bibliotecas p\u00fablicas municipais do Alto Minho\",\"isPartOf\":{\"@id\":\"https:\\\/\\\/www.altominho.tv\\\/site\\\/#website\"},\"primaryImageOfPage\":{\"@id\":\"https:\\\/\\\/www.altominho.tv\\\/site\\\/2020\\\/09\\\/16\\\/projeto-pioneiro-da-cim-alto-minho-cria-catalogo-coletivo-das-bibliotecas-publicas-municipais-do-alto-minho\\\/#primaryimage\"},\"image\":{\"@id\":\"https:\\\/\\\/www.altominho.tv\\\/site\\\/2020\\\/09\\\/16\\\/projeto-pioneiro-da-cim-alto-minho-cria-catalogo-coletivo-das-bibliotecas-publicas-municipais-do-alto-minho\\\/#primaryimage\"},\"thumbnailUrl\":\"https:\\\/\\\/www.altominho.tv\\\/site\\\/wp-content\\\/uploads\\\/2020\\\/09\\\/Portal-RIBAM.jpg\",\"datePublished\":\"2020-09-16T13:10:59+00:00\",\"dateModified\":\"2020-09-16T13:11:05+00:00\",\"author\":{\"@id\":\"https:\\\/\\\/www.altominho.tv\\\/site\\\/#\\\/schema\\\/person\\\/a0e4ef6d041f98ca284393d8f1d97153\"},\"breadcrumb\":{\"@id\":\"https:\\\/\\\/www.altominho.tv\\\/site\\\/2020\\\/09\\\/16\\\/projeto-pioneiro-da-cim-alto-minho-cria-catalogo-coletivo-das-bibliotecas-publicas-municipais-do-alto-minho\\\/#breadcrumb\"},\"inLanguage\":\"pt-PT\",\"potentialAction\":[{\"@type\":\"ReadAction\",\"target\":[\"https:\\\/\\\/www.altominho.tv\\\/site\\\/2020\\\/09\\\/16\\\/projeto-pioneiro-da-cim-alto-minho-cria-catalogo-coletivo-das-bibliotecas-publicas-municipais-do-alto-minho\\\/\"]}]},{\"@type\":\"ImageObject\",\"inLanguage\":\"pt-PT\",\"@id\":\"https:\\\/\\\/www.altominho.tv\\\/site\\\/2020\\\/09\\\/16\\\/projeto-pioneiro-da-cim-alto-minho-cria-catalogo-coletivo-das-bibliotecas-publicas-municipais-do-alto-minho\\\/#primaryimage\",\"url\":\"https:\\\/\\\/www.altominho.tv\\\/site\\\/wp-content\\\/uploads\\\/2020\\\/09\\\/Portal-RIBAM.jpg\",\"contentUrl\":\"https:\\\/\\\/www.altominho.tv\\\/site\\\/wp-content\\\/uploads\\\/2020\\\/09\\\/Portal-RIBAM.jpg\",\"width\":1645,\"height\":850},{\"@type\":\"BreadcrumbList\",\"@id\":\"https:\\\/\\\/www.altominho.tv\\\/site\\\/2020\\\/09\\\/16\\\/projeto-pioneiro-da-cim-alto-minho-cria-catalogo-coletivo-das-bibliotecas-publicas-municipais-do-alto-minho\\\/#breadcrumb\",\"itemListElement\":[{\"@type\":\"ListItem\",\"position\":1,\"name\":\"In\u00edcio\",\"item\":\"https:\\\/\\\/www.altominho.tv\\\/site\\\/\"},{\"@type\":\"ListItem\",\"position\":2,\"name\":\"Projeto pioneiro da CIM Alto Minho cria cat\u00e1logo coletivo das bibliotecas p\u00fablicas municipais do Alto Minho\"}]},{\"@type\":\"WebSite\",\"@id\":\"https:\\\/\\\/www.altominho.tv\\\/site\\\/#website\",\"url\":\"https:\\\/\\\/www.altominho.tv\\\/site\\\/\",\"name\":\"Altominho.tv\",\"description\":\"A sua regi\u00e3o \u00e0 dist\u00e2ncia de um clique...\",\"potentialAction\":[{\"@type\":\"SearchAction\",\"target\":{\"@type\":\"EntryPoint\",\"urlTemplate\":\"https:\\\/\\\/www.altominho.tv\\\/site\\\/?s={search_term_string}\"},\"query-input\":{\"@type\":\"PropertyValueSpecification\",\"valueRequired\":true,\"valueName\":\"search_term_string\"}}],\"inLanguage\":\"pt-PT\"},{\"@type\":\"Person\",\"@id\":\"https:\\\/\\\/www.altominho.tv\\\/site\\\/#\\\/schema\\\/person\\\/a0e4ef6d041f98ca284393d8f1d97153\",\"name\":\"Andreia Cunha\",\"image\":{\"@type\":\"ImageObject\",\"inLanguage\":\"pt-PT\",\"@id\":\"https:\\\/\\\/www.altominho.tv\\\/site\\\/wp-content\\\/uploads\\\/2017\\\/11\\\/Andreia_Cunha-1-150x150.jpg\",\"url\":\"https:\\\/\\\/www.altominho.tv\\\/site\\\/wp-content\\\/uploads\\\/2017\\\/11\\\/Andreia_Cunha-1-150x150.jpg\",\"contentUrl\":\"https:\\\/\\\/www.altominho.tv\\\/site\\\/wp-content\\\/uploads\\\/2017\\\/11\\\/Andreia_Cunha-1-150x150.jpg\",\"caption\":\"Andreia Cunha\"},\"url\":\"https:\\\/\\\/www.altominho.tv\\\/site\\\/author\\\/andreiacunha\\\/\"}]}<\/script>\n<!-- \/ Yoast SEO Premium plugin. -->","yoast_head_json":{"title":"Projeto pioneiro da CIM Alto Minho cria cat\u00e1logo coletivo das bibliotecas p\u00fablicas municipais do Alto Minho","robots":{"index":"index","follow":"follow","max-snippet":"max-snippet:-1","max-image-preview":"max-image-preview:large","max-video-preview":"max-video-preview:-1"},"canonical":"https:\/\/www.altominho.tv\/site\/2020\/09\/16\/projeto-pioneiro-da-cim-alto-minho-cria-catalogo-coletivo-das-bibliotecas-publicas-municipais-do-alto-minho\/","og_locale":"pt_PT","og_type":"article","og_title":"Projeto pioneiro da CIM Alto Minho cria cat\u00e1logo coletivo das bibliotecas p\u00fablicas municipais do Alto Minho","og_description":"A Comunidade Intermunicipal do Alto Minho (CIM Alto Minho) informou que acaba de lan\u00e7ar um portal de pesquisa das cole\u00e7\u00f5es e fundos documentais de toda a Rede Intermunicipal de Bibliotecas P\u00fablicas Municipais do Alto Minho (RIBAM). O portal, j\u00e1 dispon\u00edvel em\u00a0https:\/\/bibliotecas.altominho.pt\/, &#8220;\u00e9 suportado por um sistema inovador que permite a agrega\u00e7\u00e3o de conte\u00fados de diferentes [&hellip;]","og_url":"https:\/\/www.altominho.tv\/site\/2020\/09\/16\/projeto-pioneiro-da-cim-alto-minho-cria-catalogo-coletivo-das-bibliotecas-publicas-municipais-do-alto-minho\/","og_site_name":"Altominho.tv","article_publisher":"https:\/\/www.facebook.com\/altominhotv","article_published_time":"2020-09-16T13:10:59+00:00","article_modified_time":"2020-09-16T13:11:05+00:00","og_image":[{"width":1645,"height":850,"url":"https:\/\/www.altominho.tv\/site\/wp-content\/uploads\/2020\/09\/Portal-RIBAM.jpg","type":"image\/jpeg"}],"author":"Andreia Cunha","twitter_card":"summary_large_image","twitter_creator":"@altominhoTV","twitter_site":"@altominhoTV","twitter_misc":{"Escrito por":"Andreia Cunha","Tempo estimado de leitura":"2 minutos"},"schema":{"@context":"https:\/\/schema.org","@graph":[{"@type":"Article","@id":"https:\/\/www.altominho.tv\/site\/2020\/09\/16\/projeto-pioneiro-da-cim-alto-minho-cria-catalogo-coletivo-das-bibliotecas-publicas-municipais-do-alto-minho\/#article","isPartOf":{"@id":"https:\/\/www.altominho.tv\/site\/2020\/09\/16\/projeto-pioneiro-da-cim-alto-minho-cria-catalogo-coletivo-das-bibliotecas-publicas-municipais-do-alto-minho\/"},"author":{"name":"Andreia Cunha","@id":"https:\/\/www.altominho.tv\/site\/#\/schema\/person\/a0e4ef6d041f98ca284393d8f1d97153"},"headline":"Projeto pioneiro da CIM Alto Minho cria cat\u00e1logo coletivo das bibliotecas p\u00fablicas municipais do Alto Minho","datePublished":"2020-09-16T13:10:59+00:00","dateModified":"2020-09-16T13:11:05+00:00","mainEntityOfPage":{"@id":"https:\/\/www.altominho.tv\/site\/2020\/09\/16\/projeto-pioneiro-da-cim-alto-minho-cria-catalogo-coletivo-das-bibliotecas-publicas-municipais-do-alto-minho\/"},"wordCount":441,"image":{"@id":"https:\/\/www.altominho.tv\/site\/2020\/09\/16\/projeto-pioneiro-da-cim-alto-minho-cria-catalogo-coletivo-das-bibliotecas-publicas-municipais-do-alto-minho\/#primaryimage"},"thumbnailUrl":"https:\/\/www.altominho.tv\/site\/wp-content\/uploads\/2020\/09\/Portal-RIBAM.jpg","keywords":["Cultura","Sociedade"],"articleSection":["Alto Minho"],"inLanguage":"pt-PT","copyrightYear":"2020","copyrightHolder":{"@id":"https:\/\/www.altominho.tv\/site\/#organization"}},{"@type":"WebPage","@id":"https:\/\/www.altominho.tv\/site\/2020\/09\/16\/projeto-pioneiro-da-cim-alto-minho-cria-catalogo-coletivo-das-bibliotecas-publicas-municipais-do-alto-minho\/","url":"https:\/\/www.altominho.tv\/site\/2020\/09\/16\/projeto-pioneiro-da-cim-alto-minho-cria-catalogo-coletivo-das-bibliotecas-publicas-municipais-do-alto-minho\/","name":"Projeto pioneiro da CIM Alto Minho cria cat\u00e1logo coletivo das bibliotecas p\u00fablicas municipais do Alto Minho","isPartOf":{"@id":"https:\/\/www.altominho.tv\/site\/#website"},"primaryImageOfPage":{"@id":"https:\/\/www.altominho.tv\/site\/2020\/09\/16\/projeto-pioneiro-da-cim-alto-minho-cria-catalogo-coletivo-das-bibliotecas-publicas-municipais-do-alto-minho\/#primaryimage"},"image":{"@id":"https:\/\/www.altominho.tv\/site\/2020\/09\/16\/projeto-pioneiro-da-cim-alto-minho-cria-catalogo-coletivo-das-bibliotecas-publicas-municipais-do-alto-minho\/#primaryimage"},"thumbnailUrl":"https:\/\/www.altominho.tv\/site\/wp-content\/uploads\/2020\/09\/Portal-RIBAM.jpg","datePublished":"2020-09-16T13:10:59+00:00","dateModified":"2020-09-16T13:11:05+00:00","author":{"@id":"https:\/\/www.altominho.tv\/site\/#\/schema\/person\/a0e4ef6d041f98ca284393d8f1d97153"},"breadcrumb":{"@id":"https:\/\/www.altominho.tv\/site\/2020\/09\/16\/projeto-pioneiro-da-cim-alto-minho-cria-catalogo-coletivo-das-bibliotecas-publicas-municipais-do-alto-minho\/#breadcrumb"},"inLanguage":"pt-PT","potentialAction":[{"@type":"ReadAction","target":["https:\/\/www.altominho.tv\/site\/2020\/09\/16\/projeto-pioneiro-da-cim-alto-minho-cria-catalogo-coletivo-das-bibliotecas-publicas-municipais-do-alto-minho\/"]}]},{"@type":"ImageObject","inLanguage":"pt-PT","@id":"https:\/\/www.altominho.tv\/site\/2020\/09\/16\/projeto-pioneiro-da-cim-alto-minho-cria-catalogo-coletivo-das-bibliotecas-publicas-municipais-do-alto-minho\/#primaryimage","url":"https:\/\/www.altominho.tv\/site\/wp-content\/uploads\/2020\/09\/Portal-RIBAM.jpg","contentUrl":"https:\/\/www.altominho.tv\/site\/wp-content\/uploads\/2020\/09\/Portal-RIBAM.jpg","width":1645,"height":850},{"@type":"BreadcrumbList","@id":"https:\/\/www.altominho.tv\/site\/2020\/09\/16\/projeto-pioneiro-da-cim-alto-minho-cria-catalogo-coletivo-das-bibliotecas-publicas-municipais-do-alto-minho\/#breadcrumb","itemListElement":[{"@type":"ListItem","position":1,"name":"In\u00edcio","item":"https:\/\/www.altominho.tv\/site\/"},{"@type":"ListItem","position":2,"name":"Projeto pioneiro da CIM Alto Minho cria cat\u00e1logo coletivo das bibliotecas p\u00fablicas municipais do Alto Minho"}]},{"@type":"WebSite","@id":"https:\/\/www.altominho.tv\/site\/#website","url":"https:\/\/www.altominho.tv\/site\/","name":"Altominho.tv","description":"A sua regi\u00e3o \u00e0 dist\u00e2ncia de um clique...","potentialAction":[{"@type":"SearchAction","target":{"@type":"EntryPoint","urlTemplate":"https:\/\/www.altominho.tv\/site\/?s={search_term_string}"},"query-input":{"@type":"PropertyValueSpecification","valueRequired":true,"valueName":"search_term_string"}}],"inLanguage":"pt-PT"},{"@type":"Person","@id":"https:\/\/www.altominho.tv\/site\/#\/schema\/person\/a0e4ef6d041f98ca284393d8f1d97153","name":"Andreia Cunha","image":{"@type":"ImageObject","inLanguage":"pt-PT","@id":"https:\/\/www.altominho.tv\/site\/wp-content\/uploads\/2017\/11\/Andreia_Cunha-1-150x150.jpg","url":"https:\/\/www.altominho.tv\/site\/wp-content\/uploads\/2017\/11\/Andreia_Cunha-1-150x150.jpg","contentUrl":"https:\/\/www.altominho.tv\/site\/wp-content\/uploads\/2017\/11\/Andreia_Cunha-1-150x150.jpg","caption":"Andreia Cunha"},"url":"https:\/\/www.altominho.tv\/site\/author\/andreiacunha\/"}]}},"_links":{"self":[{"href":"https:\/\/www.altominho.tv\/site\/wp-json\/wp\/v2\/posts\/52235","targetHints":{"allow":["GET"]}}],"collection":[{"href":"https:\/\/www.altominho.tv\/site\/wp-json\/wp\/v2\/posts"}],"about":[{"href":"https:\/\/www.altominho.tv\/site\/wp-json\/wp\/v2\/types\/post"}],"author":[{"embeddable":true,"href":"https:\/\/www.altominho.tv\/site\/wp-json\/wp\/v2\/users\/7"}],"replies":[{"embeddable":true,"href":"https:\/\/www.altominho.tv\/site\/wp-json\/wp\/v2\/comments?post=52235"}],"version-history":[{"count":0,"href":"https:\/\/www.altominho.tv\/site\/wp-json\/wp\/v2\/posts\/52235\/revisions"}],"wp:featuredmedia":[{"embeddable":true,"href":"https:\/\/www.altominho.tv\/site\/wp-json\/wp\/v2\/media\/52236"}],"wp:attachment":[{"href":"https:\/\/www.altominho.tv\/site\/wp-json\/wp\/v2\/media?parent=52235"}],"wp:term":[{"taxonomy":"category","embeddable":true,"href":"https:\/\/www.altominho.tv\/site\/wp-json\/wp\/v2\/categories?post=52235"},{"taxonomy":"post_tag","embeddable":true,"href":"https:\/\/www.altominho.tv\/site\/wp-json\/wp\/v2\/tags?post=52235"}],"curies":[{"name":"wp","href":"https:\/\/api.w.org\/{rel}","templated":true}]}}