{"id":52200,"date":"2020-09-16T07:45:53","date_gmt":"2020-09-16T06:45:53","guid":{"rendered":"http:\/\/www.altominho.tv\/site\/?p=52200"},"modified":"2020-09-16T07:46:00","modified_gmt":"2020-09-16T06:46:00","slug":"companhia-de-caminha-abre-nova-temporada-com-peca-sobre-violencia-domestica","status":"publish","type":"post","link":"https:\/\/www.altominho.tv\/site\/2020\/09\/16\/companhia-de-caminha-abre-nova-temporada-com-peca-sobre-violencia-domestica\/","title":{"rendered":"Companhia de Caminha abre nova temporada com pe\u00e7a sobre viol\u00eancia dom\u00e9stica"},"content":{"rendered":"\n<p>A companhia de teatro Kris\u00e1lida, em Caminha, vai iniciar a nova temporada, em outubro, com a estreia de uma pe\u00e7a que aborda a problem\u00e1tica da viol\u00eancia dom\u00e9stica, que este ano j\u00e1 vitimou dez mulheres em Portugal, foi hoje divulgado.<br><\/p>\n\n\n\n<p>Em comunicado enviado \u00e0s reda\u00e7\u00f5es, a companhia, fundada em 2014, adiantou que ir\u00e1 apresentar, na \u00faltima semana de outubro, a pe\u00e7a &#8220;Caldo Verde&#8221;, de Rui Ramos, encenada por Nuno J. Loureiro, com interpreta\u00e7\u00e3o de Carla Magalh\u00e3es, Joana Vilar e Romeu Anjos Pereira.<br><\/p>\n\n\n\n<p>O texto &#8220;narra a hist\u00f3ria de duas mulheres e de um homem que habitam a mesma casa, perdida algures no Minho profundo, na qual partilham o dia-a-dia, os filhos e as dificuldades&#8221;.<br><\/p>\n\n\n\n<p>&#8220;Ele, \u00e0 noite, escolhe com qual das duas vai dormir. Encontramo-las, a elas, num momento de viragem: algo aconteceu na noite anterior que veio perturbar aquela estranha harmonia. Enquanto preparam o jantar, caldo verde, descobrimos que ambas t\u00eam um plano secreto&#8221;, explica a diretora art\u00edstica da companhia, Carla Magalh\u00e3es, citada naquela nota.<br><\/p>\n\n\n\n<p>A pe\u00e7a, que aborda uma realidade tantas vezes encoberta, sobe ao palco do cineteatro dos bombeiros volunt\u00e1rios da freguesia de Vila Praia de \u00c2ncora, nos dias 23 e 24 de outubro, e no Teatro Municipal Valadares, no centro de Caminha, nos dias 30 e 31.<br><\/p>\n\n\n\n<p>&#8220;Depois das altera\u00e7\u00f5es na programa\u00e7\u00e3o da \u00faltima temporada, devido \u00e0s limita\u00e7\u00f5es impostas pela pandemia da covid-19, a Kris\u00e1lida vai iniciar a temporada art\u00edstica no pr\u00f3ximo s\u00e1bado, no cineteatro dos bombeiros volunt\u00e1rios de Vila Praia de \u00c2ncora, com o acolhimento do Teatro das Beiras e da pe\u00e7a &#8216;Pequeno Ret\u00e1bulo de Garc\u00eda Lorca'&#8221;, explica a nota.<br><\/p>\n\n\n\n<p>J\u00e1 a 10 de outubro, no Teatro Valadares, a companhia Perip\u00e9cia Teatro, apresentar\u00e1 a pe\u00e7a &#8220;O ensaio dos abutres&#8221;.<br><\/p>\n\n\n\n<p>Estas duas representa\u00e7\u00f5es inserem-se no programa &#8220;Kris\u00e1lida Akolhe&#8221;, em que este grupo recebe companhias teatrais parceiras que partilham das mesmas preocupa\u00e7\u00f5es art\u00edsticas, para melhor conhecer o trabalho art\u00edstico de v\u00e1rias estruturas de cria\u00e7\u00e3o, e mostrar o que foi feito noutras paragens.<br><\/p>\n\n\n\n<p>J\u00e1 a Kris\u00e1lida subir\u00e1 aos palcos do Festival de Teatro da Covilh\u00e3, no dia 28, e do XXV Festival Internacional Galicreques, em Santiago de Compostela, na Galiza, a 15 de outubro, com a pe\u00e7a &#8220;Plastikus&#8221;.<br><\/p>\n\n\n\n<p>Entre 05 a 08 de dezembro decorrer\u00e1 o VI Maluga &#8211; Festa da Marioneta Luso Galaica, organizada h\u00e1 seis anos pela Kris\u00e1lida, com o apoio da C\u00e2mara de Caminha, que junta companhias de marionetas de Portugal e da Galiza (Espanha), entre espet\u00e1culos em sala e na rua, mas tamb\u00e9m com &#8216;workshops&#8217; tem\u00e1ticos para todas as idades e representa\u00e7\u00f5es nas escolas.<\/p>\n","protected":false},"excerpt":{"rendered":"<p>A companhia de teatro Kris\u00e1lida, em Caminha, vai iniciar a nova temporada, em outubro, com a estreia de uma pe\u00e7a que aborda a problem\u00e1tica da viol\u00eancia dom\u00e9stica, que este ano j\u00e1 vitimou dez mulheres em Portugal, foi hoje divulgado. Em comunicado enviado \u00e0s reda\u00e7\u00f5es, a companhia, fundada em 2014, adiantou que ir\u00e1 apresentar, na \u00faltima [&hellip;]<\/p>\n","protected":false},"author":16,"featured_media":52201,"comment_status":"closed","ping_status":"closed","sticky":false,"template":"","format":"standard","meta":{"_exactmetrics_skip_tracking":false,"_exactmetrics_sitenote_active":false,"_exactmetrics_sitenote_note":"","_exactmetrics_sitenote_category":0,"footnotes":""},"categories":[7],"tags":[19,24],"class_list":["post-52200","post","type-post","status-publish","format-standard","has-post-thumbnail","hentry","category-caminha","tag-cultura","tag-lazer"],"yoast_head":"<!-- This site is optimized with the Yoast SEO Premium plugin v27.4 (Yoast SEO v27.4) - https:\/\/yoast.com\/product\/yoast-seo-premium-wordpress\/ -->\n<title>Companhia de Caminha abre nova temporada com pe\u00e7a sobre viol\u00eancia dom\u00e9stica<\/title>\n<meta name=\"robots\" content=\"index, follow, max-snippet:-1, max-image-preview:large, max-video-preview:-1\" \/>\n<link rel=\"canonical\" href=\"https:\/\/www.altominho.tv\/site\/2020\/09\/16\/companhia-de-caminha-abre-nova-temporada-com-peca-sobre-violencia-domestica\/\" \/>\n<meta property=\"og:locale\" content=\"pt_PT\" \/>\n<meta property=\"og:type\" content=\"article\" \/>\n<meta property=\"og:title\" content=\"Companhia de Caminha abre nova temporada com pe\u00e7a sobre viol\u00eancia dom\u00e9stica\" \/>\n<meta property=\"og:description\" content=\"A companhia de teatro Kris\u00e1lida, em Caminha, vai iniciar a nova temporada, em outubro, com a estreia de uma pe\u00e7a que aborda a problem\u00e1tica da viol\u00eancia dom\u00e9stica, que este ano j\u00e1 vitimou dez mulheres em Portugal, foi hoje divulgado. Em comunicado enviado \u00e0s reda\u00e7\u00f5es, a companhia, fundada em 2014, adiantou que ir\u00e1 apresentar, na \u00faltima [&hellip;]\" \/>\n<meta property=\"og:url\" content=\"https:\/\/www.altominho.tv\/site\/2020\/09\/16\/companhia-de-caminha-abre-nova-temporada-com-peca-sobre-violencia-domestica\/\" \/>\n<meta property=\"og:site_name\" content=\"Altominho.tv\" \/>\n<meta property=\"article:publisher\" content=\"https:\/\/www.facebook.com\/altominhotv\" \/>\n<meta property=\"article:published_time\" content=\"2020-09-16T06:45:53+00:00\" \/>\n<meta property=\"article:modified_time\" content=\"2020-09-16T06:46:00+00:00\" \/>\n<meta property=\"og:image\" content=\"https:\/\/www.altominho.tv\/site\/wp-content\/uploads\/2020\/09\/krisalida.jpg\" \/>\n\t<meta property=\"og:image:width\" content=\"740\" \/>\n\t<meta property=\"og:image:height\" content=\"390\" \/>\n\t<meta property=\"og:image:type\" content=\"image\/jpeg\" \/>\n<meta name=\"author\" content=\"Andreia Cunha | Lusa\" \/>\n<meta name=\"twitter:card\" content=\"summary_large_image\" \/>\n<meta name=\"twitter:creator\" content=\"@altominhoTV\" \/>\n<meta name=\"twitter:site\" content=\"@altominhoTV\" \/>\n<meta name=\"twitter:label1\" content=\"Escrito por\" \/>\n\t<meta name=\"twitter:data1\" content=\"Andreia Cunha | Lusa\" \/>\n\t<meta name=\"twitter:label2\" content=\"Tempo estimado de leitura\" \/>\n\t<meta name=\"twitter:data2\" content=\"2 minutos\" \/>\n<script type=\"application\/ld+json\" class=\"yoast-schema-graph\">{\"@context\":\"https:\\\/\\\/schema.org\",\"@graph\":[{\"@type\":\"Article\",\"@id\":\"https:\\\/\\\/www.altominho.tv\\\/site\\\/2020\\\/09\\\/16\\\/companhia-de-caminha-abre-nova-temporada-com-peca-sobre-violencia-domestica\\\/#article\",\"isPartOf\":{\"@id\":\"https:\\\/\\\/www.altominho.tv\\\/site\\\/2020\\\/09\\\/16\\\/companhia-de-caminha-abre-nova-temporada-com-peca-sobre-violencia-domestica\\\/\"},\"author\":{\"name\":\"Andreia Cunha | Lusa\",\"@id\":\"https:\\\/\\\/www.altominho.tv\\\/site\\\/#\\\/schema\\\/person\\\/dbaf181c01b51ff40c9f461a905d321e\"},\"headline\":\"Companhia de Caminha abre nova temporada com pe\u00e7a sobre viol\u00eancia dom\u00e9stica\",\"datePublished\":\"2020-09-16T06:45:53+00:00\",\"dateModified\":\"2020-09-16T06:46:00+00:00\",\"mainEntityOfPage\":{\"@id\":\"https:\\\/\\\/www.altominho.tv\\\/site\\\/2020\\\/09\\\/16\\\/companhia-de-caminha-abre-nova-temporada-com-peca-sobre-violencia-domestica\\\/\"},\"wordCount\":465,\"image\":{\"@id\":\"https:\\\/\\\/www.altominho.tv\\\/site\\\/2020\\\/09\\\/16\\\/companhia-de-caminha-abre-nova-temporada-com-peca-sobre-violencia-domestica\\\/#primaryimage\"},\"thumbnailUrl\":\"https:\\\/\\\/www.altominho.tv\\\/site\\\/wp-content\\\/uploads\\\/2020\\\/09\\\/krisalida.jpg\",\"keywords\":[\"Cultura\",\"Lazer\"],\"articleSection\":[\"Caminha\"],\"inLanguage\":\"pt-PT\",\"copyrightYear\":\"2020\",\"copyrightHolder\":{\"@id\":\"https:\\\/\\\/www.altominho.tv\\\/site\\\/#organization\"}},{\"@type\":\"WebPage\",\"@id\":\"https:\\\/\\\/www.altominho.tv\\\/site\\\/2020\\\/09\\\/16\\\/companhia-de-caminha-abre-nova-temporada-com-peca-sobre-violencia-domestica\\\/\",\"url\":\"https:\\\/\\\/www.altominho.tv\\\/site\\\/2020\\\/09\\\/16\\\/companhia-de-caminha-abre-nova-temporada-com-peca-sobre-violencia-domestica\\\/\",\"name\":\"Companhia de Caminha abre nova temporada com pe\u00e7a sobre viol\u00eancia dom\u00e9stica\",\"isPartOf\":{\"@id\":\"https:\\\/\\\/www.altominho.tv\\\/site\\\/#website\"},\"primaryImageOfPage\":{\"@id\":\"https:\\\/\\\/www.altominho.tv\\\/site\\\/2020\\\/09\\\/16\\\/companhia-de-caminha-abre-nova-temporada-com-peca-sobre-violencia-domestica\\\/#primaryimage\"},\"image\":{\"@id\":\"https:\\\/\\\/www.altominho.tv\\\/site\\\/2020\\\/09\\\/16\\\/companhia-de-caminha-abre-nova-temporada-com-peca-sobre-violencia-domestica\\\/#primaryimage\"},\"thumbnailUrl\":\"https:\\\/\\\/www.altominho.tv\\\/site\\\/wp-content\\\/uploads\\\/2020\\\/09\\\/krisalida.jpg\",\"datePublished\":\"2020-09-16T06:45:53+00:00\",\"dateModified\":\"2020-09-16T06:46:00+00:00\",\"author\":{\"@id\":\"https:\\\/\\\/www.altominho.tv\\\/site\\\/#\\\/schema\\\/person\\\/dbaf181c01b51ff40c9f461a905d321e\"},\"breadcrumb\":{\"@id\":\"https:\\\/\\\/www.altominho.tv\\\/site\\\/2020\\\/09\\\/16\\\/companhia-de-caminha-abre-nova-temporada-com-peca-sobre-violencia-domestica\\\/#breadcrumb\"},\"inLanguage\":\"pt-PT\",\"potentialAction\":[{\"@type\":\"ReadAction\",\"target\":[\"https:\\\/\\\/www.altominho.tv\\\/site\\\/2020\\\/09\\\/16\\\/companhia-de-caminha-abre-nova-temporada-com-peca-sobre-violencia-domestica\\\/\"]}]},{\"@type\":\"ImageObject\",\"inLanguage\":\"pt-PT\",\"@id\":\"https:\\\/\\\/www.altominho.tv\\\/site\\\/2020\\\/09\\\/16\\\/companhia-de-caminha-abre-nova-temporada-com-peca-sobre-violencia-domestica\\\/#primaryimage\",\"url\":\"https:\\\/\\\/www.altominho.tv\\\/site\\\/wp-content\\\/uploads\\\/2020\\\/09\\\/krisalida.jpg\",\"contentUrl\":\"https:\\\/\\\/www.altominho.tv\\\/site\\\/wp-content\\\/uploads\\\/2020\\\/09\\\/krisalida.jpg\",\"width\":740,\"height\":390},{\"@type\":\"BreadcrumbList\",\"@id\":\"https:\\\/\\\/www.altominho.tv\\\/site\\\/2020\\\/09\\\/16\\\/companhia-de-caminha-abre-nova-temporada-com-peca-sobre-violencia-domestica\\\/#breadcrumb\",\"itemListElement\":[{\"@type\":\"ListItem\",\"position\":1,\"name\":\"In\u00edcio\",\"item\":\"https:\\\/\\\/www.altominho.tv\\\/site\\\/\"},{\"@type\":\"ListItem\",\"position\":2,\"name\":\"Companhia de Caminha abre nova temporada com pe\u00e7a sobre viol\u00eancia dom\u00e9stica\"}]},{\"@type\":\"WebSite\",\"@id\":\"https:\\\/\\\/www.altominho.tv\\\/site\\\/#website\",\"url\":\"https:\\\/\\\/www.altominho.tv\\\/site\\\/\",\"name\":\"Altominho.tv\",\"description\":\"A sua regi\u00e3o \u00e0 dist\u00e2ncia de um clique...\",\"potentialAction\":[{\"@type\":\"SearchAction\",\"target\":{\"@type\":\"EntryPoint\",\"urlTemplate\":\"https:\\\/\\\/www.altominho.tv\\\/site\\\/?s={search_term_string}\"},\"query-input\":{\"@type\":\"PropertyValueSpecification\",\"valueRequired\":true,\"valueName\":\"search_term_string\"}}],\"inLanguage\":\"pt-PT\"},{\"@type\":\"Person\",\"@id\":\"https:\\\/\\\/www.altominho.tv\\\/site\\\/#\\\/schema\\\/person\\\/dbaf181c01b51ff40c9f461a905d321e\",\"name\":\"Andreia Cunha | Lusa\",\"image\":{\"@type\":\"ImageObject\",\"inLanguage\":\"pt-PT\",\"@id\":\"https:\\\/\\\/www.altominho.tv\\\/site\\\/wp-content\\\/uploads\\\/2017\\\/11\\\/Andreia_Cunha-1-150x150.jpg\",\"url\":\"https:\\\/\\\/www.altominho.tv\\\/site\\\/wp-content\\\/uploads\\\/2017\\\/11\\\/Andreia_Cunha-1-150x150.jpg\",\"contentUrl\":\"https:\\\/\\\/www.altominho.tv\\\/site\\\/wp-content\\\/uploads\\\/2017\\\/11\\\/Andreia_Cunha-1-150x150.jpg\",\"caption\":\"Andreia Cunha | Lusa\"},\"sameAs\":[\"https:\\\/\\\/www.altominho.tv\\\/site\"],\"url\":\"https:\\\/\\\/www.altominho.tv\\\/site\\\/author\\\/andreiacunhalusa\\\/\"}]}<\/script>\n<!-- \/ Yoast SEO Premium plugin. -->","yoast_head_json":{"title":"Companhia de Caminha abre nova temporada com pe\u00e7a sobre viol\u00eancia dom\u00e9stica","robots":{"index":"index","follow":"follow","max-snippet":"max-snippet:-1","max-image-preview":"max-image-preview:large","max-video-preview":"max-video-preview:-1"},"canonical":"https:\/\/www.altominho.tv\/site\/2020\/09\/16\/companhia-de-caminha-abre-nova-temporada-com-peca-sobre-violencia-domestica\/","og_locale":"pt_PT","og_type":"article","og_title":"Companhia de Caminha abre nova temporada com pe\u00e7a sobre viol\u00eancia dom\u00e9stica","og_description":"A companhia de teatro Kris\u00e1lida, em Caminha, vai iniciar a nova temporada, em outubro, com a estreia de uma pe\u00e7a que aborda a problem\u00e1tica da viol\u00eancia dom\u00e9stica, que este ano j\u00e1 vitimou dez mulheres em Portugal, foi hoje divulgado. Em comunicado enviado \u00e0s reda\u00e7\u00f5es, a companhia, fundada em 2014, adiantou que ir\u00e1 apresentar, na \u00faltima [&hellip;]","og_url":"https:\/\/www.altominho.tv\/site\/2020\/09\/16\/companhia-de-caminha-abre-nova-temporada-com-peca-sobre-violencia-domestica\/","og_site_name":"Altominho.tv","article_publisher":"https:\/\/www.facebook.com\/altominhotv","article_published_time":"2020-09-16T06:45:53+00:00","article_modified_time":"2020-09-16T06:46:00+00:00","og_image":[{"width":740,"height":390,"url":"https:\/\/www.altominho.tv\/site\/wp-content\/uploads\/2020\/09\/krisalida.jpg","type":"image\/jpeg"}],"author":"Andreia Cunha | Lusa","twitter_card":"summary_large_image","twitter_creator":"@altominhoTV","twitter_site":"@altominhoTV","twitter_misc":{"Escrito por":"Andreia Cunha | Lusa","Tempo estimado de leitura":"2 minutos"},"schema":{"@context":"https:\/\/schema.org","@graph":[{"@type":"Article","@id":"https:\/\/www.altominho.tv\/site\/2020\/09\/16\/companhia-de-caminha-abre-nova-temporada-com-peca-sobre-violencia-domestica\/#article","isPartOf":{"@id":"https:\/\/www.altominho.tv\/site\/2020\/09\/16\/companhia-de-caminha-abre-nova-temporada-com-peca-sobre-violencia-domestica\/"},"author":{"name":"Andreia Cunha | Lusa","@id":"https:\/\/www.altominho.tv\/site\/#\/schema\/person\/dbaf181c01b51ff40c9f461a905d321e"},"headline":"Companhia de Caminha abre nova temporada com pe\u00e7a sobre viol\u00eancia dom\u00e9stica","datePublished":"2020-09-16T06:45:53+00:00","dateModified":"2020-09-16T06:46:00+00:00","mainEntityOfPage":{"@id":"https:\/\/www.altominho.tv\/site\/2020\/09\/16\/companhia-de-caminha-abre-nova-temporada-com-peca-sobre-violencia-domestica\/"},"wordCount":465,"image":{"@id":"https:\/\/www.altominho.tv\/site\/2020\/09\/16\/companhia-de-caminha-abre-nova-temporada-com-peca-sobre-violencia-domestica\/#primaryimage"},"thumbnailUrl":"https:\/\/www.altominho.tv\/site\/wp-content\/uploads\/2020\/09\/krisalida.jpg","keywords":["Cultura","Lazer"],"articleSection":["Caminha"],"inLanguage":"pt-PT","copyrightYear":"2020","copyrightHolder":{"@id":"https:\/\/www.altominho.tv\/site\/#organization"}},{"@type":"WebPage","@id":"https:\/\/www.altominho.tv\/site\/2020\/09\/16\/companhia-de-caminha-abre-nova-temporada-com-peca-sobre-violencia-domestica\/","url":"https:\/\/www.altominho.tv\/site\/2020\/09\/16\/companhia-de-caminha-abre-nova-temporada-com-peca-sobre-violencia-domestica\/","name":"Companhia de Caminha abre nova temporada com pe\u00e7a sobre viol\u00eancia dom\u00e9stica","isPartOf":{"@id":"https:\/\/www.altominho.tv\/site\/#website"},"primaryImageOfPage":{"@id":"https:\/\/www.altominho.tv\/site\/2020\/09\/16\/companhia-de-caminha-abre-nova-temporada-com-peca-sobre-violencia-domestica\/#primaryimage"},"image":{"@id":"https:\/\/www.altominho.tv\/site\/2020\/09\/16\/companhia-de-caminha-abre-nova-temporada-com-peca-sobre-violencia-domestica\/#primaryimage"},"thumbnailUrl":"https:\/\/www.altominho.tv\/site\/wp-content\/uploads\/2020\/09\/krisalida.jpg","datePublished":"2020-09-16T06:45:53+00:00","dateModified":"2020-09-16T06:46:00+00:00","author":{"@id":"https:\/\/www.altominho.tv\/site\/#\/schema\/person\/dbaf181c01b51ff40c9f461a905d321e"},"breadcrumb":{"@id":"https:\/\/www.altominho.tv\/site\/2020\/09\/16\/companhia-de-caminha-abre-nova-temporada-com-peca-sobre-violencia-domestica\/#breadcrumb"},"inLanguage":"pt-PT","potentialAction":[{"@type":"ReadAction","target":["https:\/\/www.altominho.tv\/site\/2020\/09\/16\/companhia-de-caminha-abre-nova-temporada-com-peca-sobre-violencia-domestica\/"]}]},{"@type":"ImageObject","inLanguage":"pt-PT","@id":"https:\/\/www.altominho.tv\/site\/2020\/09\/16\/companhia-de-caminha-abre-nova-temporada-com-peca-sobre-violencia-domestica\/#primaryimage","url":"https:\/\/www.altominho.tv\/site\/wp-content\/uploads\/2020\/09\/krisalida.jpg","contentUrl":"https:\/\/www.altominho.tv\/site\/wp-content\/uploads\/2020\/09\/krisalida.jpg","width":740,"height":390},{"@type":"BreadcrumbList","@id":"https:\/\/www.altominho.tv\/site\/2020\/09\/16\/companhia-de-caminha-abre-nova-temporada-com-peca-sobre-violencia-domestica\/#breadcrumb","itemListElement":[{"@type":"ListItem","position":1,"name":"In\u00edcio","item":"https:\/\/www.altominho.tv\/site\/"},{"@type":"ListItem","position":2,"name":"Companhia de Caminha abre nova temporada com pe\u00e7a sobre viol\u00eancia dom\u00e9stica"}]},{"@type":"WebSite","@id":"https:\/\/www.altominho.tv\/site\/#website","url":"https:\/\/www.altominho.tv\/site\/","name":"Altominho.tv","description":"A sua regi\u00e3o \u00e0 dist\u00e2ncia de um clique...","potentialAction":[{"@type":"SearchAction","target":{"@type":"EntryPoint","urlTemplate":"https:\/\/www.altominho.tv\/site\/?s={search_term_string}"},"query-input":{"@type":"PropertyValueSpecification","valueRequired":true,"valueName":"search_term_string"}}],"inLanguage":"pt-PT"},{"@type":"Person","@id":"https:\/\/www.altominho.tv\/site\/#\/schema\/person\/dbaf181c01b51ff40c9f461a905d321e","name":"Andreia Cunha | Lusa","image":{"@type":"ImageObject","inLanguage":"pt-PT","@id":"https:\/\/www.altominho.tv\/site\/wp-content\/uploads\/2017\/11\/Andreia_Cunha-1-150x150.jpg","url":"https:\/\/www.altominho.tv\/site\/wp-content\/uploads\/2017\/11\/Andreia_Cunha-1-150x150.jpg","contentUrl":"https:\/\/www.altominho.tv\/site\/wp-content\/uploads\/2017\/11\/Andreia_Cunha-1-150x150.jpg","caption":"Andreia Cunha | Lusa"},"sameAs":["https:\/\/www.altominho.tv\/site"],"url":"https:\/\/www.altominho.tv\/site\/author\/andreiacunhalusa\/"}]}},"_links":{"self":[{"href":"https:\/\/www.altominho.tv\/site\/wp-json\/wp\/v2\/posts\/52200","targetHints":{"allow":["GET"]}}],"collection":[{"href":"https:\/\/www.altominho.tv\/site\/wp-json\/wp\/v2\/posts"}],"about":[{"href":"https:\/\/www.altominho.tv\/site\/wp-json\/wp\/v2\/types\/post"}],"author":[{"embeddable":true,"href":"https:\/\/www.altominho.tv\/site\/wp-json\/wp\/v2\/users\/16"}],"replies":[{"embeddable":true,"href":"https:\/\/www.altominho.tv\/site\/wp-json\/wp\/v2\/comments?post=52200"}],"version-history":[{"count":0,"href":"https:\/\/www.altominho.tv\/site\/wp-json\/wp\/v2\/posts\/52200\/revisions"}],"wp:featuredmedia":[{"embeddable":true,"href":"https:\/\/www.altominho.tv\/site\/wp-json\/wp\/v2\/media\/52201"}],"wp:attachment":[{"href":"https:\/\/www.altominho.tv\/site\/wp-json\/wp\/v2\/media?parent=52200"}],"wp:term":[{"taxonomy":"category","embeddable":true,"href":"https:\/\/www.altominho.tv\/site\/wp-json\/wp\/v2\/categories?post=52200"},{"taxonomy":"post_tag","embeddable":true,"href":"https:\/\/www.altominho.tv\/site\/wp-json\/wp\/v2\/tags?post=52200"}],"curies":[{"name":"wp","href":"https:\/\/api.w.org\/{rel}","templated":true}]}}