{"id":52163,"date":"2020-09-15T14:34:31","date_gmt":"2020-09-15T13:34:31","guid":{"rendered":"http:\/\/www.altominho.tv\/site\/?p=52163"},"modified":"2022-01-17T14:23:39","modified_gmt":"2022-01-17T14:23:39","slug":"psd-exige-explicacoes-sobre-comboios-com-amianto-na-linha-do-minho","status":"publish","type":"post","link":"https:\/\/www.altominho.tv\/site\/2020\/09\/15\/psd-exige-explicacoes-sobre-comboios-com-amianto-na-linha-do-minho\/","title":{"rendered":"PSD exige explica\u00e7\u00f5es sobre comboios com amianto na Linha do Minho"},"content":{"rendered":"<p>O PSD de Viana do Castelo exigiu, esta ter\u00e7a-feira, explica\u00e7\u00f5es ao Governo sobre a presen\u00e7a de amianto em comboios comprados pela CP \u00e0 operadora espanhola Renfe para a liga\u00e7\u00e3o internacional entre as cidades do Porto e Vigo, na Galiza.<\/p>\n<p>A posi\u00e7\u00e3o da distrital social-democrata liderada por Oleg\u00e1rio Gon\u00e7alves, divulgada em comunicado, surge na sequ\u00eancia da not\u00edcia do jornal espanhol <em>La Voz de Galicia<\/em>, que refere que Portugal iria usar comboios que deixaram de ser utilizados na Galiza por terem amianto e que a operadora portuguesa CP &#8220;descartou a sua retirada da Linha do Minho, apesar da antiguidade e das avarias&#8221;.<\/p>\n<p>&#8220;Precisamos de saber se esta not\u00edcia se confirma e se havia conhecimento na altura da sua aquisi\u00e7\u00e3o, pois estas carruagens ir\u00e3o circular na Linha do Minho entre Valen\u00e7a e Porto. A ser verdade, o que justificou esta aquisi\u00e7\u00e3o&#8221;, questiona Oleg\u00e1rio Gon\u00e7alves, na nota enviada \u00e0 imprensa.<\/p>\n<p>O presidente da distrital de Viana do Castelo pretende ainda saber &#8220;se foram tomadas medidas para salvaguardar as pessoas e se a sa\u00fade dos viajantes est\u00e1 garantida, e se est\u00e1 prevista alguma interven\u00e7\u00e3o nas composi\u00e7\u00f5es&#8221;. &#8220;A ser verdade esta not\u00edcia, queremos uma garantia cabal sobre se os alto-minhotos podem realmente confiar na salubridade deste transporte&#8221;, sustentou.<\/p>\n<p>Em julho, o ministro das Infraestruturas e da Habita\u00e7\u00e3o, Pedro Nuno Santos, anunciou que as primeiras carruagens do pacote de 51 compradas pela Comboios de Portugal (CP) \u00e0 espanhola Renfe por 1,65 milh\u00f5es de euros destinam-se \u00e0 Linha do Minho e v\u00e3o estar a funcionar entre dezembro e janeiro.<\/p>\n<p>&#8220;A aquisi\u00e7\u00e3o de material circulante dispon\u00edvel em Espanha faz parte de um esfor\u00e7o de curto prazo para fazer face \u00e0s necessidades dos portugueses. A CP com 1,65 milh\u00f5es de euros comprou 51 carruagens [usadas] que novas custariam [cada uma] mais de um milh\u00e3o de euros&#8221;, destacou o governante.<\/p>\n<p>A CP \u2013 Comboios de Portugal esclareceu esta ter\u00e7a-feira que a remo\u00e7\u00e3o do amianto em 36 das carruagens compradas \u00e0 Renfe estava prevista no plano de recupera\u00e7\u00e3o daquele material e que todas elas estar\u00e3o descontaminadas at\u00e9 \u00e0 primeira semana de dezembro.<\/p>\n<p>Em resposta \u00e0 ag\u00eancia Lusa, a CP explica que a exist\u00eancia de amianto em algumas das carruagens foi assumida pela CP desde a compra do material \u00e0 Renfe. \u201cDe facto, 36 das carruagens compradas tinham amianto e estava desde logo previsto no plano de recupera\u00e7\u00e3o a sua descontamina\u00e7\u00e3o\u201d, sublinha a empresa.<\/p>\n<p>Neste momento, segundo a CP, j\u00e1 foram descontaminadas e certificadas 12 daquelas carruagens, duas est\u00e3o em fase de descontamina\u00e7\u00e3o e \u201cas 36 ficar\u00e3o limpas at\u00e9 \u00e0 primeira semana de dezembro\u201d.<\/p>\n<p>A descontamina\u00e7\u00e3o das carruagens em causa est\u00e1 a ser feita por uma empresa certificada para este tipo de trabalhos, com o aval da Autoridade para as Condi\u00e7\u00f5es do Trabalho (ACT), numa \u00e1rea separada da Oficina de Repara\u00e7\u00e3o de Material Circulante, assegura a CP.<\/p>\n<p>No final da cada descontamina\u00e7\u00e3o \u00e9 emitido, para cada carruagem, um relat\u00f3rio de medi\u00e7\u00e3o da concentra\u00e7\u00e3o de fibras em suspens\u00e3o no ar por um Laborat\u00f3rio Especializado no controle de Fibras e um certificado livre de amianto por carruagem pela empresa respons\u00e1vel pela descontamina\u00e7\u00e3o, acrescenta.<\/p>\n<p>Segundo Pedro Nuno Santos, o investimento total, contando com a requalifica\u00e7\u00e3o, poder\u00e1 rondar os sete a oito milh\u00f5es de euros e as carruagens v\u00e3o estar ao servi\u00e7o das linhas de intercidades e regionais, podendo circular a 200 quil\u00f3metros por hora.<\/p>\n","protected":false},"excerpt":{"rendered":"<p>O PSD de Viana do Castelo exigiu, esta ter\u00e7a-feira, explica\u00e7\u00f5es ao Governo sobre a presen\u00e7a de amianto em comboios comprados pela CP \u00e0 operadora espanhola Renfe para a liga\u00e7\u00e3o internacional entre as cidades do Porto e Vigo, na Galiza. A posi\u00e7\u00e3o da distrital social-democrata liderada por Oleg\u00e1rio Gon\u00e7alves, divulgada em comunicado, surge na sequ\u00eancia da [&hellip;]<\/p>\n","protected":false},"author":13,"featured_media":52164,"comment_status":"closed","ping_status":"closed","sticky":false,"template":"","format":"standard","meta":{"_exactmetrics_skip_tracking":false,"_exactmetrics_sitenote_active":false,"_exactmetrics_sitenote_note":"","_exactmetrics_sitenote_category":0,"footnotes":""},"categories":[73],"tags":[56326,27],"class_list":["post-52163","post","type-post","status-publish","format-standard","has-post-thumbnail","hentry","category-alto-minho","tag-politica","tag-sociedade"],"yoast_head":"<!-- This site is optimized with the Yoast SEO Premium plugin v27.4 (Yoast SEO v27.4) - https:\/\/yoast.com\/product\/yoast-seo-premium-wordpress\/ -->\n<title>PSD exige explica\u00e7\u00f5es sobre comboios com amianto na Linha do Minho<\/title>\n<meta name=\"robots\" content=\"index, follow, max-snippet:-1, max-image-preview:large, max-video-preview:-1\" \/>\n<link rel=\"canonical\" href=\"https:\/\/www.altominho.tv\/site\/2020\/09\/15\/psd-exige-explicacoes-sobre-comboios-com-amianto-na-linha-do-minho\/\" \/>\n<meta property=\"og:locale\" content=\"pt_PT\" \/>\n<meta property=\"og:type\" content=\"article\" \/>\n<meta property=\"og:title\" content=\"PSD exige explica\u00e7\u00f5es sobre comboios com amianto na Linha do Minho\" \/>\n<meta property=\"og:description\" content=\"O PSD de Viana do Castelo exigiu, esta ter\u00e7a-feira, explica\u00e7\u00f5es ao Governo sobre a presen\u00e7a de amianto em comboios comprados pela CP \u00e0 operadora espanhola Renfe para a liga\u00e7\u00e3o internacional entre as cidades do Porto e Vigo, na Galiza. A posi\u00e7\u00e3o da distrital social-democrata liderada por Oleg\u00e1rio Gon\u00e7alves, divulgada em comunicado, surge na sequ\u00eancia da [&hellip;]\" \/>\n<meta property=\"og:url\" content=\"https:\/\/www.altominho.tv\/site\/2020\/09\/15\/psd-exige-explicacoes-sobre-comboios-com-amianto-na-linha-do-minho\/\" \/>\n<meta property=\"og:site_name\" content=\"Altominho.tv\" \/>\n<meta property=\"article:publisher\" content=\"https:\/\/www.facebook.com\/altominhotv\" \/>\n<meta property=\"article:published_time\" content=\"2020-09-15T13:34:31+00:00\" \/>\n<meta property=\"article:modified_time\" content=\"2022-01-17T14:23:39+00:00\" \/>\n<meta property=\"og:image\" content=\"https:\/\/www.altominho.tv\/site\/wp-content\/uploads\/2020\/09\/CP.jpg\" \/>\n\t<meta property=\"og:image:width\" content=\"1024\" \/>\n\t<meta property=\"og:image:height\" content=\"576\" \/>\n\t<meta property=\"og:image:type\" content=\"image\/jpeg\" \/>\n<meta name=\"author\" content=\"Lusa\" \/>\n<meta name=\"twitter:card\" content=\"summary_large_image\" \/>\n<meta name=\"twitter:creator\" content=\"@altominhoTV\" \/>\n<meta name=\"twitter:site\" content=\"@altominhoTV\" \/>\n<meta name=\"twitter:label1\" content=\"Escrito por\" \/>\n\t<meta name=\"twitter:data1\" content=\"Lusa\" \/>\n\t<meta name=\"twitter:label2\" content=\"Tempo estimado de leitura\" \/>\n\t<meta name=\"twitter:data2\" content=\"3 minutos\" \/>\n<script type=\"application\/ld+json\" class=\"yoast-schema-graph\">{\"@context\":\"https:\\\/\\\/schema.org\",\"@graph\":[{\"@type\":\"Article\",\"@id\":\"https:\\\/\\\/www.altominho.tv\\\/site\\\/2020\\\/09\\\/15\\\/psd-exige-explicacoes-sobre-comboios-com-amianto-na-linha-do-minho\\\/#article\",\"isPartOf\":{\"@id\":\"https:\\\/\\\/www.altominho.tv\\\/site\\\/2020\\\/09\\\/15\\\/psd-exige-explicacoes-sobre-comboios-com-amianto-na-linha-do-minho\\\/\"},\"author\":{\"name\":\"Lusa\",\"@id\":\"https:\\\/\\\/www.altominho.tv\\\/site\\\/#\\\/schema\\\/person\\\/63f693da3e1899361cbe955c46f3232e\"},\"headline\":\"PSD exige explica\u00e7\u00f5es sobre comboios com amianto na Linha do Minho\",\"datePublished\":\"2020-09-15T13:34:31+00:00\",\"dateModified\":\"2022-01-17T14:23:39+00:00\",\"mainEntityOfPage\":{\"@id\":\"https:\\\/\\\/www.altominho.tv\\\/site\\\/2020\\\/09\\\/15\\\/psd-exige-explicacoes-sobre-comboios-com-amianto-na-linha-do-minho\\\/\"},\"wordCount\":595,\"image\":{\"@id\":\"https:\\\/\\\/www.altominho.tv\\\/site\\\/2020\\\/09\\\/15\\\/psd-exige-explicacoes-sobre-comboios-com-amianto-na-linha-do-minho\\\/#primaryimage\"},\"thumbnailUrl\":\"https:\\\/\\\/www.altominho.tv\\\/site\\\/wp-content\\\/uploads\\\/2020\\\/09\\\/CP.jpg\",\"keywords\":[\"Pol\u00edtica\",\"Sociedade\"],\"articleSection\":[\"Alto Minho\"],\"inLanguage\":\"pt-PT\",\"copyrightYear\":\"2020\",\"copyrightHolder\":{\"@id\":\"https:\\\/\\\/www.altominho.tv\\\/site\\\/#organization\"}},{\"@type\":\"WebPage\",\"@id\":\"https:\\\/\\\/www.altominho.tv\\\/site\\\/2020\\\/09\\\/15\\\/psd-exige-explicacoes-sobre-comboios-com-amianto-na-linha-do-minho\\\/\",\"url\":\"https:\\\/\\\/www.altominho.tv\\\/site\\\/2020\\\/09\\\/15\\\/psd-exige-explicacoes-sobre-comboios-com-amianto-na-linha-do-minho\\\/\",\"name\":\"PSD exige explica\u00e7\u00f5es sobre comboios com amianto na Linha do Minho\",\"isPartOf\":{\"@id\":\"https:\\\/\\\/www.altominho.tv\\\/site\\\/#website\"},\"primaryImageOfPage\":{\"@id\":\"https:\\\/\\\/www.altominho.tv\\\/site\\\/2020\\\/09\\\/15\\\/psd-exige-explicacoes-sobre-comboios-com-amianto-na-linha-do-minho\\\/#primaryimage\"},\"image\":{\"@id\":\"https:\\\/\\\/www.altominho.tv\\\/site\\\/2020\\\/09\\\/15\\\/psd-exige-explicacoes-sobre-comboios-com-amianto-na-linha-do-minho\\\/#primaryimage\"},\"thumbnailUrl\":\"https:\\\/\\\/www.altominho.tv\\\/site\\\/wp-content\\\/uploads\\\/2020\\\/09\\\/CP.jpg\",\"datePublished\":\"2020-09-15T13:34:31+00:00\",\"dateModified\":\"2022-01-17T14:23:39+00:00\",\"author\":{\"@id\":\"https:\\\/\\\/www.altominho.tv\\\/site\\\/#\\\/schema\\\/person\\\/63f693da3e1899361cbe955c46f3232e\"},\"breadcrumb\":{\"@id\":\"https:\\\/\\\/www.altominho.tv\\\/site\\\/2020\\\/09\\\/15\\\/psd-exige-explicacoes-sobre-comboios-com-amianto-na-linha-do-minho\\\/#breadcrumb\"},\"inLanguage\":\"pt-PT\",\"potentialAction\":[{\"@type\":\"ReadAction\",\"target\":[\"https:\\\/\\\/www.altominho.tv\\\/site\\\/2020\\\/09\\\/15\\\/psd-exige-explicacoes-sobre-comboios-com-amianto-na-linha-do-minho\\\/\"]}]},{\"@type\":\"ImageObject\",\"inLanguage\":\"pt-PT\",\"@id\":\"https:\\\/\\\/www.altominho.tv\\\/site\\\/2020\\\/09\\\/15\\\/psd-exige-explicacoes-sobre-comboios-com-amianto-na-linha-do-minho\\\/#primaryimage\",\"url\":\"https:\\\/\\\/www.altominho.tv\\\/site\\\/wp-content\\\/uploads\\\/2020\\\/09\\\/CP.jpg\",\"contentUrl\":\"https:\\\/\\\/www.altominho.tv\\\/site\\\/wp-content\\\/uploads\\\/2020\\\/09\\\/CP.jpg\",\"width\":1024,\"height\":576},{\"@type\":\"BreadcrumbList\",\"@id\":\"https:\\\/\\\/www.altominho.tv\\\/site\\\/2020\\\/09\\\/15\\\/psd-exige-explicacoes-sobre-comboios-com-amianto-na-linha-do-minho\\\/#breadcrumb\",\"itemListElement\":[{\"@type\":\"ListItem\",\"position\":1,\"name\":\"In\u00edcio\",\"item\":\"https:\\\/\\\/www.altominho.tv\\\/site\\\/\"},{\"@type\":\"ListItem\",\"position\":2,\"name\":\"PSD exige explica\u00e7\u00f5es sobre comboios com amianto na Linha do Minho\"}]},{\"@type\":\"WebSite\",\"@id\":\"https:\\\/\\\/www.altominho.tv\\\/site\\\/#website\",\"url\":\"https:\\\/\\\/www.altominho.tv\\\/site\\\/\",\"name\":\"Altominho.tv\",\"description\":\"A sua regi\u00e3o \u00e0 dist\u00e2ncia de um clique...\",\"potentialAction\":[{\"@type\":\"SearchAction\",\"target\":{\"@type\":\"EntryPoint\",\"urlTemplate\":\"https:\\\/\\\/www.altominho.tv\\\/site\\\/?s={search_term_string}\"},\"query-input\":{\"@type\":\"PropertyValueSpecification\",\"valueRequired\":true,\"valueName\":\"search_term_string\"}}],\"inLanguage\":\"pt-PT\"},{\"@type\":\"Person\",\"@id\":\"https:\\\/\\\/www.altominho.tv\\\/site\\\/#\\\/schema\\\/person\\\/63f693da3e1899361cbe955c46f3232e\",\"name\":\"Lusa\",\"image\":{\"@type\":\"ImageObject\",\"inLanguage\":\"pt-PT\",\"@id\":\"https:\\\/\\\/www.altominho.tv\\\/site\\\/wp-content\\\/uploads\\\/2019\\\/08\\\/LUSA_Logo.gif\",\"url\":\"https:\\\/\\\/www.altominho.tv\\\/site\\\/wp-content\\\/uploads\\\/2019\\\/08\\\/LUSA_Logo.gif\",\"contentUrl\":\"https:\\\/\\\/www.altominho.tv\\\/site\\\/wp-content\\\/uploads\\\/2019\\\/08\\\/LUSA_Logo.gif\",\"caption\":\"Lusa\"},\"sameAs\":[\"http:\\\/\\\/\\\/\\\/www.altominho.tv\\\/site\"],\"url\":\"https:\\\/\\\/www.altominho.tv\\\/site\\\/author\\\/lusa\\\/\"}]}<\/script>\n<!-- \/ Yoast SEO Premium plugin. -->","yoast_head_json":{"title":"PSD exige explica\u00e7\u00f5es sobre comboios com amianto na Linha do Minho","robots":{"index":"index","follow":"follow","max-snippet":"max-snippet:-1","max-image-preview":"max-image-preview:large","max-video-preview":"max-video-preview:-1"},"canonical":"https:\/\/www.altominho.tv\/site\/2020\/09\/15\/psd-exige-explicacoes-sobre-comboios-com-amianto-na-linha-do-minho\/","og_locale":"pt_PT","og_type":"article","og_title":"PSD exige explica\u00e7\u00f5es sobre comboios com amianto na Linha do Minho","og_description":"O PSD de Viana do Castelo exigiu, esta ter\u00e7a-feira, explica\u00e7\u00f5es ao Governo sobre a presen\u00e7a de amianto em comboios comprados pela CP \u00e0 operadora espanhola Renfe para a liga\u00e7\u00e3o internacional entre as cidades do Porto e Vigo, na Galiza. A posi\u00e7\u00e3o da distrital social-democrata liderada por Oleg\u00e1rio Gon\u00e7alves, divulgada em comunicado, surge na sequ\u00eancia da [&hellip;]","og_url":"https:\/\/www.altominho.tv\/site\/2020\/09\/15\/psd-exige-explicacoes-sobre-comboios-com-amianto-na-linha-do-minho\/","og_site_name":"Altominho.tv","article_publisher":"https:\/\/www.facebook.com\/altominhotv","article_published_time":"2020-09-15T13:34:31+00:00","article_modified_time":"2022-01-17T14:23:39+00:00","og_image":[{"width":1024,"height":576,"url":"https:\/\/www.altominho.tv\/site\/wp-content\/uploads\/2020\/09\/CP.jpg","type":"image\/jpeg"}],"author":"Lusa","twitter_card":"summary_large_image","twitter_creator":"@altominhoTV","twitter_site":"@altominhoTV","twitter_misc":{"Escrito por":"Lusa","Tempo estimado de leitura":"3 minutos"},"schema":{"@context":"https:\/\/schema.org","@graph":[{"@type":"Article","@id":"https:\/\/www.altominho.tv\/site\/2020\/09\/15\/psd-exige-explicacoes-sobre-comboios-com-amianto-na-linha-do-minho\/#article","isPartOf":{"@id":"https:\/\/www.altominho.tv\/site\/2020\/09\/15\/psd-exige-explicacoes-sobre-comboios-com-amianto-na-linha-do-minho\/"},"author":{"name":"Lusa","@id":"https:\/\/www.altominho.tv\/site\/#\/schema\/person\/63f693da3e1899361cbe955c46f3232e"},"headline":"PSD exige explica\u00e7\u00f5es sobre comboios com amianto na Linha do Minho","datePublished":"2020-09-15T13:34:31+00:00","dateModified":"2022-01-17T14:23:39+00:00","mainEntityOfPage":{"@id":"https:\/\/www.altominho.tv\/site\/2020\/09\/15\/psd-exige-explicacoes-sobre-comboios-com-amianto-na-linha-do-minho\/"},"wordCount":595,"image":{"@id":"https:\/\/www.altominho.tv\/site\/2020\/09\/15\/psd-exige-explicacoes-sobre-comboios-com-amianto-na-linha-do-minho\/#primaryimage"},"thumbnailUrl":"https:\/\/www.altominho.tv\/site\/wp-content\/uploads\/2020\/09\/CP.jpg","keywords":["Pol\u00edtica","Sociedade"],"articleSection":["Alto Minho"],"inLanguage":"pt-PT","copyrightYear":"2020","copyrightHolder":{"@id":"https:\/\/www.altominho.tv\/site\/#organization"}},{"@type":"WebPage","@id":"https:\/\/www.altominho.tv\/site\/2020\/09\/15\/psd-exige-explicacoes-sobre-comboios-com-amianto-na-linha-do-minho\/","url":"https:\/\/www.altominho.tv\/site\/2020\/09\/15\/psd-exige-explicacoes-sobre-comboios-com-amianto-na-linha-do-minho\/","name":"PSD exige explica\u00e7\u00f5es sobre comboios com amianto na Linha do Minho","isPartOf":{"@id":"https:\/\/www.altominho.tv\/site\/#website"},"primaryImageOfPage":{"@id":"https:\/\/www.altominho.tv\/site\/2020\/09\/15\/psd-exige-explicacoes-sobre-comboios-com-amianto-na-linha-do-minho\/#primaryimage"},"image":{"@id":"https:\/\/www.altominho.tv\/site\/2020\/09\/15\/psd-exige-explicacoes-sobre-comboios-com-amianto-na-linha-do-minho\/#primaryimage"},"thumbnailUrl":"https:\/\/www.altominho.tv\/site\/wp-content\/uploads\/2020\/09\/CP.jpg","datePublished":"2020-09-15T13:34:31+00:00","dateModified":"2022-01-17T14:23:39+00:00","author":{"@id":"https:\/\/www.altominho.tv\/site\/#\/schema\/person\/63f693da3e1899361cbe955c46f3232e"},"breadcrumb":{"@id":"https:\/\/www.altominho.tv\/site\/2020\/09\/15\/psd-exige-explicacoes-sobre-comboios-com-amianto-na-linha-do-minho\/#breadcrumb"},"inLanguage":"pt-PT","potentialAction":[{"@type":"ReadAction","target":["https:\/\/www.altominho.tv\/site\/2020\/09\/15\/psd-exige-explicacoes-sobre-comboios-com-amianto-na-linha-do-minho\/"]}]},{"@type":"ImageObject","inLanguage":"pt-PT","@id":"https:\/\/www.altominho.tv\/site\/2020\/09\/15\/psd-exige-explicacoes-sobre-comboios-com-amianto-na-linha-do-minho\/#primaryimage","url":"https:\/\/www.altominho.tv\/site\/wp-content\/uploads\/2020\/09\/CP.jpg","contentUrl":"https:\/\/www.altominho.tv\/site\/wp-content\/uploads\/2020\/09\/CP.jpg","width":1024,"height":576},{"@type":"BreadcrumbList","@id":"https:\/\/www.altominho.tv\/site\/2020\/09\/15\/psd-exige-explicacoes-sobre-comboios-com-amianto-na-linha-do-minho\/#breadcrumb","itemListElement":[{"@type":"ListItem","position":1,"name":"In\u00edcio","item":"https:\/\/www.altominho.tv\/site\/"},{"@type":"ListItem","position":2,"name":"PSD exige explica\u00e7\u00f5es sobre comboios com amianto na Linha do Minho"}]},{"@type":"WebSite","@id":"https:\/\/www.altominho.tv\/site\/#website","url":"https:\/\/www.altominho.tv\/site\/","name":"Altominho.tv","description":"A sua regi\u00e3o \u00e0 dist\u00e2ncia de um clique...","potentialAction":[{"@type":"SearchAction","target":{"@type":"EntryPoint","urlTemplate":"https:\/\/www.altominho.tv\/site\/?s={search_term_string}"},"query-input":{"@type":"PropertyValueSpecification","valueRequired":true,"valueName":"search_term_string"}}],"inLanguage":"pt-PT"},{"@type":"Person","@id":"https:\/\/www.altominho.tv\/site\/#\/schema\/person\/63f693da3e1899361cbe955c46f3232e","name":"Lusa","image":{"@type":"ImageObject","inLanguage":"pt-PT","@id":"https:\/\/www.altominho.tv\/site\/wp-content\/uploads\/2019\/08\/LUSA_Logo.gif","url":"https:\/\/www.altominho.tv\/site\/wp-content\/uploads\/2019\/08\/LUSA_Logo.gif","contentUrl":"https:\/\/www.altominho.tv\/site\/wp-content\/uploads\/2019\/08\/LUSA_Logo.gif","caption":"Lusa"},"sameAs":["http:\/\/\/\/www.altominho.tv\/site"],"url":"https:\/\/www.altominho.tv\/site\/author\/lusa\/"}]}},"_links":{"self":[{"href":"https:\/\/www.altominho.tv\/site\/wp-json\/wp\/v2\/posts\/52163","targetHints":{"allow":["GET"]}}],"collection":[{"href":"https:\/\/www.altominho.tv\/site\/wp-json\/wp\/v2\/posts"}],"about":[{"href":"https:\/\/www.altominho.tv\/site\/wp-json\/wp\/v2\/types\/post"}],"author":[{"embeddable":true,"href":"https:\/\/www.altominho.tv\/site\/wp-json\/wp\/v2\/users\/13"}],"replies":[{"embeddable":true,"href":"https:\/\/www.altominho.tv\/site\/wp-json\/wp\/v2\/comments?post=52163"}],"version-history":[{"count":0,"href":"https:\/\/www.altominho.tv\/site\/wp-json\/wp\/v2\/posts\/52163\/revisions"}],"wp:featuredmedia":[{"embeddable":true,"href":"https:\/\/www.altominho.tv\/site\/wp-json\/wp\/v2\/media\/52164"}],"wp:attachment":[{"href":"https:\/\/www.altominho.tv\/site\/wp-json\/wp\/v2\/media?parent=52163"}],"wp:term":[{"taxonomy":"category","embeddable":true,"href":"https:\/\/www.altominho.tv\/site\/wp-json\/wp\/v2\/categories?post=52163"},{"taxonomy":"post_tag","embeddable":true,"href":"https:\/\/www.altominho.tv\/site\/wp-json\/wp\/v2\/tags?post=52163"}],"curies":[{"name":"wp","href":"https:\/\/api.w.org\/{rel}","templated":true}]}}