{"id":52153,"date":"2020-09-15T10:48:24","date_gmt":"2020-09-15T09:48:24","guid":{"rendered":"http:\/\/www.altominho.tv\/site\/?p=52153"},"modified":"2020-09-15T10:48:28","modified_gmt":"2020-09-15T09:48:28","slug":"psp-garante-seguranca-no-arranque-do-ano-letivo-e-fiscaliza-regras-de-combate-a-pandemia","status":"publish","type":"post","link":"https:\/\/www.altominho.tv\/site\/2020\/09\/15\/psp-garante-seguranca-no-arranque-do-ano-letivo-e-fiscaliza-regras-de-combate-a-pandemia\/","title":{"rendered":"PSP garante seguran\u00e7a no arranque do ano letivo e fiscaliza regras de combate \u00e0 pandemia"},"content":{"rendered":"<p>A PSP vai desenvolver esta semana diversas a\u00e7\u00f5es de sensibiliza\u00e7\u00e3o para garantir a seguran\u00e7a no arranque do ano letivo e de fiscaliza\u00e7\u00e3o do cumprimento das medidas de preven\u00e7\u00e3o e combate \u00e0 pandemia de covid-19.<\/p>\n<p class=\"text-paragraph\">Em comunicado, a PSP destaca a tradi\u00e7\u00e3o que tem na seguran\u00e7a da comunidade escolar, desde que iniciou, na d\u00e9cada de 1980, o policiamento dedicado aos estabelecimentos de ensino, e sublinha que tamb\u00e9m este ano vai dedicar especial aten\u00e7\u00e3o \u00e0 seguran\u00e7a das 3.200 escolas p\u00fablicas, privadas e do ensino cooperativo (com exce\u00e7\u00e3o do ensino superior), respetivo pessoal docente e n\u00e3o docente e dos 1,2 milh\u00f5es de alunos.<\/p>\n<p class=\"text-paragraph\">Al\u00e9m das equipas do Programa Escola Segura, a PSP mobiliza meios de policiamento autom\u00f3vel, fiscaliza\u00e7\u00e3o de tr\u00e2nsito, seguran\u00e7a rodovi\u00e1ria e investiga\u00e7\u00e3o criminal, dando prioridade \u00e0 fiscaliza\u00e7\u00e3o do cumprimento das normas no \u00e2mbito da preven\u00e7\u00e3o e combate \u00e0 pandemia de covid-19, \u00e0 preven\u00e7\u00e3o de il\u00edcitos criminais na comunidade escolar e \u00e0 promo\u00e7\u00e3o da seguran\u00e7a no trajeto casa-escola.<\/p>\n<p class=\"text-paragraph\">No campo da fiscaliza\u00e7\u00e3o espec\u00edfica de tr\u00e2nsito e de seguran\u00e7a rodovi\u00e1ria, a PSP diz que estar\u00e1 \u201cparticularmente atenta ao uso dos sistemas de reten\u00e7\u00e3o e seguran\u00e7a dos ve\u00edculos de transporte coletivo de crian\u00e7as (cintos de seguran\u00e7a e cadeirinhas) e principais fatores de risco rodovi\u00e1rio (excesso de velocidade, condu\u00e7\u00e3o sob o efeito de \u00e1lcool e estupefacientes, condu\u00e7\u00e3o sem habilita\u00e7\u00e3o legal, desrespeito das passadeiras e da sinaliza\u00e7\u00e3o junto \u00e0s escolas)\u201d.<\/p>\n<p class=\"text-paragraph\">Ser\u00e3o tamb\u00e9m desenvolvidas a\u00e7\u00f5es de fiscaliza\u00e7\u00e3o direcionadas para os estabelecimentos comerciais, estabelecimentos de restaura\u00e7\u00e3o e bebidas e de divers\u00e3o noturna para verificar o cumprimento da legisla\u00e7\u00e3o sobre o controlo do risco pand\u00e9mico ou a proibi\u00e7\u00e3o de facultar, vender e colocar \u00e0 disposi\u00e7\u00e3o bebidas alco\u00f3licas a menores, bem como a proibi\u00e7\u00e3o, por parte de menores, do consumo de bebidas alco\u00f3licas em locais p\u00fablicos.<\/p>\n<p class=\"text-paragraph\">\u201cAtendendo \u00e0s circunst\u00e2ncias excecionais em que esta opera\u00e7\u00e3o vai decorrer e por forma a contribuir para o controlo de transmiss\u00e3o de covid-19 em contexto escolar, o efetivo da PSP restringir\u00e1 ao estritamente essencial os contactos com alunos e pessoal docente e n\u00e3o docente no interior dos estabelecimentos de ensino\u201d, sublinha.<\/p>\n<p class=\"text-paragraph\">No comunicado, a PSP apela ainda a que todos os cidad\u00e3os cumpram as regras de preven\u00e7\u00e3o da propaga\u00e7\u00e3o da infe\u00e7\u00e3o por covid-19 difundidas pela Dire\u00e7\u00e3o-Geral da Sa\u00fade (DGS) e que as fam\u00edlias falem com as crian\u00e7as sobre estas regras e a import\u00e2ncia de as cumprir.<\/p>\n","protected":false},"excerpt":{"rendered":"<p>A PSP vai desenvolver esta semana diversas a\u00e7\u00f5es de sensibiliza\u00e7\u00e3o para garantir a seguran\u00e7a no arranque do ano letivo e de fiscaliza\u00e7\u00e3o do cumprimento das medidas de preven\u00e7\u00e3o e combate \u00e0 pandemia de covid-19. Em comunicado, a PSP destaca a tradi\u00e7\u00e3o que tem na seguran\u00e7a da comunidade escolar, desde que iniciou, na d\u00e9cada de 1980, [&hellip;]<\/p>\n","protected":false},"author":13,"featured_media":52154,"comment_status":"closed","ping_status":"closed","sticky":false,"template":"","format":"standard","meta":{"_exactmetrics_skip_tracking":false,"_exactmetrics_sitenote_active":false,"_exactmetrics_sitenote_note":"","_exactmetrics_sitenote_category":0,"footnotes":""},"categories":[42722],"tags":[27],"class_list":["post-52153","post","type-post","status-publish","format-standard","has-post-thumbnail","hentry","category-covid-19","tag-sociedade"],"yoast_head":"<!-- This site is optimized with the Yoast SEO Premium plugin v27.5 (Yoast SEO v27.5) - https:\/\/yoast.com\/product\/yoast-seo-premium-wordpress\/ -->\n<title>PSP garante seguran\u00e7a no arranque do ano letivo e fiscaliza regras de combate \u00e0 pandemia<\/title>\n<meta name=\"robots\" content=\"index, follow, max-snippet:-1, max-image-preview:large, max-video-preview:-1\" \/>\n<link rel=\"canonical\" href=\"https:\/\/www.altominho.tv\/site\/2020\/09\/15\/psp-garante-seguranca-no-arranque-do-ano-letivo-e-fiscaliza-regras-de-combate-a-pandemia\/\" \/>\n<meta property=\"og:locale\" content=\"pt_PT\" \/>\n<meta property=\"og:type\" content=\"article\" \/>\n<meta property=\"og:title\" content=\"PSP garante seguran\u00e7a no arranque do ano letivo e fiscaliza regras de combate \u00e0 pandemia\" \/>\n<meta property=\"og:description\" content=\"A PSP vai desenvolver esta semana diversas a\u00e7\u00f5es de sensibiliza\u00e7\u00e3o para garantir a seguran\u00e7a no arranque do ano letivo e de fiscaliza\u00e7\u00e3o do cumprimento das medidas de preven\u00e7\u00e3o e combate \u00e0 pandemia de covid-19. Em comunicado, a PSP destaca a tradi\u00e7\u00e3o que tem na seguran\u00e7a da comunidade escolar, desde que iniciou, na d\u00e9cada de 1980, [&hellip;]\" \/>\n<meta property=\"og:url\" content=\"https:\/\/www.altominho.tv\/site\/2020\/09\/15\/psp-garante-seguranca-no-arranque-do-ano-letivo-e-fiscaliza-regras-de-combate-a-pandemia\/\" \/>\n<meta property=\"og:site_name\" content=\"Altominho.tv\" \/>\n<meta property=\"article:publisher\" content=\"https:\/\/www.facebook.com\/altominhotv\" \/>\n<meta property=\"article:published_time\" content=\"2020-09-15T09:48:24+00:00\" \/>\n<meta property=\"article:modified_time\" content=\"2020-09-15T09:48:28+00:00\" \/>\n<meta property=\"og:image\" content=\"https:\/\/www.altominho.tv\/site\/wp-content\/uploads\/2020\/09\/psp.jpg\" \/>\n\t<meta property=\"og:image:width\" content=\"900\" \/>\n\t<meta property=\"og:image:height\" content=\"450\" \/>\n\t<meta property=\"og:image:type\" content=\"image\/jpeg\" \/>\n<meta name=\"author\" content=\"Lusa\" \/>\n<meta name=\"twitter:card\" content=\"summary_large_image\" \/>\n<meta name=\"twitter:creator\" content=\"@altominhoTV\" \/>\n<meta name=\"twitter:site\" content=\"@altominhoTV\" \/>\n<meta name=\"twitter:label1\" content=\"Escrito por\" \/>\n\t<meta name=\"twitter:data1\" content=\"Lusa\" \/>\n\t<meta name=\"twitter:label2\" content=\"Tempo estimado de leitura\" \/>\n\t<meta name=\"twitter:data2\" content=\"2 minutos\" \/>\n<script type=\"application\/ld+json\" class=\"yoast-schema-graph\">{\"@context\":\"https:\\\/\\\/schema.org\",\"@graph\":[{\"@type\":\"Article\",\"@id\":\"https:\\\/\\\/www.altominho.tv\\\/site\\\/2020\\\/09\\\/15\\\/psp-garante-seguranca-no-arranque-do-ano-letivo-e-fiscaliza-regras-de-combate-a-pandemia\\\/#article\",\"isPartOf\":{\"@id\":\"https:\\\/\\\/www.altominho.tv\\\/site\\\/2020\\\/09\\\/15\\\/psp-garante-seguranca-no-arranque-do-ano-letivo-e-fiscaliza-regras-de-combate-a-pandemia\\\/\"},\"author\":{\"name\":\"Lusa\",\"@id\":\"https:\\\/\\\/www.altominho.tv\\\/site\\\/#\\\/schema\\\/person\\\/63f693da3e1899361cbe955c46f3232e\"},\"headline\":\"PSP garante seguran\u00e7a no arranque do ano letivo e fiscaliza regras de combate \u00e0 pandemia\",\"datePublished\":\"2020-09-15T09:48:24+00:00\",\"dateModified\":\"2020-09-15T09:48:28+00:00\",\"mainEntityOfPage\":{\"@id\":\"https:\\\/\\\/www.altominho.tv\\\/site\\\/2020\\\/09\\\/15\\\/psp-garante-seguranca-no-arranque-do-ano-letivo-e-fiscaliza-regras-de-combate-a-pandemia\\\/\"},\"wordCount\":456,\"image\":{\"@id\":\"https:\\\/\\\/www.altominho.tv\\\/site\\\/2020\\\/09\\\/15\\\/psp-garante-seguranca-no-arranque-do-ano-letivo-e-fiscaliza-regras-de-combate-a-pandemia\\\/#primaryimage\"},\"thumbnailUrl\":\"https:\\\/\\\/www.altominho.tv\\\/site\\\/wp-content\\\/uploads\\\/2020\\\/09\\\/psp.jpg\",\"keywords\":[\"Sociedade\"],\"articleSection\":[\"Coronav\u00edrus\"],\"inLanguage\":\"pt-PT\",\"copyrightYear\":\"2020\",\"copyrightHolder\":{\"@id\":\"https:\\\/\\\/www.altominho.tv\\\/site\\\/#organization\"}},{\"@type\":\"WebPage\",\"@id\":\"https:\\\/\\\/www.altominho.tv\\\/site\\\/2020\\\/09\\\/15\\\/psp-garante-seguranca-no-arranque-do-ano-letivo-e-fiscaliza-regras-de-combate-a-pandemia\\\/\",\"url\":\"https:\\\/\\\/www.altominho.tv\\\/site\\\/2020\\\/09\\\/15\\\/psp-garante-seguranca-no-arranque-do-ano-letivo-e-fiscaliza-regras-de-combate-a-pandemia\\\/\",\"name\":\"PSP garante seguran\u00e7a no arranque do ano letivo e fiscaliza regras de combate \u00e0 pandemia\",\"isPartOf\":{\"@id\":\"https:\\\/\\\/www.altominho.tv\\\/site\\\/#website\"},\"primaryImageOfPage\":{\"@id\":\"https:\\\/\\\/www.altominho.tv\\\/site\\\/2020\\\/09\\\/15\\\/psp-garante-seguranca-no-arranque-do-ano-letivo-e-fiscaliza-regras-de-combate-a-pandemia\\\/#primaryimage\"},\"image\":{\"@id\":\"https:\\\/\\\/www.altominho.tv\\\/site\\\/2020\\\/09\\\/15\\\/psp-garante-seguranca-no-arranque-do-ano-letivo-e-fiscaliza-regras-de-combate-a-pandemia\\\/#primaryimage\"},\"thumbnailUrl\":\"https:\\\/\\\/www.altominho.tv\\\/site\\\/wp-content\\\/uploads\\\/2020\\\/09\\\/psp.jpg\",\"datePublished\":\"2020-09-15T09:48:24+00:00\",\"dateModified\":\"2020-09-15T09:48:28+00:00\",\"author\":{\"@id\":\"https:\\\/\\\/www.altominho.tv\\\/site\\\/#\\\/schema\\\/person\\\/63f693da3e1899361cbe955c46f3232e\"},\"breadcrumb\":{\"@id\":\"https:\\\/\\\/www.altominho.tv\\\/site\\\/2020\\\/09\\\/15\\\/psp-garante-seguranca-no-arranque-do-ano-letivo-e-fiscaliza-regras-de-combate-a-pandemia\\\/#breadcrumb\"},\"inLanguage\":\"pt-PT\",\"potentialAction\":[{\"@type\":\"ReadAction\",\"target\":[\"https:\\\/\\\/www.altominho.tv\\\/site\\\/2020\\\/09\\\/15\\\/psp-garante-seguranca-no-arranque-do-ano-letivo-e-fiscaliza-regras-de-combate-a-pandemia\\\/\"]}]},{\"@type\":\"ImageObject\",\"inLanguage\":\"pt-PT\",\"@id\":\"https:\\\/\\\/www.altominho.tv\\\/site\\\/2020\\\/09\\\/15\\\/psp-garante-seguranca-no-arranque-do-ano-letivo-e-fiscaliza-regras-de-combate-a-pandemia\\\/#primaryimage\",\"url\":\"https:\\\/\\\/www.altominho.tv\\\/site\\\/wp-content\\\/uploads\\\/2020\\\/09\\\/psp.jpg\",\"contentUrl\":\"https:\\\/\\\/www.altominho.tv\\\/site\\\/wp-content\\\/uploads\\\/2020\\\/09\\\/psp.jpg\",\"width\":900,\"height\":450},{\"@type\":\"BreadcrumbList\",\"@id\":\"https:\\\/\\\/www.altominho.tv\\\/site\\\/2020\\\/09\\\/15\\\/psp-garante-seguranca-no-arranque-do-ano-letivo-e-fiscaliza-regras-de-combate-a-pandemia\\\/#breadcrumb\",\"itemListElement\":[{\"@type\":\"ListItem\",\"position\":1,\"name\":\"In\u00edcio\",\"item\":\"https:\\\/\\\/www.altominho.tv\\\/site\\\/\"},{\"@type\":\"ListItem\",\"position\":2,\"name\":\"PSP garante seguran\u00e7a no arranque do ano letivo e fiscaliza regras de combate \u00e0 pandemia\"}]},{\"@type\":\"WebSite\",\"@id\":\"https:\\\/\\\/www.altominho.tv\\\/site\\\/#website\",\"url\":\"https:\\\/\\\/www.altominho.tv\\\/site\\\/\",\"name\":\"Altominho.tv\",\"description\":\"A sua regi\u00e3o \u00e0 dist\u00e2ncia de um clique...\",\"potentialAction\":[{\"@type\":\"SearchAction\",\"target\":{\"@type\":\"EntryPoint\",\"urlTemplate\":\"https:\\\/\\\/www.altominho.tv\\\/site\\\/?s={search_term_string}\"},\"query-input\":{\"@type\":\"PropertyValueSpecification\",\"valueRequired\":true,\"valueName\":\"search_term_string\"}}],\"inLanguage\":\"pt-PT\"},{\"@type\":\"Person\",\"@id\":\"https:\\\/\\\/www.altominho.tv\\\/site\\\/#\\\/schema\\\/person\\\/63f693da3e1899361cbe955c46f3232e\",\"name\":\"Lusa\",\"image\":{\"@type\":\"ImageObject\",\"inLanguage\":\"pt-PT\",\"@id\":\"https:\\\/\\\/www.altominho.tv\\\/site\\\/wp-content\\\/uploads\\\/2019\\\/08\\\/LUSA_Logo.gif\",\"url\":\"https:\\\/\\\/www.altominho.tv\\\/site\\\/wp-content\\\/uploads\\\/2019\\\/08\\\/LUSA_Logo.gif\",\"contentUrl\":\"https:\\\/\\\/www.altominho.tv\\\/site\\\/wp-content\\\/uploads\\\/2019\\\/08\\\/LUSA_Logo.gif\",\"caption\":\"Lusa\"},\"sameAs\":[\"http:\\\/\\\/\\\/\\\/www.altominho.tv\\\/site\"],\"url\":\"https:\\\/\\\/www.altominho.tv\\\/site\\\/author\\\/lusa\\\/\"}]}<\/script>\n<!-- \/ Yoast SEO Premium plugin. -->","yoast_head_json":{"title":"PSP garante seguran\u00e7a no arranque do ano letivo e fiscaliza regras de combate \u00e0 pandemia","robots":{"index":"index","follow":"follow","max-snippet":"max-snippet:-1","max-image-preview":"max-image-preview:large","max-video-preview":"max-video-preview:-1"},"canonical":"https:\/\/www.altominho.tv\/site\/2020\/09\/15\/psp-garante-seguranca-no-arranque-do-ano-letivo-e-fiscaliza-regras-de-combate-a-pandemia\/","og_locale":"pt_PT","og_type":"article","og_title":"PSP garante seguran\u00e7a no arranque do ano letivo e fiscaliza regras de combate \u00e0 pandemia","og_description":"A PSP vai desenvolver esta semana diversas a\u00e7\u00f5es de sensibiliza\u00e7\u00e3o para garantir a seguran\u00e7a no arranque do ano letivo e de fiscaliza\u00e7\u00e3o do cumprimento das medidas de preven\u00e7\u00e3o e combate \u00e0 pandemia de covid-19. Em comunicado, a PSP destaca a tradi\u00e7\u00e3o que tem na seguran\u00e7a da comunidade escolar, desde que iniciou, na d\u00e9cada de 1980, [&hellip;]","og_url":"https:\/\/www.altominho.tv\/site\/2020\/09\/15\/psp-garante-seguranca-no-arranque-do-ano-letivo-e-fiscaliza-regras-de-combate-a-pandemia\/","og_site_name":"Altominho.tv","article_publisher":"https:\/\/www.facebook.com\/altominhotv","article_published_time":"2020-09-15T09:48:24+00:00","article_modified_time":"2020-09-15T09:48:28+00:00","og_image":[{"width":900,"height":450,"url":"https:\/\/www.altominho.tv\/site\/wp-content\/uploads\/2020\/09\/psp.jpg","type":"image\/jpeg"}],"author":"Lusa","twitter_card":"summary_large_image","twitter_creator":"@altominhoTV","twitter_site":"@altominhoTV","twitter_misc":{"Escrito por":"Lusa","Tempo estimado de leitura":"2 minutos"},"schema":{"@context":"https:\/\/schema.org","@graph":[{"@type":"Article","@id":"https:\/\/www.altominho.tv\/site\/2020\/09\/15\/psp-garante-seguranca-no-arranque-do-ano-letivo-e-fiscaliza-regras-de-combate-a-pandemia\/#article","isPartOf":{"@id":"https:\/\/www.altominho.tv\/site\/2020\/09\/15\/psp-garante-seguranca-no-arranque-do-ano-letivo-e-fiscaliza-regras-de-combate-a-pandemia\/"},"author":{"name":"Lusa","@id":"https:\/\/www.altominho.tv\/site\/#\/schema\/person\/63f693da3e1899361cbe955c46f3232e"},"headline":"PSP garante seguran\u00e7a no arranque do ano letivo e fiscaliza regras de combate \u00e0 pandemia","datePublished":"2020-09-15T09:48:24+00:00","dateModified":"2020-09-15T09:48:28+00:00","mainEntityOfPage":{"@id":"https:\/\/www.altominho.tv\/site\/2020\/09\/15\/psp-garante-seguranca-no-arranque-do-ano-letivo-e-fiscaliza-regras-de-combate-a-pandemia\/"},"wordCount":456,"image":{"@id":"https:\/\/www.altominho.tv\/site\/2020\/09\/15\/psp-garante-seguranca-no-arranque-do-ano-letivo-e-fiscaliza-regras-de-combate-a-pandemia\/#primaryimage"},"thumbnailUrl":"https:\/\/www.altominho.tv\/site\/wp-content\/uploads\/2020\/09\/psp.jpg","keywords":["Sociedade"],"articleSection":["Coronav\u00edrus"],"inLanguage":"pt-PT","copyrightYear":"2020","copyrightHolder":{"@id":"https:\/\/www.altominho.tv\/site\/#organization"}},{"@type":"WebPage","@id":"https:\/\/www.altominho.tv\/site\/2020\/09\/15\/psp-garante-seguranca-no-arranque-do-ano-letivo-e-fiscaliza-regras-de-combate-a-pandemia\/","url":"https:\/\/www.altominho.tv\/site\/2020\/09\/15\/psp-garante-seguranca-no-arranque-do-ano-letivo-e-fiscaliza-regras-de-combate-a-pandemia\/","name":"PSP garante seguran\u00e7a no arranque do ano letivo e fiscaliza regras de combate \u00e0 pandemia","isPartOf":{"@id":"https:\/\/www.altominho.tv\/site\/#website"},"primaryImageOfPage":{"@id":"https:\/\/www.altominho.tv\/site\/2020\/09\/15\/psp-garante-seguranca-no-arranque-do-ano-letivo-e-fiscaliza-regras-de-combate-a-pandemia\/#primaryimage"},"image":{"@id":"https:\/\/www.altominho.tv\/site\/2020\/09\/15\/psp-garante-seguranca-no-arranque-do-ano-letivo-e-fiscaliza-regras-de-combate-a-pandemia\/#primaryimage"},"thumbnailUrl":"https:\/\/www.altominho.tv\/site\/wp-content\/uploads\/2020\/09\/psp.jpg","datePublished":"2020-09-15T09:48:24+00:00","dateModified":"2020-09-15T09:48:28+00:00","author":{"@id":"https:\/\/www.altominho.tv\/site\/#\/schema\/person\/63f693da3e1899361cbe955c46f3232e"},"breadcrumb":{"@id":"https:\/\/www.altominho.tv\/site\/2020\/09\/15\/psp-garante-seguranca-no-arranque-do-ano-letivo-e-fiscaliza-regras-de-combate-a-pandemia\/#breadcrumb"},"inLanguage":"pt-PT","potentialAction":[{"@type":"ReadAction","target":["https:\/\/www.altominho.tv\/site\/2020\/09\/15\/psp-garante-seguranca-no-arranque-do-ano-letivo-e-fiscaliza-regras-de-combate-a-pandemia\/"]}]},{"@type":"ImageObject","inLanguage":"pt-PT","@id":"https:\/\/www.altominho.tv\/site\/2020\/09\/15\/psp-garante-seguranca-no-arranque-do-ano-letivo-e-fiscaliza-regras-de-combate-a-pandemia\/#primaryimage","url":"https:\/\/www.altominho.tv\/site\/wp-content\/uploads\/2020\/09\/psp.jpg","contentUrl":"https:\/\/www.altominho.tv\/site\/wp-content\/uploads\/2020\/09\/psp.jpg","width":900,"height":450},{"@type":"BreadcrumbList","@id":"https:\/\/www.altominho.tv\/site\/2020\/09\/15\/psp-garante-seguranca-no-arranque-do-ano-letivo-e-fiscaliza-regras-de-combate-a-pandemia\/#breadcrumb","itemListElement":[{"@type":"ListItem","position":1,"name":"In\u00edcio","item":"https:\/\/www.altominho.tv\/site\/"},{"@type":"ListItem","position":2,"name":"PSP garante seguran\u00e7a no arranque do ano letivo e fiscaliza regras de combate \u00e0 pandemia"}]},{"@type":"WebSite","@id":"https:\/\/www.altominho.tv\/site\/#website","url":"https:\/\/www.altominho.tv\/site\/","name":"Altominho.tv","description":"A sua regi\u00e3o \u00e0 dist\u00e2ncia de um clique...","potentialAction":[{"@type":"SearchAction","target":{"@type":"EntryPoint","urlTemplate":"https:\/\/www.altominho.tv\/site\/?s={search_term_string}"},"query-input":{"@type":"PropertyValueSpecification","valueRequired":true,"valueName":"search_term_string"}}],"inLanguage":"pt-PT"},{"@type":"Person","@id":"https:\/\/www.altominho.tv\/site\/#\/schema\/person\/63f693da3e1899361cbe955c46f3232e","name":"Lusa","image":{"@type":"ImageObject","inLanguage":"pt-PT","@id":"https:\/\/www.altominho.tv\/site\/wp-content\/uploads\/2019\/08\/LUSA_Logo.gif","url":"https:\/\/www.altominho.tv\/site\/wp-content\/uploads\/2019\/08\/LUSA_Logo.gif","contentUrl":"https:\/\/www.altominho.tv\/site\/wp-content\/uploads\/2019\/08\/LUSA_Logo.gif","caption":"Lusa"},"sameAs":["http:\/\/\/\/www.altominho.tv\/site"],"url":"https:\/\/www.altominho.tv\/site\/author\/lusa\/"}]}},"_links":{"self":[{"href":"https:\/\/www.altominho.tv\/site\/wp-json\/wp\/v2\/posts\/52153","targetHints":{"allow":["GET"]}}],"collection":[{"href":"https:\/\/www.altominho.tv\/site\/wp-json\/wp\/v2\/posts"}],"about":[{"href":"https:\/\/www.altominho.tv\/site\/wp-json\/wp\/v2\/types\/post"}],"author":[{"embeddable":true,"href":"https:\/\/www.altominho.tv\/site\/wp-json\/wp\/v2\/users\/13"}],"replies":[{"embeddable":true,"href":"https:\/\/www.altominho.tv\/site\/wp-json\/wp\/v2\/comments?post=52153"}],"version-history":[{"count":0,"href":"https:\/\/www.altominho.tv\/site\/wp-json\/wp\/v2\/posts\/52153\/revisions"}],"wp:featuredmedia":[{"embeddable":true,"href":"https:\/\/www.altominho.tv\/site\/wp-json\/wp\/v2\/media\/52154"}],"wp:attachment":[{"href":"https:\/\/www.altominho.tv\/site\/wp-json\/wp\/v2\/media?parent=52153"}],"wp:term":[{"taxonomy":"category","embeddable":true,"href":"https:\/\/www.altominho.tv\/site\/wp-json\/wp\/v2\/categories?post=52153"},{"taxonomy":"post_tag","embeddable":true,"href":"https:\/\/www.altominho.tv\/site\/wp-json\/wp\/v2\/tags?post=52153"}],"curies":[{"name":"wp","href":"https:\/\/api.w.org\/{rel}","templated":true}]}}