{"id":52144,"date":"2020-09-15T09:58:09","date_gmt":"2020-09-15T08:58:09","guid":{"rendered":"http:\/\/www.altominho.tv\/site\/?p=52144"},"modified":"2020-09-15T09:58:11","modified_gmt":"2020-09-15T08:58:11","slug":"o-que-muda-a-partir-de-hoje-com-o-estado-de-contingencia","status":"publish","type":"post","link":"https:\/\/www.altominho.tv\/site\/2020\/09\/15\/o-que-muda-a-partir-de-hoje-com-o-estado-de-contingencia\/","title":{"rendered":"O que muda a partir de hoje com o estado de conting\u00eancia?"},"content":{"rendered":"<p><strong>Portugal Continental entra esta ter\u00e7a-feira em situa\u00e7\u00e3o de conting\u00eancia. <\/strong><\/p>\n<p class=\"lead\">Para evitar o agravamento do n\u00famero de casos de covid-19, a partir desta ter\u00e7a-feira todo o territ\u00f3rio portugu\u00eas entra em <a href=\"\/\/www.altominho.tv\/site\/2020\/09\/10\/situacao-de-contingencia-vai-vigorar-entre-15-e-30-de-setembro\/\">situa\u00e7\u00e3o de conting\u00eancia at\u00e9 30 de setembro<\/a> o que significa que haver\u00e1 regras mais apertadas.<\/p>\n<p>A situa\u00e7\u00e3o de conting\u00eancia que entra hoje em vigor substitui o estado de alerta em vigor desde o in\u00edcio de julho para a generalidade do pa\u00eds, \u00e0 exce\u00e7\u00e3o da \u00c1rea Metropolitana de Lisboa, que se tinha mantido em conting\u00eancia.<\/p>\n<h5><strong>O Governo determinou as seguintes medidas:<\/strong><\/h5>\n<p>&#8211;\u00a0<strong>Limita\u00e7\u00e3o das concentra\u00e7\u00f5es a 10 pessoas<\/strong>, salvo se pertencentes ao mesmo agregado familiar, na via p\u00fablica e em estabelecimentos;<\/p>\n<p><strong>&#8211; Proibi\u00e7\u00e3o da venda de bebidas alco\u00f3licas em \u00e1reas de servi\u00e7o<\/strong>\u00a0ou em postos de abastecimento de combust\u00edveis;<\/p>\n<p>&#8211;\u00a0<strong>Proibi\u00e7\u00e3o da venda de bebidas alco\u00f3licas, a partir das 20h00<\/strong>, nos estabelecimentos de com\u00e9rcio a retalho, incluindo supermercados e hipermercados;<\/p>\n<p>&#8211;<strong>\u00a0Proibi\u00e7\u00e3o do consumo de bebidas alco\u00f3licas em espa\u00e7os exteriores dos estabelecimentos de restaura\u00e7\u00e3o e bebidas no ap\u00f3s as 20h00<\/strong>, salvo no \u00e2mbito do servi\u00e7o de refei\u00e7\u00f5es;<\/p>\n<p>&#8211;\u00a0<strong>Estabelecimentos comerciais s\u00f3 podem abrir ap\u00f3s as 10:00.<\/strong>\u00a0Haver\u00e1 &#8220;exce\u00e7\u00f5es&#8221; em que ser\u00e1 poss\u00edvel o com\u00e9rcio abrir antes das 10:00, como as &#8220;pastelarias, caf\u00e9s, cabeleireiros e gin\u00e1sios&#8221;.<\/p>\n<p>&#8211;\u00a0<strong>Hor\u00e1rio de encerramento dos estabelecimentos, passar\u00e1 a ser obrigatoriamente entre as 20:00 e as 23:00<\/strong>, cabendo a cada munic\u00edpio a determina\u00e7\u00e3o da hora exata &#8220;em fun\u00e7\u00e3o da realidade espec\u00edfica do concelho&#8221; e mediante parecer favor\u00e1vel da autoridade local de sa\u00fade e das for\u00e7as de seguran\u00e7a.<\/p>\n<p>&#8211; Em\u00a0<strong>\u00e1reas de restaura\u00e7\u00e3o de centros comerciais<\/strong>, define-se o mesmo\u00a0<strong>limite m\u00e1ximo de 4 pessoas por grupo<\/strong>.<\/p>\n","protected":false},"excerpt":{"rendered":"<p>Portugal Continental entra esta ter\u00e7a-feira em situa\u00e7\u00e3o de conting\u00eancia. Para evitar o agravamento do n\u00famero de casos de covid-19, a partir desta ter\u00e7a-feira todo o territ\u00f3rio portugu\u00eas entra em situa\u00e7\u00e3o de conting\u00eancia at\u00e9 30 de setembro o que significa que haver\u00e1 regras mais apertadas. A situa\u00e7\u00e3o de conting\u00eancia que entra hoje em vigor substitui o [&hellip;]<\/p>\n","protected":false},"author":13,"featured_media":52145,"comment_status":"closed","ping_status":"closed","sticky":false,"template":"","format":"standard","meta":{"_exactmetrics_skip_tracking":false,"_exactmetrics_sitenote_active":false,"_exactmetrics_sitenote_note":"","_exactmetrics_sitenote_category":0,"footnotes":""},"categories":[73],"tags":[21,27],"class_list":["post-52144","post","type-post","status-publish","format-standard","has-post-thumbnail","hentry","category-alto-minho","tag-economia","tag-sociedade"],"yoast_head":"<!-- This site is optimized with the Yoast SEO Premium plugin v27.4 (Yoast SEO v27.4) - https:\/\/yoast.com\/product\/yoast-seo-premium-wordpress\/ -->\n<title>O que muda a partir de hoje com o estado de conting\u00eancia?<\/title>\n<meta name=\"robots\" content=\"index, follow, max-snippet:-1, max-image-preview:large, max-video-preview:-1\" \/>\n<link rel=\"canonical\" href=\"https:\/\/www.altominho.tv\/site\/2020\/09\/15\/o-que-muda-a-partir-de-hoje-com-o-estado-de-contingencia\/\" \/>\n<meta property=\"og:locale\" content=\"pt_PT\" \/>\n<meta property=\"og:type\" content=\"article\" \/>\n<meta property=\"og:title\" content=\"O que muda a partir de hoje com o estado de conting\u00eancia?\" \/>\n<meta property=\"og:description\" content=\"Portugal Continental entra esta ter\u00e7a-feira em situa\u00e7\u00e3o de conting\u00eancia. Para evitar o agravamento do n\u00famero de casos de covid-19, a partir desta ter\u00e7a-feira todo o territ\u00f3rio portugu\u00eas entra em situa\u00e7\u00e3o de conting\u00eancia at\u00e9 30 de setembro o que significa que haver\u00e1 regras mais apertadas. A situa\u00e7\u00e3o de conting\u00eancia que entra hoje em vigor substitui o [&hellip;]\" \/>\n<meta property=\"og:url\" content=\"https:\/\/www.altominho.tv\/site\/2020\/09\/15\/o-que-muda-a-partir-de-hoje-com-o-estado-de-contingencia\/\" \/>\n<meta property=\"og:site_name\" content=\"Altominho.tv\" \/>\n<meta property=\"article:publisher\" content=\"https:\/\/www.facebook.com\/altominhotv\" \/>\n<meta property=\"article:published_time\" content=\"2020-09-15T08:58:09+00:00\" \/>\n<meta property=\"article:modified_time\" content=\"2020-09-15T08:58:11+00:00\" \/>\n<meta property=\"og:image\" content=\"https:\/\/www.altominho.tv\/site\/wp-content\/uploads\/2020\/09\/Pessoas_mascara_rua.jpg\" \/>\n\t<meta property=\"og:image:width\" content=\"1024\" \/>\n\t<meta property=\"og:image:height\" content=\"682\" \/>\n\t<meta property=\"og:image:type\" content=\"image\/jpeg\" \/>\n<meta name=\"author\" content=\"Lusa\" \/>\n<meta name=\"twitter:card\" content=\"summary_large_image\" \/>\n<meta name=\"twitter:creator\" content=\"@altominhoTV\" \/>\n<meta name=\"twitter:site\" content=\"@altominhoTV\" \/>\n<meta name=\"twitter:label1\" content=\"Escrito por\" \/>\n\t<meta name=\"twitter:data1\" content=\"Lusa\" \/>\n\t<meta name=\"twitter:label2\" content=\"Tempo estimado de leitura\" \/>\n\t<meta name=\"twitter:data2\" content=\"2 minutos\" \/>\n<script type=\"application\/ld+json\" class=\"yoast-schema-graph\">{\"@context\":\"https:\\\/\\\/schema.org\",\"@graph\":[{\"@type\":\"Article\",\"@id\":\"https:\\\/\\\/www.altominho.tv\\\/site\\\/2020\\\/09\\\/15\\\/o-que-muda-a-partir-de-hoje-com-o-estado-de-contingencia\\\/#article\",\"isPartOf\":{\"@id\":\"https:\\\/\\\/www.altominho.tv\\\/site\\\/2020\\\/09\\\/15\\\/o-que-muda-a-partir-de-hoje-com-o-estado-de-contingencia\\\/\"},\"author\":{\"name\":\"Lusa\",\"@id\":\"https:\\\/\\\/www.altominho.tv\\\/site\\\/#\\\/schema\\\/person\\\/63f693da3e1899361cbe955c46f3232e\"},\"headline\":\"O que muda a partir de hoje com o estado de conting\u00eancia?\",\"datePublished\":\"2020-09-15T08:58:09+00:00\",\"dateModified\":\"2020-09-15T08:58:11+00:00\",\"mainEntityOfPage\":{\"@id\":\"https:\\\/\\\/www.altominho.tv\\\/site\\\/2020\\\/09\\\/15\\\/o-que-muda-a-partir-de-hoje-com-o-estado-de-contingencia\\\/\"},\"wordCount\":321,\"image\":{\"@id\":\"https:\\\/\\\/www.altominho.tv\\\/site\\\/2020\\\/09\\\/15\\\/o-que-muda-a-partir-de-hoje-com-o-estado-de-contingencia\\\/#primaryimage\"},\"thumbnailUrl\":\"https:\\\/\\\/www.altominho.tv\\\/site\\\/wp-content\\\/uploads\\\/2020\\\/09\\\/Pessoas_mascara_rua.jpg\",\"keywords\":[\"Economia\",\"Sociedade\"],\"articleSection\":[\"Alto Minho\"],\"inLanguage\":\"pt-PT\",\"copyrightYear\":\"2020\",\"copyrightHolder\":{\"@id\":\"https:\\\/\\\/www.altominho.tv\\\/site\\\/#organization\"}},{\"@type\":\"WebPage\",\"@id\":\"https:\\\/\\\/www.altominho.tv\\\/site\\\/2020\\\/09\\\/15\\\/o-que-muda-a-partir-de-hoje-com-o-estado-de-contingencia\\\/\",\"url\":\"https:\\\/\\\/www.altominho.tv\\\/site\\\/2020\\\/09\\\/15\\\/o-que-muda-a-partir-de-hoje-com-o-estado-de-contingencia\\\/\",\"name\":\"O que muda a partir de hoje com o estado de conting\u00eancia?\",\"isPartOf\":{\"@id\":\"https:\\\/\\\/www.altominho.tv\\\/site\\\/#website\"},\"primaryImageOfPage\":{\"@id\":\"https:\\\/\\\/www.altominho.tv\\\/site\\\/2020\\\/09\\\/15\\\/o-que-muda-a-partir-de-hoje-com-o-estado-de-contingencia\\\/#primaryimage\"},\"image\":{\"@id\":\"https:\\\/\\\/www.altominho.tv\\\/site\\\/2020\\\/09\\\/15\\\/o-que-muda-a-partir-de-hoje-com-o-estado-de-contingencia\\\/#primaryimage\"},\"thumbnailUrl\":\"https:\\\/\\\/www.altominho.tv\\\/site\\\/wp-content\\\/uploads\\\/2020\\\/09\\\/Pessoas_mascara_rua.jpg\",\"datePublished\":\"2020-09-15T08:58:09+00:00\",\"dateModified\":\"2020-09-15T08:58:11+00:00\",\"author\":{\"@id\":\"https:\\\/\\\/www.altominho.tv\\\/site\\\/#\\\/schema\\\/person\\\/63f693da3e1899361cbe955c46f3232e\"},\"breadcrumb\":{\"@id\":\"https:\\\/\\\/www.altominho.tv\\\/site\\\/2020\\\/09\\\/15\\\/o-que-muda-a-partir-de-hoje-com-o-estado-de-contingencia\\\/#breadcrumb\"},\"inLanguage\":\"pt-PT\",\"potentialAction\":[{\"@type\":\"ReadAction\",\"target\":[\"https:\\\/\\\/www.altominho.tv\\\/site\\\/2020\\\/09\\\/15\\\/o-que-muda-a-partir-de-hoje-com-o-estado-de-contingencia\\\/\"]}]},{\"@type\":\"ImageObject\",\"inLanguage\":\"pt-PT\",\"@id\":\"https:\\\/\\\/www.altominho.tv\\\/site\\\/2020\\\/09\\\/15\\\/o-que-muda-a-partir-de-hoje-com-o-estado-de-contingencia\\\/#primaryimage\",\"url\":\"https:\\\/\\\/www.altominho.tv\\\/site\\\/wp-content\\\/uploads\\\/2020\\\/09\\\/Pessoas_mascara_rua.jpg\",\"contentUrl\":\"https:\\\/\\\/www.altominho.tv\\\/site\\\/wp-content\\\/uploads\\\/2020\\\/09\\\/Pessoas_mascara_rua.jpg\",\"width\":1024,\"height\":682},{\"@type\":\"BreadcrumbList\",\"@id\":\"https:\\\/\\\/www.altominho.tv\\\/site\\\/2020\\\/09\\\/15\\\/o-que-muda-a-partir-de-hoje-com-o-estado-de-contingencia\\\/#breadcrumb\",\"itemListElement\":[{\"@type\":\"ListItem\",\"position\":1,\"name\":\"In\u00edcio\",\"item\":\"https:\\\/\\\/www.altominho.tv\\\/site\\\/\"},{\"@type\":\"ListItem\",\"position\":2,\"name\":\"O que muda a partir de hoje com o estado de conting\u00eancia?\"}]},{\"@type\":\"WebSite\",\"@id\":\"https:\\\/\\\/www.altominho.tv\\\/site\\\/#website\",\"url\":\"https:\\\/\\\/www.altominho.tv\\\/site\\\/\",\"name\":\"Altominho.tv\",\"description\":\"A sua regi\u00e3o \u00e0 dist\u00e2ncia de um clique...\",\"potentialAction\":[{\"@type\":\"SearchAction\",\"target\":{\"@type\":\"EntryPoint\",\"urlTemplate\":\"https:\\\/\\\/www.altominho.tv\\\/site\\\/?s={search_term_string}\"},\"query-input\":{\"@type\":\"PropertyValueSpecification\",\"valueRequired\":true,\"valueName\":\"search_term_string\"}}],\"inLanguage\":\"pt-PT\"},{\"@type\":\"Person\",\"@id\":\"https:\\\/\\\/www.altominho.tv\\\/site\\\/#\\\/schema\\\/person\\\/63f693da3e1899361cbe955c46f3232e\",\"name\":\"Lusa\",\"image\":{\"@type\":\"ImageObject\",\"inLanguage\":\"pt-PT\",\"@id\":\"https:\\\/\\\/www.altominho.tv\\\/site\\\/wp-content\\\/uploads\\\/2019\\\/08\\\/LUSA_Logo.gif\",\"url\":\"https:\\\/\\\/www.altominho.tv\\\/site\\\/wp-content\\\/uploads\\\/2019\\\/08\\\/LUSA_Logo.gif\",\"contentUrl\":\"https:\\\/\\\/www.altominho.tv\\\/site\\\/wp-content\\\/uploads\\\/2019\\\/08\\\/LUSA_Logo.gif\",\"caption\":\"Lusa\"},\"sameAs\":[\"http:\\\/\\\/\\\/\\\/www.altominho.tv\\\/site\"],\"url\":\"https:\\\/\\\/www.altominho.tv\\\/site\\\/author\\\/lusa\\\/\"}]}<\/script>\n<!-- \/ Yoast SEO Premium plugin. -->","yoast_head_json":{"title":"O que muda a partir de hoje com o estado de conting\u00eancia?","robots":{"index":"index","follow":"follow","max-snippet":"max-snippet:-1","max-image-preview":"max-image-preview:large","max-video-preview":"max-video-preview:-1"},"canonical":"https:\/\/www.altominho.tv\/site\/2020\/09\/15\/o-que-muda-a-partir-de-hoje-com-o-estado-de-contingencia\/","og_locale":"pt_PT","og_type":"article","og_title":"O que muda a partir de hoje com o estado de conting\u00eancia?","og_description":"Portugal Continental entra esta ter\u00e7a-feira em situa\u00e7\u00e3o de conting\u00eancia. Para evitar o agravamento do n\u00famero de casos de covid-19, a partir desta ter\u00e7a-feira todo o territ\u00f3rio portugu\u00eas entra em situa\u00e7\u00e3o de conting\u00eancia at\u00e9 30 de setembro o que significa que haver\u00e1 regras mais apertadas. A situa\u00e7\u00e3o de conting\u00eancia que entra hoje em vigor substitui o [&hellip;]","og_url":"https:\/\/www.altominho.tv\/site\/2020\/09\/15\/o-que-muda-a-partir-de-hoje-com-o-estado-de-contingencia\/","og_site_name":"Altominho.tv","article_publisher":"https:\/\/www.facebook.com\/altominhotv","article_published_time":"2020-09-15T08:58:09+00:00","article_modified_time":"2020-09-15T08:58:11+00:00","og_image":[{"width":1024,"height":682,"url":"https:\/\/www.altominho.tv\/site\/wp-content\/uploads\/2020\/09\/Pessoas_mascara_rua.jpg","type":"image\/jpeg"}],"author":"Lusa","twitter_card":"summary_large_image","twitter_creator":"@altominhoTV","twitter_site":"@altominhoTV","twitter_misc":{"Escrito por":"Lusa","Tempo estimado de leitura":"2 minutos"},"schema":{"@context":"https:\/\/schema.org","@graph":[{"@type":"Article","@id":"https:\/\/www.altominho.tv\/site\/2020\/09\/15\/o-que-muda-a-partir-de-hoje-com-o-estado-de-contingencia\/#article","isPartOf":{"@id":"https:\/\/www.altominho.tv\/site\/2020\/09\/15\/o-que-muda-a-partir-de-hoje-com-o-estado-de-contingencia\/"},"author":{"name":"Lusa","@id":"https:\/\/www.altominho.tv\/site\/#\/schema\/person\/63f693da3e1899361cbe955c46f3232e"},"headline":"O que muda a partir de hoje com o estado de conting\u00eancia?","datePublished":"2020-09-15T08:58:09+00:00","dateModified":"2020-09-15T08:58:11+00:00","mainEntityOfPage":{"@id":"https:\/\/www.altominho.tv\/site\/2020\/09\/15\/o-que-muda-a-partir-de-hoje-com-o-estado-de-contingencia\/"},"wordCount":321,"image":{"@id":"https:\/\/www.altominho.tv\/site\/2020\/09\/15\/o-que-muda-a-partir-de-hoje-com-o-estado-de-contingencia\/#primaryimage"},"thumbnailUrl":"https:\/\/www.altominho.tv\/site\/wp-content\/uploads\/2020\/09\/Pessoas_mascara_rua.jpg","keywords":["Economia","Sociedade"],"articleSection":["Alto Minho"],"inLanguage":"pt-PT","copyrightYear":"2020","copyrightHolder":{"@id":"https:\/\/www.altominho.tv\/site\/#organization"}},{"@type":"WebPage","@id":"https:\/\/www.altominho.tv\/site\/2020\/09\/15\/o-que-muda-a-partir-de-hoje-com-o-estado-de-contingencia\/","url":"https:\/\/www.altominho.tv\/site\/2020\/09\/15\/o-que-muda-a-partir-de-hoje-com-o-estado-de-contingencia\/","name":"O que muda a partir de hoje com o estado de conting\u00eancia?","isPartOf":{"@id":"https:\/\/www.altominho.tv\/site\/#website"},"primaryImageOfPage":{"@id":"https:\/\/www.altominho.tv\/site\/2020\/09\/15\/o-que-muda-a-partir-de-hoje-com-o-estado-de-contingencia\/#primaryimage"},"image":{"@id":"https:\/\/www.altominho.tv\/site\/2020\/09\/15\/o-que-muda-a-partir-de-hoje-com-o-estado-de-contingencia\/#primaryimage"},"thumbnailUrl":"https:\/\/www.altominho.tv\/site\/wp-content\/uploads\/2020\/09\/Pessoas_mascara_rua.jpg","datePublished":"2020-09-15T08:58:09+00:00","dateModified":"2020-09-15T08:58:11+00:00","author":{"@id":"https:\/\/www.altominho.tv\/site\/#\/schema\/person\/63f693da3e1899361cbe955c46f3232e"},"breadcrumb":{"@id":"https:\/\/www.altominho.tv\/site\/2020\/09\/15\/o-que-muda-a-partir-de-hoje-com-o-estado-de-contingencia\/#breadcrumb"},"inLanguage":"pt-PT","potentialAction":[{"@type":"ReadAction","target":["https:\/\/www.altominho.tv\/site\/2020\/09\/15\/o-que-muda-a-partir-de-hoje-com-o-estado-de-contingencia\/"]}]},{"@type":"ImageObject","inLanguage":"pt-PT","@id":"https:\/\/www.altominho.tv\/site\/2020\/09\/15\/o-que-muda-a-partir-de-hoje-com-o-estado-de-contingencia\/#primaryimage","url":"https:\/\/www.altominho.tv\/site\/wp-content\/uploads\/2020\/09\/Pessoas_mascara_rua.jpg","contentUrl":"https:\/\/www.altominho.tv\/site\/wp-content\/uploads\/2020\/09\/Pessoas_mascara_rua.jpg","width":1024,"height":682},{"@type":"BreadcrumbList","@id":"https:\/\/www.altominho.tv\/site\/2020\/09\/15\/o-que-muda-a-partir-de-hoje-com-o-estado-de-contingencia\/#breadcrumb","itemListElement":[{"@type":"ListItem","position":1,"name":"In\u00edcio","item":"https:\/\/www.altominho.tv\/site\/"},{"@type":"ListItem","position":2,"name":"O que muda a partir de hoje com o estado de conting\u00eancia?"}]},{"@type":"WebSite","@id":"https:\/\/www.altominho.tv\/site\/#website","url":"https:\/\/www.altominho.tv\/site\/","name":"Altominho.tv","description":"A sua regi\u00e3o \u00e0 dist\u00e2ncia de um clique...","potentialAction":[{"@type":"SearchAction","target":{"@type":"EntryPoint","urlTemplate":"https:\/\/www.altominho.tv\/site\/?s={search_term_string}"},"query-input":{"@type":"PropertyValueSpecification","valueRequired":true,"valueName":"search_term_string"}}],"inLanguage":"pt-PT"},{"@type":"Person","@id":"https:\/\/www.altominho.tv\/site\/#\/schema\/person\/63f693da3e1899361cbe955c46f3232e","name":"Lusa","image":{"@type":"ImageObject","inLanguage":"pt-PT","@id":"https:\/\/www.altominho.tv\/site\/wp-content\/uploads\/2019\/08\/LUSA_Logo.gif","url":"https:\/\/www.altominho.tv\/site\/wp-content\/uploads\/2019\/08\/LUSA_Logo.gif","contentUrl":"https:\/\/www.altominho.tv\/site\/wp-content\/uploads\/2019\/08\/LUSA_Logo.gif","caption":"Lusa"},"sameAs":["http:\/\/\/\/www.altominho.tv\/site"],"url":"https:\/\/www.altominho.tv\/site\/author\/lusa\/"}]}},"_links":{"self":[{"href":"https:\/\/www.altominho.tv\/site\/wp-json\/wp\/v2\/posts\/52144","targetHints":{"allow":["GET"]}}],"collection":[{"href":"https:\/\/www.altominho.tv\/site\/wp-json\/wp\/v2\/posts"}],"about":[{"href":"https:\/\/www.altominho.tv\/site\/wp-json\/wp\/v2\/types\/post"}],"author":[{"embeddable":true,"href":"https:\/\/www.altominho.tv\/site\/wp-json\/wp\/v2\/users\/13"}],"replies":[{"embeddable":true,"href":"https:\/\/www.altominho.tv\/site\/wp-json\/wp\/v2\/comments?post=52144"}],"version-history":[{"count":0,"href":"https:\/\/www.altominho.tv\/site\/wp-json\/wp\/v2\/posts\/52144\/revisions"}],"wp:featuredmedia":[{"embeddable":true,"href":"https:\/\/www.altominho.tv\/site\/wp-json\/wp\/v2\/media\/52145"}],"wp:attachment":[{"href":"https:\/\/www.altominho.tv\/site\/wp-json\/wp\/v2\/media?parent=52144"}],"wp:term":[{"taxonomy":"category","embeddable":true,"href":"https:\/\/www.altominho.tv\/site\/wp-json\/wp\/v2\/categories?post=52144"},{"taxonomy":"post_tag","embeddable":true,"href":"https:\/\/www.altominho.tv\/site\/wp-json\/wp\/v2\/tags?post=52144"}],"curies":[{"name":"wp","href":"https:\/\/api.w.org\/{rel}","templated":true}]}}