{"id":52069,"date":"2020-09-14T09:38:56","date_gmt":"2020-09-14T08:38:56","guid":{"rendered":"http:\/\/www.altominho.tv\/site\/?p=52069"},"modified":"2020-09-14T09:39:00","modified_gmt":"2020-09-14T08:39:00","slug":"verao-despede-se-com-chuva-e-descida-da-temperatura","status":"publish","type":"post","link":"https:\/\/www.altominho.tv\/site\/2020\/09\/14\/verao-despede-se-com-chuva-e-descida-da-temperatura\/","title":{"rendered":"Ver\u00e3o despede-se com chuva e descida da temperatura"},"content":{"rendered":"<p>Com o regresso \u00e0s aulas e a despedida do ver\u00e3o chega tamb\u00e9m a chuva e as temperaturas baixas. Segundo o Instituto Portugu\u00eas do Mar e da Atmosfera (IPMA), a partir desta segunda-feira h\u00e1 uma altera\u00e7\u00e3o significativa do estado do tempo.<\/p>\n<p>As previs\u00f5es apontam para c\u00e9u nublado, aguaceiros fracos e dispersos no litoral, sendo mais frequentes e intensos no interior Norte e Centro durante a tarde, por vezes acompanhados de trovoada, e vento fraco a moderado, soprando temporariamente moderado a forte (25 a 40 km\/h) nas terras altas.<\/p>\n<p>As temperaturas ir\u00e3o tamb\u00e9m sofrer uma descida. Segundo o IPMA, ocorrer\u00e1 uma descida acentuada da m\u00e1xima nas regi\u00f5es Norte e Centro. Em Viana do Castelo, esta segunda-feira, s\u00e3o esperados 24 graus de m\u00e1xima.<\/p>\n<p>Durante a semana, ainda de acordo com as previs\u00f5es do IPMA, a chuva dever\u00e1 continuar, com previs\u00e3o de aguaceiros fortes, na quinta-feira, no Litoral Norte.<\/p>\n","protected":false},"excerpt":{"rendered":"<p>Com o regresso \u00e0s aulas e a despedida do ver\u00e3o chega tamb\u00e9m a chuva e as temperaturas baixas. Segundo o Instituto Portugu\u00eas do Mar e da Atmosfera (IPMA), a partir desta segunda-feira h\u00e1 uma altera\u00e7\u00e3o significativa do estado do tempo. As previs\u00f5es apontam para c\u00e9u nublado, aguaceiros fracos e dispersos no litoral, sendo mais frequentes [&hellip;]<\/p>\n","protected":false},"author":12,"featured_media":52070,"comment_status":"closed","ping_status":"closed","sticky":false,"template":"","format":"standard","meta":{"_exactmetrics_skip_tracking":false,"_exactmetrics_sitenote_active":false,"_exactmetrics_sitenote_note":"","_exactmetrics_sitenote_category":0,"footnotes":""},"categories":[73],"tags":[27],"class_list":["post-52069","post","type-post","status-publish","format-standard","has-post-thumbnail","hentry","category-alto-minho","tag-sociedade"],"yoast_head":"<!-- This site is optimized with the Yoast SEO Premium plugin v27.4 (Yoast SEO v27.4) - https:\/\/yoast.com\/product\/yoast-seo-premium-wordpress\/ -->\n<title>Ver\u00e3o despede-se com chuva e descida da temperatura<\/title>\n<meta name=\"robots\" content=\"index, follow, max-snippet:-1, max-image-preview:large, max-video-preview:-1\" \/>\n<link rel=\"canonical\" href=\"https:\/\/www.altominho.tv\/site\/2020\/09\/14\/verao-despede-se-com-chuva-e-descida-da-temperatura\/\" \/>\n<meta property=\"og:locale\" content=\"pt_PT\" \/>\n<meta property=\"og:type\" content=\"article\" \/>\n<meta property=\"og:title\" content=\"Ver\u00e3o despede-se com chuva e descida da temperatura\" \/>\n<meta property=\"og:description\" content=\"Com o regresso \u00e0s aulas e a despedida do ver\u00e3o chega tamb\u00e9m a chuva e as temperaturas baixas. Segundo o Instituto Portugu\u00eas do Mar e da Atmosfera (IPMA), a partir desta segunda-feira h\u00e1 uma altera\u00e7\u00e3o significativa do estado do tempo. As previs\u00f5es apontam para c\u00e9u nublado, aguaceiros fracos e dispersos no litoral, sendo mais frequentes [&hellip;]\" \/>\n<meta property=\"og:url\" content=\"https:\/\/www.altominho.tv\/site\/2020\/09\/14\/verao-despede-se-com-chuva-e-descida-da-temperatura\/\" \/>\n<meta property=\"og:site_name\" content=\"Altominho.tv\" \/>\n<meta property=\"article:publisher\" content=\"https:\/\/www.facebook.com\/altominhotv\" \/>\n<meta property=\"article:published_time\" content=\"2020-09-14T08:38:56+00:00\" \/>\n<meta property=\"article:modified_time\" content=\"2020-09-14T08:39:00+00:00\" \/>\n<meta property=\"og:image\" content=\"https:\/\/www.altominho.tv\/site\/wp-content\/uploads\/2020\/09\/Pixabay-Chuva.jpg\" \/>\n\t<meta property=\"og:image:width\" content=\"1920\" \/>\n\t<meta property=\"og:image:height\" content=\"846\" \/>\n\t<meta property=\"og:image:type\" content=\"image\/jpeg\" \/>\n<meta name=\"author\" content=\"Andreia Ferreira\" \/>\n<meta name=\"twitter:card\" content=\"summary_large_image\" \/>\n<meta name=\"twitter:creator\" content=\"@altominhoTV\" \/>\n<meta name=\"twitter:site\" content=\"@altominhoTV\" \/>\n<meta name=\"twitter:label1\" content=\"Escrito por\" \/>\n\t<meta name=\"twitter:data1\" content=\"Andreia Ferreira\" \/>\n\t<meta name=\"twitter:label2\" content=\"Tempo estimado de leitura\" \/>\n\t<meta name=\"twitter:data2\" content=\"1 minuto\" \/>\n<script type=\"application\/ld+json\" class=\"yoast-schema-graph\">{\"@context\":\"https:\\\/\\\/schema.org\",\"@graph\":[{\"@type\":\"Article\",\"@id\":\"https:\\\/\\\/www.altominho.tv\\\/site\\\/2020\\\/09\\\/14\\\/verao-despede-se-com-chuva-e-descida-da-temperatura\\\/#article\",\"isPartOf\":{\"@id\":\"https:\\\/\\\/www.altominho.tv\\\/site\\\/2020\\\/09\\\/14\\\/verao-despede-se-com-chuva-e-descida-da-temperatura\\\/\"},\"author\":{\"name\":\"Andreia Ferreira\",\"@id\":\"https:\\\/\\\/www.altominho.tv\\\/site\\\/#\\\/schema\\\/person\\\/d9be4265364723f14ea8e0d56a1d38cd\"},\"headline\":\"Ver\u00e3o despede-se com chuva e descida da temperatura\",\"datePublished\":\"2020-09-14T08:38:56+00:00\",\"dateModified\":\"2020-09-14T08:39:00+00:00\",\"mainEntityOfPage\":{\"@id\":\"https:\\\/\\\/www.altominho.tv\\\/site\\\/2020\\\/09\\\/14\\\/verao-despede-se-com-chuva-e-descida-da-temperatura\\\/\"},\"wordCount\":166,\"image\":{\"@id\":\"https:\\\/\\\/www.altominho.tv\\\/site\\\/2020\\\/09\\\/14\\\/verao-despede-se-com-chuva-e-descida-da-temperatura\\\/#primaryimage\"},\"thumbnailUrl\":\"https:\\\/\\\/www.altominho.tv\\\/site\\\/wp-content\\\/uploads\\\/2020\\\/09\\\/Pixabay-Chuva.jpg\",\"keywords\":[\"Sociedade\"],\"articleSection\":[\"Alto Minho\"],\"inLanguage\":\"pt-PT\",\"copyrightYear\":\"2020\",\"copyrightHolder\":{\"@id\":\"https:\\\/\\\/www.altominho.tv\\\/site\\\/#organization\"}},{\"@type\":\"WebPage\",\"@id\":\"https:\\\/\\\/www.altominho.tv\\\/site\\\/2020\\\/09\\\/14\\\/verao-despede-se-com-chuva-e-descida-da-temperatura\\\/\",\"url\":\"https:\\\/\\\/www.altominho.tv\\\/site\\\/2020\\\/09\\\/14\\\/verao-despede-se-com-chuva-e-descida-da-temperatura\\\/\",\"name\":\"Ver\u00e3o despede-se com chuva e descida da temperatura\",\"isPartOf\":{\"@id\":\"https:\\\/\\\/www.altominho.tv\\\/site\\\/#website\"},\"primaryImageOfPage\":{\"@id\":\"https:\\\/\\\/www.altominho.tv\\\/site\\\/2020\\\/09\\\/14\\\/verao-despede-se-com-chuva-e-descida-da-temperatura\\\/#primaryimage\"},\"image\":{\"@id\":\"https:\\\/\\\/www.altominho.tv\\\/site\\\/2020\\\/09\\\/14\\\/verao-despede-se-com-chuva-e-descida-da-temperatura\\\/#primaryimage\"},\"thumbnailUrl\":\"https:\\\/\\\/www.altominho.tv\\\/site\\\/wp-content\\\/uploads\\\/2020\\\/09\\\/Pixabay-Chuva.jpg\",\"datePublished\":\"2020-09-14T08:38:56+00:00\",\"dateModified\":\"2020-09-14T08:39:00+00:00\",\"author\":{\"@id\":\"https:\\\/\\\/www.altominho.tv\\\/site\\\/#\\\/schema\\\/person\\\/d9be4265364723f14ea8e0d56a1d38cd\"},\"breadcrumb\":{\"@id\":\"https:\\\/\\\/www.altominho.tv\\\/site\\\/2020\\\/09\\\/14\\\/verao-despede-se-com-chuva-e-descida-da-temperatura\\\/#breadcrumb\"},\"inLanguage\":\"pt-PT\",\"potentialAction\":[{\"@type\":\"ReadAction\",\"target\":[\"https:\\\/\\\/www.altominho.tv\\\/site\\\/2020\\\/09\\\/14\\\/verao-despede-se-com-chuva-e-descida-da-temperatura\\\/\"]}]},{\"@type\":\"ImageObject\",\"inLanguage\":\"pt-PT\",\"@id\":\"https:\\\/\\\/www.altominho.tv\\\/site\\\/2020\\\/09\\\/14\\\/verao-despede-se-com-chuva-e-descida-da-temperatura\\\/#primaryimage\",\"url\":\"https:\\\/\\\/www.altominho.tv\\\/site\\\/wp-content\\\/uploads\\\/2020\\\/09\\\/Pixabay-Chuva.jpg\",\"contentUrl\":\"https:\\\/\\\/www.altominho.tv\\\/site\\\/wp-content\\\/uploads\\\/2020\\\/09\\\/Pixabay-Chuva.jpg\",\"width\":1920,\"height\":846,\"caption\":\"PIXABAY\"},{\"@type\":\"BreadcrumbList\",\"@id\":\"https:\\\/\\\/www.altominho.tv\\\/site\\\/2020\\\/09\\\/14\\\/verao-despede-se-com-chuva-e-descida-da-temperatura\\\/#breadcrumb\",\"itemListElement\":[{\"@type\":\"ListItem\",\"position\":1,\"name\":\"In\u00edcio\",\"item\":\"https:\\\/\\\/www.altominho.tv\\\/site\\\/\"},{\"@type\":\"ListItem\",\"position\":2,\"name\":\"Ver\u00e3o despede-se com chuva e descida da temperatura\"}]},{\"@type\":\"WebSite\",\"@id\":\"https:\\\/\\\/www.altominho.tv\\\/site\\\/#website\",\"url\":\"https:\\\/\\\/www.altominho.tv\\\/site\\\/\",\"name\":\"Altominho.tv\",\"description\":\"A sua regi\u00e3o \u00e0 dist\u00e2ncia de um clique...\",\"potentialAction\":[{\"@type\":\"SearchAction\",\"target\":{\"@type\":\"EntryPoint\",\"urlTemplate\":\"https:\\\/\\\/www.altominho.tv\\\/site\\\/?s={search_term_string}\"},\"query-input\":{\"@type\":\"PropertyValueSpecification\",\"valueRequired\":true,\"valueName\":\"search_term_string\"}}],\"inLanguage\":\"pt-PT\"},{\"@type\":\"Person\",\"@id\":\"https:\\\/\\\/www.altominho.tv\\\/site\\\/#\\\/schema\\\/person\\\/d9be4265364723f14ea8e0d56a1d38cd\",\"name\":\"Andreia Ferreira\",\"image\":{\"@type\":\"ImageObject\",\"inLanguage\":\"pt-PT\",\"@id\":\"https:\\\/\\\/www.altominho.tv\\\/site\\\/wp-content\\\/uploads\\\/2021\\\/01\\\/AndreiaFerreira-150x150.jpg\",\"url\":\"https:\\\/\\\/www.altominho.tv\\\/site\\\/wp-content\\\/uploads\\\/2021\\\/01\\\/AndreiaFerreira-150x150.jpg\",\"contentUrl\":\"https:\\\/\\\/www.altominho.tv\\\/site\\\/wp-content\\\/uploads\\\/2021\\\/01\\\/AndreiaFerreira-150x150.jpg\",\"caption\":\"Andreia Ferreira\"},\"url\":\"https:\\\/\\\/www.altominho.tv\\\/site\\\/author\\\/andreiaferreira\\\/\"}]}<\/script>\n<!-- \/ Yoast SEO Premium plugin. -->","yoast_head_json":{"title":"Ver\u00e3o despede-se com chuva e descida da temperatura","robots":{"index":"index","follow":"follow","max-snippet":"max-snippet:-1","max-image-preview":"max-image-preview:large","max-video-preview":"max-video-preview:-1"},"canonical":"https:\/\/www.altominho.tv\/site\/2020\/09\/14\/verao-despede-se-com-chuva-e-descida-da-temperatura\/","og_locale":"pt_PT","og_type":"article","og_title":"Ver\u00e3o despede-se com chuva e descida da temperatura","og_description":"Com o regresso \u00e0s aulas e a despedida do ver\u00e3o chega tamb\u00e9m a chuva e as temperaturas baixas. Segundo o Instituto Portugu\u00eas do Mar e da Atmosfera (IPMA), a partir desta segunda-feira h\u00e1 uma altera\u00e7\u00e3o significativa do estado do tempo. As previs\u00f5es apontam para c\u00e9u nublado, aguaceiros fracos e dispersos no litoral, sendo mais frequentes [&hellip;]","og_url":"https:\/\/www.altominho.tv\/site\/2020\/09\/14\/verao-despede-se-com-chuva-e-descida-da-temperatura\/","og_site_name":"Altominho.tv","article_publisher":"https:\/\/www.facebook.com\/altominhotv","article_published_time":"2020-09-14T08:38:56+00:00","article_modified_time":"2020-09-14T08:39:00+00:00","og_image":[{"width":1920,"height":846,"url":"https:\/\/www.altominho.tv\/site\/wp-content\/uploads\/2020\/09\/Pixabay-Chuva.jpg","type":"image\/jpeg"}],"author":"Andreia Ferreira","twitter_card":"summary_large_image","twitter_creator":"@altominhoTV","twitter_site":"@altominhoTV","twitter_misc":{"Escrito por":"Andreia Ferreira","Tempo estimado de leitura":"1 minuto"},"schema":{"@context":"https:\/\/schema.org","@graph":[{"@type":"Article","@id":"https:\/\/www.altominho.tv\/site\/2020\/09\/14\/verao-despede-se-com-chuva-e-descida-da-temperatura\/#article","isPartOf":{"@id":"https:\/\/www.altominho.tv\/site\/2020\/09\/14\/verao-despede-se-com-chuva-e-descida-da-temperatura\/"},"author":{"name":"Andreia Ferreira","@id":"https:\/\/www.altominho.tv\/site\/#\/schema\/person\/d9be4265364723f14ea8e0d56a1d38cd"},"headline":"Ver\u00e3o despede-se com chuva e descida da temperatura","datePublished":"2020-09-14T08:38:56+00:00","dateModified":"2020-09-14T08:39:00+00:00","mainEntityOfPage":{"@id":"https:\/\/www.altominho.tv\/site\/2020\/09\/14\/verao-despede-se-com-chuva-e-descida-da-temperatura\/"},"wordCount":166,"image":{"@id":"https:\/\/www.altominho.tv\/site\/2020\/09\/14\/verao-despede-se-com-chuva-e-descida-da-temperatura\/#primaryimage"},"thumbnailUrl":"https:\/\/www.altominho.tv\/site\/wp-content\/uploads\/2020\/09\/Pixabay-Chuva.jpg","keywords":["Sociedade"],"articleSection":["Alto Minho"],"inLanguage":"pt-PT","copyrightYear":"2020","copyrightHolder":{"@id":"https:\/\/www.altominho.tv\/site\/#organization"}},{"@type":"WebPage","@id":"https:\/\/www.altominho.tv\/site\/2020\/09\/14\/verao-despede-se-com-chuva-e-descida-da-temperatura\/","url":"https:\/\/www.altominho.tv\/site\/2020\/09\/14\/verao-despede-se-com-chuva-e-descida-da-temperatura\/","name":"Ver\u00e3o despede-se com chuva e descida da temperatura","isPartOf":{"@id":"https:\/\/www.altominho.tv\/site\/#website"},"primaryImageOfPage":{"@id":"https:\/\/www.altominho.tv\/site\/2020\/09\/14\/verao-despede-se-com-chuva-e-descida-da-temperatura\/#primaryimage"},"image":{"@id":"https:\/\/www.altominho.tv\/site\/2020\/09\/14\/verao-despede-se-com-chuva-e-descida-da-temperatura\/#primaryimage"},"thumbnailUrl":"https:\/\/www.altominho.tv\/site\/wp-content\/uploads\/2020\/09\/Pixabay-Chuva.jpg","datePublished":"2020-09-14T08:38:56+00:00","dateModified":"2020-09-14T08:39:00+00:00","author":{"@id":"https:\/\/www.altominho.tv\/site\/#\/schema\/person\/d9be4265364723f14ea8e0d56a1d38cd"},"breadcrumb":{"@id":"https:\/\/www.altominho.tv\/site\/2020\/09\/14\/verao-despede-se-com-chuva-e-descida-da-temperatura\/#breadcrumb"},"inLanguage":"pt-PT","potentialAction":[{"@type":"ReadAction","target":["https:\/\/www.altominho.tv\/site\/2020\/09\/14\/verao-despede-se-com-chuva-e-descida-da-temperatura\/"]}]},{"@type":"ImageObject","inLanguage":"pt-PT","@id":"https:\/\/www.altominho.tv\/site\/2020\/09\/14\/verao-despede-se-com-chuva-e-descida-da-temperatura\/#primaryimage","url":"https:\/\/www.altominho.tv\/site\/wp-content\/uploads\/2020\/09\/Pixabay-Chuva.jpg","contentUrl":"https:\/\/www.altominho.tv\/site\/wp-content\/uploads\/2020\/09\/Pixabay-Chuva.jpg","width":1920,"height":846,"caption":"PIXABAY"},{"@type":"BreadcrumbList","@id":"https:\/\/www.altominho.tv\/site\/2020\/09\/14\/verao-despede-se-com-chuva-e-descida-da-temperatura\/#breadcrumb","itemListElement":[{"@type":"ListItem","position":1,"name":"In\u00edcio","item":"https:\/\/www.altominho.tv\/site\/"},{"@type":"ListItem","position":2,"name":"Ver\u00e3o despede-se com chuva e descida da temperatura"}]},{"@type":"WebSite","@id":"https:\/\/www.altominho.tv\/site\/#website","url":"https:\/\/www.altominho.tv\/site\/","name":"Altominho.tv","description":"A sua regi\u00e3o \u00e0 dist\u00e2ncia de um clique...","potentialAction":[{"@type":"SearchAction","target":{"@type":"EntryPoint","urlTemplate":"https:\/\/www.altominho.tv\/site\/?s={search_term_string}"},"query-input":{"@type":"PropertyValueSpecification","valueRequired":true,"valueName":"search_term_string"}}],"inLanguage":"pt-PT"},{"@type":"Person","@id":"https:\/\/www.altominho.tv\/site\/#\/schema\/person\/d9be4265364723f14ea8e0d56a1d38cd","name":"Andreia Ferreira","image":{"@type":"ImageObject","inLanguage":"pt-PT","@id":"https:\/\/www.altominho.tv\/site\/wp-content\/uploads\/2021\/01\/AndreiaFerreira-150x150.jpg","url":"https:\/\/www.altominho.tv\/site\/wp-content\/uploads\/2021\/01\/AndreiaFerreira-150x150.jpg","contentUrl":"https:\/\/www.altominho.tv\/site\/wp-content\/uploads\/2021\/01\/AndreiaFerreira-150x150.jpg","caption":"Andreia Ferreira"},"url":"https:\/\/www.altominho.tv\/site\/author\/andreiaferreira\/"}]}},"_links":{"self":[{"href":"https:\/\/www.altominho.tv\/site\/wp-json\/wp\/v2\/posts\/52069","targetHints":{"allow":["GET"]}}],"collection":[{"href":"https:\/\/www.altominho.tv\/site\/wp-json\/wp\/v2\/posts"}],"about":[{"href":"https:\/\/www.altominho.tv\/site\/wp-json\/wp\/v2\/types\/post"}],"author":[{"embeddable":true,"href":"https:\/\/www.altominho.tv\/site\/wp-json\/wp\/v2\/users\/12"}],"replies":[{"embeddable":true,"href":"https:\/\/www.altominho.tv\/site\/wp-json\/wp\/v2\/comments?post=52069"}],"version-history":[{"count":0,"href":"https:\/\/www.altominho.tv\/site\/wp-json\/wp\/v2\/posts\/52069\/revisions"}],"wp:featuredmedia":[{"embeddable":true,"href":"https:\/\/www.altominho.tv\/site\/wp-json\/wp\/v2\/media\/52070"}],"wp:attachment":[{"href":"https:\/\/www.altominho.tv\/site\/wp-json\/wp\/v2\/media?parent=52069"}],"wp:term":[{"taxonomy":"category","embeddable":true,"href":"https:\/\/www.altominho.tv\/site\/wp-json\/wp\/v2\/categories?post=52069"},{"taxonomy":"post_tag","embeddable":true,"href":"https:\/\/www.altominho.tv\/site\/wp-json\/wp\/v2\/tags?post=52069"}],"curies":[{"name":"wp","href":"https:\/\/api.w.org\/{rel}","templated":true}]}}