{"id":52067,"date":"2020-09-12T23:36:18","date_gmt":"2020-09-12T22:36:18","guid":{"rendered":"http:\/\/www.altominho.tv\/site\/?p=52067"},"modified":"2020-09-12T23:36:23","modified_gmt":"2020-09-12T22:36:23","slug":"viana-do-castelo-vai-estar-este-domingo-em-estado-de-alerta-especial-nivel-laranja","status":"publish","type":"post","link":"https:\/\/www.altominho.tv\/site\/2020\/09\/12\/viana-do-castelo-vai-estar-este-domingo-em-estado-de-alerta-especial-nivel-laranja\/","title":{"rendered":"Viana do Castelo vai estar este domingo em Estado de Alerta Especial n\u00edvel laranja"},"content":{"rendered":"\n<p>O distrito de Viana do Castelo vai estar este domingo em Estado de Alerta Especial n\u00edvel laranja.<\/p>\n\n\n\n<p>De acordo com a Autoridade Nacional de Emerg\u00eancia e Prote\u00e7\u00e3o Civil, em nota enviada \u00e0 Comunica\u00e7\u00e3o Social, &#8220;Face \u00e0 cont\u00ednua evolu\u00e7\u00e3o das previs\u00f5es meteorol\u00f3gicas para este domingo, que apontam para a persist\u00eancia de tempo quente e seco com agravamento nos \u00edndices de risco de inc\u00eandio rural para muito elevado e m\u00e1ximo para grande parte do territ\u00f3rio nacional, a Autoridade Nacional de Emerg\u00eancia e Prote\u00e7\u00e3o (ANEPC) determinou a eleva\u00e7\u00e3o ao Estado de Alerta Especial n\u00edvel vermelho para os distritos de Beja, Castelo Branco, \u00c9vora, Faro, Guarda, Leiria, Portalegre, Set\u00fabal e Santar\u00e9m, para o per\u00edodo das 00h00 \u00e0s 23h59 de domingo, dia 13 de setembro&#8221;.<\/p>\n\n\n\n<p>Os distritos de Aveiro, Braga, \u00a0Bragan\u00e7a, Coimbra, Lisboa, Porto, Viana do Castelo, Vila Real e Viseu v\u00e3o permanecer em Estado de Alerta Especial de N\u00edvel Laranja.<\/p>\n\n\n\n<p>A ANEPC recordou que, de acordo com a Declara\u00e7\u00e3o da Situa\u00e7\u00e3o de Alerta em vigor, entre as 00h00 horas do dia 12 de setembro e as 23h59 horas do dia 13 de setembro, para todo o territ\u00f3rio do Continente, \u00e9:\u00a0<\/p>\n\n\n\n<p>1) PROIBIDO o acesso, circula\u00e7\u00e3o e perman\u00eancia no interior dos espa\u00e7os florestais, previamente definidos nos planos municipais de defesa da floresta contra inc\u00eandios, bem como nos caminhos florestais, caminhos rurais e outras vias que os atravessem;&nbsp;<\/p>\n\n\n\n<p>2) PROIBIDO realizar queimadas e queimas de sobrantes de explora\u00e7\u00e3o;&nbsp;<\/p>\n\n\n\n<p>3) PROIBIDO utilizar fogo-de-artif\u00edcio ou outros artefactos pirot\u00e9cnicos, independentemente da sua forma de combust\u00e3o. Est\u00e3o suspensas as autoriza\u00e7\u00f5es que tenham sido emitidas nos distritos onde tenha sido declarado o Estado de Alerta Especial de N\u00edvel Laranja ou superior, pela ANEPC;&nbsp;<\/p>\n\n\n\n<p>4) PROIBIDO realizar trabalhos nos espa\u00e7os florestais e outros espa\u00e7os rurais com recurso a qualquer tipo de maquinaria, com exce\u00e7\u00e3o dos associados a situa\u00e7\u00f5es de combate a inc\u00eandios rurais;<\/p>\n\n\n\n<p>5) PROIBIDO realizar trabalhos nos demais espa\u00e7os rurais com recurso a motorro\u00e7adoras de l\u00e2minas ou discos met\u00e1licos, corta-matos, destro\u00e7adores e m\u00e1quinas com l\u00e2minas ou p\u00e1 frontal;<\/p>\n\n\n\n<p>6) PROIBIDA a pr\u00e1tica da ca\u00e7a.<\/p>\n\n\n\n<p>A proibi\u00e7\u00e3o n\u00e3o abrange:<\/p>\n\n\n\n<p>1)&nbsp;&nbsp;&nbsp;Os trabalhos associados \u00e0 alimenta\u00e7\u00e3o e abeberamento de animais, ao tratamento fitossanit\u00e1rio ou de fertiliza\u00e7\u00e3o, regas, podas, colheita e transporte de culturas agr\u00edcolas, desde que as mesmas sejam de car\u00e1cter essencial e inadi\u00e1vel e se desenvolvam em zonas de regadio ou desprovidas de florestas, matas ou materiais inflam\u00e1veis, e das quais n\u00e3o decorra perigo de igni\u00e7\u00e3o;<\/p>\n\n\n\n<p>2)&nbsp;&nbsp;&nbsp;A extra\u00e7\u00e3o de corti\u00e7a por m\u00e9todos manuais e a extra\u00e7\u00e3o (cresta) de mel, desde que realizada sem recurso a m\u00e9todos de fumiga\u00e7\u00e3o obtidos por material incandescente ou gerador de temperatura;<\/p>\n\n\n\n<p>3) Os trabalhos de constru\u00e7\u00e3o civil, desde que inadi\u00e1veis e que sejam adotadas as adequadas medidas de mitiga\u00e7\u00e3o de risco de inc\u00eandio rural.<\/p>\n","protected":false},"excerpt":{"rendered":"<p>O distrito de Viana do Castelo vai estar este domingo em Estado de Alerta Especial n\u00edvel laranja. De acordo com a Autoridade Nacional de Emerg\u00eancia e Prote\u00e7\u00e3o Civil, em nota enviada \u00e0 Comunica\u00e7\u00e3o Social, &#8220;Face \u00e0 cont\u00ednua evolu\u00e7\u00e3o das previs\u00f5es meteorol\u00f3gicas para este domingo, que apontam para a persist\u00eancia de tempo quente e seco com [&hellip;]<\/p>\n","protected":false},"author":7,"featured_media":51841,"comment_status":"closed","ping_status":"closed","sticky":false,"template":"","format":"standard","meta":{"_exactmetrics_skip_tracking":false,"_exactmetrics_sitenote_active":false,"_exactmetrics_sitenote_note":"","_exactmetrics_sitenote_category":0,"footnotes":""},"categories":[73],"tags":[27],"class_list":["post-52067","post","type-post","status-publish","format-standard","has-post-thumbnail","hentry","category-alto-minho","tag-sociedade"],"yoast_head":"<!-- This site is optimized with the Yoast SEO Premium plugin v27.4 (Yoast SEO v27.4) - https:\/\/yoast.com\/product\/yoast-seo-premium-wordpress\/ -->\n<title>Viana do Castelo vai estar este domingo em Estado de Alerta Especial n\u00edvel laranja<\/title>\n<meta name=\"robots\" content=\"index, follow, max-snippet:-1, max-image-preview:large, max-video-preview:-1\" \/>\n<link rel=\"canonical\" href=\"https:\/\/www.altominho.tv\/site\/2020\/09\/12\/viana-do-castelo-vai-estar-este-domingo-em-estado-de-alerta-especial-nivel-laranja\/\" \/>\n<meta property=\"og:locale\" content=\"pt_PT\" \/>\n<meta property=\"og:type\" content=\"article\" \/>\n<meta property=\"og:title\" content=\"Viana do Castelo vai estar este domingo em Estado de Alerta Especial n\u00edvel laranja\" \/>\n<meta property=\"og:description\" content=\"O distrito de Viana do Castelo vai estar este domingo em Estado de Alerta Especial n\u00edvel laranja. De acordo com a Autoridade Nacional de Emerg\u00eancia e Prote\u00e7\u00e3o Civil, em nota enviada \u00e0 Comunica\u00e7\u00e3o Social, &#8220;Face \u00e0 cont\u00ednua evolu\u00e7\u00e3o das previs\u00f5es meteorol\u00f3gicas para este domingo, que apontam para a persist\u00eancia de tempo quente e seco com [&hellip;]\" \/>\n<meta property=\"og:url\" content=\"https:\/\/www.altominho.tv\/site\/2020\/09\/12\/viana-do-castelo-vai-estar-este-domingo-em-estado-de-alerta-especial-nivel-laranja\/\" \/>\n<meta property=\"og:site_name\" content=\"Altominho.tv\" \/>\n<meta property=\"article:publisher\" content=\"https:\/\/www.facebook.com\/altominhotv\" \/>\n<meta property=\"article:published_time\" content=\"2020-09-12T22:36:18+00:00\" \/>\n<meta property=\"article:modified_time\" content=\"2020-09-12T22:36:23+00:00\" \/>\n<meta property=\"og:image\" content=\"https:\/\/www.altominho.tv\/site\/wp-content\/uploads\/2020\/09\/111.jpg\" \/>\n\t<meta property=\"og:image:width\" content=\"960\" \/>\n\t<meta property=\"og:image:height\" content=\"540\" \/>\n\t<meta property=\"og:image:type\" content=\"image\/jpeg\" \/>\n<meta name=\"author\" content=\"Andreia Cunha\" \/>\n<meta name=\"twitter:card\" content=\"summary_large_image\" \/>\n<meta name=\"twitter:creator\" content=\"@altominhoTV\" \/>\n<meta name=\"twitter:site\" content=\"@altominhoTV\" \/>\n<meta name=\"twitter:label1\" content=\"Escrito por\" \/>\n\t<meta name=\"twitter:data1\" content=\"Andreia Cunha\" \/>\n\t<meta name=\"twitter:label2\" content=\"Tempo estimado de leitura\" \/>\n\t<meta name=\"twitter:data2\" content=\"3 minutos\" \/>\n<script type=\"application\/ld+json\" class=\"yoast-schema-graph\">{\"@context\":\"https:\\\/\\\/schema.org\",\"@graph\":[{\"@type\":\"Article\",\"@id\":\"https:\\\/\\\/www.altominho.tv\\\/site\\\/2020\\\/09\\\/12\\\/viana-do-castelo-vai-estar-este-domingo-em-estado-de-alerta-especial-nivel-laranja\\\/#article\",\"isPartOf\":{\"@id\":\"https:\\\/\\\/www.altominho.tv\\\/site\\\/2020\\\/09\\\/12\\\/viana-do-castelo-vai-estar-este-domingo-em-estado-de-alerta-especial-nivel-laranja\\\/\"},\"author\":{\"name\":\"Andreia Cunha\",\"@id\":\"https:\\\/\\\/www.altominho.tv\\\/site\\\/#\\\/schema\\\/person\\\/a0e4ef6d041f98ca284393d8f1d97153\"},\"headline\":\"Viana do Castelo vai estar este domingo em Estado de Alerta Especial n\u00edvel laranja\",\"datePublished\":\"2020-09-12T22:36:18+00:00\",\"dateModified\":\"2020-09-12T22:36:23+00:00\",\"mainEntityOfPage\":{\"@id\":\"https:\\\/\\\/www.altominho.tv\\\/site\\\/2020\\\/09\\\/12\\\/viana-do-castelo-vai-estar-este-domingo-em-estado-de-alerta-especial-nivel-laranja\\\/\"},\"wordCount\":527,\"image\":{\"@id\":\"https:\\\/\\\/www.altominho.tv\\\/site\\\/2020\\\/09\\\/12\\\/viana-do-castelo-vai-estar-este-domingo-em-estado-de-alerta-especial-nivel-laranja\\\/#primaryimage\"},\"thumbnailUrl\":\"https:\\\/\\\/www.altominho.tv\\\/site\\\/wp-content\\\/uploads\\\/2020\\\/09\\\/111.jpg\",\"keywords\":[\"Sociedade\"],\"articleSection\":[\"Alto Minho\"],\"inLanguage\":\"pt-PT\",\"copyrightYear\":\"2020\",\"copyrightHolder\":{\"@id\":\"https:\\\/\\\/www.altominho.tv\\\/site\\\/#organization\"}},{\"@type\":\"WebPage\",\"@id\":\"https:\\\/\\\/www.altominho.tv\\\/site\\\/2020\\\/09\\\/12\\\/viana-do-castelo-vai-estar-este-domingo-em-estado-de-alerta-especial-nivel-laranja\\\/\",\"url\":\"https:\\\/\\\/www.altominho.tv\\\/site\\\/2020\\\/09\\\/12\\\/viana-do-castelo-vai-estar-este-domingo-em-estado-de-alerta-especial-nivel-laranja\\\/\",\"name\":\"Viana do Castelo vai estar este domingo em Estado de Alerta Especial n\u00edvel laranja\",\"isPartOf\":{\"@id\":\"https:\\\/\\\/www.altominho.tv\\\/site\\\/#website\"},\"primaryImageOfPage\":{\"@id\":\"https:\\\/\\\/www.altominho.tv\\\/site\\\/2020\\\/09\\\/12\\\/viana-do-castelo-vai-estar-este-domingo-em-estado-de-alerta-especial-nivel-laranja\\\/#primaryimage\"},\"image\":{\"@id\":\"https:\\\/\\\/www.altominho.tv\\\/site\\\/2020\\\/09\\\/12\\\/viana-do-castelo-vai-estar-este-domingo-em-estado-de-alerta-especial-nivel-laranja\\\/#primaryimage\"},\"thumbnailUrl\":\"https:\\\/\\\/www.altominho.tv\\\/site\\\/wp-content\\\/uploads\\\/2020\\\/09\\\/111.jpg\",\"datePublished\":\"2020-09-12T22:36:18+00:00\",\"dateModified\":\"2020-09-12T22:36:23+00:00\",\"author\":{\"@id\":\"https:\\\/\\\/www.altominho.tv\\\/site\\\/#\\\/schema\\\/person\\\/a0e4ef6d041f98ca284393d8f1d97153\"},\"breadcrumb\":{\"@id\":\"https:\\\/\\\/www.altominho.tv\\\/site\\\/2020\\\/09\\\/12\\\/viana-do-castelo-vai-estar-este-domingo-em-estado-de-alerta-especial-nivel-laranja\\\/#breadcrumb\"},\"inLanguage\":\"pt-PT\",\"potentialAction\":[{\"@type\":\"ReadAction\",\"target\":[\"https:\\\/\\\/www.altominho.tv\\\/site\\\/2020\\\/09\\\/12\\\/viana-do-castelo-vai-estar-este-domingo-em-estado-de-alerta-especial-nivel-laranja\\\/\"]}]},{\"@type\":\"ImageObject\",\"inLanguage\":\"pt-PT\",\"@id\":\"https:\\\/\\\/www.altominho.tv\\\/site\\\/2020\\\/09\\\/12\\\/viana-do-castelo-vai-estar-este-domingo-em-estado-de-alerta-especial-nivel-laranja\\\/#primaryimage\",\"url\":\"https:\\\/\\\/www.altominho.tv\\\/site\\\/wp-content\\\/uploads\\\/2020\\\/09\\\/111.jpg\",\"contentUrl\":\"https:\\\/\\\/www.altominho.tv\\\/site\\\/wp-content\\\/uploads\\\/2020\\\/09\\\/111.jpg\",\"width\":960,\"height\":540,\"caption\":\"IMAGEM ILUSTRATIVA\"},{\"@type\":\"BreadcrumbList\",\"@id\":\"https:\\\/\\\/www.altominho.tv\\\/site\\\/2020\\\/09\\\/12\\\/viana-do-castelo-vai-estar-este-domingo-em-estado-de-alerta-especial-nivel-laranja\\\/#breadcrumb\",\"itemListElement\":[{\"@type\":\"ListItem\",\"position\":1,\"name\":\"In\u00edcio\",\"item\":\"https:\\\/\\\/www.altominho.tv\\\/site\\\/\"},{\"@type\":\"ListItem\",\"position\":2,\"name\":\"Viana do Castelo vai estar este domingo em Estado de Alerta Especial n\u00edvel laranja\"}]},{\"@type\":\"WebSite\",\"@id\":\"https:\\\/\\\/www.altominho.tv\\\/site\\\/#website\",\"url\":\"https:\\\/\\\/www.altominho.tv\\\/site\\\/\",\"name\":\"Altominho.tv\",\"description\":\"A sua regi\u00e3o \u00e0 dist\u00e2ncia de um clique...\",\"potentialAction\":[{\"@type\":\"SearchAction\",\"target\":{\"@type\":\"EntryPoint\",\"urlTemplate\":\"https:\\\/\\\/www.altominho.tv\\\/site\\\/?s={search_term_string}\"},\"query-input\":{\"@type\":\"PropertyValueSpecification\",\"valueRequired\":true,\"valueName\":\"search_term_string\"}}],\"inLanguage\":\"pt-PT\"},{\"@type\":\"Person\",\"@id\":\"https:\\\/\\\/www.altominho.tv\\\/site\\\/#\\\/schema\\\/person\\\/a0e4ef6d041f98ca284393d8f1d97153\",\"name\":\"Andreia Cunha\",\"image\":{\"@type\":\"ImageObject\",\"inLanguage\":\"pt-PT\",\"@id\":\"https:\\\/\\\/www.altominho.tv\\\/site\\\/wp-content\\\/uploads\\\/2017\\\/11\\\/Andreia_Cunha-1-150x150.jpg\",\"url\":\"https:\\\/\\\/www.altominho.tv\\\/site\\\/wp-content\\\/uploads\\\/2017\\\/11\\\/Andreia_Cunha-1-150x150.jpg\",\"contentUrl\":\"https:\\\/\\\/www.altominho.tv\\\/site\\\/wp-content\\\/uploads\\\/2017\\\/11\\\/Andreia_Cunha-1-150x150.jpg\",\"caption\":\"Andreia Cunha\"},\"url\":\"https:\\\/\\\/www.altominho.tv\\\/site\\\/author\\\/andreiacunha\\\/\"}]}<\/script>\n<!-- \/ Yoast SEO Premium plugin. -->","yoast_head_json":{"title":"Viana do Castelo vai estar este domingo em Estado de Alerta Especial n\u00edvel laranja","robots":{"index":"index","follow":"follow","max-snippet":"max-snippet:-1","max-image-preview":"max-image-preview:large","max-video-preview":"max-video-preview:-1"},"canonical":"https:\/\/www.altominho.tv\/site\/2020\/09\/12\/viana-do-castelo-vai-estar-este-domingo-em-estado-de-alerta-especial-nivel-laranja\/","og_locale":"pt_PT","og_type":"article","og_title":"Viana do Castelo vai estar este domingo em Estado de Alerta Especial n\u00edvel laranja","og_description":"O distrito de Viana do Castelo vai estar este domingo em Estado de Alerta Especial n\u00edvel laranja. De acordo com a Autoridade Nacional de Emerg\u00eancia e Prote\u00e7\u00e3o Civil, em nota enviada \u00e0 Comunica\u00e7\u00e3o Social, &#8220;Face \u00e0 cont\u00ednua evolu\u00e7\u00e3o das previs\u00f5es meteorol\u00f3gicas para este domingo, que apontam para a persist\u00eancia de tempo quente e seco com [&hellip;]","og_url":"https:\/\/www.altominho.tv\/site\/2020\/09\/12\/viana-do-castelo-vai-estar-este-domingo-em-estado-de-alerta-especial-nivel-laranja\/","og_site_name":"Altominho.tv","article_publisher":"https:\/\/www.facebook.com\/altominhotv","article_published_time":"2020-09-12T22:36:18+00:00","article_modified_time":"2020-09-12T22:36:23+00:00","og_image":[{"width":960,"height":540,"url":"https:\/\/www.altominho.tv\/site\/wp-content\/uploads\/2020\/09\/111.jpg","type":"image\/jpeg"}],"author":"Andreia Cunha","twitter_card":"summary_large_image","twitter_creator":"@altominhoTV","twitter_site":"@altominhoTV","twitter_misc":{"Escrito por":"Andreia Cunha","Tempo estimado de leitura":"3 minutos"},"schema":{"@context":"https:\/\/schema.org","@graph":[{"@type":"Article","@id":"https:\/\/www.altominho.tv\/site\/2020\/09\/12\/viana-do-castelo-vai-estar-este-domingo-em-estado-de-alerta-especial-nivel-laranja\/#article","isPartOf":{"@id":"https:\/\/www.altominho.tv\/site\/2020\/09\/12\/viana-do-castelo-vai-estar-este-domingo-em-estado-de-alerta-especial-nivel-laranja\/"},"author":{"name":"Andreia Cunha","@id":"https:\/\/www.altominho.tv\/site\/#\/schema\/person\/a0e4ef6d041f98ca284393d8f1d97153"},"headline":"Viana do Castelo vai estar este domingo em Estado de Alerta Especial n\u00edvel laranja","datePublished":"2020-09-12T22:36:18+00:00","dateModified":"2020-09-12T22:36:23+00:00","mainEntityOfPage":{"@id":"https:\/\/www.altominho.tv\/site\/2020\/09\/12\/viana-do-castelo-vai-estar-este-domingo-em-estado-de-alerta-especial-nivel-laranja\/"},"wordCount":527,"image":{"@id":"https:\/\/www.altominho.tv\/site\/2020\/09\/12\/viana-do-castelo-vai-estar-este-domingo-em-estado-de-alerta-especial-nivel-laranja\/#primaryimage"},"thumbnailUrl":"https:\/\/www.altominho.tv\/site\/wp-content\/uploads\/2020\/09\/111.jpg","keywords":["Sociedade"],"articleSection":["Alto Minho"],"inLanguage":"pt-PT","copyrightYear":"2020","copyrightHolder":{"@id":"https:\/\/www.altominho.tv\/site\/#organization"}},{"@type":"WebPage","@id":"https:\/\/www.altominho.tv\/site\/2020\/09\/12\/viana-do-castelo-vai-estar-este-domingo-em-estado-de-alerta-especial-nivel-laranja\/","url":"https:\/\/www.altominho.tv\/site\/2020\/09\/12\/viana-do-castelo-vai-estar-este-domingo-em-estado-de-alerta-especial-nivel-laranja\/","name":"Viana do Castelo vai estar este domingo em Estado de Alerta Especial n\u00edvel laranja","isPartOf":{"@id":"https:\/\/www.altominho.tv\/site\/#website"},"primaryImageOfPage":{"@id":"https:\/\/www.altominho.tv\/site\/2020\/09\/12\/viana-do-castelo-vai-estar-este-domingo-em-estado-de-alerta-especial-nivel-laranja\/#primaryimage"},"image":{"@id":"https:\/\/www.altominho.tv\/site\/2020\/09\/12\/viana-do-castelo-vai-estar-este-domingo-em-estado-de-alerta-especial-nivel-laranja\/#primaryimage"},"thumbnailUrl":"https:\/\/www.altominho.tv\/site\/wp-content\/uploads\/2020\/09\/111.jpg","datePublished":"2020-09-12T22:36:18+00:00","dateModified":"2020-09-12T22:36:23+00:00","author":{"@id":"https:\/\/www.altominho.tv\/site\/#\/schema\/person\/a0e4ef6d041f98ca284393d8f1d97153"},"breadcrumb":{"@id":"https:\/\/www.altominho.tv\/site\/2020\/09\/12\/viana-do-castelo-vai-estar-este-domingo-em-estado-de-alerta-especial-nivel-laranja\/#breadcrumb"},"inLanguage":"pt-PT","potentialAction":[{"@type":"ReadAction","target":["https:\/\/www.altominho.tv\/site\/2020\/09\/12\/viana-do-castelo-vai-estar-este-domingo-em-estado-de-alerta-especial-nivel-laranja\/"]}]},{"@type":"ImageObject","inLanguage":"pt-PT","@id":"https:\/\/www.altominho.tv\/site\/2020\/09\/12\/viana-do-castelo-vai-estar-este-domingo-em-estado-de-alerta-especial-nivel-laranja\/#primaryimage","url":"https:\/\/www.altominho.tv\/site\/wp-content\/uploads\/2020\/09\/111.jpg","contentUrl":"https:\/\/www.altominho.tv\/site\/wp-content\/uploads\/2020\/09\/111.jpg","width":960,"height":540,"caption":"IMAGEM ILUSTRATIVA"},{"@type":"BreadcrumbList","@id":"https:\/\/www.altominho.tv\/site\/2020\/09\/12\/viana-do-castelo-vai-estar-este-domingo-em-estado-de-alerta-especial-nivel-laranja\/#breadcrumb","itemListElement":[{"@type":"ListItem","position":1,"name":"In\u00edcio","item":"https:\/\/www.altominho.tv\/site\/"},{"@type":"ListItem","position":2,"name":"Viana do Castelo vai estar este domingo em Estado de Alerta Especial n\u00edvel laranja"}]},{"@type":"WebSite","@id":"https:\/\/www.altominho.tv\/site\/#website","url":"https:\/\/www.altominho.tv\/site\/","name":"Altominho.tv","description":"A sua regi\u00e3o \u00e0 dist\u00e2ncia de um clique...","potentialAction":[{"@type":"SearchAction","target":{"@type":"EntryPoint","urlTemplate":"https:\/\/www.altominho.tv\/site\/?s={search_term_string}"},"query-input":{"@type":"PropertyValueSpecification","valueRequired":true,"valueName":"search_term_string"}}],"inLanguage":"pt-PT"},{"@type":"Person","@id":"https:\/\/www.altominho.tv\/site\/#\/schema\/person\/a0e4ef6d041f98ca284393d8f1d97153","name":"Andreia Cunha","image":{"@type":"ImageObject","inLanguage":"pt-PT","@id":"https:\/\/www.altominho.tv\/site\/wp-content\/uploads\/2017\/11\/Andreia_Cunha-1-150x150.jpg","url":"https:\/\/www.altominho.tv\/site\/wp-content\/uploads\/2017\/11\/Andreia_Cunha-1-150x150.jpg","contentUrl":"https:\/\/www.altominho.tv\/site\/wp-content\/uploads\/2017\/11\/Andreia_Cunha-1-150x150.jpg","caption":"Andreia Cunha"},"url":"https:\/\/www.altominho.tv\/site\/author\/andreiacunha\/"}]}},"_links":{"self":[{"href":"https:\/\/www.altominho.tv\/site\/wp-json\/wp\/v2\/posts\/52067","targetHints":{"allow":["GET"]}}],"collection":[{"href":"https:\/\/www.altominho.tv\/site\/wp-json\/wp\/v2\/posts"}],"about":[{"href":"https:\/\/www.altominho.tv\/site\/wp-json\/wp\/v2\/types\/post"}],"author":[{"embeddable":true,"href":"https:\/\/www.altominho.tv\/site\/wp-json\/wp\/v2\/users\/7"}],"replies":[{"embeddable":true,"href":"https:\/\/www.altominho.tv\/site\/wp-json\/wp\/v2\/comments?post=52067"}],"version-history":[{"count":0,"href":"https:\/\/www.altominho.tv\/site\/wp-json\/wp\/v2\/posts\/52067\/revisions"}],"wp:featuredmedia":[{"embeddable":true,"href":"https:\/\/www.altominho.tv\/site\/wp-json\/wp\/v2\/media\/51841"}],"wp:attachment":[{"href":"https:\/\/www.altominho.tv\/site\/wp-json\/wp\/v2\/media?parent=52067"}],"wp:term":[{"taxonomy":"category","embeddable":true,"href":"https:\/\/www.altominho.tv\/site\/wp-json\/wp\/v2\/categories?post=52067"},{"taxonomy":"post_tag","embeddable":true,"href":"https:\/\/www.altominho.tv\/site\/wp-json\/wp\/v2\/tags?post=52067"}],"curies":[{"name":"wp","href":"https:\/\/api.w.org\/{rel}","templated":true}]}}