{"id":52035,"date":"2020-09-11T16:03:07","date_gmt":"2020-09-11T15:03:07","guid":{"rendered":"http:\/\/www.altominho.tv\/site\/?p=52035"},"modified":"2020-09-11T16:03:11","modified_gmt":"2020-09-11T15:03:11","slug":"incendios-situacao-de-alerta-prolongado-ate-domingo-em-todo-o-continente","status":"publish","type":"post","link":"https:\/\/www.altominho.tv\/site\/2020\/09\/11\/incendios-situacao-de-alerta-prolongado-ate-domingo-em-todo-o-continente\/","title":{"rendered":"Inc\u00eandios: Situa\u00e7\u00e3o de alerta prolongado at\u00e9 domingo em todo o continente"},"content":{"rendered":"\n<p>A situa\u00e7\u00e3o de alerta devido ao risco de inc\u00eandio rural vai prolongar-se at\u00e9 domingo e estende-se agora a todo o territ\u00f3rio continental, tendo em conta as previs\u00f5es meteorol\u00f3gicas para o fim de semana, anunciou hoje o ministro da Administra\u00e7\u00e3o Interna.<br><\/p>\n\n\n\n<p>\u201cAo longo de toda esta semana temos estado em situa\u00e7\u00e3o de alerta ao risco de inc\u00eandio rural e a avalia\u00e7\u00e3o feita esta manh\u00e3 entre a Prote\u00e7\u00e3o Civil e o IPMA, [Instituto Portugu\u00eas do Mar e da Atmosfera] leva-nos a apontar para um agravamento do risco ao longo do pr\u00f3ximo fim de semana\u201d, disse aos jornalistas Eduardo Cabrita.<br><\/p>\n\n\n\n<p>A situa\u00e7\u00e3o de alerta devido ao risco de inc\u00eandio em 14 distritos de Portugal continental a norte do rio Tejo, incluindo Portalegre, teve in\u00edcio no passado dia 06 e terminava hoje \u00e0 noite, mas vai prolongar-se at\u00e9 \u00e0s 23:59 horas de domingo.<br><\/p>\n\n\n\n<p>\u201cT\u00ednhamos as regi\u00f5es do Norte, Centro, Vale do Tejo e norte alentejano em situa\u00e7\u00e3o de alerta, correspondente a 14 distritos, iremos alargar essa situa\u00e7\u00e3o de alerta, durante o fim de semana, a todo o territ\u00f3rio do continente\u201d, precisou, sublinhando que nos pr\u00f3ximos dias as zonas de maior gravidade v\u00e3o ser o Algarve e o Baixo Alentejo, que v\u00e3o estar com n\u00edvel de alerta vermelho da prote\u00e7\u00e3o civil.<br><\/p>\n\n\n\n<p>Segundo o Minist\u00e9rio da Administra\u00e7\u00e3o Interna, a declara\u00e7\u00e3o da situa\u00e7\u00e3o de alerta decorreu da necessidade de adotar medidas preventivas e especiais de rea\u00e7\u00e3o face ao risco de inc\u00eandio previsto pelo IPMA na maioria dos concelhos do continente nos pr\u00f3ximos dias.<br><\/p>\n\n\n\n<p>Os distritos abrangidos pelo Estado de Alerta Especial de N\u00edvel Laranja, determinado pela Autoridade Nacional de Emerg\u00eancia e Prote\u00e7\u00e3o Civil, s\u00e3o os de Aveiro, Braga, Bragan\u00e7a, Castelo Branco, Coimbra, \u00c9vora, Guarda, Leiria, Lisboa, Portalegre, Porto, Santar\u00e9m, Set\u00fabal, Viana do Castelo, Vila Real e Viseu.<br><\/p>\n\n\n\n<p>Eduardo Cabrita avan\u00e7ou que devido a esta situa\u00e7\u00e3o v\u00e3o estar em vigor algumas restri\u00e7\u00f5es, como a proibi\u00e7\u00e3o da ca\u00e7a no pr\u00f3ximo domingo e de atividades desportivos nas florestas.<br><\/p>\n\n\n\n<p>O ministro apelou tamb\u00e9m para que se evitem comportamentos de risco no uso negligente do fogo.<br><\/p>\n\n\n\n<p>\u201cN\u00e3o \u00e9 poss\u00edvel, nem sardinhadas, nem churrascos, nestes dias\u201d, sustentou.<br><\/p>\n\n\n\n<p>A situa\u00e7\u00e3o de alerta implica ainda o refor\u00e7o da prontid\u00e3o dos meios e dos agentes que participam nas opera\u00e7\u00f5es de preven\u00e7\u00e3o e combate a inc\u00eandios rurais e a ativa\u00e7\u00e3o das estruturas de coordena\u00e7\u00e3o, quer de n\u00edvel nacional, quer nos distritos onde esta declara\u00e7\u00e3o se aplica.<br><\/p>\n\n\n\n<p>Durante este per\u00edodo \u00e9 proibida a realiza\u00e7\u00e3o de queimas e queimadas e o uso de fogo de artif\u00edcio ou de outros artefactos pirot\u00e9cnicos, e s\u00e3o proibidos o acesso, a circula\u00e7\u00e3o e a perman\u00eancia em espa\u00e7os florestais &#8220;previamente definidos nos planos municipais de defesa da floresta contra inc\u00eandios\u201d.<br><\/p>\n\n\n\n<p>\u201cEstamos a viver um per\u00edodo particularmente exigente este ver\u00e3o relativamente ao risco de inc\u00eandios rurais, tivemos um m\u00eas de julho muito dif\u00edcil, uma primeira quinzena de agosto tamb\u00e9m muito dif\u00edcil e estes primeiros dias de setembro tem sido muito exig\u00eancias para todo o sistema de prote\u00e7\u00e3o civil\u201d, disse ainda Eduardo Cabrita.<\/p>\n","protected":false},"excerpt":{"rendered":"<p>A situa\u00e7\u00e3o de alerta devido ao risco de inc\u00eandio rural vai prolongar-se at\u00e9 domingo e estende-se agora a todo o territ\u00f3rio continental, tendo em conta as previs\u00f5es meteorol\u00f3gicas para o fim de semana, anunciou hoje o ministro da Administra\u00e7\u00e3o Interna. \u201cAo longo de toda esta semana temos estado em situa\u00e7\u00e3o de alerta ao risco de [&hellip;]<\/p>\n","protected":false},"author":16,"featured_media":52036,"comment_status":"closed","ping_status":"closed","sticky":false,"template":"","format":"standard","meta":{"_exactmetrics_skip_tracking":false,"_exactmetrics_sitenote_active":false,"_exactmetrics_sitenote_note":"","_exactmetrics_sitenote_category":0,"footnotes":""},"categories":[73],"tags":[27],"class_list":["post-52035","post","type-post","status-publish","format-standard","has-post-thumbnail","hentry","category-alto-minho","tag-sociedade"],"yoast_head":"<!-- This site is optimized with the Yoast SEO Premium plugin v27.4 (Yoast SEO v27.4) - https:\/\/yoast.com\/product\/yoast-seo-premium-wordpress\/ -->\n<title>Inc\u00eandios: Situa\u00e7\u00e3o de alerta prolongado at\u00e9 domingo em todo o continente<\/title>\n<meta name=\"robots\" content=\"index, follow, max-snippet:-1, max-image-preview:large, max-video-preview:-1\" \/>\n<link rel=\"canonical\" href=\"https:\/\/www.altominho.tv\/site\/2020\/09\/11\/incendios-situacao-de-alerta-prolongado-ate-domingo-em-todo-o-continente\/\" \/>\n<meta property=\"og:locale\" content=\"pt_PT\" \/>\n<meta property=\"og:type\" content=\"article\" \/>\n<meta property=\"og:title\" content=\"Inc\u00eandios: Situa\u00e7\u00e3o de alerta prolongado at\u00e9 domingo em todo o continente\" \/>\n<meta property=\"og:description\" content=\"A situa\u00e7\u00e3o de alerta devido ao risco de inc\u00eandio rural vai prolongar-se at\u00e9 domingo e estende-se agora a todo o territ\u00f3rio continental, tendo em conta as previs\u00f5es meteorol\u00f3gicas para o fim de semana, anunciou hoje o ministro da Administra\u00e7\u00e3o Interna. \u201cAo longo de toda esta semana temos estado em situa\u00e7\u00e3o de alerta ao risco de [&hellip;]\" \/>\n<meta property=\"og:url\" content=\"https:\/\/www.altominho.tv\/site\/2020\/09\/11\/incendios-situacao-de-alerta-prolongado-ate-domingo-em-todo-o-continente\/\" \/>\n<meta property=\"og:site_name\" content=\"Altominho.tv\" \/>\n<meta property=\"article:publisher\" content=\"https:\/\/www.facebook.com\/altominhotv\" \/>\n<meta property=\"article:published_time\" content=\"2020-09-11T15:03:07+00:00\" \/>\n<meta property=\"article:modified_time\" content=\"2020-09-11T15:03:11+00:00\" \/>\n<meta property=\"og:image\" content=\"https:\/\/www.altominho.tv\/site\/wp-content\/uploads\/2020\/09\/eduardo-cabrita.jpg\" \/>\n\t<meta property=\"og:image:width\" content=\"2048\" \/>\n\t<meta property=\"og:image:height\" content=\"1366\" \/>\n\t<meta property=\"og:image:type\" content=\"image\/jpeg\" \/>\n<meta name=\"author\" content=\"Andreia Cunha | Lusa\" \/>\n<meta name=\"twitter:card\" content=\"summary_large_image\" \/>\n<meta name=\"twitter:creator\" content=\"@altominhoTV\" \/>\n<meta name=\"twitter:site\" content=\"@altominhoTV\" \/>\n<meta name=\"twitter:label1\" content=\"Escrito por\" \/>\n\t<meta name=\"twitter:data1\" content=\"Andreia Cunha | Lusa\" \/>\n\t<meta name=\"twitter:label2\" content=\"Tempo estimado de leitura\" \/>\n\t<meta name=\"twitter:data2\" content=\"3 minutos\" \/>\n<script type=\"application\/ld+json\" class=\"yoast-schema-graph\">{\"@context\":\"https:\\\/\\\/schema.org\",\"@graph\":[{\"@type\":\"Article\",\"@id\":\"https:\\\/\\\/www.altominho.tv\\\/site\\\/2020\\\/09\\\/11\\\/incendios-situacao-de-alerta-prolongado-ate-domingo-em-todo-o-continente\\\/#article\",\"isPartOf\":{\"@id\":\"https:\\\/\\\/www.altominho.tv\\\/site\\\/2020\\\/09\\\/11\\\/incendios-situacao-de-alerta-prolongado-ate-domingo-em-todo-o-continente\\\/\"},\"author\":{\"name\":\"Andreia Cunha | Lusa\",\"@id\":\"https:\\\/\\\/www.altominho.tv\\\/site\\\/#\\\/schema\\\/person\\\/dbaf181c01b51ff40c9f461a905d321e\"},\"headline\":\"Inc\u00eandios: Situa\u00e7\u00e3o de alerta prolongado at\u00e9 domingo em todo o continente\",\"datePublished\":\"2020-09-11T15:03:07+00:00\",\"dateModified\":\"2020-09-11T15:03:11+00:00\",\"mainEntityOfPage\":{\"@id\":\"https:\\\/\\\/www.altominho.tv\\\/site\\\/2020\\\/09\\\/11\\\/incendios-situacao-de-alerta-prolongado-ate-domingo-em-todo-o-continente\\\/\"},\"wordCount\":570,\"image\":{\"@id\":\"https:\\\/\\\/www.altominho.tv\\\/site\\\/2020\\\/09\\\/11\\\/incendios-situacao-de-alerta-prolongado-ate-domingo-em-todo-o-continente\\\/#primaryimage\"},\"thumbnailUrl\":\"https:\\\/\\\/www.altominho.tv\\\/site\\\/wp-content\\\/uploads\\\/2020\\\/09\\\/eduardo-cabrita.jpg\",\"keywords\":[\"Sociedade\"],\"articleSection\":[\"Alto Minho\"],\"inLanguage\":\"pt-PT\",\"copyrightYear\":\"2020\",\"copyrightHolder\":{\"@id\":\"https:\\\/\\\/www.altominho.tv\\\/site\\\/#organization\"}},{\"@type\":\"WebPage\",\"@id\":\"https:\\\/\\\/www.altominho.tv\\\/site\\\/2020\\\/09\\\/11\\\/incendios-situacao-de-alerta-prolongado-ate-domingo-em-todo-o-continente\\\/\",\"url\":\"https:\\\/\\\/www.altominho.tv\\\/site\\\/2020\\\/09\\\/11\\\/incendios-situacao-de-alerta-prolongado-ate-domingo-em-todo-o-continente\\\/\",\"name\":\"Inc\u00eandios: Situa\u00e7\u00e3o de alerta prolongado at\u00e9 domingo em todo o continente\",\"isPartOf\":{\"@id\":\"https:\\\/\\\/www.altominho.tv\\\/site\\\/#website\"},\"primaryImageOfPage\":{\"@id\":\"https:\\\/\\\/www.altominho.tv\\\/site\\\/2020\\\/09\\\/11\\\/incendios-situacao-de-alerta-prolongado-ate-domingo-em-todo-o-continente\\\/#primaryimage\"},\"image\":{\"@id\":\"https:\\\/\\\/www.altominho.tv\\\/site\\\/2020\\\/09\\\/11\\\/incendios-situacao-de-alerta-prolongado-ate-domingo-em-todo-o-continente\\\/#primaryimage\"},\"thumbnailUrl\":\"https:\\\/\\\/www.altominho.tv\\\/site\\\/wp-content\\\/uploads\\\/2020\\\/09\\\/eduardo-cabrita.jpg\",\"datePublished\":\"2020-09-11T15:03:07+00:00\",\"dateModified\":\"2020-09-11T15:03:11+00:00\",\"author\":{\"@id\":\"https:\\\/\\\/www.altominho.tv\\\/site\\\/#\\\/schema\\\/person\\\/dbaf181c01b51ff40c9f461a905d321e\"},\"breadcrumb\":{\"@id\":\"https:\\\/\\\/www.altominho.tv\\\/site\\\/2020\\\/09\\\/11\\\/incendios-situacao-de-alerta-prolongado-ate-domingo-em-todo-o-continente\\\/#breadcrumb\"},\"inLanguage\":\"pt-PT\",\"potentialAction\":[{\"@type\":\"ReadAction\",\"target\":[\"https:\\\/\\\/www.altominho.tv\\\/site\\\/2020\\\/09\\\/11\\\/incendios-situacao-de-alerta-prolongado-ate-domingo-em-todo-o-continente\\\/\"]}]},{\"@type\":\"ImageObject\",\"inLanguage\":\"pt-PT\",\"@id\":\"https:\\\/\\\/www.altominho.tv\\\/site\\\/2020\\\/09\\\/11\\\/incendios-situacao-de-alerta-prolongado-ate-domingo-em-todo-o-continente\\\/#primaryimage\",\"url\":\"https:\\\/\\\/www.altominho.tv\\\/site\\\/wp-content\\\/uploads\\\/2020\\\/09\\\/eduardo-cabrita.jpg\",\"contentUrl\":\"https:\\\/\\\/www.altominho.tv\\\/site\\\/wp-content\\\/uploads\\\/2020\\\/09\\\/eduardo-cabrita.jpg\",\"width\":2048,\"height\":1366},{\"@type\":\"BreadcrumbList\",\"@id\":\"https:\\\/\\\/www.altominho.tv\\\/site\\\/2020\\\/09\\\/11\\\/incendios-situacao-de-alerta-prolongado-ate-domingo-em-todo-o-continente\\\/#breadcrumb\",\"itemListElement\":[{\"@type\":\"ListItem\",\"position\":1,\"name\":\"In\u00edcio\",\"item\":\"https:\\\/\\\/www.altominho.tv\\\/site\\\/\"},{\"@type\":\"ListItem\",\"position\":2,\"name\":\"Inc\u00eandios: Situa\u00e7\u00e3o de alerta prolongado at\u00e9 domingo em todo o continente\"}]},{\"@type\":\"WebSite\",\"@id\":\"https:\\\/\\\/www.altominho.tv\\\/site\\\/#website\",\"url\":\"https:\\\/\\\/www.altominho.tv\\\/site\\\/\",\"name\":\"Altominho.tv\",\"description\":\"A sua regi\u00e3o \u00e0 dist\u00e2ncia de um clique...\",\"potentialAction\":[{\"@type\":\"SearchAction\",\"target\":{\"@type\":\"EntryPoint\",\"urlTemplate\":\"https:\\\/\\\/www.altominho.tv\\\/site\\\/?s={search_term_string}\"},\"query-input\":{\"@type\":\"PropertyValueSpecification\",\"valueRequired\":true,\"valueName\":\"search_term_string\"}}],\"inLanguage\":\"pt-PT\"},{\"@type\":\"Person\",\"@id\":\"https:\\\/\\\/www.altominho.tv\\\/site\\\/#\\\/schema\\\/person\\\/dbaf181c01b51ff40c9f461a905d321e\",\"name\":\"Andreia Cunha | Lusa\",\"image\":{\"@type\":\"ImageObject\",\"inLanguage\":\"pt-PT\",\"@id\":\"https:\\\/\\\/www.altominho.tv\\\/site\\\/wp-content\\\/uploads\\\/2017\\\/11\\\/Andreia_Cunha-1-150x150.jpg\",\"url\":\"https:\\\/\\\/www.altominho.tv\\\/site\\\/wp-content\\\/uploads\\\/2017\\\/11\\\/Andreia_Cunha-1-150x150.jpg\",\"contentUrl\":\"https:\\\/\\\/www.altominho.tv\\\/site\\\/wp-content\\\/uploads\\\/2017\\\/11\\\/Andreia_Cunha-1-150x150.jpg\",\"caption\":\"Andreia Cunha | Lusa\"},\"sameAs\":[\"https:\\\/\\\/www.altominho.tv\\\/site\"],\"url\":\"https:\\\/\\\/www.altominho.tv\\\/site\\\/author\\\/andreiacunhalusa\\\/\"}]}<\/script>\n<!-- \/ Yoast SEO Premium plugin. -->","yoast_head_json":{"title":"Inc\u00eandios: Situa\u00e7\u00e3o de alerta prolongado at\u00e9 domingo em todo o continente","robots":{"index":"index","follow":"follow","max-snippet":"max-snippet:-1","max-image-preview":"max-image-preview:large","max-video-preview":"max-video-preview:-1"},"canonical":"https:\/\/www.altominho.tv\/site\/2020\/09\/11\/incendios-situacao-de-alerta-prolongado-ate-domingo-em-todo-o-continente\/","og_locale":"pt_PT","og_type":"article","og_title":"Inc\u00eandios: Situa\u00e7\u00e3o de alerta prolongado at\u00e9 domingo em todo o continente","og_description":"A situa\u00e7\u00e3o de alerta devido ao risco de inc\u00eandio rural vai prolongar-se at\u00e9 domingo e estende-se agora a todo o territ\u00f3rio continental, tendo em conta as previs\u00f5es meteorol\u00f3gicas para o fim de semana, anunciou hoje o ministro da Administra\u00e7\u00e3o Interna. \u201cAo longo de toda esta semana temos estado em situa\u00e7\u00e3o de alerta ao risco de [&hellip;]","og_url":"https:\/\/www.altominho.tv\/site\/2020\/09\/11\/incendios-situacao-de-alerta-prolongado-ate-domingo-em-todo-o-continente\/","og_site_name":"Altominho.tv","article_publisher":"https:\/\/www.facebook.com\/altominhotv","article_published_time":"2020-09-11T15:03:07+00:00","article_modified_time":"2020-09-11T15:03:11+00:00","og_image":[{"width":2048,"height":1366,"url":"https:\/\/www.altominho.tv\/site\/wp-content\/uploads\/2020\/09\/eduardo-cabrita.jpg","type":"image\/jpeg"}],"author":"Andreia Cunha | Lusa","twitter_card":"summary_large_image","twitter_creator":"@altominhoTV","twitter_site":"@altominhoTV","twitter_misc":{"Escrito por":"Andreia Cunha | Lusa","Tempo estimado de leitura":"3 minutos"},"schema":{"@context":"https:\/\/schema.org","@graph":[{"@type":"Article","@id":"https:\/\/www.altominho.tv\/site\/2020\/09\/11\/incendios-situacao-de-alerta-prolongado-ate-domingo-em-todo-o-continente\/#article","isPartOf":{"@id":"https:\/\/www.altominho.tv\/site\/2020\/09\/11\/incendios-situacao-de-alerta-prolongado-ate-domingo-em-todo-o-continente\/"},"author":{"name":"Andreia Cunha | Lusa","@id":"https:\/\/www.altominho.tv\/site\/#\/schema\/person\/dbaf181c01b51ff40c9f461a905d321e"},"headline":"Inc\u00eandios: Situa\u00e7\u00e3o de alerta prolongado at\u00e9 domingo em todo o continente","datePublished":"2020-09-11T15:03:07+00:00","dateModified":"2020-09-11T15:03:11+00:00","mainEntityOfPage":{"@id":"https:\/\/www.altominho.tv\/site\/2020\/09\/11\/incendios-situacao-de-alerta-prolongado-ate-domingo-em-todo-o-continente\/"},"wordCount":570,"image":{"@id":"https:\/\/www.altominho.tv\/site\/2020\/09\/11\/incendios-situacao-de-alerta-prolongado-ate-domingo-em-todo-o-continente\/#primaryimage"},"thumbnailUrl":"https:\/\/www.altominho.tv\/site\/wp-content\/uploads\/2020\/09\/eduardo-cabrita.jpg","keywords":["Sociedade"],"articleSection":["Alto Minho"],"inLanguage":"pt-PT","copyrightYear":"2020","copyrightHolder":{"@id":"https:\/\/www.altominho.tv\/site\/#organization"}},{"@type":"WebPage","@id":"https:\/\/www.altominho.tv\/site\/2020\/09\/11\/incendios-situacao-de-alerta-prolongado-ate-domingo-em-todo-o-continente\/","url":"https:\/\/www.altominho.tv\/site\/2020\/09\/11\/incendios-situacao-de-alerta-prolongado-ate-domingo-em-todo-o-continente\/","name":"Inc\u00eandios: Situa\u00e7\u00e3o de alerta prolongado at\u00e9 domingo em todo o continente","isPartOf":{"@id":"https:\/\/www.altominho.tv\/site\/#website"},"primaryImageOfPage":{"@id":"https:\/\/www.altominho.tv\/site\/2020\/09\/11\/incendios-situacao-de-alerta-prolongado-ate-domingo-em-todo-o-continente\/#primaryimage"},"image":{"@id":"https:\/\/www.altominho.tv\/site\/2020\/09\/11\/incendios-situacao-de-alerta-prolongado-ate-domingo-em-todo-o-continente\/#primaryimage"},"thumbnailUrl":"https:\/\/www.altominho.tv\/site\/wp-content\/uploads\/2020\/09\/eduardo-cabrita.jpg","datePublished":"2020-09-11T15:03:07+00:00","dateModified":"2020-09-11T15:03:11+00:00","author":{"@id":"https:\/\/www.altominho.tv\/site\/#\/schema\/person\/dbaf181c01b51ff40c9f461a905d321e"},"breadcrumb":{"@id":"https:\/\/www.altominho.tv\/site\/2020\/09\/11\/incendios-situacao-de-alerta-prolongado-ate-domingo-em-todo-o-continente\/#breadcrumb"},"inLanguage":"pt-PT","potentialAction":[{"@type":"ReadAction","target":["https:\/\/www.altominho.tv\/site\/2020\/09\/11\/incendios-situacao-de-alerta-prolongado-ate-domingo-em-todo-o-continente\/"]}]},{"@type":"ImageObject","inLanguage":"pt-PT","@id":"https:\/\/www.altominho.tv\/site\/2020\/09\/11\/incendios-situacao-de-alerta-prolongado-ate-domingo-em-todo-o-continente\/#primaryimage","url":"https:\/\/www.altominho.tv\/site\/wp-content\/uploads\/2020\/09\/eduardo-cabrita.jpg","contentUrl":"https:\/\/www.altominho.tv\/site\/wp-content\/uploads\/2020\/09\/eduardo-cabrita.jpg","width":2048,"height":1366},{"@type":"BreadcrumbList","@id":"https:\/\/www.altominho.tv\/site\/2020\/09\/11\/incendios-situacao-de-alerta-prolongado-ate-domingo-em-todo-o-continente\/#breadcrumb","itemListElement":[{"@type":"ListItem","position":1,"name":"In\u00edcio","item":"https:\/\/www.altominho.tv\/site\/"},{"@type":"ListItem","position":2,"name":"Inc\u00eandios: Situa\u00e7\u00e3o de alerta prolongado at\u00e9 domingo em todo o continente"}]},{"@type":"WebSite","@id":"https:\/\/www.altominho.tv\/site\/#website","url":"https:\/\/www.altominho.tv\/site\/","name":"Altominho.tv","description":"A sua regi\u00e3o \u00e0 dist\u00e2ncia de um clique...","potentialAction":[{"@type":"SearchAction","target":{"@type":"EntryPoint","urlTemplate":"https:\/\/www.altominho.tv\/site\/?s={search_term_string}"},"query-input":{"@type":"PropertyValueSpecification","valueRequired":true,"valueName":"search_term_string"}}],"inLanguage":"pt-PT"},{"@type":"Person","@id":"https:\/\/www.altominho.tv\/site\/#\/schema\/person\/dbaf181c01b51ff40c9f461a905d321e","name":"Andreia Cunha | Lusa","image":{"@type":"ImageObject","inLanguage":"pt-PT","@id":"https:\/\/www.altominho.tv\/site\/wp-content\/uploads\/2017\/11\/Andreia_Cunha-1-150x150.jpg","url":"https:\/\/www.altominho.tv\/site\/wp-content\/uploads\/2017\/11\/Andreia_Cunha-1-150x150.jpg","contentUrl":"https:\/\/www.altominho.tv\/site\/wp-content\/uploads\/2017\/11\/Andreia_Cunha-1-150x150.jpg","caption":"Andreia Cunha | Lusa"},"sameAs":["https:\/\/www.altominho.tv\/site"],"url":"https:\/\/www.altominho.tv\/site\/author\/andreiacunhalusa\/"}]}},"_links":{"self":[{"href":"https:\/\/www.altominho.tv\/site\/wp-json\/wp\/v2\/posts\/52035","targetHints":{"allow":["GET"]}}],"collection":[{"href":"https:\/\/www.altominho.tv\/site\/wp-json\/wp\/v2\/posts"}],"about":[{"href":"https:\/\/www.altominho.tv\/site\/wp-json\/wp\/v2\/types\/post"}],"author":[{"embeddable":true,"href":"https:\/\/www.altominho.tv\/site\/wp-json\/wp\/v2\/users\/16"}],"replies":[{"embeddable":true,"href":"https:\/\/www.altominho.tv\/site\/wp-json\/wp\/v2\/comments?post=52035"}],"version-history":[{"count":0,"href":"https:\/\/www.altominho.tv\/site\/wp-json\/wp\/v2\/posts\/52035\/revisions"}],"wp:featuredmedia":[{"embeddable":true,"href":"https:\/\/www.altominho.tv\/site\/wp-json\/wp\/v2\/media\/52036"}],"wp:attachment":[{"href":"https:\/\/www.altominho.tv\/site\/wp-json\/wp\/v2\/media?parent=52035"}],"wp:term":[{"taxonomy":"category","embeddable":true,"href":"https:\/\/www.altominho.tv\/site\/wp-json\/wp\/v2\/categories?post=52035"},{"taxonomy":"post_tag","embeddable":true,"href":"https:\/\/www.altominho.tv\/site\/wp-json\/wp\/v2\/tags?post=52035"}],"curies":[{"name":"wp","href":"https:\/\/api.w.org\/{rel}","templated":true}]}}