{"id":52032,"date":"2020-09-11T15:32:45","date_gmt":"2020-09-11T14:32:45","guid":{"rendered":"http:\/\/www.altominho.tv\/site\/?p=52032"},"modified":"2020-09-11T15:32:49","modified_gmt":"2020-09-11T14:32:49","slug":"mais-5-882-mortes-entre-01-de-marco-e-30-de-agosto-face-a-2019","status":"publish","type":"post","link":"https:\/\/www.altominho.tv\/site\/2020\/09\/11\/mais-5-882-mortes-entre-01-de-marco-e-30-de-agosto-face-a-2019\/","title":{"rendered":"Mais 5.882 mortes entre 01 de mar\u00e7o e 30 de agosto face a 2019"},"content":{"rendered":"\n<p>Entre 01 de mar\u00e7o e 30 de agosto morreram em Portugal mais 5.882 pessoas que em igual per\u00edodo de 2019, uma varia\u00e7\u00e3o resultante do aumento de mortes de pessoas com mais de 75 anos, segundo o INE.<\/p>\n\n\n\n<p>\u201cO n\u00famero total preliminar de \u00f3bitos ocorridos entre 1 de mar\u00e7o e 30 de agosto de 2020 foi superior em 5.882 relativamente ao n\u00famero dos registados em igual per\u00edodo em 2019 e superior em 3.757 casos relativamente ao mesmo per\u00edodo de 2018\u201d, divulgou hoje o Instituto Nacional de Estat\u00edstica.&nbsp;<\/p>\n\n\n\n<p>O INE adianta que a varia\u00e7\u00e3o positiva relativamente a 2019 resulta sobretudo do acr\u00e9scimo do n\u00famero de \u00f3bitos em pessoas com 75 e mais anos (+ 5.162).&nbsp;<\/p>\n\n\n\n<p>Os dados globais de sobre mortalidade constam dos \u201cIndicadores de contexto demogr\u00e1fico e da express\u00e3o territorial da pandemia Covid-19 em Portugal\u201d divulgados hoje pelo INE.<\/p>\n\n\n\n<p>Especificamente sobre a pandemia de covid-19 o INE refere que \u201ca express\u00e3o da pandemia continua a ser caracterizada por uma elevada heterogeneidade territorial\u201d, com os dados divulgados hoje a indicarem que em 164 dos 308 munic\u00edpios portugueses, os \u00f3bitos nas \u00faltimas quatro semanas (entre 03 e 30 de agosto de 2020) foram superiores ao valor hom\u00f3logo de refer\u00eancia.&nbsp;<\/p>\n\n\n\n<p>\u201cA partir do final de agosto observa-se uma tend\u00eancia de aumento do n\u00famero de novos casos de covid-19, com valores acima de 2.500 novos casos a partir de 7 de setembro (valores acumulados dos \u00faltimos 7 dias) e atingindo os 3.075 novos casos (correspondentes a 3,0 novos casos por 10 mil habitantes) a 9 de setembro\u201d, refere o INE.&nbsp;<\/p>\n\n\n\n<p>Em 06 de setembro, data de refer\u00eancia dos \u00faltimos dados divulgados pela DGS ao n\u00edvel municipal, por cada 10 mil habitantes, registaram-se, 2,4 novos casos de covid-19, sendo que em 53 munic\u00edpios este valor foi superior.<\/p>\n\n\n\n<p>Na regi\u00e3o Norte, 29 munic\u00edpios registaram um valor acima da m\u00e9dia do pa\u00eds, salientando-se um conjunto de 13 munic\u00edpios da \u00c1rea Metropolitana do Porto (AMP) e territ\u00f3rios lim\u00edtrofes \u2013 Arouca, P\u00f3voa de Varzim, Vila do Conde, Santo Tirso e Paredes, na AMP, e os munic\u00edpios de Lousada, Felgueiras, Pa\u00e7os de Ferreira, Castelo de Paiva e Penafiel no T\u00e2mega e Sousa, e de Guimar\u00e3es, Vila Nova de Famalic\u00e3o e Vizela no Ave.&nbsp;<\/p>\n\n\n\n<p>Com valores superiores a sete novos casos por 10 mil habitantes, destacavam-se, ainda, os munic\u00edpios de Sernancelhe (Douro) e Vimioso (Terras de Tr\u00e1s-os-Montes).<\/p>\n\n\n\n<p>Na \u00c1rea Metropolitana de Lisboa (AML), do total de 18 munic\u00edpios, 11 apresentaram valores acima do nacional: Sintra e Amadora, com cinco ou mais casos confirmados por 10 mil habitantes, seguindo-se os munic\u00edpios de Vila Franca de Xira, Odivelas, Lisboa, Oeiras, Loures, Set\u00fabal, Barreiro, Mafra e Seixal.&nbsp;<\/p>\n\n\n\n<p>Tamb\u00e9m alguns munic\u00edpios das regi\u00f5es Centro (Arruda dos Vinhos, Santa Comba D\u00e3o, Cantanhede, \u00c1gueda e S\u00e1t\u00e3o), Alentejo (Odemira, Santar\u00e9m, Reguengos de Monsaraz, Campo Maior, Sines, Benavente e Mora) e Algarve (Loul\u00e9) apresentavam valores superiores ao valor nacional.&nbsp;<\/p>\n\n\n\n<p>&#8220;A an\u00e1lise da concentra\u00e7\u00e3o territorial dos novos casos revelou uma tend\u00eancia de aumento at\u00e9 14 de junho, seguida de uma progressiva redu\u00e7\u00e3o, atingindo-se o maior n\u00edvel de dispers\u00e3o territorial da s\u00e9rie de 19 de abril a 6 de setembro, a 6 de setembro&#8221;, sublinha.<\/p>\n\n\n\n<p>No conjunto de sete dias terminados a 06 de setembro, a AML representava 40% dos novos casos do pa\u00eds (28% da popula\u00e7\u00e3o residente, em 2019).&nbsp;<\/p>\n\n\n\n<p>\u201cAo longo das \u00faltimas semanas, verificou-se tamb\u00e9m um aumento do n\u00famero de novos casos na AMP, registando-se uma aproxima\u00e7\u00e3o aos valores de novos casos confirmados por 10 mil habitantes observados para o pa\u00eds\u201d.&nbsp;<\/p>\n\n\n\n<p>Segundo o INE, os novos casos registados nas duas \u00e1reas metropolitanas representavam a 06 de setembro mais de metade (56%) do total de novos casos do pa\u00eds.&nbsp;<\/p>\n\n\n\n<p>A 06 de setembro existiam em Portugal 58,8 casos de covid-19 por 10 mil habitantes.<\/p>\n\n\n\n<p>A an\u00e1lise de regress\u00e3o da s\u00e9rie di\u00e1ria dos novos casos confirmados evidencia \u201cuma estrutura semanal caracterizada pelo registo de um maior n\u00famero de casos di\u00e1rios, em termos relativos, em cada semana nos dias \u00fateis de 3\u00aa a 6\u00aa feira, do que os apurados nos outros dias\u201d.<\/p>\n","protected":false},"excerpt":{"rendered":"<p>Entre 01 de mar\u00e7o e 30 de agosto morreram em Portugal mais 5.882 pessoas que em igual per\u00edodo de 2019, uma varia\u00e7\u00e3o resultante do aumento de mortes de pessoas com mais de 75 anos, segundo o INE. \u201cO n\u00famero total preliminar de \u00f3bitos ocorridos entre 1 de mar\u00e7o e 30 de agosto de 2020 foi [&hellip;]<\/p>\n","protected":false},"author":16,"featured_media":52033,"comment_status":"closed","ping_status":"closed","sticky":false,"template":"","format":"standard","meta":{"_exactmetrics_skip_tracking":false,"_exactmetrics_sitenote_active":false,"_exactmetrics_sitenote_note":"","_exactmetrics_sitenote_category":0,"footnotes":""},"categories":[42722],"tags":[26],"class_list":["post-52032","post","type-post","status-publish","format-standard","has-post-thumbnail","hentry","category-covid-19","tag-saude"],"yoast_head":"<!-- This site is optimized with the Yoast SEO Premium plugin v27.5 (Yoast SEO v27.5) - https:\/\/yoast.com\/product\/yoast-seo-premium-wordpress\/ -->\n<title>Mais 5.882 mortes entre 01 de mar\u00e7o e 30 de agosto face a 2019<\/title>\n<meta name=\"robots\" content=\"index, follow, max-snippet:-1, max-image-preview:large, max-video-preview:-1\" \/>\n<link rel=\"canonical\" href=\"https:\/\/www.altominho.tv\/site\/2020\/09\/11\/mais-5-882-mortes-entre-01-de-marco-e-30-de-agosto-face-a-2019\/\" \/>\n<meta property=\"og:locale\" content=\"pt_PT\" \/>\n<meta property=\"og:type\" content=\"article\" \/>\n<meta property=\"og:title\" content=\"Mais 5.882 mortes entre 01 de mar\u00e7o e 30 de agosto face a 2019\" \/>\n<meta property=\"og:description\" content=\"Entre 01 de mar\u00e7o e 30 de agosto morreram em Portugal mais 5.882 pessoas que em igual per\u00edodo de 2019, uma varia\u00e7\u00e3o resultante do aumento de mortes de pessoas com mais de 75 anos, segundo o INE. \u201cO n\u00famero total preliminar de \u00f3bitos ocorridos entre 1 de mar\u00e7o e 30 de agosto de 2020 foi [&hellip;]\" \/>\n<meta property=\"og:url\" content=\"https:\/\/www.altominho.tv\/site\/2020\/09\/11\/mais-5-882-mortes-entre-01-de-marco-e-30-de-agosto-face-a-2019\/\" \/>\n<meta property=\"og:site_name\" content=\"Altominho.tv\" \/>\n<meta property=\"article:publisher\" content=\"https:\/\/www.facebook.com\/altominhotv\" \/>\n<meta property=\"article:published_time\" content=\"2020-09-11T14:32:45+00:00\" \/>\n<meta property=\"article:modified_time\" content=\"2020-09-11T14:32:49+00:00\" \/>\n<meta property=\"og:image\" content=\"https:\/\/www.altominho.tv\/site\/wp-content\/uploads\/2020\/09\/coronavirus_covid_19_5f36abdadd5e0.jpg\" \/>\n\t<meta property=\"og:image:width\" content=\"850\" \/>\n\t<meta property=\"og:image:height\" content=\"566\" \/>\n\t<meta property=\"og:image:type\" content=\"image\/jpeg\" \/>\n<meta name=\"author\" content=\"Andreia Cunha | Lusa\" \/>\n<meta name=\"twitter:card\" content=\"summary_large_image\" \/>\n<meta name=\"twitter:creator\" content=\"@altominhoTV\" \/>\n<meta name=\"twitter:site\" content=\"@altominhoTV\" \/>\n<meta name=\"twitter:label1\" content=\"Escrito por\" \/>\n\t<meta name=\"twitter:data1\" content=\"Andreia Cunha | Lusa\" \/>\n\t<meta name=\"twitter:label2\" content=\"Tempo estimado de leitura\" \/>\n\t<meta name=\"twitter:data2\" content=\"3 minutos\" \/>\n<script type=\"application\/ld+json\" class=\"yoast-schema-graph\">{\"@context\":\"https:\\\/\\\/schema.org\",\"@graph\":[{\"@type\":\"Article\",\"@id\":\"https:\\\/\\\/www.altominho.tv\\\/site\\\/2020\\\/09\\\/11\\\/mais-5-882-mortes-entre-01-de-marco-e-30-de-agosto-face-a-2019\\\/#article\",\"isPartOf\":{\"@id\":\"https:\\\/\\\/www.altominho.tv\\\/site\\\/2020\\\/09\\\/11\\\/mais-5-882-mortes-entre-01-de-marco-e-30-de-agosto-face-a-2019\\\/\"},\"author\":{\"name\":\"Andreia Cunha | Lusa\",\"@id\":\"https:\\\/\\\/www.altominho.tv\\\/site\\\/#\\\/schema\\\/person\\\/dbaf181c01b51ff40c9f461a905d321e\"},\"headline\":\"Mais 5.882 mortes entre 01 de mar\u00e7o e 30 de agosto face a 2019\",\"datePublished\":\"2020-09-11T14:32:45+00:00\",\"dateModified\":\"2020-09-11T14:32:49+00:00\",\"mainEntityOfPage\":{\"@id\":\"https:\\\/\\\/www.altominho.tv\\\/site\\\/2020\\\/09\\\/11\\\/mais-5-882-mortes-entre-01-de-marco-e-30-de-agosto-face-a-2019\\\/\"},\"wordCount\":693,\"image\":{\"@id\":\"https:\\\/\\\/www.altominho.tv\\\/site\\\/2020\\\/09\\\/11\\\/mais-5-882-mortes-entre-01-de-marco-e-30-de-agosto-face-a-2019\\\/#primaryimage\"},\"thumbnailUrl\":\"https:\\\/\\\/www.altominho.tv\\\/site\\\/wp-content\\\/uploads\\\/2020\\\/09\\\/coronavirus_covid_19_5f36abdadd5e0.jpg\",\"keywords\":[\"Sa\u00fade\"],\"articleSection\":[\"Coronav\u00edrus\"],\"inLanguage\":\"pt-PT\",\"copyrightYear\":\"2020\",\"copyrightHolder\":{\"@id\":\"https:\\\/\\\/www.altominho.tv\\\/site\\\/#organization\"}},{\"@type\":\"WebPage\",\"@id\":\"https:\\\/\\\/www.altominho.tv\\\/site\\\/2020\\\/09\\\/11\\\/mais-5-882-mortes-entre-01-de-marco-e-30-de-agosto-face-a-2019\\\/\",\"url\":\"https:\\\/\\\/www.altominho.tv\\\/site\\\/2020\\\/09\\\/11\\\/mais-5-882-mortes-entre-01-de-marco-e-30-de-agosto-face-a-2019\\\/\",\"name\":\"Mais 5.882 mortes entre 01 de mar\u00e7o e 30 de agosto face a 2019\",\"isPartOf\":{\"@id\":\"https:\\\/\\\/www.altominho.tv\\\/site\\\/#website\"},\"primaryImageOfPage\":{\"@id\":\"https:\\\/\\\/www.altominho.tv\\\/site\\\/2020\\\/09\\\/11\\\/mais-5-882-mortes-entre-01-de-marco-e-30-de-agosto-face-a-2019\\\/#primaryimage\"},\"image\":{\"@id\":\"https:\\\/\\\/www.altominho.tv\\\/site\\\/2020\\\/09\\\/11\\\/mais-5-882-mortes-entre-01-de-marco-e-30-de-agosto-face-a-2019\\\/#primaryimage\"},\"thumbnailUrl\":\"https:\\\/\\\/www.altominho.tv\\\/site\\\/wp-content\\\/uploads\\\/2020\\\/09\\\/coronavirus_covid_19_5f36abdadd5e0.jpg\",\"datePublished\":\"2020-09-11T14:32:45+00:00\",\"dateModified\":\"2020-09-11T14:32:49+00:00\",\"author\":{\"@id\":\"https:\\\/\\\/www.altominho.tv\\\/site\\\/#\\\/schema\\\/person\\\/dbaf181c01b51ff40c9f461a905d321e\"},\"breadcrumb\":{\"@id\":\"https:\\\/\\\/www.altominho.tv\\\/site\\\/2020\\\/09\\\/11\\\/mais-5-882-mortes-entre-01-de-marco-e-30-de-agosto-face-a-2019\\\/#breadcrumb\"},\"inLanguage\":\"pt-PT\",\"potentialAction\":[{\"@type\":\"ReadAction\",\"target\":[\"https:\\\/\\\/www.altominho.tv\\\/site\\\/2020\\\/09\\\/11\\\/mais-5-882-mortes-entre-01-de-marco-e-30-de-agosto-face-a-2019\\\/\"]}]},{\"@type\":\"ImageObject\",\"inLanguage\":\"pt-PT\",\"@id\":\"https:\\\/\\\/www.altominho.tv\\\/site\\\/2020\\\/09\\\/11\\\/mais-5-882-mortes-entre-01-de-marco-e-30-de-agosto-face-a-2019\\\/#primaryimage\",\"url\":\"https:\\\/\\\/www.altominho.tv\\\/site\\\/wp-content\\\/uploads\\\/2020\\\/09\\\/coronavirus_covid_19_5f36abdadd5e0.jpg\",\"contentUrl\":\"https:\\\/\\\/www.altominho.tv\\\/site\\\/wp-content\\\/uploads\\\/2020\\\/09\\\/coronavirus_covid_19_5f36abdadd5e0.jpg\",\"width\":850,\"height\":566},{\"@type\":\"BreadcrumbList\",\"@id\":\"https:\\\/\\\/www.altominho.tv\\\/site\\\/2020\\\/09\\\/11\\\/mais-5-882-mortes-entre-01-de-marco-e-30-de-agosto-face-a-2019\\\/#breadcrumb\",\"itemListElement\":[{\"@type\":\"ListItem\",\"position\":1,\"name\":\"In\u00edcio\",\"item\":\"https:\\\/\\\/www.altominho.tv\\\/site\\\/\"},{\"@type\":\"ListItem\",\"position\":2,\"name\":\"Mais 5.882 mortes entre 01 de mar\u00e7o e 30 de agosto face a 2019\"}]},{\"@type\":\"WebSite\",\"@id\":\"https:\\\/\\\/www.altominho.tv\\\/site\\\/#website\",\"url\":\"https:\\\/\\\/www.altominho.tv\\\/site\\\/\",\"name\":\"Altominho.tv\",\"description\":\"A sua regi\u00e3o \u00e0 dist\u00e2ncia de um clique...\",\"potentialAction\":[{\"@type\":\"SearchAction\",\"target\":{\"@type\":\"EntryPoint\",\"urlTemplate\":\"https:\\\/\\\/www.altominho.tv\\\/site\\\/?s={search_term_string}\"},\"query-input\":{\"@type\":\"PropertyValueSpecification\",\"valueRequired\":true,\"valueName\":\"search_term_string\"}}],\"inLanguage\":\"pt-PT\"},{\"@type\":\"Person\",\"@id\":\"https:\\\/\\\/www.altominho.tv\\\/site\\\/#\\\/schema\\\/person\\\/dbaf181c01b51ff40c9f461a905d321e\",\"name\":\"Andreia Cunha | Lusa\",\"image\":{\"@type\":\"ImageObject\",\"inLanguage\":\"pt-PT\",\"@id\":\"https:\\\/\\\/www.altominho.tv\\\/site\\\/wp-content\\\/uploads\\\/2017\\\/11\\\/Andreia_Cunha-1-150x150.jpg\",\"url\":\"https:\\\/\\\/www.altominho.tv\\\/site\\\/wp-content\\\/uploads\\\/2017\\\/11\\\/Andreia_Cunha-1-150x150.jpg\",\"contentUrl\":\"https:\\\/\\\/www.altominho.tv\\\/site\\\/wp-content\\\/uploads\\\/2017\\\/11\\\/Andreia_Cunha-1-150x150.jpg\",\"caption\":\"Andreia Cunha | Lusa\"},\"sameAs\":[\"https:\\\/\\\/www.altominho.tv\\\/site\"],\"url\":\"https:\\\/\\\/www.altominho.tv\\\/site\\\/author\\\/andreiacunhalusa\\\/\"}]}<\/script>\n<!-- \/ Yoast SEO Premium plugin. -->","yoast_head_json":{"title":"Mais 5.882 mortes entre 01 de mar\u00e7o e 30 de agosto face a 2019","robots":{"index":"index","follow":"follow","max-snippet":"max-snippet:-1","max-image-preview":"max-image-preview:large","max-video-preview":"max-video-preview:-1"},"canonical":"https:\/\/www.altominho.tv\/site\/2020\/09\/11\/mais-5-882-mortes-entre-01-de-marco-e-30-de-agosto-face-a-2019\/","og_locale":"pt_PT","og_type":"article","og_title":"Mais 5.882 mortes entre 01 de mar\u00e7o e 30 de agosto face a 2019","og_description":"Entre 01 de mar\u00e7o e 30 de agosto morreram em Portugal mais 5.882 pessoas que em igual per\u00edodo de 2019, uma varia\u00e7\u00e3o resultante do aumento de mortes de pessoas com mais de 75 anos, segundo o INE. \u201cO n\u00famero total preliminar de \u00f3bitos ocorridos entre 1 de mar\u00e7o e 30 de agosto de 2020 foi [&hellip;]","og_url":"https:\/\/www.altominho.tv\/site\/2020\/09\/11\/mais-5-882-mortes-entre-01-de-marco-e-30-de-agosto-face-a-2019\/","og_site_name":"Altominho.tv","article_publisher":"https:\/\/www.facebook.com\/altominhotv","article_published_time":"2020-09-11T14:32:45+00:00","article_modified_time":"2020-09-11T14:32:49+00:00","og_image":[{"width":850,"height":566,"url":"https:\/\/www.altominho.tv\/site\/wp-content\/uploads\/2020\/09\/coronavirus_covid_19_5f36abdadd5e0.jpg","type":"image\/jpeg"}],"author":"Andreia Cunha | Lusa","twitter_card":"summary_large_image","twitter_creator":"@altominhoTV","twitter_site":"@altominhoTV","twitter_misc":{"Escrito por":"Andreia Cunha | Lusa","Tempo estimado de leitura":"3 minutos"},"schema":{"@context":"https:\/\/schema.org","@graph":[{"@type":"Article","@id":"https:\/\/www.altominho.tv\/site\/2020\/09\/11\/mais-5-882-mortes-entre-01-de-marco-e-30-de-agosto-face-a-2019\/#article","isPartOf":{"@id":"https:\/\/www.altominho.tv\/site\/2020\/09\/11\/mais-5-882-mortes-entre-01-de-marco-e-30-de-agosto-face-a-2019\/"},"author":{"name":"Andreia Cunha | Lusa","@id":"https:\/\/www.altominho.tv\/site\/#\/schema\/person\/dbaf181c01b51ff40c9f461a905d321e"},"headline":"Mais 5.882 mortes entre 01 de mar\u00e7o e 30 de agosto face a 2019","datePublished":"2020-09-11T14:32:45+00:00","dateModified":"2020-09-11T14:32:49+00:00","mainEntityOfPage":{"@id":"https:\/\/www.altominho.tv\/site\/2020\/09\/11\/mais-5-882-mortes-entre-01-de-marco-e-30-de-agosto-face-a-2019\/"},"wordCount":693,"image":{"@id":"https:\/\/www.altominho.tv\/site\/2020\/09\/11\/mais-5-882-mortes-entre-01-de-marco-e-30-de-agosto-face-a-2019\/#primaryimage"},"thumbnailUrl":"https:\/\/www.altominho.tv\/site\/wp-content\/uploads\/2020\/09\/coronavirus_covid_19_5f36abdadd5e0.jpg","keywords":["Sa\u00fade"],"articleSection":["Coronav\u00edrus"],"inLanguage":"pt-PT","copyrightYear":"2020","copyrightHolder":{"@id":"https:\/\/www.altominho.tv\/site\/#organization"}},{"@type":"WebPage","@id":"https:\/\/www.altominho.tv\/site\/2020\/09\/11\/mais-5-882-mortes-entre-01-de-marco-e-30-de-agosto-face-a-2019\/","url":"https:\/\/www.altominho.tv\/site\/2020\/09\/11\/mais-5-882-mortes-entre-01-de-marco-e-30-de-agosto-face-a-2019\/","name":"Mais 5.882 mortes entre 01 de mar\u00e7o e 30 de agosto face a 2019","isPartOf":{"@id":"https:\/\/www.altominho.tv\/site\/#website"},"primaryImageOfPage":{"@id":"https:\/\/www.altominho.tv\/site\/2020\/09\/11\/mais-5-882-mortes-entre-01-de-marco-e-30-de-agosto-face-a-2019\/#primaryimage"},"image":{"@id":"https:\/\/www.altominho.tv\/site\/2020\/09\/11\/mais-5-882-mortes-entre-01-de-marco-e-30-de-agosto-face-a-2019\/#primaryimage"},"thumbnailUrl":"https:\/\/www.altominho.tv\/site\/wp-content\/uploads\/2020\/09\/coronavirus_covid_19_5f36abdadd5e0.jpg","datePublished":"2020-09-11T14:32:45+00:00","dateModified":"2020-09-11T14:32:49+00:00","author":{"@id":"https:\/\/www.altominho.tv\/site\/#\/schema\/person\/dbaf181c01b51ff40c9f461a905d321e"},"breadcrumb":{"@id":"https:\/\/www.altominho.tv\/site\/2020\/09\/11\/mais-5-882-mortes-entre-01-de-marco-e-30-de-agosto-face-a-2019\/#breadcrumb"},"inLanguage":"pt-PT","potentialAction":[{"@type":"ReadAction","target":["https:\/\/www.altominho.tv\/site\/2020\/09\/11\/mais-5-882-mortes-entre-01-de-marco-e-30-de-agosto-face-a-2019\/"]}]},{"@type":"ImageObject","inLanguage":"pt-PT","@id":"https:\/\/www.altominho.tv\/site\/2020\/09\/11\/mais-5-882-mortes-entre-01-de-marco-e-30-de-agosto-face-a-2019\/#primaryimage","url":"https:\/\/www.altominho.tv\/site\/wp-content\/uploads\/2020\/09\/coronavirus_covid_19_5f36abdadd5e0.jpg","contentUrl":"https:\/\/www.altominho.tv\/site\/wp-content\/uploads\/2020\/09\/coronavirus_covid_19_5f36abdadd5e0.jpg","width":850,"height":566},{"@type":"BreadcrumbList","@id":"https:\/\/www.altominho.tv\/site\/2020\/09\/11\/mais-5-882-mortes-entre-01-de-marco-e-30-de-agosto-face-a-2019\/#breadcrumb","itemListElement":[{"@type":"ListItem","position":1,"name":"In\u00edcio","item":"https:\/\/www.altominho.tv\/site\/"},{"@type":"ListItem","position":2,"name":"Mais 5.882 mortes entre 01 de mar\u00e7o e 30 de agosto face a 2019"}]},{"@type":"WebSite","@id":"https:\/\/www.altominho.tv\/site\/#website","url":"https:\/\/www.altominho.tv\/site\/","name":"Altominho.tv","description":"A sua regi\u00e3o \u00e0 dist\u00e2ncia de um clique...","potentialAction":[{"@type":"SearchAction","target":{"@type":"EntryPoint","urlTemplate":"https:\/\/www.altominho.tv\/site\/?s={search_term_string}"},"query-input":{"@type":"PropertyValueSpecification","valueRequired":true,"valueName":"search_term_string"}}],"inLanguage":"pt-PT"},{"@type":"Person","@id":"https:\/\/www.altominho.tv\/site\/#\/schema\/person\/dbaf181c01b51ff40c9f461a905d321e","name":"Andreia Cunha | Lusa","image":{"@type":"ImageObject","inLanguage":"pt-PT","@id":"https:\/\/www.altominho.tv\/site\/wp-content\/uploads\/2017\/11\/Andreia_Cunha-1-150x150.jpg","url":"https:\/\/www.altominho.tv\/site\/wp-content\/uploads\/2017\/11\/Andreia_Cunha-1-150x150.jpg","contentUrl":"https:\/\/www.altominho.tv\/site\/wp-content\/uploads\/2017\/11\/Andreia_Cunha-1-150x150.jpg","caption":"Andreia Cunha | Lusa"},"sameAs":["https:\/\/www.altominho.tv\/site"],"url":"https:\/\/www.altominho.tv\/site\/author\/andreiacunhalusa\/"}]}},"_links":{"self":[{"href":"https:\/\/www.altominho.tv\/site\/wp-json\/wp\/v2\/posts\/52032","targetHints":{"allow":["GET"]}}],"collection":[{"href":"https:\/\/www.altominho.tv\/site\/wp-json\/wp\/v2\/posts"}],"about":[{"href":"https:\/\/www.altominho.tv\/site\/wp-json\/wp\/v2\/types\/post"}],"author":[{"embeddable":true,"href":"https:\/\/www.altominho.tv\/site\/wp-json\/wp\/v2\/users\/16"}],"replies":[{"embeddable":true,"href":"https:\/\/www.altominho.tv\/site\/wp-json\/wp\/v2\/comments?post=52032"}],"version-history":[{"count":0,"href":"https:\/\/www.altominho.tv\/site\/wp-json\/wp\/v2\/posts\/52032\/revisions"}],"wp:featuredmedia":[{"embeddable":true,"href":"https:\/\/www.altominho.tv\/site\/wp-json\/wp\/v2\/media\/52033"}],"wp:attachment":[{"href":"https:\/\/www.altominho.tv\/site\/wp-json\/wp\/v2\/media?parent=52032"}],"wp:term":[{"taxonomy":"category","embeddable":true,"href":"https:\/\/www.altominho.tv\/site\/wp-json\/wp\/v2\/categories?post=52032"},{"taxonomy":"post_tag","embeddable":true,"href":"https:\/\/www.altominho.tv\/site\/wp-json\/wp\/v2\/tags?post=52032"}],"curies":[{"name":"wp","href":"https:\/\/api.w.org\/{rel}","templated":true}]}}