{"id":52030,"date":"2020-09-11T15:15:27","date_gmt":"2020-09-11T14:15:27","guid":{"rendered":"http:\/\/www.altominho.tv\/site\/?p=52030"},"modified":"2020-09-11T15:15:30","modified_gmt":"2020-09-11T14:15:30","slug":"portugal-regista-hoje-mais-tres-mortos-e-687-novos-casos-de-infecao","status":"publish","type":"post","link":"https:\/\/www.altominho.tv\/site\/2020\/09\/11\/portugal-regista-hoje-mais-tres-mortos-e-687-novos-casos-de-infecao\/","title":{"rendered":"Portugal regista hoje mais tr\u00eas mortos e 687 novos casos de infe\u00e7\u00e3o"},"content":{"rendered":"\n<p>Portugal contabiliza hoje mais tr\u00eas mortos relacionados com a covid-19 e 687 novos casos de infe\u00e7\u00e3o com o novo coronav\u00edrus, segundo o boletim epidemiol\u00f3gico da Dire\u00e7\u00e3o-Geral da Sa\u00fade (DGS) hoje divulgado.&nbsp;<\/p>\n\n\n\n<p>O N\u00famero de novos casos em 24 horas contabilizado hoje \u00e9 o mais alto desde 16 de abril, quando foram registados 750 novos casos de infe\u00e7\u00e3o.<\/p>\n\n\n\n<p>Desde o in\u00edcio da pandemia, Portugal j\u00e1 registou 1.855 mortes e 62.813 casos de infe\u00e7\u00e3o.&nbsp;<\/p>\n\n\n\n<p>Duas mortes foram registadas na regi\u00e3o de Lisboa e Vale do Tejo e outra teve lugar na regi\u00e3o do Algarve.<\/p>\n\n\n\n<p>Em vigil\u00e2ncia permanecem 35.712 contactos, mais 531 em rela\u00e7\u00e3o a quinta-feira.<\/p>\n","protected":false},"excerpt":{"rendered":"<p>Portugal contabiliza hoje mais tr\u00eas mortos relacionados com a covid-19 e 687 novos casos de infe\u00e7\u00e3o com o novo coronav\u00edrus, segundo o boletim epidemiol\u00f3gico da Dire\u00e7\u00e3o-Geral da Sa\u00fade (DGS) hoje divulgado.&nbsp; O N\u00famero de novos casos em 24 horas contabilizado hoje \u00e9 o mais alto desde 16 de abril, quando foram registados 750 novos casos [&hellip;]<\/p>\n","protected":false},"author":16,"featured_media":51892,"comment_status":"closed","ping_status":"closed","sticky":false,"template":"","format":"standard","meta":{"_exactmetrics_skip_tracking":false,"_exactmetrics_sitenote_active":false,"_exactmetrics_sitenote_note":"","_exactmetrics_sitenote_category":0,"footnotes":""},"categories":[42722],"tags":[26],"class_list":["post-52030","post","type-post","status-publish","format-standard","has-post-thumbnail","hentry","category-covid-19","tag-saude"],"yoast_head":"<!-- This site is optimized with the Yoast SEO Premium plugin v27.4 (Yoast SEO v27.4) - https:\/\/yoast.com\/product\/yoast-seo-premium-wordpress\/ -->\n<title>Portugal regista hoje mais tr\u00eas mortos e 687 novos casos de infe\u00e7\u00e3o<\/title>\n<meta name=\"robots\" content=\"index, follow, max-snippet:-1, max-image-preview:large, max-video-preview:-1\" \/>\n<link rel=\"canonical\" href=\"https:\/\/www.altominho.tv\/site\/2020\/09\/11\/portugal-regista-hoje-mais-tres-mortos-e-687-novos-casos-de-infecao\/\" \/>\n<meta property=\"og:locale\" content=\"pt_PT\" \/>\n<meta property=\"og:type\" content=\"article\" \/>\n<meta property=\"og:title\" content=\"Portugal regista hoje mais tr\u00eas mortos e 687 novos casos de infe\u00e7\u00e3o\" \/>\n<meta property=\"og:description\" content=\"Portugal contabiliza hoje mais tr\u00eas mortos relacionados com a covid-19 e 687 novos casos de infe\u00e7\u00e3o com o novo coronav\u00edrus, segundo o boletim epidemiol\u00f3gico da Dire\u00e7\u00e3o-Geral da Sa\u00fade (DGS) hoje divulgado.&nbsp; O N\u00famero de novos casos em 24 horas contabilizado hoje \u00e9 o mais alto desde 16 de abril, quando foram registados 750 novos casos [&hellip;]\" \/>\n<meta property=\"og:url\" content=\"https:\/\/www.altominho.tv\/site\/2020\/09\/11\/portugal-regista-hoje-mais-tres-mortos-e-687-novos-casos-de-infecao\/\" \/>\n<meta property=\"og:site_name\" content=\"Altominho.tv\" \/>\n<meta property=\"article:publisher\" content=\"https:\/\/www.facebook.com\/altominhotv\" \/>\n<meta property=\"article:published_time\" content=\"2020-09-11T14:15:27+00:00\" \/>\n<meta property=\"article:modified_time\" content=\"2020-09-11T14:15:30+00:00\" \/>\n<meta property=\"og:image\" content=\"https:\/\/www.altominho.tv\/site\/wp-content\/uploads\/2020\/09\/covid-19.jpg\" \/>\n\t<meta property=\"og:image:width\" content=\"632\" \/>\n\t<meta property=\"og:image:height\" content=\"407\" \/>\n\t<meta property=\"og:image:type\" content=\"image\/jpeg\" \/>\n<meta name=\"author\" content=\"Andreia Cunha | Lusa\" \/>\n<meta name=\"twitter:card\" content=\"summary_large_image\" \/>\n<meta name=\"twitter:creator\" content=\"@altominhoTV\" \/>\n<meta name=\"twitter:site\" content=\"@altominhoTV\" \/>\n<meta name=\"twitter:label1\" content=\"Escrito por\" \/>\n\t<meta name=\"twitter:data1\" content=\"Andreia Cunha | Lusa\" \/>\n\t<meta name=\"twitter:label2\" content=\"Tempo estimado de leitura\" \/>\n\t<meta name=\"twitter:data2\" content=\"1 minuto\" \/>\n<script type=\"application\/ld+json\" class=\"yoast-schema-graph\">{\"@context\":\"https:\\\/\\\/schema.org\",\"@graph\":[{\"@type\":\"Article\",\"@id\":\"https:\\\/\\\/www.altominho.tv\\\/site\\\/2020\\\/09\\\/11\\\/portugal-regista-hoje-mais-tres-mortos-e-687-novos-casos-de-infecao\\\/#article\",\"isPartOf\":{\"@id\":\"https:\\\/\\\/www.altominho.tv\\\/site\\\/2020\\\/09\\\/11\\\/portugal-regista-hoje-mais-tres-mortos-e-687-novos-casos-de-infecao\\\/\"},\"author\":{\"name\":\"Andreia Cunha | Lusa\",\"@id\":\"https:\\\/\\\/www.altominho.tv\\\/site\\\/#\\\/schema\\\/person\\\/dbaf181c01b51ff40c9f461a905d321e\"},\"headline\":\"Portugal regista hoje mais tr\u00eas mortos e 687 novos casos de infe\u00e7\u00e3o\",\"datePublished\":\"2020-09-11T14:15:27+00:00\",\"dateModified\":\"2020-09-11T14:15:30+00:00\",\"mainEntityOfPage\":{\"@id\":\"https:\\\/\\\/www.altominho.tv\\\/site\\\/2020\\\/09\\\/11\\\/portugal-regista-hoje-mais-tres-mortos-e-687-novos-casos-de-infecao\\\/\"},\"wordCount\":123,\"image\":{\"@id\":\"https:\\\/\\\/www.altominho.tv\\\/site\\\/2020\\\/09\\\/11\\\/portugal-regista-hoje-mais-tres-mortos-e-687-novos-casos-de-infecao\\\/#primaryimage\"},\"thumbnailUrl\":\"https:\\\/\\\/www.altominho.tv\\\/site\\\/wp-content\\\/uploads\\\/2020\\\/09\\\/covid-19.jpg\",\"keywords\":[\"Sa\u00fade\"],\"articleSection\":[\"Coronav\u00edrus\"],\"inLanguage\":\"pt-PT\",\"copyrightYear\":\"2020\",\"copyrightHolder\":{\"@id\":\"https:\\\/\\\/www.altominho.tv\\\/site\\\/#organization\"}},{\"@type\":\"WebPage\",\"@id\":\"https:\\\/\\\/www.altominho.tv\\\/site\\\/2020\\\/09\\\/11\\\/portugal-regista-hoje-mais-tres-mortos-e-687-novos-casos-de-infecao\\\/\",\"url\":\"https:\\\/\\\/www.altominho.tv\\\/site\\\/2020\\\/09\\\/11\\\/portugal-regista-hoje-mais-tres-mortos-e-687-novos-casos-de-infecao\\\/\",\"name\":\"Portugal regista hoje mais tr\u00eas mortos e 687 novos casos de infe\u00e7\u00e3o\",\"isPartOf\":{\"@id\":\"https:\\\/\\\/www.altominho.tv\\\/site\\\/#website\"},\"primaryImageOfPage\":{\"@id\":\"https:\\\/\\\/www.altominho.tv\\\/site\\\/2020\\\/09\\\/11\\\/portugal-regista-hoje-mais-tres-mortos-e-687-novos-casos-de-infecao\\\/#primaryimage\"},\"image\":{\"@id\":\"https:\\\/\\\/www.altominho.tv\\\/site\\\/2020\\\/09\\\/11\\\/portugal-regista-hoje-mais-tres-mortos-e-687-novos-casos-de-infecao\\\/#primaryimage\"},\"thumbnailUrl\":\"https:\\\/\\\/www.altominho.tv\\\/site\\\/wp-content\\\/uploads\\\/2020\\\/09\\\/covid-19.jpg\",\"datePublished\":\"2020-09-11T14:15:27+00:00\",\"dateModified\":\"2020-09-11T14:15:30+00:00\",\"author\":{\"@id\":\"https:\\\/\\\/www.altominho.tv\\\/site\\\/#\\\/schema\\\/person\\\/dbaf181c01b51ff40c9f461a905d321e\"},\"breadcrumb\":{\"@id\":\"https:\\\/\\\/www.altominho.tv\\\/site\\\/2020\\\/09\\\/11\\\/portugal-regista-hoje-mais-tres-mortos-e-687-novos-casos-de-infecao\\\/#breadcrumb\"},\"inLanguage\":\"pt-PT\",\"potentialAction\":[{\"@type\":\"ReadAction\",\"target\":[\"https:\\\/\\\/www.altominho.tv\\\/site\\\/2020\\\/09\\\/11\\\/portugal-regista-hoje-mais-tres-mortos-e-687-novos-casos-de-infecao\\\/\"]}]},{\"@type\":\"ImageObject\",\"inLanguage\":\"pt-PT\",\"@id\":\"https:\\\/\\\/www.altominho.tv\\\/site\\\/2020\\\/09\\\/11\\\/portugal-regista-hoje-mais-tres-mortos-e-687-novos-casos-de-infecao\\\/#primaryimage\",\"url\":\"https:\\\/\\\/www.altominho.tv\\\/site\\\/wp-content\\\/uploads\\\/2020\\\/09\\\/covid-19.jpg\",\"contentUrl\":\"https:\\\/\\\/www.altominho.tv\\\/site\\\/wp-content\\\/uploads\\\/2020\\\/09\\\/covid-19.jpg\",\"width\":632,\"height\":407},{\"@type\":\"BreadcrumbList\",\"@id\":\"https:\\\/\\\/www.altominho.tv\\\/site\\\/2020\\\/09\\\/11\\\/portugal-regista-hoje-mais-tres-mortos-e-687-novos-casos-de-infecao\\\/#breadcrumb\",\"itemListElement\":[{\"@type\":\"ListItem\",\"position\":1,\"name\":\"In\u00edcio\",\"item\":\"https:\\\/\\\/www.altominho.tv\\\/site\\\/\"},{\"@type\":\"ListItem\",\"position\":2,\"name\":\"Portugal regista hoje mais tr\u00eas mortos e 687 novos casos de infe\u00e7\u00e3o\"}]},{\"@type\":\"WebSite\",\"@id\":\"https:\\\/\\\/www.altominho.tv\\\/site\\\/#website\",\"url\":\"https:\\\/\\\/www.altominho.tv\\\/site\\\/\",\"name\":\"Altominho.tv\",\"description\":\"A sua regi\u00e3o \u00e0 dist\u00e2ncia de um clique...\",\"potentialAction\":[{\"@type\":\"SearchAction\",\"target\":{\"@type\":\"EntryPoint\",\"urlTemplate\":\"https:\\\/\\\/www.altominho.tv\\\/site\\\/?s={search_term_string}\"},\"query-input\":{\"@type\":\"PropertyValueSpecification\",\"valueRequired\":true,\"valueName\":\"search_term_string\"}}],\"inLanguage\":\"pt-PT\"},{\"@type\":\"Person\",\"@id\":\"https:\\\/\\\/www.altominho.tv\\\/site\\\/#\\\/schema\\\/person\\\/dbaf181c01b51ff40c9f461a905d321e\",\"name\":\"Andreia Cunha | Lusa\",\"image\":{\"@type\":\"ImageObject\",\"inLanguage\":\"pt-PT\",\"@id\":\"https:\\\/\\\/www.altominho.tv\\\/site\\\/wp-content\\\/uploads\\\/2017\\\/11\\\/Andreia_Cunha-1-150x150.jpg\",\"url\":\"https:\\\/\\\/www.altominho.tv\\\/site\\\/wp-content\\\/uploads\\\/2017\\\/11\\\/Andreia_Cunha-1-150x150.jpg\",\"contentUrl\":\"https:\\\/\\\/www.altominho.tv\\\/site\\\/wp-content\\\/uploads\\\/2017\\\/11\\\/Andreia_Cunha-1-150x150.jpg\",\"caption\":\"Andreia Cunha | Lusa\"},\"sameAs\":[\"https:\\\/\\\/www.altominho.tv\\\/site\"],\"url\":\"https:\\\/\\\/www.altominho.tv\\\/site\\\/author\\\/andreiacunhalusa\\\/\"}]}<\/script>\n<!-- \/ Yoast SEO Premium plugin. -->","yoast_head_json":{"title":"Portugal regista hoje mais tr\u00eas mortos e 687 novos casos de infe\u00e7\u00e3o","robots":{"index":"index","follow":"follow","max-snippet":"max-snippet:-1","max-image-preview":"max-image-preview:large","max-video-preview":"max-video-preview:-1"},"canonical":"https:\/\/www.altominho.tv\/site\/2020\/09\/11\/portugal-regista-hoje-mais-tres-mortos-e-687-novos-casos-de-infecao\/","og_locale":"pt_PT","og_type":"article","og_title":"Portugal regista hoje mais tr\u00eas mortos e 687 novos casos de infe\u00e7\u00e3o","og_description":"Portugal contabiliza hoje mais tr\u00eas mortos relacionados com a covid-19 e 687 novos casos de infe\u00e7\u00e3o com o novo coronav\u00edrus, segundo o boletim epidemiol\u00f3gico da Dire\u00e7\u00e3o-Geral da Sa\u00fade (DGS) hoje divulgado.&nbsp; O N\u00famero de novos casos em 24 horas contabilizado hoje \u00e9 o mais alto desde 16 de abril, quando foram registados 750 novos casos [&hellip;]","og_url":"https:\/\/www.altominho.tv\/site\/2020\/09\/11\/portugal-regista-hoje-mais-tres-mortos-e-687-novos-casos-de-infecao\/","og_site_name":"Altominho.tv","article_publisher":"https:\/\/www.facebook.com\/altominhotv","article_published_time":"2020-09-11T14:15:27+00:00","article_modified_time":"2020-09-11T14:15:30+00:00","og_image":[{"width":632,"height":407,"url":"https:\/\/www.altominho.tv\/site\/wp-content\/uploads\/2020\/09\/covid-19.jpg","type":"image\/jpeg"}],"author":"Andreia Cunha | Lusa","twitter_card":"summary_large_image","twitter_creator":"@altominhoTV","twitter_site":"@altominhoTV","twitter_misc":{"Escrito por":"Andreia Cunha | Lusa","Tempo estimado de leitura":"1 minuto"},"schema":{"@context":"https:\/\/schema.org","@graph":[{"@type":"Article","@id":"https:\/\/www.altominho.tv\/site\/2020\/09\/11\/portugal-regista-hoje-mais-tres-mortos-e-687-novos-casos-de-infecao\/#article","isPartOf":{"@id":"https:\/\/www.altominho.tv\/site\/2020\/09\/11\/portugal-regista-hoje-mais-tres-mortos-e-687-novos-casos-de-infecao\/"},"author":{"name":"Andreia Cunha | Lusa","@id":"https:\/\/www.altominho.tv\/site\/#\/schema\/person\/dbaf181c01b51ff40c9f461a905d321e"},"headline":"Portugal regista hoje mais tr\u00eas mortos e 687 novos casos de infe\u00e7\u00e3o","datePublished":"2020-09-11T14:15:27+00:00","dateModified":"2020-09-11T14:15:30+00:00","mainEntityOfPage":{"@id":"https:\/\/www.altominho.tv\/site\/2020\/09\/11\/portugal-regista-hoje-mais-tres-mortos-e-687-novos-casos-de-infecao\/"},"wordCount":123,"image":{"@id":"https:\/\/www.altominho.tv\/site\/2020\/09\/11\/portugal-regista-hoje-mais-tres-mortos-e-687-novos-casos-de-infecao\/#primaryimage"},"thumbnailUrl":"https:\/\/www.altominho.tv\/site\/wp-content\/uploads\/2020\/09\/covid-19.jpg","keywords":["Sa\u00fade"],"articleSection":["Coronav\u00edrus"],"inLanguage":"pt-PT","copyrightYear":"2020","copyrightHolder":{"@id":"https:\/\/www.altominho.tv\/site\/#organization"}},{"@type":"WebPage","@id":"https:\/\/www.altominho.tv\/site\/2020\/09\/11\/portugal-regista-hoje-mais-tres-mortos-e-687-novos-casos-de-infecao\/","url":"https:\/\/www.altominho.tv\/site\/2020\/09\/11\/portugal-regista-hoje-mais-tres-mortos-e-687-novos-casos-de-infecao\/","name":"Portugal regista hoje mais tr\u00eas mortos e 687 novos casos de infe\u00e7\u00e3o","isPartOf":{"@id":"https:\/\/www.altominho.tv\/site\/#website"},"primaryImageOfPage":{"@id":"https:\/\/www.altominho.tv\/site\/2020\/09\/11\/portugal-regista-hoje-mais-tres-mortos-e-687-novos-casos-de-infecao\/#primaryimage"},"image":{"@id":"https:\/\/www.altominho.tv\/site\/2020\/09\/11\/portugal-regista-hoje-mais-tres-mortos-e-687-novos-casos-de-infecao\/#primaryimage"},"thumbnailUrl":"https:\/\/www.altominho.tv\/site\/wp-content\/uploads\/2020\/09\/covid-19.jpg","datePublished":"2020-09-11T14:15:27+00:00","dateModified":"2020-09-11T14:15:30+00:00","author":{"@id":"https:\/\/www.altominho.tv\/site\/#\/schema\/person\/dbaf181c01b51ff40c9f461a905d321e"},"breadcrumb":{"@id":"https:\/\/www.altominho.tv\/site\/2020\/09\/11\/portugal-regista-hoje-mais-tres-mortos-e-687-novos-casos-de-infecao\/#breadcrumb"},"inLanguage":"pt-PT","potentialAction":[{"@type":"ReadAction","target":["https:\/\/www.altominho.tv\/site\/2020\/09\/11\/portugal-regista-hoje-mais-tres-mortos-e-687-novos-casos-de-infecao\/"]}]},{"@type":"ImageObject","inLanguage":"pt-PT","@id":"https:\/\/www.altominho.tv\/site\/2020\/09\/11\/portugal-regista-hoje-mais-tres-mortos-e-687-novos-casos-de-infecao\/#primaryimage","url":"https:\/\/www.altominho.tv\/site\/wp-content\/uploads\/2020\/09\/covid-19.jpg","contentUrl":"https:\/\/www.altominho.tv\/site\/wp-content\/uploads\/2020\/09\/covid-19.jpg","width":632,"height":407},{"@type":"BreadcrumbList","@id":"https:\/\/www.altominho.tv\/site\/2020\/09\/11\/portugal-regista-hoje-mais-tres-mortos-e-687-novos-casos-de-infecao\/#breadcrumb","itemListElement":[{"@type":"ListItem","position":1,"name":"In\u00edcio","item":"https:\/\/www.altominho.tv\/site\/"},{"@type":"ListItem","position":2,"name":"Portugal regista hoje mais tr\u00eas mortos e 687 novos casos de infe\u00e7\u00e3o"}]},{"@type":"WebSite","@id":"https:\/\/www.altominho.tv\/site\/#website","url":"https:\/\/www.altominho.tv\/site\/","name":"Altominho.tv","description":"A sua regi\u00e3o \u00e0 dist\u00e2ncia de um clique...","potentialAction":[{"@type":"SearchAction","target":{"@type":"EntryPoint","urlTemplate":"https:\/\/www.altominho.tv\/site\/?s={search_term_string}"},"query-input":{"@type":"PropertyValueSpecification","valueRequired":true,"valueName":"search_term_string"}}],"inLanguage":"pt-PT"},{"@type":"Person","@id":"https:\/\/www.altominho.tv\/site\/#\/schema\/person\/dbaf181c01b51ff40c9f461a905d321e","name":"Andreia Cunha | Lusa","image":{"@type":"ImageObject","inLanguage":"pt-PT","@id":"https:\/\/www.altominho.tv\/site\/wp-content\/uploads\/2017\/11\/Andreia_Cunha-1-150x150.jpg","url":"https:\/\/www.altominho.tv\/site\/wp-content\/uploads\/2017\/11\/Andreia_Cunha-1-150x150.jpg","contentUrl":"https:\/\/www.altominho.tv\/site\/wp-content\/uploads\/2017\/11\/Andreia_Cunha-1-150x150.jpg","caption":"Andreia Cunha | Lusa"},"sameAs":["https:\/\/www.altominho.tv\/site"],"url":"https:\/\/www.altominho.tv\/site\/author\/andreiacunhalusa\/"}]}},"_links":{"self":[{"href":"https:\/\/www.altominho.tv\/site\/wp-json\/wp\/v2\/posts\/52030","targetHints":{"allow":["GET"]}}],"collection":[{"href":"https:\/\/www.altominho.tv\/site\/wp-json\/wp\/v2\/posts"}],"about":[{"href":"https:\/\/www.altominho.tv\/site\/wp-json\/wp\/v2\/types\/post"}],"author":[{"embeddable":true,"href":"https:\/\/www.altominho.tv\/site\/wp-json\/wp\/v2\/users\/16"}],"replies":[{"embeddable":true,"href":"https:\/\/www.altominho.tv\/site\/wp-json\/wp\/v2\/comments?post=52030"}],"version-history":[{"count":0,"href":"https:\/\/www.altominho.tv\/site\/wp-json\/wp\/v2\/posts\/52030\/revisions"}],"wp:featuredmedia":[{"embeddable":true,"href":"https:\/\/www.altominho.tv\/site\/wp-json\/wp\/v2\/media\/51892"}],"wp:attachment":[{"href":"https:\/\/www.altominho.tv\/site\/wp-json\/wp\/v2\/media?parent=52030"}],"wp:term":[{"taxonomy":"category","embeddable":true,"href":"https:\/\/www.altominho.tv\/site\/wp-json\/wp\/v2\/categories?post=52030"},{"taxonomy":"post_tag","embeddable":true,"href":"https:\/\/www.altominho.tv\/site\/wp-json\/wp\/v2\/tags?post=52030"}],"curies":[{"name":"wp","href":"https:\/\/api.w.org\/{rel}","templated":true}]}}