{"id":52028,"date":"2020-09-11T13:13:25","date_gmt":"2020-09-11T12:13:25","guid":{"rendered":"http:\/\/www.altominho.tv\/site\/?p=52028"},"modified":"2020-09-11T13:13:29","modified_gmt":"2020-09-11T12:13:29","slug":"mais-de-910-mil-mortos-e-282-milhoes-de-infetados-em-todo-mundo","status":"publish","type":"post","link":"https:\/\/www.altominho.tv\/site\/2020\/09\/11\/mais-de-910-mil-mortos-e-282-milhoes-de-infetados-em-todo-mundo\/","title":{"rendered":"Mais de 910 mil mortos e 28,2 milh\u00f5es de infetados em todo mundo"},"content":{"rendered":"\n<p>A pandemia do novo coronav\u00edrus j\u00e1 causou a morte de mais de 910 mil pessoas e infetou mais de 28,2 milh\u00f5es em todo o mundo desde dezembro, segundo um balan\u00e7o da ag\u00eancia AFP baseado em dados oficiais.&nbsp;<\/p>\n\n\n\n<p>De acordo com os dados recolhidos pela ag\u00eancia francesa de not\u00edcias, j\u00e1 morreram pelo menos 910.300 pessoas e 28.221.090 foram infetadas em 196 pa\u00edses e territ\u00f3rios desde o in\u00edcio da epidemia de covid-19, em dezembro de 2019, na cidade chinesa de Wuhan.&nbsp;<\/p>\n\n\n\n<p>Pelo menos 18.803.600 casos j\u00e1 foram considerados curados pelas autoridades de sa\u00fade.&nbsp;<\/p>\n\n\n\n<p>A AFP adverte que o n\u00famero de casos diagnosticados reflete apenas uma fra\u00e7\u00e3o do total real de infe\u00e7\u00f5es, j\u00e1 que alguns pa\u00edses est\u00e3o a testar apenas casos graves, outros usam o teste como uma prioridade para rastreamento e muitos pa\u00edses pobres t\u00eam apenas capacidade limitada de rastreamento.&nbsp;<\/p>\n\n\n\n<p>Nas \u00faltimas 24 horas foram registadas 5.862 novas mortes e 302.322 novos casos em todo o mundo. Os pa\u00edses que registaram o maior n\u00famero de novas mortes s\u00e3o a \u00cdndia (1.209), os Estados Unidos (1.000) e o Brasil (983).&nbsp;<\/p>\n\n\n\n<p>Os Estados Unidos s\u00e3o o pa\u00eds mais afetado em termos de mortes e casos, com 191.802 mortes em 6.397.547 casos, segundo um balan\u00e7o da Universidade Johns Hopkins. Pelo menos 2.403.511 pessoas foram declaradas curadas.&nbsp;<\/p>\n\n\n\n<p>Depois dos Estados Unidos, os pa\u00edses mais afetados s\u00e3o o Brasil com 129.522 mortes e 4.238.446 casos, a \u00cdndia com 76.271 mortes (4.562.414 casos), o M\u00e9xico com 69.649 mortes (652.364 casos) e o Reino Unido com 41.608 mortes (358.138 casos).<\/p>\n\n\n\n<p>A China (excluindo os territ\u00f3rios de Hong Kong e Macau) contabilizou oficialmente um total de 85.168 casos (15 novos entre quinta-feira e hoje), incluindo 4.634 mortes e 80.377 recupera\u00e7\u00f5es.<\/p>\n\n\n\n<p>A Am\u00e9rica Latina e as Cara\u00edbas totalizaram 305.083 mortes e 8.071.049 casos, a Europa 220.323 mortes (4.385.463 casos), Estados Unidos e Canad\u00e1 201.001 mortes (6.532.200 casos), \u00c1sia 111.612 mortes (6.228.252 casos), M\u00e9dio Oriente 39.316 mortes (1.641.250 casos), \u00c1frica 32.115 mortes (1.332.519 casos) e Oce\u00e2nia 850 mortes (30.362 casos).<\/p>\n\n\n\n<p>O balan\u00e7o foi realizado a partir de dados recolhidos pelas delega\u00e7\u00f5es da AFP junto das autoridades nacionais competentes e de informa\u00e7\u00f5es da Organiza\u00e7\u00e3o Mundial de Sa\u00fade (OMS).<\/p>\n\n\n\n<p>Devido a corre\u00e7\u00f5es feitas pelas autoridades ou publica\u00e7\u00e3o tardia dos dados, os n\u00fameros do aumento de 24 horas podem n\u00e3o corresponder exatamente aos publicados no dia anterior.<\/p>\n\n\n\n<p>Portugal, de acordo com o \u00faltimo relat\u00f3rio da Dire\u00e7\u00e3o-Geral da Sa\u00fade (DGS), contabiliza 1.852 mortos associados \u00e0 covid-19 em 62.126 casos confirmados de infe\u00e7\u00e3o.<\/p>\n","protected":false},"excerpt":{"rendered":"<p>A pandemia do novo coronav\u00edrus j\u00e1 causou a morte de mais de 910 mil pessoas e infetou mais de 28,2 milh\u00f5es em todo o mundo desde dezembro, segundo um balan\u00e7o da ag\u00eancia AFP baseado em dados oficiais.&nbsp; De acordo com os dados recolhidos pela ag\u00eancia francesa de not\u00edcias, j\u00e1 morreram pelo menos 910.300 pessoas e [&hellip;]<\/p>\n","protected":false},"author":16,"featured_media":52023,"comment_status":"closed","ping_status":"closed","sticky":false,"template":"","format":"standard","meta":{"_exactmetrics_skip_tracking":false,"_exactmetrics_sitenote_active":false,"_exactmetrics_sitenote_note":"","_exactmetrics_sitenote_category":0,"footnotes":""},"categories":[42722],"tags":[26],"class_list":["post-52028","post","type-post","status-publish","format-standard","has-post-thumbnail","hentry","category-covid-19","tag-saude"],"yoast_head":"<!-- This site is optimized with the Yoast SEO Premium plugin v27.4 (Yoast SEO v27.4) - https:\/\/yoast.com\/product\/yoast-seo-premium-wordpress\/ -->\n<title>Mais de 910 mil mortos e 28,2 milh\u00f5es de infetados em todo mundo<\/title>\n<meta name=\"robots\" content=\"index, follow, max-snippet:-1, max-image-preview:large, max-video-preview:-1\" \/>\n<link rel=\"canonical\" href=\"https:\/\/www.altominho.tv\/site\/2020\/09\/11\/mais-de-910-mil-mortos-e-282-milhoes-de-infetados-em-todo-mundo\/\" \/>\n<meta property=\"og:locale\" content=\"pt_PT\" \/>\n<meta property=\"og:type\" content=\"article\" \/>\n<meta property=\"og:title\" content=\"Mais de 910 mil mortos e 28,2 milh\u00f5es de infetados em todo mundo\" \/>\n<meta property=\"og:description\" content=\"A pandemia do novo coronav\u00edrus j\u00e1 causou a morte de mais de 910 mil pessoas e infetou mais de 28,2 milh\u00f5es em todo o mundo desde dezembro, segundo um balan\u00e7o da ag\u00eancia AFP baseado em dados oficiais.&nbsp; De acordo com os dados recolhidos pela ag\u00eancia francesa de not\u00edcias, j\u00e1 morreram pelo menos 910.300 pessoas e [&hellip;]\" \/>\n<meta property=\"og:url\" content=\"https:\/\/www.altominho.tv\/site\/2020\/09\/11\/mais-de-910-mil-mortos-e-282-milhoes-de-infetados-em-todo-mundo\/\" \/>\n<meta property=\"og:site_name\" content=\"Altominho.tv\" \/>\n<meta property=\"article:publisher\" content=\"https:\/\/www.facebook.com\/altominhotv\" \/>\n<meta property=\"article:published_time\" content=\"2020-09-11T12:13:25+00:00\" \/>\n<meta property=\"article:modified_time\" content=\"2020-09-11T12:13:29+00:00\" \/>\n<meta property=\"og:image\" content=\"https:\/\/www.altominho.tv\/site\/wp-content\/uploads\/2020\/09\/coronavirus-new.jpg\" \/>\n\t<meta property=\"og:image:width\" content=\"1320\" \/>\n\t<meta property=\"og:image:height\" content=\"742\" \/>\n\t<meta property=\"og:image:type\" content=\"image\/jpeg\" \/>\n<meta name=\"author\" content=\"Andreia Cunha | Lusa\" \/>\n<meta name=\"twitter:card\" content=\"summary_large_image\" \/>\n<meta name=\"twitter:creator\" content=\"@altominhoTV\" \/>\n<meta name=\"twitter:site\" content=\"@altominhoTV\" \/>\n<meta name=\"twitter:label1\" content=\"Escrito por\" \/>\n\t<meta name=\"twitter:data1\" content=\"Andreia Cunha | Lusa\" \/>\n\t<meta name=\"twitter:label2\" content=\"Tempo estimado de leitura\" \/>\n\t<meta name=\"twitter:data2\" content=\"2 minutos\" \/>\n<script type=\"application\/ld+json\" class=\"yoast-schema-graph\">{\"@context\":\"https:\\\/\\\/schema.org\",\"@graph\":[{\"@type\":\"Article\",\"@id\":\"https:\\\/\\\/www.altominho.tv\\\/site\\\/2020\\\/09\\\/11\\\/mais-de-910-mil-mortos-e-282-milhoes-de-infetados-em-todo-mundo\\\/#article\",\"isPartOf\":{\"@id\":\"https:\\\/\\\/www.altominho.tv\\\/site\\\/2020\\\/09\\\/11\\\/mais-de-910-mil-mortos-e-282-milhoes-de-infetados-em-todo-mundo\\\/\"},\"author\":{\"name\":\"Andreia Cunha | Lusa\",\"@id\":\"https:\\\/\\\/www.altominho.tv\\\/site\\\/#\\\/schema\\\/person\\\/dbaf181c01b51ff40c9f461a905d321e\"},\"headline\":\"Mais de 910 mil mortos e 28,2 milh\u00f5es de infetados em todo mundo\",\"datePublished\":\"2020-09-11T12:13:25+00:00\",\"dateModified\":\"2020-09-11T12:13:29+00:00\",\"mainEntityOfPage\":{\"@id\":\"https:\\\/\\\/www.altominho.tv\\\/site\\\/2020\\\/09\\\/11\\\/mais-de-910-mil-mortos-e-282-milhoes-de-infetados-em-todo-mundo\\\/\"},\"wordCount\":423,\"image\":{\"@id\":\"https:\\\/\\\/www.altominho.tv\\\/site\\\/2020\\\/09\\\/11\\\/mais-de-910-mil-mortos-e-282-milhoes-de-infetados-em-todo-mundo\\\/#primaryimage\"},\"thumbnailUrl\":\"https:\\\/\\\/www.altominho.tv\\\/site\\\/wp-content\\\/uploads\\\/2020\\\/09\\\/coronavirus-new.jpg\",\"keywords\":[\"Sa\u00fade\"],\"articleSection\":[\"Coronav\u00edrus\"],\"inLanguage\":\"pt-PT\",\"copyrightYear\":\"2020\",\"copyrightHolder\":{\"@id\":\"https:\\\/\\\/www.altominho.tv\\\/site\\\/#organization\"}},{\"@type\":\"WebPage\",\"@id\":\"https:\\\/\\\/www.altominho.tv\\\/site\\\/2020\\\/09\\\/11\\\/mais-de-910-mil-mortos-e-282-milhoes-de-infetados-em-todo-mundo\\\/\",\"url\":\"https:\\\/\\\/www.altominho.tv\\\/site\\\/2020\\\/09\\\/11\\\/mais-de-910-mil-mortos-e-282-milhoes-de-infetados-em-todo-mundo\\\/\",\"name\":\"Mais de 910 mil mortos e 28,2 milh\u00f5es de infetados em todo mundo\",\"isPartOf\":{\"@id\":\"https:\\\/\\\/www.altominho.tv\\\/site\\\/#website\"},\"primaryImageOfPage\":{\"@id\":\"https:\\\/\\\/www.altominho.tv\\\/site\\\/2020\\\/09\\\/11\\\/mais-de-910-mil-mortos-e-282-milhoes-de-infetados-em-todo-mundo\\\/#primaryimage\"},\"image\":{\"@id\":\"https:\\\/\\\/www.altominho.tv\\\/site\\\/2020\\\/09\\\/11\\\/mais-de-910-mil-mortos-e-282-milhoes-de-infetados-em-todo-mundo\\\/#primaryimage\"},\"thumbnailUrl\":\"https:\\\/\\\/www.altominho.tv\\\/site\\\/wp-content\\\/uploads\\\/2020\\\/09\\\/coronavirus-new.jpg\",\"datePublished\":\"2020-09-11T12:13:25+00:00\",\"dateModified\":\"2020-09-11T12:13:29+00:00\",\"author\":{\"@id\":\"https:\\\/\\\/www.altominho.tv\\\/site\\\/#\\\/schema\\\/person\\\/dbaf181c01b51ff40c9f461a905d321e\"},\"breadcrumb\":{\"@id\":\"https:\\\/\\\/www.altominho.tv\\\/site\\\/2020\\\/09\\\/11\\\/mais-de-910-mil-mortos-e-282-milhoes-de-infetados-em-todo-mundo\\\/#breadcrumb\"},\"inLanguage\":\"pt-PT\",\"potentialAction\":[{\"@type\":\"ReadAction\",\"target\":[\"https:\\\/\\\/www.altominho.tv\\\/site\\\/2020\\\/09\\\/11\\\/mais-de-910-mil-mortos-e-282-milhoes-de-infetados-em-todo-mundo\\\/\"]}]},{\"@type\":\"ImageObject\",\"inLanguage\":\"pt-PT\",\"@id\":\"https:\\\/\\\/www.altominho.tv\\\/site\\\/2020\\\/09\\\/11\\\/mais-de-910-mil-mortos-e-282-milhoes-de-infetados-em-todo-mundo\\\/#primaryimage\",\"url\":\"https:\\\/\\\/www.altominho.tv\\\/site\\\/wp-content\\\/uploads\\\/2020\\\/09\\\/coronavirus-new.jpg\",\"contentUrl\":\"https:\\\/\\\/www.altominho.tv\\\/site\\\/wp-content\\\/uploads\\\/2020\\\/09\\\/coronavirus-new.jpg\",\"width\":1320,\"height\":742},{\"@type\":\"BreadcrumbList\",\"@id\":\"https:\\\/\\\/www.altominho.tv\\\/site\\\/2020\\\/09\\\/11\\\/mais-de-910-mil-mortos-e-282-milhoes-de-infetados-em-todo-mundo\\\/#breadcrumb\",\"itemListElement\":[{\"@type\":\"ListItem\",\"position\":1,\"name\":\"In\u00edcio\",\"item\":\"https:\\\/\\\/www.altominho.tv\\\/site\\\/\"},{\"@type\":\"ListItem\",\"position\":2,\"name\":\"Mais de 910 mil mortos e 28,2 milh\u00f5es de infetados em todo mundo\"}]},{\"@type\":\"WebSite\",\"@id\":\"https:\\\/\\\/www.altominho.tv\\\/site\\\/#website\",\"url\":\"https:\\\/\\\/www.altominho.tv\\\/site\\\/\",\"name\":\"Altominho.tv\",\"description\":\"A sua regi\u00e3o \u00e0 dist\u00e2ncia de um clique...\",\"potentialAction\":[{\"@type\":\"SearchAction\",\"target\":{\"@type\":\"EntryPoint\",\"urlTemplate\":\"https:\\\/\\\/www.altominho.tv\\\/site\\\/?s={search_term_string}\"},\"query-input\":{\"@type\":\"PropertyValueSpecification\",\"valueRequired\":true,\"valueName\":\"search_term_string\"}}],\"inLanguage\":\"pt-PT\"},{\"@type\":\"Person\",\"@id\":\"https:\\\/\\\/www.altominho.tv\\\/site\\\/#\\\/schema\\\/person\\\/dbaf181c01b51ff40c9f461a905d321e\",\"name\":\"Andreia Cunha | Lusa\",\"image\":{\"@type\":\"ImageObject\",\"inLanguage\":\"pt-PT\",\"@id\":\"https:\\\/\\\/www.altominho.tv\\\/site\\\/wp-content\\\/uploads\\\/2017\\\/11\\\/Andreia_Cunha-1-150x150.jpg\",\"url\":\"https:\\\/\\\/www.altominho.tv\\\/site\\\/wp-content\\\/uploads\\\/2017\\\/11\\\/Andreia_Cunha-1-150x150.jpg\",\"contentUrl\":\"https:\\\/\\\/www.altominho.tv\\\/site\\\/wp-content\\\/uploads\\\/2017\\\/11\\\/Andreia_Cunha-1-150x150.jpg\",\"caption\":\"Andreia Cunha | Lusa\"},\"sameAs\":[\"https:\\\/\\\/www.altominho.tv\\\/site\"],\"url\":\"https:\\\/\\\/www.altominho.tv\\\/site\\\/author\\\/andreiacunhalusa\\\/\"}]}<\/script>\n<!-- \/ Yoast SEO Premium plugin. -->","yoast_head_json":{"title":"Mais de 910 mil mortos e 28,2 milh\u00f5es de infetados em todo mundo","robots":{"index":"index","follow":"follow","max-snippet":"max-snippet:-1","max-image-preview":"max-image-preview:large","max-video-preview":"max-video-preview:-1"},"canonical":"https:\/\/www.altominho.tv\/site\/2020\/09\/11\/mais-de-910-mil-mortos-e-282-milhoes-de-infetados-em-todo-mundo\/","og_locale":"pt_PT","og_type":"article","og_title":"Mais de 910 mil mortos e 28,2 milh\u00f5es de infetados em todo mundo","og_description":"A pandemia do novo coronav\u00edrus j\u00e1 causou a morte de mais de 910 mil pessoas e infetou mais de 28,2 milh\u00f5es em todo o mundo desde dezembro, segundo um balan\u00e7o da ag\u00eancia AFP baseado em dados oficiais.&nbsp; De acordo com os dados recolhidos pela ag\u00eancia francesa de not\u00edcias, j\u00e1 morreram pelo menos 910.300 pessoas e [&hellip;]","og_url":"https:\/\/www.altominho.tv\/site\/2020\/09\/11\/mais-de-910-mil-mortos-e-282-milhoes-de-infetados-em-todo-mundo\/","og_site_name":"Altominho.tv","article_publisher":"https:\/\/www.facebook.com\/altominhotv","article_published_time":"2020-09-11T12:13:25+00:00","article_modified_time":"2020-09-11T12:13:29+00:00","og_image":[{"width":1320,"height":742,"url":"https:\/\/www.altominho.tv\/site\/wp-content\/uploads\/2020\/09\/coronavirus-new.jpg","type":"image\/jpeg"}],"author":"Andreia Cunha | Lusa","twitter_card":"summary_large_image","twitter_creator":"@altominhoTV","twitter_site":"@altominhoTV","twitter_misc":{"Escrito por":"Andreia Cunha | Lusa","Tempo estimado de leitura":"2 minutos"},"schema":{"@context":"https:\/\/schema.org","@graph":[{"@type":"Article","@id":"https:\/\/www.altominho.tv\/site\/2020\/09\/11\/mais-de-910-mil-mortos-e-282-milhoes-de-infetados-em-todo-mundo\/#article","isPartOf":{"@id":"https:\/\/www.altominho.tv\/site\/2020\/09\/11\/mais-de-910-mil-mortos-e-282-milhoes-de-infetados-em-todo-mundo\/"},"author":{"name":"Andreia Cunha | Lusa","@id":"https:\/\/www.altominho.tv\/site\/#\/schema\/person\/dbaf181c01b51ff40c9f461a905d321e"},"headline":"Mais de 910 mil mortos e 28,2 milh\u00f5es de infetados em todo mundo","datePublished":"2020-09-11T12:13:25+00:00","dateModified":"2020-09-11T12:13:29+00:00","mainEntityOfPage":{"@id":"https:\/\/www.altominho.tv\/site\/2020\/09\/11\/mais-de-910-mil-mortos-e-282-milhoes-de-infetados-em-todo-mundo\/"},"wordCount":423,"image":{"@id":"https:\/\/www.altominho.tv\/site\/2020\/09\/11\/mais-de-910-mil-mortos-e-282-milhoes-de-infetados-em-todo-mundo\/#primaryimage"},"thumbnailUrl":"https:\/\/www.altominho.tv\/site\/wp-content\/uploads\/2020\/09\/coronavirus-new.jpg","keywords":["Sa\u00fade"],"articleSection":["Coronav\u00edrus"],"inLanguage":"pt-PT","copyrightYear":"2020","copyrightHolder":{"@id":"https:\/\/www.altominho.tv\/site\/#organization"}},{"@type":"WebPage","@id":"https:\/\/www.altominho.tv\/site\/2020\/09\/11\/mais-de-910-mil-mortos-e-282-milhoes-de-infetados-em-todo-mundo\/","url":"https:\/\/www.altominho.tv\/site\/2020\/09\/11\/mais-de-910-mil-mortos-e-282-milhoes-de-infetados-em-todo-mundo\/","name":"Mais de 910 mil mortos e 28,2 milh\u00f5es de infetados em todo mundo","isPartOf":{"@id":"https:\/\/www.altominho.tv\/site\/#website"},"primaryImageOfPage":{"@id":"https:\/\/www.altominho.tv\/site\/2020\/09\/11\/mais-de-910-mil-mortos-e-282-milhoes-de-infetados-em-todo-mundo\/#primaryimage"},"image":{"@id":"https:\/\/www.altominho.tv\/site\/2020\/09\/11\/mais-de-910-mil-mortos-e-282-milhoes-de-infetados-em-todo-mundo\/#primaryimage"},"thumbnailUrl":"https:\/\/www.altominho.tv\/site\/wp-content\/uploads\/2020\/09\/coronavirus-new.jpg","datePublished":"2020-09-11T12:13:25+00:00","dateModified":"2020-09-11T12:13:29+00:00","author":{"@id":"https:\/\/www.altominho.tv\/site\/#\/schema\/person\/dbaf181c01b51ff40c9f461a905d321e"},"breadcrumb":{"@id":"https:\/\/www.altominho.tv\/site\/2020\/09\/11\/mais-de-910-mil-mortos-e-282-milhoes-de-infetados-em-todo-mundo\/#breadcrumb"},"inLanguage":"pt-PT","potentialAction":[{"@type":"ReadAction","target":["https:\/\/www.altominho.tv\/site\/2020\/09\/11\/mais-de-910-mil-mortos-e-282-milhoes-de-infetados-em-todo-mundo\/"]}]},{"@type":"ImageObject","inLanguage":"pt-PT","@id":"https:\/\/www.altominho.tv\/site\/2020\/09\/11\/mais-de-910-mil-mortos-e-282-milhoes-de-infetados-em-todo-mundo\/#primaryimage","url":"https:\/\/www.altominho.tv\/site\/wp-content\/uploads\/2020\/09\/coronavirus-new.jpg","contentUrl":"https:\/\/www.altominho.tv\/site\/wp-content\/uploads\/2020\/09\/coronavirus-new.jpg","width":1320,"height":742},{"@type":"BreadcrumbList","@id":"https:\/\/www.altominho.tv\/site\/2020\/09\/11\/mais-de-910-mil-mortos-e-282-milhoes-de-infetados-em-todo-mundo\/#breadcrumb","itemListElement":[{"@type":"ListItem","position":1,"name":"In\u00edcio","item":"https:\/\/www.altominho.tv\/site\/"},{"@type":"ListItem","position":2,"name":"Mais de 910 mil mortos e 28,2 milh\u00f5es de infetados em todo mundo"}]},{"@type":"WebSite","@id":"https:\/\/www.altominho.tv\/site\/#website","url":"https:\/\/www.altominho.tv\/site\/","name":"Altominho.tv","description":"A sua regi\u00e3o \u00e0 dist\u00e2ncia de um clique...","potentialAction":[{"@type":"SearchAction","target":{"@type":"EntryPoint","urlTemplate":"https:\/\/www.altominho.tv\/site\/?s={search_term_string}"},"query-input":{"@type":"PropertyValueSpecification","valueRequired":true,"valueName":"search_term_string"}}],"inLanguage":"pt-PT"},{"@type":"Person","@id":"https:\/\/www.altominho.tv\/site\/#\/schema\/person\/dbaf181c01b51ff40c9f461a905d321e","name":"Andreia Cunha | Lusa","image":{"@type":"ImageObject","inLanguage":"pt-PT","@id":"https:\/\/www.altominho.tv\/site\/wp-content\/uploads\/2017\/11\/Andreia_Cunha-1-150x150.jpg","url":"https:\/\/www.altominho.tv\/site\/wp-content\/uploads\/2017\/11\/Andreia_Cunha-1-150x150.jpg","contentUrl":"https:\/\/www.altominho.tv\/site\/wp-content\/uploads\/2017\/11\/Andreia_Cunha-1-150x150.jpg","caption":"Andreia Cunha | Lusa"},"sameAs":["https:\/\/www.altominho.tv\/site"],"url":"https:\/\/www.altominho.tv\/site\/author\/andreiacunhalusa\/"}]}},"_links":{"self":[{"href":"https:\/\/www.altominho.tv\/site\/wp-json\/wp\/v2\/posts\/52028","targetHints":{"allow":["GET"]}}],"collection":[{"href":"https:\/\/www.altominho.tv\/site\/wp-json\/wp\/v2\/posts"}],"about":[{"href":"https:\/\/www.altominho.tv\/site\/wp-json\/wp\/v2\/types\/post"}],"author":[{"embeddable":true,"href":"https:\/\/www.altominho.tv\/site\/wp-json\/wp\/v2\/users\/16"}],"replies":[{"embeddable":true,"href":"https:\/\/www.altominho.tv\/site\/wp-json\/wp\/v2\/comments?post=52028"}],"version-history":[{"count":0,"href":"https:\/\/www.altominho.tv\/site\/wp-json\/wp\/v2\/posts\/52028\/revisions"}],"wp:featuredmedia":[{"embeddable":true,"href":"https:\/\/www.altominho.tv\/site\/wp-json\/wp\/v2\/media\/52023"}],"wp:attachment":[{"href":"https:\/\/www.altominho.tv\/site\/wp-json\/wp\/v2\/media?parent=52028"}],"wp:term":[{"taxonomy":"category","embeddable":true,"href":"https:\/\/www.altominho.tv\/site\/wp-json\/wp\/v2\/categories?post=52028"},{"taxonomy":"post_tag","embeddable":true,"href":"https:\/\/www.altominho.tv\/site\/wp-json\/wp\/v2\/tags?post=52028"}],"curies":[{"name":"wp","href":"https:\/\/api.w.org\/{rel}","templated":true}]}}