{"id":52025,"date":"2020-09-11T12:42:39","date_gmt":"2020-09-11T11:42:39","guid":{"rendered":"http:\/\/www.altominho.tv\/site\/?p=52025"},"modified":"2020-09-11T12:42:42","modified_gmt":"2020-09-11T11:42:42","slug":"fc-porto-diz-que-desporto-esta-a-ser-menosprezado","status":"publish","type":"post","link":"https:\/\/www.altominho.tv\/site\/2020\/09\/11\/fc-porto-diz-que-desporto-esta-a-ser-menosprezado\/","title":{"rendered":"FC Porto diz que desporto est\u00e1 a ser menosprezado"},"content":{"rendered":"\n<p>O FC Porto lamentou hoje a decis\u00e3o de manter a proibi\u00e7\u00e3o de p\u00fablico em recintos desportivos, devido \u00e0 covida-19, considerando que o desporto, e o futebol em particular, est\u00e3o a ser menosprezados.<\/p>\n\n\n\n<p>\u201cO desporto, e o futebol em particular, tem uma dimens\u00e3o social e econ\u00f3mica que n\u00e3o pode continuar a ser menosprezada. Trazer a fase final da Liga dos Campe\u00f5es para Portugal mereceu uma cerim\u00f3nia pomposa para depois, no que realmente conta, os clubes portugueses serem deixados \u00e0 sua sorte\u201d, refere o clube, na sua publica\u00e7\u00e3o Drag\u00f5es Di\u00e1rio.<\/p>\n\n\n\n<p>Os \u2018drag\u00f5es\u2019 lembram que no s\u00e1bado tem in\u00edcio o campeonato de andebol e lamentam que devido \u00e0 continuidade da proibi\u00e7\u00e3o de acesso de espetadores aos espet\u00e1culos desportivos, anunciada na quinta-feira, os adeptos do FC Porto sejam obrigados a apoiar a equipa \u00e0 dist\u00e2ncia,<\/p>\n\n\n\n<p>O primeiro-ministro, Ant\u00f3nio Costa, anunciou na quinta-feira que os est\u00e1dios de futebol e os restantes recintos desportivos v\u00e3o continuar sem p\u00fablico, referindo que existem diferen\u00e7as entre estar num est\u00e1dio de futebol ou numa sala de cinema ou teatro.<\/p>\n\n\n\n<p>\u201cTodos os que j\u00e1 foram a recintos desportivos sabem que o comportamento num cinema ou num teatro \u00e9 muito diferente de assistir a um evento desportivo\u201d, explicou.<\/p>\n\n\n\n<p>O primeiro-ministro salientou que esta diferen\u00e7a de comportamentos imp\u00f5e restri\u00e7\u00f5es para a exist\u00eancia de p\u00fablico nos est\u00e1dios e em outros recintos desportivos.<\/p>\n\n\n\n<p>A pandemia de covid-19 j\u00e1 provocou mais de 904 mil mortos e quase 28 milh\u00f5es de casos de infe\u00e7\u00e3o em 196 pa\u00edses e territ\u00f3rios, segundo um balan\u00e7o feito pela ag\u00eancia francesa AFP.<\/p>\n\n\n\n<p>Em Portugal, morreram 1.852 pessoas dos 62.126 casos de infe\u00e7\u00e3o confirmados, de acordo com o boletim mais recente da Dire\u00e7\u00e3o-Geral da Sa\u00fade.<\/p>\n","protected":false},"excerpt":{"rendered":"<p>O FC Porto lamentou hoje a decis\u00e3o de manter a proibi\u00e7\u00e3o de p\u00fablico em recintos desportivos, devido \u00e0 covida-19, considerando que o desporto, e o futebol em particular, est\u00e3o a ser menosprezados. \u201cO desporto, e o futebol em particular, tem uma dimens\u00e3o social e econ\u00f3mica que n\u00e3o pode continuar a ser menosprezada. Trazer a fase [&hellip;]<\/p>\n","protected":false},"author":16,"featured_media":52026,"comment_status":"closed","ping_status":"closed","sticky":false,"template":"","format":"standard","meta":{"_exactmetrics_skip_tracking":false,"_exactmetrics_sitenote_active":false,"_exactmetrics_sitenote_note":"","_exactmetrics_sitenote_category":0,"footnotes":""},"categories":[42722],"tags":[20,26],"class_list":["post-52025","post","type-post","status-publish","format-standard","has-post-thumbnail","hentry","category-covid-19","tag-desporto","tag-saude"],"yoast_head":"<!-- This site is optimized with the Yoast SEO Premium plugin v27.4 (Yoast SEO v27.4) - https:\/\/yoast.com\/product\/yoast-seo-premium-wordpress\/ -->\n<title>FC Porto diz que desporto est\u00e1 a ser menosprezado<\/title>\n<meta name=\"robots\" content=\"index, follow, max-snippet:-1, max-image-preview:large, max-video-preview:-1\" \/>\n<link rel=\"canonical\" href=\"https:\/\/www.altominho.tv\/site\/2020\/09\/11\/fc-porto-diz-que-desporto-esta-a-ser-menosprezado\/\" \/>\n<meta property=\"og:locale\" content=\"pt_PT\" \/>\n<meta property=\"og:type\" content=\"article\" \/>\n<meta property=\"og:title\" content=\"FC Porto diz que desporto est\u00e1 a ser menosprezado\" \/>\n<meta property=\"og:description\" content=\"O FC Porto lamentou hoje a decis\u00e3o de manter a proibi\u00e7\u00e3o de p\u00fablico em recintos desportivos, devido \u00e0 covida-19, considerando que o desporto, e o futebol em particular, est\u00e3o a ser menosprezados. \u201cO desporto, e o futebol em particular, tem uma dimens\u00e3o social e econ\u00f3mica que n\u00e3o pode continuar a ser menosprezada. Trazer a fase [&hellip;]\" \/>\n<meta property=\"og:url\" content=\"https:\/\/www.altominho.tv\/site\/2020\/09\/11\/fc-porto-diz-que-desporto-esta-a-ser-menosprezado\/\" \/>\n<meta property=\"og:site_name\" content=\"Altominho.tv\" \/>\n<meta property=\"article:publisher\" content=\"https:\/\/www.facebook.com\/altominhotv\" \/>\n<meta property=\"article:published_time\" content=\"2020-09-11T11:42:39+00:00\" \/>\n<meta property=\"article:modified_time\" content=\"2020-09-11T11:42:42+00:00\" \/>\n<meta property=\"og:image\" content=\"https:\/\/www.altominho.tv\/site\/wp-content\/uploads\/2020\/09\/fc-porto.jpg\" \/>\n\t<meta property=\"og:image:width\" content=\"800\" \/>\n\t<meta property=\"og:image:height\" content=\"533\" \/>\n\t<meta property=\"og:image:type\" content=\"image\/jpeg\" \/>\n<meta name=\"author\" content=\"Andreia Cunha | Lusa\" \/>\n<meta name=\"twitter:card\" content=\"summary_large_image\" \/>\n<meta name=\"twitter:creator\" content=\"@altominhoTV\" \/>\n<meta name=\"twitter:site\" content=\"@altominhoTV\" \/>\n<meta name=\"twitter:label1\" content=\"Escrito por\" \/>\n\t<meta name=\"twitter:data1\" content=\"Andreia Cunha | Lusa\" \/>\n\t<meta name=\"twitter:label2\" content=\"Tempo estimado de leitura\" \/>\n\t<meta name=\"twitter:data2\" content=\"2 minutos\" \/>\n<script type=\"application\/ld+json\" class=\"yoast-schema-graph\">{\"@context\":\"https:\\\/\\\/schema.org\",\"@graph\":[{\"@type\":\"Article\",\"@id\":\"https:\\\/\\\/www.altominho.tv\\\/site\\\/2020\\\/09\\\/11\\\/fc-porto-diz-que-desporto-esta-a-ser-menosprezado\\\/#article\",\"isPartOf\":{\"@id\":\"https:\\\/\\\/www.altominho.tv\\\/site\\\/2020\\\/09\\\/11\\\/fc-porto-diz-que-desporto-esta-a-ser-menosprezado\\\/\"},\"author\":{\"name\":\"Andreia Cunha | Lusa\",\"@id\":\"https:\\\/\\\/www.altominho.tv\\\/site\\\/#\\\/schema\\\/person\\\/dbaf181c01b51ff40c9f461a905d321e\"},\"headline\":\"FC Porto diz que desporto est\u00e1 a ser menosprezado\",\"datePublished\":\"2020-09-11T11:42:39+00:00\",\"dateModified\":\"2020-09-11T11:42:42+00:00\",\"mainEntityOfPage\":{\"@id\":\"https:\\\/\\\/www.altominho.tv\\\/site\\\/2020\\\/09\\\/11\\\/fc-porto-diz-que-desporto-esta-a-ser-menosprezado\\\/\"},\"wordCount\":310,\"image\":{\"@id\":\"https:\\\/\\\/www.altominho.tv\\\/site\\\/2020\\\/09\\\/11\\\/fc-porto-diz-que-desporto-esta-a-ser-menosprezado\\\/#primaryimage\"},\"thumbnailUrl\":\"https:\\\/\\\/www.altominho.tv\\\/site\\\/wp-content\\\/uploads\\\/2020\\\/09\\\/fc-porto.jpg\",\"keywords\":[\"Desporto\",\"Sa\u00fade\"],\"articleSection\":[\"Coronav\u00edrus\"],\"inLanguage\":\"pt-PT\",\"copyrightYear\":\"2020\",\"copyrightHolder\":{\"@id\":\"https:\\\/\\\/www.altominho.tv\\\/site\\\/#organization\"}},{\"@type\":\"WebPage\",\"@id\":\"https:\\\/\\\/www.altominho.tv\\\/site\\\/2020\\\/09\\\/11\\\/fc-porto-diz-que-desporto-esta-a-ser-menosprezado\\\/\",\"url\":\"https:\\\/\\\/www.altominho.tv\\\/site\\\/2020\\\/09\\\/11\\\/fc-porto-diz-que-desporto-esta-a-ser-menosprezado\\\/\",\"name\":\"FC Porto diz que desporto est\u00e1 a ser menosprezado\",\"isPartOf\":{\"@id\":\"https:\\\/\\\/www.altominho.tv\\\/site\\\/#website\"},\"primaryImageOfPage\":{\"@id\":\"https:\\\/\\\/www.altominho.tv\\\/site\\\/2020\\\/09\\\/11\\\/fc-porto-diz-que-desporto-esta-a-ser-menosprezado\\\/#primaryimage\"},\"image\":{\"@id\":\"https:\\\/\\\/www.altominho.tv\\\/site\\\/2020\\\/09\\\/11\\\/fc-porto-diz-que-desporto-esta-a-ser-menosprezado\\\/#primaryimage\"},\"thumbnailUrl\":\"https:\\\/\\\/www.altominho.tv\\\/site\\\/wp-content\\\/uploads\\\/2020\\\/09\\\/fc-porto.jpg\",\"datePublished\":\"2020-09-11T11:42:39+00:00\",\"dateModified\":\"2020-09-11T11:42:42+00:00\",\"author\":{\"@id\":\"https:\\\/\\\/www.altominho.tv\\\/site\\\/#\\\/schema\\\/person\\\/dbaf181c01b51ff40c9f461a905d321e\"},\"breadcrumb\":{\"@id\":\"https:\\\/\\\/www.altominho.tv\\\/site\\\/2020\\\/09\\\/11\\\/fc-porto-diz-que-desporto-esta-a-ser-menosprezado\\\/#breadcrumb\"},\"inLanguage\":\"pt-PT\",\"potentialAction\":[{\"@type\":\"ReadAction\",\"target\":[\"https:\\\/\\\/www.altominho.tv\\\/site\\\/2020\\\/09\\\/11\\\/fc-porto-diz-que-desporto-esta-a-ser-menosprezado\\\/\"]}]},{\"@type\":\"ImageObject\",\"inLanguage\":\"pt-PT\",\"@id\":\"https:\\\/\\\/www.altominho.tv\\\/site\\\/2020\\\/09\\\/11\\\/fc-porto-diz-que-desporto-esta-a-ser-menosprezado\\\/#primaryimage\",\"url\":\"https:\\\/\\\/www.altominho.tv\\\/site\\\/wp-content\\\/uploads\\\/2020\\\/09\\\/fc-porto.jpg\",\"contentUrl\":\"https:\\\/\\\/www.altominho.tv\\\/site\\\/wp-content\\\/uploads\\\/2020\\\/09\\\/fc-porto.jpg\",\"width\":800,\"height\":533},{\"@type\":\"BreadcrumbList\",\"@id\":\"https:\\\/\\\/www.altominho.tv\\\/site\\\/2020\\\/09\\\/11\\\/fc-porto-diz-que-desporto-esta-a-ser-menosprezado\\\/#breadcrumb\",\"itemListElement\":[{\"@type\":\"ListItem\",\"position\":1,\"name\":\"In\u00edcio\",\"item\":\"https:\\\/\\\/www.altominho.tv\\\/site\\\/\"},{\"@type\":\"ListItem\",\"position\":2,\"name\":\"FC Porto diz que desporto est\u00e1 a ser menosprezado\"}]},{\"@type\":\"WebSite\",\"@id\":\"https:\\\/\\\/www.altominho.tv\\\/site\\\/#website\",\"url\":\"https:\\\/\\\/www.altominho.tv\\\/site\\\/\",\"name\":\"Altominho.tv\",\"description\":\"A sua regi\u00e3o \u00e0 dist\u00e2ncia de um clique...\",\"potentialAction\":[{\"@type\":\"SearchAction\",\"target\":{\"@type\":\"EntryPoint\",\"urlTemplate\":\"https:\\\/\\\/www.altominho.tv\\\/site\\\/?s={search_term_string}\"},\"query-input\":{\"@type\":\"PropertyValueSpecification\",\"valueRequired\":true,\"valueName\":\"search_term_string\"}}],\"inLanguage\":\"pt-PT\"},{\"@type\":\"Person\",\"@id\":\"https:\\\/\\\/www.altominho.tv\\\/site\\\/#\\\/schema\\\/person\\\/dbaf181c01b51ff40c9f461a905d321e\",\"name\":\"Andreia Cunha | Lusa\",\"image\":{\"@type\":\"ImageObject\",\"inLanguage\":\"pt-PT\",\"@id\":\"https:\\\/\\\/www.altominho.tv\\\/site\\\/wp-content\\\/uploads\\\/2017\\\/11\\\/Andreia_Cunha-1-150x150.jpg\",\"url\":\"https:\\\/\\\/www.altominho.tv\\\/site\\\/wp-content\\\/uploads\\\/2017\\\/11\\\/Andreia_Cunha-1-150x150.jpg\",\"contentUrl\":\"https:\\\/\\\/www.altominho.tv\\\/site\\\/wp-content\\\/uploads\\\/2017\\\/11\\\/Andreia_Cunha-1-150x150.jpg\",\"caption\":\"Andreia Cunha | Lusa\"},\"sameAs\":[\"https:\\\/\\\/www.altominho.tv\\\/site\"],\"url\":\"https:\\\/\\\/www.altominho.tv\\\/site\\\/author\\\/andreiacunhalusa\\\/\"}]}<\/script>\n<!-- \/ Yoast SEO Premium plugin. -->","yoast_head_json":{"title":"FC Porto diz que desporto est\u00e1 a ser menosprezado","robots":{"index":"index","follow":"follow","max-snippet":"max-snippet:-1","max-image-preview":"max-image-preview:large","max-video-preview":"max-video-preview:-1"},"canonical":"https:\/\/www.altominho.tv\/site\/2020\/09\/11\/fc-porto-diz-que-desporto-esta-a-ser-menosprezado\/","og_locale":"pt_PT","og_type":"article","og_title":"FC Porto diz que desporto est\u00e1 a ser menosprezado","og_description":"O FC Porto lamentou hoje a decis\u00e3o de manter a proibi\u00e7\u00e3o de p\u00fablico em recintos desportivos, devido \u00e0 covida-19, considerando que o desporto, e o futebol em particular, est\u00e3o a ser menosprezados. \u201cO desporto, e o futebol em particular, tem uma dimens\u00e3o social e econ\u00f3mica que n\u00e3o pode continuar a ser menosprezada. Trazer a fase [&hellip;]","og_url":"https:\/\/www.altominho.tv\/site\/2020\/09\/11\/fc-porto-diz-que-desporto-esta-a-ser-menosprezado\/","og_site_name":"Altominho.tv","article_publisher":"https:\/\/www.facebook.com\/altominhotv","article_published_time":"2020-09-11T11:42:39+00:00","article_modified_time":"2020-09-11T11:42:42+00:00","og_image":[{"width":800,"height":533,"url":"https:\/\/www.altominho.tv\/site\/wp-content\/uploads\/2020\/09\/fc-porto.jpg","type":"image\/jpeg"}],"author":"Andreia Cunha | Lusa","twitter_card":"summary_large_image","twitter_creator":"@altominhoTV","twitter_site":"@altominhoTV","twitter_misc":{"Escrito por":"Andreia Cunha | Lusa","Tempo estimado de leitura":"2 minutos"},"schema":{"@context":"https:\/\/schema.org","@graph":[{"@type":"Article","@id":"https:\/\/www.altominho.tv\/site\/2020\/09\/11\/fc-porto-diz-que-desporto-esta-a-ser-menosprezado\/#article","isPartOf":{"@id":"https:\/\/www.altominho.tv\/site\/2020\/09\/11\/fc-porto-diz-que-desporto-esta-a-ser-menosprezado\/"},"author":{"name":"Andreia Cunha | Lusa","@id":"https:\/\/www.altominho.tv\/site\/#\/schema\/person\/dbaf181c01b51ff40c9f461a905d321e"},"headline":"FC Porto diz que desporto est\u00e1 a ser menosprezado","datePublished":"2020-09-11T11:42:39+00:00","dateModified":"2020-09-11T11:42:42+00:00","mainEntityOfPage":{"@id":"https:\/\/www.altominho.tv\/site\/2020\/09\/11\/fc-porto-diz-que-desporto-esta-a-ser-menosprezado\/"},"wordCount":310,"image":{"@id":"https:\/\/www.altominho.tv\/site\/2020\/09\/11\/fc-porto-diz-que-desporto-esta-a-ser-menosprezado\/#primaryimage"},"thumbnailUrl":"https:\/\/www.altominho.tv\/site\/wp-content\/uploads\/2020\/09\/fc-porto.jpg","keywords":["Desporto","Sa\u00fade"],"articleSection":["Coronav\u00edrus"],"inLanguage":"pt-PT","copyrightYear":"2020","copyrightHolder":{"@id":"https:\/\/www.altominho.tv\/site\/#organization"}},{"@type":"WebPage","@id":"https:\/\/www.altominho.tv\/site\/2020\/09\/11\/fc-porto-diz-que-desporto-esta-a-ser-menosprezado\/","url":"https:\/\/www.altominho.tv\/site\/2020\/09\/11\/fc-porto-diz-que-desporto-esta-a-ser-menosprezado\/","name":"FC Porto diz que desporto est\u00e1 a ser menosprezado","isPartOf":{"@id":"https:\/\/www.altominho.tv\/site\/#website"},"primaryImageOfPage":{"@id":"https:\/\/www.altominho.tv\/site\/2020\/09\/11\/fc-porto-diz-que-desporto-esta-a-ser-menosprezado\/#primaryimage"},"image":{"@id":"https:\/\/www.altominho.tv\/site\/2020\/09\/11\/fc-porto-diz-que-desporto-esta-a-ser-menosprezado\/#primaryimage"},"thumbnailUrl":"https:\/\/www.altominho.tv\/site\/wp-content\/uploads\/2020\/09\/fc-porto.jpg","datePublished":"2020-09-11T11:42:39+00:00","dateModified":"2020-09-11T11:42:42+00:00","author":{"@id":"https:\/\/www.altominho.tv\/site\/#\/schema\/person\/dbaf181c01b51ff40c9f461a905d321e"},"breadcrumb":{"@id":"https:\/\/www.altominho.tv\/site\/2020\/09\/11\/fc-porto-diz-que-desporto-esta-a-ser-menosprezado\/#breadcrumb"},"inLanguage":"pt-PT","potentialAction":[{"@type":"ReadAction","target":["https:\/\/www.altominho.tv\/site\/2020\/09\/11\/fc-porto-diz-que-desporto-esta-a-ser-menosprezado\/"]}]},{"@type":"ImageObject","inLanguage":"pt-PT","@id":"https:\/\/www.altominho.tv\/site\/2020\/09\/11\/fc-porto-diz-que-desporto-esta-a-ser-menosprezado\/#primaryimage","url":"https:\/\/www.altominho.tv\/site\/wp-content\/uploads\/2020\/09\/fc-porto.jpg","contentUrl":"https:\/\/www.altominho.tv\/site\/wp-content\/uploads\/2020\/09\/fc-porto.jpg","width":800,"height":533},{"@type":"BreadcrumbList","@id":"https:\/\/www.altominho.tv\/site\/2020\/09\/11\/fc-porto-diz-que-desporto-esta-a-ser-menosprezado\/#breadcrumb","itemListElement":[{"@type":"ListItem","position":1,"name":"In\u00edcio","item":"https:\/\/www.altominho.tv\/site\/"},{"@type":"ListItem","position":2,"name":"FC Porto diz que desporto est\u00e1 a ser menosprezado"}]},{"@type":"WebSite","@id":"https:\/\/www.altominho.tv\/site\/#website","url":"https:\/\/www.altominho.tv\/site\/","name":"Altominho.tv","description":"A sua regi\u00e3o \u00e0 dist\u00e2ncia de um clique...","potentialAction":[{"@type":"SearchAction","target":{"@type":"EntryPoint","urlTemplate":"https:\/\/www.altominho.tv\/site\/?s={search_term_string}"},"query-input":{"@type":"PropertyValueSpecification","valueRequired":true,"valueName":"search_term_string"}}],"inLanguage":"pt-PT"},{"@type":"Person","@id":"https:\/\/www.altominho.tv\/site\/#\/schema\/person\/dbaf181c01b51ff40c9f461a905d321e","name":"Andreia Cunha | Lusa","image":{"@type":"ImageObject","inLanguage":"pt-PT","@id":"https:\/\/www.altominho.tv\/site\/wp-content\/uploads\/2017\/11\/Andreia_Cunha-1-150x150.jpg","url":"https:\/\/www.altominho.tv\/site\/wp-content\/uploads\/2017\/11\/Andreia_Cunha-1-150x150.jpg","contentUrl":"https:\/\/www.altominho.tv\/site\/wp-content\/uploads\/2017\/11\/Andreia_Cunha-1-150x150.jpg","caption":"Andreia Cunha | Lusa"},"sameAs":["https:\/\/www.altominho.tv\/site"],"url":"https:\/\/www.altominho.tv\/site\/author\/andreiacunhalusa\/"}]}},"_links":{"self":[{"href":"https:\/\/www.altominho.tv\/site\/wp-json\/wp\/v2\/posts\/52025","targetHints":{"allow":["GET"]}}],"collection":[{"href":"https:\/\/www.altominho.tv\/site\/wp-json\/wp\/v2\/posts"}],"about":[{"href":"https:\/\/www.altominho.tv\/site\/wp-json\/wp\/v2\/types\/post"}],"author":[{"embeddable":true,"href":"https:\/\/www.altominho.tv\/site\/wp-json\/wp\/v2\/users\/16"}],"replies":[{"embeddable":true,"href":"https:\/\/www.altominho.tv\/site\/wp-json\/wp\/v2\/comments?post=52025"}],"version-history":[{"count":0,"href":"https:\/\/www.altominho.tv\/site\/wp-json\/wp\/v2\/posts\/52025\/revisions"}],"wp:featuredmedia":[{"embeddable":true,"href":"https:\/\/www.altominho.tv\/site\/wp-json\/wp\/v2\/media\/52026"}],"wp:attachment":[{"href":"https:\/\/www.altominho.tv\/site\/wp-json\/wp\/v2\/media?parent=52025"}],"wp:term":[{"taxonomy":"category","embeddable":true,"href":"https:\/\/www.altominho.tv\/site\/wp-json\/wp\/v2\/categories?post=52025"},{"taxonomy":"post_tag","embeddable":true,"href":"https:\/\/www.altominho.tv\/site\/wp-json\/wp\/v2\/tags?post=52025"}],"curies":[{"name":"wp","href":"https:\/\/api.w.org\/{rel}","templated":true}]}}