{"id":52015,"date":"2020-09-11T09:30:58","date_gmt":"2020-09-11T08:30:58","guid":{"rendered":"http:\/\/www.altominho.tv\/site\/?p=52015"},"modified":"2020-09-11T09:31:02","modified_gmt":"2020-09-11T08:31:02","slug":"tap-anuncia-seis-novas-rotas-para-o-verao-de-2021","status":"publish","type":"post","link":"https:\/\/www.altominho.tv\/site\/2020\/09\/11\/tap-anuncia-seis-novas-rotas-para-o-verao-de-2021\/","title":{"rendered":"TAP anuncia seis novas rotas para o ver\u00e3o de 2021"},"content":{"rendered":"\n<p>\u00a0A TAP anunciou que vai voar para Ibiza, Fuerteventura e Zagreb no ver\u00e3o de 2021, tendo ainda previstas duas novas rotas para a Tun\u00edsia e uma para Marrocos, numa altura em que \u00e9 elaborado o plano de reestrutura\u00e7\u00e3o.<\/p>\n\n\n\n<p>Segundo comunicado da transportadora, as novas rotas para o pr\u00f3ximo ver\u00e3o enquadram-se na \u201cestrat\u00e9gia de rede de conex\u00e3o\u201d entre a Europa, as Am\u00e9ricas e \u00c1frica, com a companhia a \u201caproveitar as oportunidades de expans\u00e3o sazonais para planear e otimizar a sua rede de destinos\u201d.<\/p>\n\n\n\n<p>A liga\u00e7\u00e3o a Zagreb (na Cro\u00e1cia) tem data de in\u00edcio prevista para mar\u00e7o, enquanto os voos inaugurais para Ibiza e Fuerteventura arrancar\u00e3o entre maio e junho de 2021, com a TAP a assegurar duas liga\u00e7\u00f5es semanais (aos s\u00e1bados e domingos) entre Lisboa e Ibiza e um voo semanal (aos s\u00e1bados) com Fuerteventura.<\/p>\n\n\n\n<p>Relativamente a Zagreb, a companhia a\u00e9rea prev\u00ea efetuar tr\u00eas voos por semana, \u00e0s quartas, sexta e domingos, com sa\u00edda de Lisboa \u00e0s 08:00 e chegada \u00e0 capital croata \u00e0s 12:05.<\/p>\n\n\n\n<p>A empresa adianta ainda, no mesmo comunicado, a que a Lusa teve acesso, j\u00e1 ter iniciado a venda de bilhetes para estes tr\u00eas novos destinos europeus.<\/p>\n\n\n\n<p>O ver\u00e3o de 2021 vai tamb\u00e9m colocar na rota da TAP tr\u00eas novos destinos de praia no norte de \u00c1frica, nomeadamente Djerba e Monastir, na Tun\u00edsia, e Oujda, em Marrocos, com inaugura\u00e7\u00e3o prevista entre maio e junho de 2021.<\/p>\n\n\n\n<p>De acordo com a informa\u00e7\u00e3o, a TAP vai passar a voar aos domingos e \u00e0s sextas-feiras para Djerba e Monastir, respetivamente, com partidas de Lisboa \u00e0s 09:25 e 10:00 e chegadas aos destinos, pela mesma ordem, \u00e0s 12:30 e 12:55.<\/p>\n\n\n\n<p>Para Oujda a TAP ter\u00e1 dois voos semanais, aos s\u00e1bados e domingos, com sa\u00edda do aeroporto de Lisboa \u00e0s 10:00 e chegada \u00e0s 12:05.<\/p>\n\n\n\n<p>A comercializa\u00e7\u00e3o destes voos vai iniciar-se em 15 de setembro, segundo adianta o comunicado.<\/p>\n\n\n\n<p>A estas novas rotas para o ver\u00e3o de 2021 v\u00e3o juntar-se os novos destinos que a companhia tinha anunciado para este ano mas cujo in\u00edcio teve de ser adiado por causa da pandemia de 2021, refere a mesma nota.<\/p>\n\n\n\n<p>Em causa est\u00e3o as novas liga\u00e7\u00f5es da TAP para Canc\u00fan, Cidade do Cabo, Agadir e Santiago de Compostela.<\/p>\n\n\n\n<p>Este an\u00fancio surge num momento em que o Boston Consulting Group (BCG) est\u00e1 a preparar o plano de reestrutura\u00e7\u00e3o para apresentar \u00e0 Comiss\u00e3o Europeia, contrapartida da aprova\u00e7\u00e3o de um aux\u00edlio estatal que pode chegar aos 1.200 milh\u00f5es de euros.<\/p>\n\n\n\n<p>Segundo foi comunicado aos sindicatos representativos dos trabalhadores, a primeira vers\u00e3o do documento dever\u00e1 estar conclu\u00edda no final de outubro.<\/p>\n\n\n\n<p>Na ter\u00e7a-feira, o ministro das Infraestruturas e Habita\u00e7\u00e3o, Pedro Nuno Santos, confirmou que o antigo presidente executivo (CEO) da companhia, Antonoaldo Neves, ainda se encontra na empresa, mas \u201cn\u00e3o por muito mais tempo\u201d.<\/p>\n\n\n\n<p>O governante assegurou ent\u00e3o que \u201cat\u00e9 ao final do m\u00eas, j\u00e1 temos um novo CEO que se chama Ramiro Sequeira, que \u00e9 um grande quadro portugu\u00eas da TAP\u201d, adiantando que a Parp\u00fablica \u2013 empresa gestora de participa\u00e7\u00f5es p\u00fablicas &#8211; est\u00e1 a concluir um processo de sele\u00e7\u00e3o da empresa de \u2018head hunting\u2019 (ca\u00e7a talentos) que ir\u00e1 escolher internacionalmente o futuro l\u00edder da TAP.<\/p>\n\n\n\n<p>Em 02 julho, quando anunciou o acordo com os acionistas privados para o Estado ficar com 72,5% do capital \u2013 e a sa\u00edda de David Neeleman \u2013, Pedro Nuno Santos tinha dito que Antonoaldo Neves seria substitu\u00eddo \u201cde imediato\u201d.<\/p>\n\n\n\n<p>O Estado portugu\u00eas det\u00e9m uma participa\u00e7\u00e3o social de 72,5%, o empres\u00e1rio Humberto Pedrosa 22,5% e os trabalhadores os restante 5% do grupo.<\/p>\n","protected":false},"excerpt":{"rendered":"<p>\u00a0A TAP anunciou que vai voar para Ibiza, Fuerteventura e Zagreb no ver\u00e3o de 2021, tendo ainda previstas duas novas rotas para a Tun\u00edsia e uma para Marrocos, numa altura em que \u00e9 elaborado o plano de reestrutura\u00e7\u00e3o. Segundo comunicado da transportadora, as novas rotas para o pr\u00f3ximo ver\u00e3o enquadram-se na \u201cestrat\u00e9gia de rede de [&hellip;]<\/p>\n","protected":false},"author":16,"featured_media":52016,"comment_status":"closed","ping_status":"closed","sticky":false,"template":"","format":"standard","meta":{"_exactmetrics_skip_tracking":false,"_exactmetrics_sitenote_active":false,"_exactmetrics_sitenote_note":"","_exactmetrics_sitenote_category":0,"footnotes":""},"categories":[73],"tags":[21,27],"class_list":["post-52015","post","type-post","status-publish","format-standard","has-post-thumbnail","hentry","category-alto-minho","tag-economia","tag-sociedade"],"yoast_head":"<!-- This site is optimized with the Yoast SEO Premium plugin v27.5 (Yoast SEO v27.5) - https:\/\/yoast.com\/product\/yoast-seo-premium-wordpress\/ -->\n<title>TAP anuncia seis novas rotas para o ver\u00e3o de 2021<\/title>\n<meta name=\"robots\" content=\"index, follow, max-snippet:-1, max-image-preview:large, max-video-preview:-1\" \/>\n<link rel=\"canonical\" href=\"https:\/\/www.altominho.tv\/site\/2020\/09\/11\/tap-anuncia-seis-novas-rotas-para-o-verao-de-2021\/\" \/>\n<meta property=\"og:locale\" content=\"pt_PT\" \/>\n<meta property=\"og:type\" content=\"article\" \/>\n<meta property=\"og:title\" content=\"TAP anuncia seis novas rotas para o ver\u00e3o de 2021\" \/>\n<meta property=\"og:description\" content=\"\u00a0A TAP anunciou que vai voar para Ibiza, Fuerteventura e Zagreb no ver\u00e3o de 2021, tendo ainda previstas duas novas rotas para a Tun\u00edsia e uma para Marrocos, numa altura em que \u00e9 elaborado o plano de reestrutura\u00e7\u00e3o. Segundo comunicado da transportadora, as novas rotas para o pr\u00f3ximo ver\u00e3o enquadram-se na \u201cestrat\u00e9gia de rede de [&hellip;]\" \/>\n<meta property=\"og:url\" content=\"https:\/\/www.altominho.tv\/site\/2020\/09\/11\/tap-anuncia-seis-novas-rotas-para-o-verao-de-2021\/\" \/>\n<meta property=\"og:site_name\" content=\"Altominho.tv\" \/>\n<meta property=\"article:publisher\" content=\"https:\/\/www.facebook.com\/altominhotv\" \/>\n<meta property=\"article:published_time\" content=\"2020-09-11T08:30:58+00:00\" \/>\n<meta property=\"article:modified_time\" content=\"2020-09-11T08:31:02+00:00\" \/>\n<meta property=\"og:image\" content=\"https:\/\/www.altominho.tv\/site\/wp-content\/uploads\/2020\/09\/tap.jpg\" \/>\n\t<meta property=\"og:image:width\" content=\"960\" \/>\n\t<meta property=\"og:image:height\" content=\"600\" \/>\n\t<meta property=\"og:image:type\" content=\"image\/jpeg\" \/>\n<meta name=\"author\" content=\"Andreia Cunha | Lusa\" \/>\n<meta name=\"twitter:card\" content=\"summary_large_image\" \/>\n<meta name=\"twitter:creator\" content=\"@altominhoTV\" \/>\n<meta name=\"twitter:site\" content=\"@altominhoTV\" \/>\n<meta name=\"twitter:label1\" content=\"Escrito por\" \/>\n\t<meta name=\"twitter:data1\" content=\"Andreia Cunha | Lusa\" \/>\n\t<meta name=\"twitter:label2\" content=\"Tempo estimado de leitura\" \/>\n\t<meta name=\"twitter:data2\" content=\"3 minutos\" \/>\n<script type=\"application\/ld+json\" class=\"yoast-schema-graph\">{\"@context\":\"https:\\\/\\\/schema.org\",\"@graph\":[{\"@type\":\"Article\",\"@id\":\"https:\\\/\\\/www.altominho.tv\\\/site\\\/2020\\\/09\\\/11\\\/tap-anuncia-seis-novas-rotas-para-o-verao-de-2021\\\/#article\",\"isPartOf\":{\"@id\":\"https:\\\/\\\/www.altominho.tv\\\/site\\\/2020\\\/09\\\/11\\\/tap-anuncia-seis-novas-rotas-para-o-verao-de-2021\\\/\"},\"author\":{\"name\":\"Andreia Cunha | Lusa\",\"@id\":\"https:\\\/\\\/www.altominho.tv\\\/site\\\/#\\\/schema\\\/person\\\/dbaf181c01b51ff40c9f461a905d321e\"},\"headline\":\"TAP anuncia seis novas rotas para o ver\u00e3o de 2021\",\"datePublished\":\"2020-09-11T08:30:58+00:00\",\"dateModified\":\"2020-09-11T08:31:02+00:00\",\"mainEntityOfPage\":{\"@id\":\"https:\\\/\\\/www.altominho.tv\\\/site\\\/2020\\\/09\\\/11\\\/tap-anuncia-seis-novas-rotas-para-o-verao-de-2021\\\/\"},\"wordCount\":623,\"image\":{\"@id\":\"https:\\\/\\\/www.altominho.tv\\\/site\\\/2020\\\/09\\\/11\\\/tap-anuncia-seis-novas-rotas-para-o-verao-de-2021\\\/#primaryimage\"},\"thumbnailUrl\":\"https:\\\/\\\/www.altominho.tv\\\/site\\\/wp-content\\\/uploads\\\/2020\\\/09\\\/tap.jpg\",\"keywords\":[\"Economia\",\"Sociedade\"],\"articleSection\":[\"Alto Minho\"],\"inLanguage\":\"pt-PT\",\"copyrightYear\":\"2020\",\"copyrightHolder\":{\"@id\":\"https:\\\/\\\/www.altominho.tv\\\/site\\\/#organization\"}},{\"@type\":\"WebPage\",\"@id\":\"https:\\\/\\\/www.altominho.tv\\\/site\\\/2020\\\/09\\\/11\\\/tap-anuncia-seis-novas-rotas-para-o-verao-de-2021\\\/\",\"url\":\"https:\\\/\\\/www.altominho.tv\\\/site\\\/2020\\\/09\\\/11\\\/tap-anuncia-seis-novas-rotas-para-o-verao-de-2021\\\/\",\"name\":\"TAP anuncia seis novas rotas para o ver\u00e3o de 2021\",\"isPartOf\":{\"@id\":\"https:\\\/\\\/www.altominho.tv\\\/site\\\/#website\"},\"primaryImageOfPage\":{\"@id\":\"https:\\\/\\\/www.altominho.tv\\\/site\\\/2020\\\/09\\\/11\\\/tap-anuncia-seis-novas-rotas-para-o-verao-de-2021\\\/#primaryimage\"},\"image\":{\"@id\":\"https:\\\/\\\/www.altominho.tv\\\/site\\\/2020\\\/09\\\/11\\\/tap-anuncia-seis-novas-rotas-para-o-verao-de-2021\\\/#primaryimage\"},\"thumbnailUrl\":\"https:\\\/\\\/www.altominho.tv\\\/site\\\/wp-content\\\/uploads\\\/2020\\\/09\\\/tap.jpg\",\"datePublished\":\"2020-09-11T08:30:58+00:00\",\"dateModified\":\"2020-09-11T08:31:02+00:00\",\"author\":{\"@id\":\"https:\\\/\\\/www.altominho.tv\\\/site\\\/#\\\/schema\\\/person\\\/dbaf181c01b51ff40c9f461a905d321e\"},\"breadcrumb\":{\"@id\":\"https:\\\/\\\/www.altominho.tv\\\/site\\\/2020\\\/09\\\/11\\\/tap-anuncia-seis-novas-rotas-para-o-verao-de-2021\\\/#breadcrumb\"},\"inLanguage\":\"pt-PT\",\"potentialAction\":[{\"@type\":\"ReadAction\",\"target\":[\"https:\\\/\\\/www.altominho.tv\\\/site\\\/2020\\\/09\\\/11\\\/tap-anuncia-seis-novas-rotas-para-o-verao-de-2021\\\/\"]}]},{\"@type\":\"ImageObject\",\"inLanguage\":\"pt-PT\",\"@id\":\"https:\\\/\\\/www.altominho.tv\\\/site\\\/2020\\\/09\\\/11\\\/tap-anuncia-seis-novas-rotas-para-o-verao-de-2021\\\/#primaryimage\",\"url\":\"https:\\\/\\\/www.altominho.tv\\\/site\\\/wp-content\\\/uploads\\\/2020\\\/09\\\/tap.jpg\",\"contentUrl\":\"https:\\\/\\\/www.altominho.tv\\\/site\\\/wp-content\\\/uploads\\\/2020\\\/09\\\/tap.jpg\",\"width\":960,\"height\":600},{\"@type\":\"BreadcrumbList\",\"@id\":\"https:\\\/\\\/www.altominho.tv\\\/site\\\/2020\\\/09\\\/11\\\/tap-anuncia-seis-novas-rotas-para-o-verao-de-2021\\\/#breadcrumb\",\"itemListElement\":[{\"@type\":\"ListItem\",\"position\":1,\"name\":\"In\u00edcio\",\"item\":\"https:\\\/\\\/www.altominho.tv\\\/site\\\/\"},{\"@type\":\"ListItem\",\"position\":2,\"name\":\"TAP anuncia seis novas rotas para o ver\u00e3o de 2021\"}]},{\"@type\":\"WebSite\",\"@id\":\"https:\\\/\\\/www.altominho.tv\\\/site\\\/#website\",\"url\":\"https:\\\/\\\/www.altominho.tv\\\/site\\\/\",\"name\":\"Altominho.tv\",\"description\":\"A sua regi\u00e3o \u00e0 dist\u00e2ncia de um clique...\",\"potentialAction\":[{\"@type\":\"SearchAction\",\"target\":{\"@type\":\"EntryPoint\",\"urlTemplate\":\"https:\\\/\\\/www.altominho.tv\\\/site\\\/?s={search_term_string}\"},\"query-input\":{\"@type\":\"PropertyValueSpecification\",\"valueRequired\":true,\"valueName\":\"search_term_string\"}}],\"inLanguage\":\"pt-PT\"},{\"@type\":\"Person\",\"@id\":\"https:\\\/\\\/www.altominho.tv\\\/site\\\/#\\\/schema\\\/person\\\/dbaf181c01b51ff40c9f461a905d321e\",\"name\":\"Andreia Cunha | Lusa\",\"image\":{\"@type\":\"ImageObject\",\"inLanguage\":\"pt-PT\",\"@id\":\"https:\\\/\\\/www.altominho.tv\\\/site\\\/wp-content\\\/uploads\\\/2017\\\/11\\\/Andreia_Cunha-1-150x150.jpg\",\"url\":\"https:\\\/\\\/www.altominho.tv\\\/site\\\/wp-content\\\/uploads\\\/2017\\\/11\\\/Andreia_Cunha-1-150x150.jpg\",\"contentUrl\":\"https:\\\/\\\/www.altominho.tv\\\/site\\\/wp-content\\\/uploads\\\/2017\\\/11\\\/Andreia_Cunha-1-150x150.jpg\",\"caption\":\"Andreia Cunha | Lusa\"},\"sameAs\":[\"https:\\\/\\\/www.altominho.tv\\\/site\"],\"url\":\"https:\\\/\\\/www.altominho.tv\\\/site\\\/author\\\/andreiacunhalusa\\\/\"}]}<\/script>\n<!-- \/ Yoast SEO Premium plugin. -->","yoast_head_json":{"title":"TAP anuncia seis novas rotas para o ver\u00e3o de 2021","robots":{"index":"index","follow":"follow","max-snippet":"max-snippet:-1","max-image-preview":"max-image-preview:large","max-video-preview":"max-video-preview:-1"},"canonical":"https:\/\/www.altominho.tv\/site\/2020\/09\/11\/tap-anuncia-seis-novas-rotas-para-o-verao-de-2021\/","og_locale":"pt_PT","og_type":"article","og_title":"TAP anuncia seis novas rotas para o ver\u00e3o de 2021","og_description":"\u00a0A TAP anunciou que vai voar para Ibiza, Fuerteventura e Zagreb no ver\u00e3o de 2021, tendo ainda previstas duas novas rotas para a Tun\u00edsia e uma para Marrocos, numa altura em que \u00e9 elaborado o plano de reestrutura\u00e7\u00e3o. Segundo comunicado da transportadora, as novas rotas para o pr\u00f3ximo ver\u00e3o enquadram-se na \u201cestrat\u00e9gia de rede de [&hellip;]","og_url":"https:\/\/www.altominho.tv\/site\/2020\/09\/11\/tap-anuncia-seis-novas-rotas-para-o-verao-de-2021\/","og_site_name":"Altominho.tv","article_publisher":"https:\/\/www.facebook.com\/altominhotv","article_published_time":"2020-09-11T08:30:58+00:00","article_modified_time":"2020-09-11T08:31:02+00:00","og_image":[{"width":960,"height":600,"url":"https:\/\/www.altominho.tv\/site\/wp-content\/uploads\/2020\/09\/tap.jpg","type":"image\/jpeg"}],"author":"Andreia Cunha | Lusa","twitter_card":"summary_large_image","twitter_creator":"@altominhoTV","twitter_site":"@altominhoTV","twitter_misc":{"Escrito por":"Andreia Cunha | Lusa","Tempo estimado de leitura":"3 minutos"},"schema":{"@context":"https:\/\/schema.org","@graph":[{"@type":"Article","@id":"https:\/\/www.altominho.tv\/site\/2020\/09\/11\/tap-anuncia-seis-novas-rotas-para-o-verao-de-2021\/#article","isPartOf":{"@id":"https:\/\/www.altominho.tv\/site\/2020\/09\/11\/tap-anuncia-seis-novas-rotas-para-o-verao-de-2021\/"},"author":{"name":"Andreia Cunha | Lusa","@id":"https:\/\/www.altominho.tv\/site\/#\/schema\/person\/dbaf181c01b51ff40c9f461a905d321e"},"headline":"TAP anuncia seis novas rotas para o ver\u00e3o de 2021","datePublished":"2020-09-11T08:30:58+00:00","dateModified":"2020-09-11T08:31:02+00:00","mainEntityOfPage":{"@id":"https:\/\/www.altominho.tv\/site\/2020\/09\/11\/tap-anuncia-seis-novas-rotas-para-o-verao-de-2021\/"},"wordCount":623,"image":{"@id":"https:\/\/www.altominho.tv\/site\/2020\/09\/11\/tap-anuncia-seis-novas-rotas-para-o-verao-de-2021\/#primaryimage"},"thumbnailUrl":"https:\/\/www.altominho.tv\/site\/wp-content\/uploads\/2020\/09\/tap.jpg","keywords":["Economia","Sociedade"],"articleSection":["Alto Minho"],"inLanguage":"pt-PT","copyrightYear":"2020","copyrightHolder":{"@id":"https:\/\/www.altominho.tv\/site\/#organization"}},{"@type":"WebPage","@id":"https:\/\/www.altominho.tv\/site\/2020\/09\/11\/tap-anuncia-seis-novas-rotas-para-o-verao-de-2021\/","url":"https:\/\/www.altominho.tv\/site\/2020\/09\/11\/tap-anuncia-seis-novas-rotas-para-o-verao-de-2021\/","name":"TAP anuncia seis novas rotas para o ver\u00e3o de 2021","isPartOf":{"@id":"https:\/\/www.altominho.tv\/site\/#website"},"primaryImageOfPage":{"@id":"https:\/\/www.altominho.tv\/site\/2020\/09\/11\/tap-anuncia-seis-novas-rotas-para-o-verao-de-2021\/#primaryimage"},"image":{"@id":"https:\/\/www.altominho.tv\/site\/2020\/09\/11\/tap-anuncia-seis-novas-rotas-para-o-verao-de-2021\/#primaryimage"},"thumbnailUrl":"https:\/\/www.altominho.tv\/site\/wp-content\/uploads\/2020\/09\/tap.jpg","datePublished":"2020-09-11T08:30:58+00:00","dateModified":"2020-09-11T08:31:02+00:00","author":{"@id":"https:\/\/www.altominho.tv\/site\/#\/schema\/person\/dbaf181c01b51ff40c9f461a905d321e"},"breadcrumb":{"@id":"https:\/\/www.altominho.tv\/site\/2020\/09\/11\/tap-anuncia-seis-novas-rotas-para-o-verao-de-2021\/#breadcrumb"},"inLanguage":"pt-PT","potentialAction":[{"@type":"ReadAction","target":["https:\/\/www.altominho.tv\/site\/2020\/09\/11\/tap-anuncia-seis-novas-rotas-para-o-verao-de-2021\/"]}]},{"@type":"ImageObject","inLanguage":"pt-PT","@id":"https:\/\/www.altominho.tv\/site\/2020\/09\/11\/tap-anuncia-seis-novas-rotas-para-o-verao-de-2021\/#primaryimage","url":"https:\/\/www.altominho.tv\/site\/wp-content\/uploads\/2020\/09\/tap.jpg","contentUrl":"https:\/\/www.altominho.tv\/site\/wp-content\/uploads\/2020\/09\/tap.jpg","width":960,"height":600},{"@type":"BreadcrumbList","@id":"https:\/\/www.altominho.tv\/site\/2020\/09\/11\/tap-anuncia-seis-novas-rotas-para-o-verao-de-2021\/#breadcrumb","itemListElement":[{"@type":"ListItem","position":1,"name":"In\u00edcio","item":"https:\/\/www.altominho.tv\/site\/"},{"@type":"ListItem","position":2,"name":"TAP anuncia seis novas rotas para o ver\u00e3o de 2021"}]},{"@type":"WebSite","@id":"https:\/\/www.altominho.tv\/site\/#website","url":"https:\/\/www.altominho.tv\/site\/","name":"Altominho.tv","description":"A sua regi\u00e3o \u00e0 dist\u00e2ncia de um clique...","potentialAction":[{"@type":"SearchAction","target":{"@type":"EntryPoint","urlTemplate":"https:\/\/www.altominho.tv\/site\/?s={search_term_string}"},"query-input":{"@type":"PropertyValueSpecification","valueRequired":true,"valueName":"search_term_string"}}],"inLanguage":"pt-PT"},{"@type":"Person","@id":"https:\/\/www.altominho.tv\/site\/#\/schema\/person\/dbaf181c01b51ff40c9f461a905d321e","name":"Andreia Cunha | Lusa","image":{"@type":"ImageObject","inLanguage":"pt-PT","@id":"https:\/\/www.altominho.tv\/site\/wp-content\/uploads\/2017\/11\/Andreia_Cunha-1-150x150.jpg","url":"https:\/\/www.altominho.tv\/site\/wp-content\/uploads\/2017\/11\/Andreia_Cunha-1-150x150.jpg","contentUrl":"https:\/\/www.altominho.tv\/site\/wp-content\/uploads\/2017\/11\/Andreia_Cunha-1-150x150.jpg","caption":"Andreia Cunha | Lusa"},"sameAs":["https:\/\/www.altominho.tv\/site"],"url":"https:\/\/www.altominho.tv\/site\/author\/andreiacunhalusa\/"}]}},"_links":{"self":[{"href":"https:\/\/www.altominho.tv\/site\/wp-json\/wp\/v2\/posts\/52015","targetHints":{"allow":["GET"]}}],"collection":[{"href":"https:\/\/www.altominho.tv\/site\/wp-json\/wp\/v2\/posts"}],"about":[{"href":"https:\/\/www.altominho.tv\/site\/wp-json\/wp\/v2\/types\/post"}],"author":[{"embeddable":true,"href":"https:\/\/www.altominho.tv\/site\/wp-json\/wp\/v2\/users\/16"}],"replies":[{"embeddable":true,"href":"https:\/\/www.altominho.tv\/site\/wp-json\/wp\/v2\/comments?post=52015"}],"version-history":[{"count":0,"href":"https:\/\/www.altominho.tv\/site\/wp-json\/wp\/v2\/posts\/52015\/revisions"}],"wp:featuredmedia":[{"embeddable":true,"href":"https:\/\/www.altominho.tv\/site\/wp-json\/wp\/v2\/media\/52016"}],"wp:attachment":[{"href":"https:\/\/www.altominho.tv\/site\/wp-json\/wp\/v2\/media?parent=52015"}],"wp:term":[{"taxonomy":"category","embeddable":true,"href":"https:\/\/www.altominho.tv\/site\/wp-json\/wp\/v2\/categories?post=52015"},{"taxonomy":"post_tag","embeddable":true,"href":"https:\/\/www.altominho.tv\/site\/wp-json\/wp\/v2\/tags?post=52015"}],"curies":[{"name":"wp","href":"https:\/\/api.w.org\/{rel}","templated":true}]}}