{"id":52011,"date":"2020-09-11T08:24:25","date_gmt":"2020-09-11T07:24:25","guid":{"rendered":"http:\/\/www.altominho.tv\/site\/?p=52011"},"modified":"2020-09-11T08:25:29","modified_gmt":"2020-09-11T07:25:29","slug":"metade-dos-portugueses-confia-nas-vacinas-menos-que-outros-paises","status":"publish","type":"post","link":"https:\/\/www.altominho.tv\/site\/2020\/09\/11\/metade-dos-portugueses-confia-nas-vacinas-menos-que-outros-paises\/","title":{"rendered":"Metade dos portugueses confia nas vacinas, menos que outros pa\u00edses"},"content":{"rendered":"\n<p>Cerca de metade dos portugueses confia na seguran\u00e7a e efic\u00e1cia das vacinas, um n\u00famero relativamente baixo, \u00e0 semelhan\u00e7a do resto da Europa, em compara\u00e7\u00e3o com outras regi\u00f5es, segundo um estudo hoje divulgado.<\/p>\n\n\n\n<p>A revista cient\u00edfica The Lancet publicou hoje os resultados da \u00faltima edi\u00e7\u00e3o do projeto \u201cVaccine Confidence\u201d, da London School of Hygiene &amp; Tropical Medicine, que analisou e comparou dados de 2015 e 2019 de v\u00e1rios inqu\u00e9ritos nacionais em 149 pa\u00edses sobre o n\u00edvel de confian\u00e7a das pessoas nas vacinas, em rela\u00e7\u00e3o \u00e0 sua seguran\u00e7a, efic\u00e1cia e import\u00e2ncia. &nbsp;<\/p>\n\n\n\n<p>Para Portugal, os investigadores estimam que 50,20% das pessoas confia na seguran\u00e7a das vacinas, um n\u00famero que sobe para 54,94% quando se avalia a efic\u00e1cia.<\/p>\n\n\n\n<p>Em compara\u00e7\u00e3o com 2015, em dezembro de 2019 os portugueses confiavam mais nas vacinas, registando-se uma diferen\u00e7a de 12 pontos percentuais em rela\u00e7\u00e3o \u00e0 seguran\u00e7a e 14 pontos percentuais em termos de efic\u00e1cia.<\/p>\n\n\n\n<p>Nos dois campos, o pa\u00eds est\u00e1 ligeiramente acima da m\u00e9dia da Uni\u00e3o Europeia onde, segundo os resultados, a confian\u00e7a na vacina\u00e7\u00e3o continua baixa em compara\u00e7\u00e3o com as outras regi\u00f5es: pa\u00edses como o Uganda, Bangladesh, \u00cdndia ou Burundi est\u00e3o entre aqueles que mais confiam.<\/p>\n\n\n\n<p>\u00c0 semelhan\u00e7a de Portugal, tamb\u00e9m na Europa a tend\u00eancia parece ser para confiar cada vez mais, mas os investigadores destacam alguns pa\u00edses onde, por outro lado, s\u00e3o a desconfian\u00e7a e a oposi\u00e7\u00e3o que tendem a crescer, como o Azerbaij\u00e3o, Afeganist\u00e3o, Paquist\u00e3o ou S\u00e9rvia, refletindo os climas de instabilidade pol\u00edtica e extremismo religioso.<\/p>\n\n\n\n<p>Os investigadores tamb\u00e9m associam os baixos n\u00edveis de confian\u00e7a \u00e0 desinforma\u00e7\u00e3o, considerando que essa \u00e9 uma das principais amea\u00e7as \u00e0 resili\u00eancia dos programas de vacina\u00e7\u00e3o.<\/p>\n\n\n\n<p>\u201cPor vezes, h\u00e1 um risco genuinamente pequeno que \u00e9 rapidamente difundido e amplificado para parecer muito maior\u201d, afirmou Heidi Larson, a investigadora que liderou o estudo, referindo tamb\u00e9m a polariza\u00e7\u00e3o do debate p\u00fablico e a desconfian\u00e7a em rela\u00e7\u00e3o ao governo e \u00e0s elites cient\u00edficas.<\/p>\n\n\n\n<p>Al\u00e9m da seguran\u00e7a e da efic\u00e1cia das vacinas, o estudo olha tamb\u00e9m para a opini\u00e3o das pessoas em rela\u00e7\u00e3o \u00e0 import\u00e2ncia da vacina\u00e7\u00e3o e aqui a maioria dos pa\u00edses parece considerar que as vacinas, mais que eficazes e seguras, s\u00e3o importantes.<\/p>\n\n\n\n<p>\u201cOs nossos resultados sugerem que as pessoas n\u00e3o descartam necessariamente a import\u00e2ncia da vacina\u00e7\u00e3o nas crian\u00e7as, mesmo que tenham d\u00favidas sobre qu\u00e3o seguras s\u00e3o\u201d, explicou outra investigadora, Clarissa Simas, acrescentando que, por isso, a comunidade cient\u00edfica tem de \u201cfazer melhor\u201d para melhorar os n\u00edveis de confian\u00e7a.<\/p>\n\n\n\n<p>Portugal n\u00e3o \u00e9 exce\u00e7\u00e3o e se cerca de metade dos portugueses confia na seguran\u00e7a e efic\u00e1cia das vacinas, a percentagem estimada de portugueses que em 2019 consideravam que a imuniza\u00e7\u00e3o \u00e9 importante era de 69%, \u00e0 semelhan\u00e7a de 2015.<\/p>\n\n\n\n<p>Considerando o contexto atual da pandemia da covid-19, os investigadores sublinham que a necessidade de acompanhar a opini\u00e3o da popula\u00e7\u00e3o em rela\u00e7\u00e3o \u00e0 vacina\u00e7\u00e3o \u00e9 ainda maior, para que seja poss\u00edvel responder de forma r\u00e1pida a eventuais quebras na confian\u00e7a p\u00fablica.<\/p>\n\n\n\n<p>\u201c\u00c9 vital, com a amea\u00e7a de novas doen\u00e7as como a covid-19, que monitorizemos regularmente atitudes p\u00fablicas para identificar rapidamente pa\u00edses e grupos com um decl\u00ednio na confian\u00e7a, para que possamos ajudar a orientar onde \u00e9 preciso criar confian\u00e7a e otimizar o recurso a novas vacinas\u201d, defendeu Heidi Larson.<\/p>\n","protected":false},"excerpt":{"rendered":"<p>Cerca de metade dos portugueses confia na seguran\u00e7a e efic\u00e1cia das vacinas, um n\u00famero relativamente baixo, \u00e0 semelhan\u00e7a do resto da Europa, em compara\u00e7\u00e3o com outras regi\u00f5es, segundo um estudo hoje divulgado. A revista cient\u00edfica The Lancet publicou hoje os resultados da \u00faltima edi\u00e7\u00e3o do projeto \u201cVaccine Confidence\u201d, da London School of Hygiene &amp; Tropical [&hellip;]<\/p>\n","protected":false},"author":16,"featured_media":52012,"comment_status":"closed","ping_status":"closed","sticky":false,"template":"","format":"standard","meta":{"_exactmetrics_skip_tracking":false,"_exactmetrics_sitenote_active":false,"_exactmetrics_sitenote_note":"","_exactmetrics_sitenote_category":0,"footnotes":""},"categories":[42722],"tags":[26],"class_list":["post-52011","post","type-post","status-publish","format-standard","has-post-thumbnail","hentry","category-covid-19","tag-saude"],"yoast_head":"<!-- This site is optimized with the Yoast SEO Premium plugin v27.4 (Yoast SEO v27.4) - https:\/\/yoast.com\/product\/yoast-seo-premium-wordpress\/ -->\n<title>Metade dos portugueses confia nas vacinas, menos que outros pa\u00edses<\/title>\n<meta name=\"robots\" content=\"index, follow, max-snippet:-1, max-image-preview:large, max-video-preview:-1\" \/>\n<link rel=\"canonical\" href=\"https:\/\/www.altominho.tv\/site\/2020\/09\/11\/metade-dos-portugueses-confia-nas-vacinas-menos-que-outros-paises\/\" \/>\n<meta property=\"og:locale\" content=\"pt_PT\" \/>\n<meta property=\"og:type\" content=\"article\" \/>\n<meta property=\"og:title\" content=\"Metade dos portugueses confia nas vacinas, menos que outros pa\u00edses\" \/>\n<meta property=\"og:description\" content=\"Cerca de metade dos portugueses confia na seguran\u00e7a e efic\u00e1cia das vacinas, um n\u00famero relativamente baixo, \u00e0 semelhan\u00e7a do resto da Europa, em compara\u00e7\u00e3o com outras regi\u00f5es, segundo um estudo hoje divulgado. A revista cient\u00edfica The Lancet publicou hoje os resultados da \u00faltima edi\u00e7\u00e3o do projeto \u201cVaccine Confidence\u201d, da London School of Hygiene &amp; Tropical [&hellip;]\" \/>\n<meta property=\"og:url\" content=\"https:\/\/www.altominho.tv\/site\/2020\/09\/11\/metade-dos-portugueses-confia-nas-vacinas-menos-que-outros-paises\/\" \/>\n<meta property=\"og:site_name\" content=\"Altominho.tv\" \/>\n<meta property=\"article:publisher\" content=\"https:\/\/www.facebook.com\/altominhotv\" \/>\n<meta property=\"article:published_time\" content=\"2020-09-11T07:24:25+00:00\" \/>\n<meta property=\"article:modified_time\" content=\"2020-09-11T07:25:29+00:00\" \/>\n<meta property=\"og:image\" content=\"https:\/\/www.altominho.tv\/site\/wp-content\/uploads\/2020\/09\/vacina-cv.jpg\" \/>\n\t<meta property=\"og:image:width\" content=\"744\" \/>\n\t<meta property=\"og:image:height\" content=\"495\" \/>\n\t<meta property=\"og:image:type\" content=\"image\/jpeg\" \/>\n<meta name=\"author\" content=\"Andreia Cunha | Lusa\" \/>\n<meta name=\"twitter:card\" content=\"summary_large_image\" \/>\n<meta name=\"twitter:creator\" content=\"@altominhoTV\" \/>\n<meta name=\"twitter:site\" content=\"@altominhoTV\" \/>\n<meta name=\"twitter:label1\" content=\"Escrito por\" \/>\n\t<meta name=\"twitter:data1\" content=\"Andreia Cunha | Lusa\" \/>\n\t<meta name=\"twitter:label2\" content=\"Tempo estimado de leitura\" \/>\n\t<meta name=\"twitter:data2\" content=\"3 minutos\" \/>\n<script type=\"application\/ld+json\" class=\"yoast-schema-graph\">{\"@context\":\"https:\\\/\\\/schema.org\",\"@graph\":[{\"@type\":\"Article\",\"@id\":\"https:\\\/\\\/www.altominho.tv\\\/site\\\/2020\\\/09\\\/11\\\/metade-dos-portugueses-confia-nas-vacinas-menos-que-outros-paises\\\/#article\",\"isPartOf\":{\"@id\":\"https:\\\/\\\/www.altominho.tv\\\/site\\\/2020\\\/09\\\/11\\\/metade-dos-portugueses-confia-nas-vacinas-menos-que-outros-paises\\\/\"},\"author\":{\"name\":\"Andreia Cunha | Lusa\",\"@id\":\"https:\\\/\\\/www.altominho.tv\\\/site\\\/#\\\/schema\\\/person\\\/dbaf181c01b51ff40c9f461a905d321e\"},\"headline\":\"Metade dos portugueses confia nas vacinas, menos que outros pa\u00edses\",\"datePublished\":\"2020-09-11T07:24:25+00:00\",\"dateModified\":\"2020-09-11T07:25:29+00:00\",\"mainEntityOfPage\":{\"@id\":\"https:\\\/\\\/www.altominho.tv\\\/site\\\/2020\\\/09\\\/11\\\/metade-dos-portugueses-confia-nas-vacinas-menos-que-outros-paises\\\/\"},\"wordCount\":610,\"image\":{\"@id\":\"https:\\\/\\\/www.altominho.tv\\\/site\\\/2020\\\/09\\\/11\\\/metade-dos-portugueses-confia-nas-vacinas-menos-que-outros-paises\\\/#primaryimage\"},\"thumbnailUrl\":\"https:\\\/\\\/www.altominho.tv\\\/site\\\/wp-content\\\/uploads\\\/2020\\\/09\\\/vacina-cv.jpg\",\"keywords\":[\"Sa\u00fade\"],\"articleSection\":[\"Coronav\u00edrus\"],\"inLanguage\":\"pt-PT\",\"copyrightYear\":\"2020\",\"copyrightHolder\":{\"@id\":\"https:\\\/\\\/www.altominho.tv\\\/site\\\/#organization\"}},{\"@type\":\"WebPage\",\"@id\":\"https:\\\/\\\/www.altominho.tv\\\/site\\\/2020\\\/09\\\/11\\\/metade-dos-portugueses-confia-nas-vacinas-menos-que-outros-paises\\\/\",\"url\":\"https:\\\/\\\/www.altominho.tv\\\/site\\\/2020\\\/09\\\/11\\\/metade-dos-portugueses-confia-nas-vacinas-menos-que-outros-paises\\\/\",\"name\":\"Metade dos portugueses confia nas vacinas, menos que outros pa\u00edses\",\"isPartOf\":{\"@id\":\"https:\\\/\\\/www.altominho.tv\\\/site\\\/#website\"},\"primaryImageOfPage\":{\"@id\":\"https:\\\/\\\/www.altominho.tv\\\/site\\\/2020\\\/09\\\/11\\\/metade-dos-portugueses-confia-nas-vacinas-menos-que-outros-paises\\\/#primaryimage\"},\"image\":{\"@id\":\"https:\\\/\\\/www.altominho.tv\\\/site\\\/2020\\\/09\\\/11\\\/metade-dos-portugueses-confia-nas-vacinas-menos-que-outros-paises\\\/#primaryimage\"},\"thumbnailUrl\":\"https:\\\/\\\/www.altominho.tv\\\/site\\\/wp-content\\\/uploads\\\/2020\\\/09\\\/vacina-cv.jpg\",\"datePublished\":\"2020-09-11T07:24:25+00:00\",\"dateModified\":\"2020-09-11T07:25:29+00:00\",\"author\":{\"@id\":\"https:\\\/\\\/www.altominho.tv\\\/site\\\/#\\\/schema\\\/person\\\/dbaf181c01b51ff40c9f461a905d321e\"},\"breadcrumb\":{\"@id\":\"https:\\\/\\\/www.altominho.tv\\\/site\\\/2020\\\/09\\\/11\\\/metade-dos-portugueses-confia-nas-vacinas-menos-que-outros-paises\\\/#breadcrumb\"},\"inLanguage\":\"pt-PT\",\"potentialAction\":[{\"@type\":\"ReadAction\",\"target\":[\"https:\\\/\\\/www.altominho.tv\\\/site\\\/2020\\\/09\\\/11\\\/metade-dos-portugueses-confia-nas-vacinas-menos-que-outros-paises\\\/\"]}]},{\"@type\":\"ImageObject\",\"inLanguage\":\"pt-PT\",\"@id\":\"https:\\\/\\\/www.altominho.tv\\\/site\\\/2020\\\/09\\\/11\\\/metade-dos-portugueses-confia-nas-vacinas-menos-que-outros-paises\\\/#primaryimage\",\"url\":\"https:\\\/\\\/www.altominho.tv\\\/site\\\/wp-content\\\/uploads\\\/2020\\\/09\\\/vacina-cv.jpg\",\"contentUrl\":\"https:\\\/\\\/www.altominho.tv\\\/site\\\/wp-content\\\/uploads\\\/2020\\\/09\\\/vacina-cv.jpg\",\"width\":744,\"height\":495},{\"@type\":\"BreadcrumbList\",\"@id\":\"https:\\\/\\\/www.altominho.tv\\\/site\\\/2020\\\/09\\\/11\\\/metade-dos-portugueses-confia-nas-vacinas-menos-que-outros-paises\\\/#breadcrumb\",\"itemListElement\":[{\"@type\":\"ListItem\",\"position\":1,\"name\":\"In\u00edcio\",\"item\":\"https:\\\/\\\/www.altominho.tv\\\/site\\\/\"},{\"@type\":\"ListItem\",\"position\":2,\"name\":\"Metade dos portugueses confia nas vacinas, menos que outros pa\u00edses\"}]},{\"@type\":\"WebSite\",\"@id\":\"https:\\\/\\\/www.altominho.tv\\\/site\\\/#website\",\"url\":\"https:\\\/\\\/www.altominho.tv\\\/site\\\/\",\"name\":\"Altominho.tv\",\"description\":\"A sua regi\u00e3o \u00e0 dist\u00e2ncia de um clique...\",\"potentialAction\":[{\"@type\":\"SearchAction\",\"target\":{\"@type\":\"EntryPoint\",\"urlTemplate\":\"https:\\\/\\\/www.altominho.tv\\\/site\\\/?s={search_term_string}\"},\"query-input\":{\"@type\":\"PropertyValueSpecification\",\"valueRequired\":true,\"valueName\":\"search_term_string\"}}],\"inLanguage\":\"pt-PT\"},{\"@type\":\"Person\",\"@id\":\"https:\\\/\\\/www.altominho.tv\\\/site\\\/#\\\/schema\\\/person\\\/dbaf181c01b51ff40c9f461a905d321e\",\"name\":\"Andreia Cunha | Lusa\",\"image\":{\"@type\":\"ImageObject\",\"inLanguage\":\"pt-PT\",\"@id\":\"https:\\\/\\\/www.altominho.tv\\\/site\\\/wp-content\\\/uploads\\\/2017\\\/11\\\/Andreia_Cunha-1-150x150.jpg\",\"url\":\"https:\\\/\\\/www.altominho.tv\\\/site\\\/wp-content\\\/uploads\\\/2017\\\/11\\\/Andreia_Cunha-1-150x150.jpg\",\"contentUrl\":\"https:\\\/\\\/www.altominho.tv\\\/site\\\/wp-content\\\/uploads\\\/2017\\\/11\\\/Andreia_Cunha-1-150x150.jpg\",\"caption\":\"Andreia Cunha | Lusa\"},\"sameAs\":[\"https:\\\/\\\/www.altominho.tv\\\/site\"],\"url\":\"https:\\\/\\\/www.altominho.tv\\\/site\\\/author\\\/andreiacunhalusa\\\/\"}]}<\/script>\n<!-- \/ Yoast SEO Premium plugin. -->","yoast_head_json":{"title":"Metade dos portugueses confia nas vacinas, menos que outros pa\u00edses","robots":{"index":"index","follow":"follow","max-snippet":"max-snippet:-1","max-image-preview":"max-image-preview:large","max-video-preview":"max-video-preview:-1"},"canonical":"https:\/\/www.altominho.tv\/site\/2020\/09\/11\/metade-dos-portugueses-confia-nas-vacinas-menos-que-outros-paises\/","og_locale":"pt_PT","og_type":"article","og_title":"Metade dos portugueses confia nas vacinas, menos que outros pa\u00edses","og_description":"Cerca de metade dos portugueses confia na seguran\u00e7a e efic\u00e1cia das vacinas, um n\u00famero relativamente baixo, \u00e0 semelhan\u00e7a do resto da Europa, em compara\u00e7\u00e3o com outras regi\u00f5es, segundo um estudo hoje divulgado. A revista cient\u00edfica The Lancet publicou hoje os resultados da \u00faltima edi\u00e7\u00e3o do projeto \u201cVaccine Confidence\u201d, da London School of Hygiene &amp; Tropical [&hellip;]","og_url":"https:\/\/www.altominho.tv\/site\/2020\/09\/11\/metade-dos-portugueses-confia-nas-vacinas-menos-que-outros-paises\/","og_site_name":"Altominho.tv","article_publisher":"https:\/\/www.facebook.com\/altominhotv","article_published_time":"2020-09-11T07:24:25+00:00","article_modified_time":"2020-09-11T07:25:29+00:00","og_image":[{"width":744,"height":495,"url":"https:\/\/www.altominho.tv\/site\/wp-content\/uploads\/2020\/09\/vacina-cv.jpg","type":"image\/jpeg"}],"author":"Andreia Cunha | Lusa","twitter_card":"summary_large_image","twitter_creator":"@altominhoTV","twitter_site":"@altominhoTV","twitter_misc":{"Escrito por":"Andreia Cunha | Lusa","Tempo estimado de leitura":"3 minutos"},"schema":{"@context":"https:\/\/schema.org","@graph":[{"@type":"Article","@id":"https:\/\/www.altominho.tv\/site\/2020\/09\/11\/metade-dos-portugueses-confia-nas-vacinas-menos-que-outros-paises\/#article","isPartOf":{"@id":"https:\/\/www.altominho.tv\/site\/2020\/09\/11\/metade-dos-portugueses-confia-nas-vacinas-menos-que-outros-paises\/"},"author":{"name":"Andreia Cunha | Lusa","@id":"https:\/\/www.altominho.tv\/site\/#\/schema\/person\/dbaf181c01b51ff40c9f461a905d321e"},"headline":"Metade dos portugueses confia nas vacinas, menos que outros pa\u00edses","datePublished":"2020-09-11T07:24:25+00:00","dateModified":"2020-09-11T07:25:29+00:00","mainEntityOfPage":{"@id":"https:\/\/www.altominho.tv\/site\/2020\/09\/11\/metade-dos-portugueses-confia-nas-vacinas-menos-que-outros-paises\/"},"wordCount":610,"image":{"@id":"https:\/\/www.altominho.tv\/site\/2020\/09\/11\/metade-dos-portugueses-confia-nas-vacinas-menos-que-outros-paises\/#primaryimage"},"thumbnailUrl":"https:\/\/www.altominho.tv\/site\/wp-content\/uploads\/2020\/09\/vacina-cv.jpg","keywords":["Sa\u00fade"],"articleSection":["Coronav\u00edrus"],"inLanguage":"pt-PT","copyrightYear":"2020","copyrightHolder":{"@id":"https:\/\/www.altominho.tv\/site\/#organization"}},{"@type":"WebPage","@id":"https:\/\/www.altominho.tv\/site\/2020\/09\/11\/metade-dos-portugueses-confia-nas-vacinas-menos-que-outros-paises\/","url":"https:\/\/www.altominho.tv\/site\/2020\/09\/11\/metade-dos-portugueses-confia-nas-vacinas-menos-que-outros-paises\/","name":"Metade dos portugueses confia nas vacinas, menos que outros pa\u00edses","isPartOf":{"@id":"https:\/\/www.altominho.tv\/site\/#website"},"primaryImageOfPage":{"@id":"https:\/\/www.altominho.tv\/site\/2020\/09\/11\/metade-dos-portugueses-confia-nas-vacinas-menos-que-outros-paises\/#primaryimage"},"image":{"@id":"https:\/\/www.altominho.tv\/site\/2020\/09\/11\/metade-dos-portugueses-confia-nas-vacinas-menos-que-outros-paises\/#primaryimage"},"thumbnailUrl":"https:\/\/www.altominho.tv\/site\/wp-content\/uploads\/2020\/09\/vacina-cv.jpg","datePublished":"2020-09-11T07:24:25+00:00","dateModified":"2020-09-11T07:25:29+00:00","author":{"@id":"https:\/\/www.altominho.tv\/site\/#\/schema\/person\/dbaf181c01b51ff40c9f461a905d321e"},"breadcrumb":{"@id":"https:\/\/www.altominho.tv\/site\/2020\/09\/11\/metade-dos-portugueses-confia-nas-vacinas-menos-que-outros-paises\/#breadcrumb"},"inLanguage":"pt-PT","potentialAction":[{"@type":"ReadAction","target":["https:\/\/www.altominho.tv\/site\/2020\/09\/11\/metade-dos-portugueses-confia-nas-vacinas-menos-que-outros-paises\/"]}]},{"@type":"ImageObject","inLanguage":"pt-PT","@id":"https:\/\/www.altominho.tv\/site\/2020\/09\/11\/metade-dos-portugueses-confia-nas-vacinas-menos-que-outros-paises\/#primaryimage","url":"https:\/\/www.altominho.tv\/site\/wp-content\/uploads\/2020\/09\/vacina-cv.jpg","contentUrl":"https:\/\/www.altominho.tv\/site\/wp-content\/uploads\/2020\/09\/vacina-cv.jpg","width":744,"height":495},{"@type":"BreadcrumbList","@id":"https:\/\/www.altominho.tv\/site\/2020\/09\/11\/metade-dos-portugueses-confia-nas-vacinas-menos-que-outros-paises\/#breadcrumb","itemListElement":[{"@type":"ListItem","position":1,"name":"In\u00edcio","item":"https:\/\/www.altominho.tv\/site\/"},{"@type":"ListItem","position":2,"name":"Metade dos portugueses confia nas vacinas, menos que outros pa\u00edses"}]},{"@type":"WebSite","@id":"https:\/\/www.altominho.tv\/site\/#website","url":"https:\/\/www.altominho.tv\/site\/","name":"Altominho.tv","description":"A sua regi\u00e3o \u00e0 dist\u00e2ncia de um clique...","potentialAction":[{"@type":"SearchAction","target":{"@type":"EntryPoint","urlTemplate":"https:\/\/www.altominho.tv\/site\/?s={search_term_string}"},"query-input":{"@type":"PropertyValueSpecification","valueRequired":true,"valueName":"search_term_string"}}],"inLanguage":"pt-PT"},{"@type":"Person","@id":"https:\/\/www.altominho.tv\/site\/#\/schema\/person\/dbaf181c01b51ff40c9f461a905d321e","name":"Andreia Cunha | Lusa","image":{"@type":"ImageObject","inLanguage":"pt-PT","@id":"https:\/\/www.altominho.tv\/site\/wp-content\/uploads\/2017\/11\/Andreia_Cunha-1-150x150.jpg","url":"https:\/\/www.altominho.tv\/site\/wp-content\/uploads\/2017\/11\/Andreia_Cunha-1-150x150.jpg","contentUrl":"https:\/\/www.altominho.tv\/site\/wp-content\/uploads\/2017\/11\/Andreia_Cunha-1-150x150.jpg","caption":"Andreia Cunha | Lusa"},"sameAs":["https:\/\/www.altominho.tv\/site"],"url":"https:\/\/www.altominho.tv\/site\/author\/andreiacunhalusa\/"}]}},"_links":{"self":[{"href":"https:\/\/www.altominho.tv\/site\/wp-json\/wp\/v2\/posts\/52011","targetHints":{"allow":["GET"]}}],"collection":[{"href":"https:\/\/www.altominho.tv\/site\/wp-json\/wp\/v2\/posts"}],"about":[{"href":"https:\/\/www.altominho.tv\/site\/wp-json\/wp\/v2\/types\/post"}],"author":[{"embeddable":true,"href":"https:\/\/www.altominho.tv\/site\/wp-json\/wp\/v2\/users\/16"}],"replies":[{"embeddable":true,"href":"https:\/\/www.altominho.tv\/site\/wp-json\/wp\/v2\/comments?post=52011"}],"version-history":[{"count":0,"href":"https:\/\/www.altominho.tv\/site\/wp-json\/wp\/v2\/posts\/52011\/revisions"}],"wp:featuredmedia":[{"embeddable":true,"href":"https:\/\/www.altominho.tv\/site\/wp-json\/wp\/v2\/media\/52012"}],"wp:attachment":[{"href":"https:\/\/www.altominho.tv\/site\/wp-json\/wp\/v2\/media?parent=52011"}],"wp:term":[{"taxonomy":"category","embeddable":true,"href":"https:\/\/www.altominho.tv\/site\/wp-json\/wp\/v2\/categories?post=52011"},{"taxonomy":"post_tag","embeddable":true,"href":"https:\/\/www.altominho.tv\/site\/wp-json\/wp\/v2\/tags?post=52011"}],"curies":[{"name":"wp","href":"https:\/\/api.w.org\/{rel}","templated":true}]}}