{"id":52006,"date":"2020-09-11T08:10:37","date_gmt":"2020-09-11T07:10:37","guid":{"rendered":"http:\/\/www.altominho.tv\/site\/?p=52006"},"modified":"2020-09-11T08:10:42","modified_gmt":"2020-09-11T07:10:42","slug":"incendios-mais-de-60-concelhos-de-11-distritos-em-risco-maximo","status":"publish","type":"post","link":"https:\/\/www.altominho.tv\/site\/2020\/09\/11\/incendios-mais-de-60-concelhos-de-11-distritos-em-risco-maximo\/","title":{"rendered":"Inc\u00eandios: Mais de 60 concelhos de 11 distritos em risco m\u00e1ximo"},"content":{"rendered":"\n<p>Mais de 60 concelhos de 11 distritos de Portugal continental apresentam hoje risco m\u00e1ximo de inc\u00eandio, segundo o Instituto Portugu\u00eas do Mar e da Atmosfera (IPMA).<br><\/p>\n\n\n\n<p>Em risco m\u00e1ximo de inc\u00eandio est\u00e3o mais de 60 concelhos dos distritos de Braga, Vila Real, Bragan\u00e7a, Guarda, Viseu, Coimbra, Castelo Branco, Leiria, Santar\u00e9m, Portalegre e Faro.<br><\/p>\n\n\n\n<p>O IPMA colocou ainda em risco muito elevado e elevado de inc\u00eandio v\u00e1rios concelhos dos distritos de todos os distritos (18) de Portugal continental.<br><\/p>\n\n\n\n<p>O risco de inc\u00eandio determinado pelo IPMA tem cinco n\u00edveis, que v\u00e3o de reduzido a m\u00e1ximo.<br><\/p>\n\n\n\n<p>Os c\u00e1lculos s\u00e3o obtidos a partir da temperatura do ar, humidade relativa, velocidade do vento e quantidade de precipita\u00e7\u00e3o nas \u00faltimas 24 horas.<br><\/p>\n\n\n\n<p>Segundo o IPMA, o risco elevado de inc\u00eandio no continente vai manter-se pelo menos at\u00e9 ao in\u00edcio da semana.<br><\/p>\n\n\n\n<p>Por causa do risco elevado de inc\u00eandio, a Autoridade Nacional de Emerg\u00eancia e Prote\u00e7\u00e3o Civil (ANEPC) declarou a situa\u00e7\u00e3o de alerta para 14 distritos a norte do Tejo at\u00e9 hoje.<br><\/p>\n\n\n\n<p>A medida abrange os distritos de Aveiro, Braga, Bragan\u00e7a, Portalegre, Castelo Branco, Coimbra, Guarda, Leiria, Lisboa, Porto, Santar\u00e9m, Viana do Castelo, Vila Real e Viseu.<br><\/p>\n\n\n\n<p>Face \u00e0s previs\u00f5es adversas, a Prote\u00e7\u00e3o Civil acionou para os mesmos distritos o estado especial de alerta laranja, o segundo mais grave numa escala de quatro.<\/p>\n","protected":false},"excerpt":{"rendered":"<p>Mais de 60 concelhos de 11 distritos de Portugal continental apresentam hoje risco m\u00e1ximo de inc\u00eandio, segundo o Instituto Portugu\u00eas do Mar e da Atmosfera (IPMA). Em risco m\u00e1ximo de inc\u00eandio est\u00e3o mais de 60 concelhos dos distritos de Braga, Vila Real, Bragan\u00e7a, Guarda, Viseu, Coimbra, Castelo Branco, Leiria, Santar\u00e9m, Portalegre e Faro. O IPMA [&hellip;]<\/p>\n","protected":false},"author":16,"featured_media":51860,"comment_status":"closed","ping_status":"closed","sticky":false,"template":"","format":"standard","meta":{"_exactmetrics_skip_tracking":false,"_exactmetrics_sitenote_active":false,"_exactmetrics_sitenote_note":"","_exactmetrics_sitenote_category":0,"footnotes":""},"categories":[73],"tags":[27],"class_list":["post-52006","post","type-post","status-publish","format-standard","has-post-thumbnail","hentry","category-alto-minho","tag-sociedade"],"yoast_head":"<!-- This site is optimized with the Yoast SEO Premium plugin v27.5 (Yoast SEO v27.5) - https:\/\/yoast.com\/product\/yoast-seo-premium-wordpress\/ -->\n<title>Inc\u00eandios: Mais de 60 concelhos de 11 distritos em risco m\u00e1ximo<\/title>\n<meta name=\"robots\" content=\"index, follow, max-snippet:-1, max-image-preview:large, max-video-preview:-1\" \/>\n<link rel=\"canonical\" href=\"https:\/\/www.altominho.tv\/site\/2020\/09\/11\/incendios-mais-de-60-concelhos-de-11-distritos-em-risco-maximo\/\" \/>\n<meta property=\"og:locale\" content=\"pt_PT\" \/>\n<meta property=\"og:type\" content=\"article\" \/>\n<meta property=\"og:title\" content=\"Inc\u00eandios: Mais de 60 concelhos de 11 distritos em risco m\u00e1ximo\" \/>\n<meta property=\"og:description\" content=\"Mais de 60 concelhos de 11 distritos de Portugal continental apresentam hoje risco m\u00e1ximo de inc\u00eandio, segundo o Instituto Portugu\u00eas do Mar e da Atmosfera (IPMA). Em risco m\u00e1ximo de inc\u00eandio est\u00e3o mais de 60 concelhos dos distritos de Braga, Vila Real, Bragan\u00e7a, Guarda, Viseu, Coimbra, Castelo Branco, Leiria, Santar\u00e9m, Portalegre e Faro. O IPMA [&hellip;]\" \/>\n<meta property=\"og:url\" content=\"https:\/\/www.altominho.tv\/site\/2020\/09\/11\/incendios-mais-de-60-concelhos-de-11-distritos-em-risco-maximo\/\" \/>\n<meta property=\"og:site_name\" content=\"Altominho.tv\" \/>\n<meta property=\"article:publisher\" content=\"https:\/\/www.facebook.com\/altominhotv\" \/>\n<meta property=\"article:published_time\" content=\"2020-09-11T07:10:37+00:00\" \/>\n<meta property=\"article:modified_time\" content=\"2020-09-11T07:10:42+00:00\" \/>\n<meta property=\"og:image\" content=\"https:\/\/www.altominho.tv\/site\/wp-content\/uploads\/2020\/09\/Ince\u0302ndio_Leiradelo.jpg\" \/>\n\t<meta property=\"og:image:width\" content=\"960\" \/>\n\t<meta property=\"og:image:height\" content=\"645\" \/>\n\t<meta property=\"og:image:type\" content=\"image\/jpeg\" \/>\n<meta name=\"author\" content=\"Andreia Cunha | Lusa\" \/>\n<meta name=\"twitter:card\" content=\"summary_large_image\" \/>\n<meta name=\"twitter:creator\" content=\"@altominhoTV\" \/>\n<meta name=\"twitter:site\" content=\"@altominhoTV\" \/>\n<meta name=\"twitter:label1\" content=\"Escrito por\" \/>\n\t<meta name=\"twitter:data1\" content=\"Andreia Cunha | Lusa\" \/>\n\t<meta name=\"twitter:label2\" content=\"Tempo estimado de leitura\" \/>\n\t<meta name=\"twitter:data2\" content=\"1 minuto\" \/>\n<script type=\"application\/ld+json\" class=\"yoast-schema-graph\">{\"@context\":\"https:\\\/\\\/schema.org\",\"@graph\":[{\"@type\":\"Article\",\"@id\":\"https:\\\/\\\/www.altominho.tv\\\/site\\\/2020\\\/09\\\/11\\\/incendios-mais-de-60-concelhos-de-11-distritos-em-risco-maximo\\\/#article\",\"isPartOf\":{\"@id\":\"https:\\\/\\\/www.altominho.tv\\\/site\\\/2020\\\/09\\\/11\\\/incendios-mais-de-60-concelhos-de-11-distritos-em-risco-maximo\\\/\"},\"author\":{\"name\":\"Andreia Cunha | Lusa\",\"@id\":\"https:\\\/\\\/www.altominho.tv\\\/site\\\/#\\\/schema\\\/person\\\/dbaf181c01b51ff40c9f461a905d321e\"},\"headline\":\"Inc\u00eandios: Mais de 60 concelhos de 11 distritos em risco m\u00e1ximo\",\"datePublished\":\"2020-09-11T07:10:37+00:00\",\"dateModified\":\"2020-09-11T07:10:42+00:00\",\"mainEntityOfPage\":{\"@id\":\"https:\\\/\\\/www.altominho.tv\\\/site\\\/2020\\\/09\\\/11\\\/incendios-mais-de-60-concelhos-de-11-distritos-em-risco-maximo\\\/\"},\"wordCount\":248,\"image\":{\"@id\":\"https:\\\/\\\/www.altominho.tv\\\/site\\\/2020\\\/09\\\/11\\\/incendios-mais-de-60-concelhos-de-11-distritos-em-risco-maximo\\\/#primaryimage\"},\"thumbnailUrl\":\"https:\\\/\\\/www.altominho.tv\\\/site\\\/wp-content\\\/uploads\\\/2020\\\/09\\\/Ince\u0302ndio_Leiradelo.jpg\",\"keywords\":[\"Sociedade\"],\"articleSection\":[\"Alto Minho\"],\"inLanguage\":\"pt-PT\",\"copyrightYear\":\"2020\",\"copyrightHolder\":{\"@id\":\"https:\\\/\\\/www.altominho.tv\\\/site\\\/#organization\"}},{\"@type\":\"WebPage\",\"@id\":\"https:\\\/\\\/www.altominho.tv\\\/site\\\/2020\\\/09\\\/11\\\/incendios-mais-de-60-concelhos-de-11-distritos-em-risco-maximo\\\/\",\"url\":\"https:\\\/\\\/www.altominho.tv\\\/site\\\/2020\\\/09\\\/11\\\/incendios-mais-de-60-concelhos-de-11-distritos-em-risco-maximo\\\/\",\"name\":\"Inc\u00eandios: Mais de 60 concelhos de 11 distritos em risco m\u00e1ximo\",\"isPartOf\":{\"@id\":\"https:\\\/\\\/www.altominho.tv\\\/site\\\/#website\"},\"primaryImageOfPage\":{\"@id\":\"https:\\\/\\\/www.altominho.tv\\\/site\\\/2020\\\/09\\\/11\\\/incendios-mais-de-60-concelhos-de-11-distritos-em-risco-maximo\\\/#primaryimage\"},\"image\":{\"@id\":\"https:\\\/\\\/www.altominho.tv\\\/site\\\/2020\\\/09\\\/11\\\/incendios-mais-de-60-concelhos-de-11-distritos-em-risco-maximo\\\/#primaryimage\"},\"thumbnailUrl\":\"https:\\\/\\\/www.altominho.tv\\\/site\\\/wp-content\\\/uploads\\\/2020\\\/09\\\/Ince\u0302ndio_Leiradelo.jpg\",\"datePublished\":\"2020-09-11T07:10:37+00:00\",\"dateModified\":\"2020-09-11T07:10:42+00:00\",\"author\":{\"@id\":\"https:\\\/\\\/www.altominho.tv\\\/site\\\/#\\\/schema\\\/person\\\/dbaf181c01b51ff40c9f461a905d321e\"},\"breadcrumb\":{\"@id\":\"https:\\\/\\\/www.altominho.tv\\\/site\\\/2020\\\/09\\\/11\\\/incendios-mais-de-60-concelhos-de-11-distritos-em-risco-maximo\\\/#breadcrumb\"},\"inLanguage\":\"pt-PT\",\"potentialAction\":[{\"@type\":\"ReadAction\",\"target\":[\"https:\\\/\\\/www.altominho.tv\\\/site\\\/2020\\\/09\\\/11\\\/incendios-mais-de-60-concelhos-de-11-distritos-em-risco-maximo\\\/\"]}]},{\"@type\":\"ImageObject\",\"inLanguage\":\"pt-PT\",\"@id\":\"https:\\\/\\\/www.altominho.tv\\\/site\\\/2020\\\/09\\\/11\\\/incendios-mais-de-60-concelhos-de-11-distritos-em-risco-maximo\\\/#primaryimage\",\"url\":\"https:\\\/\\\/www.altominho.tv\\\/site\\\/wp-content\\\/uploads\\\/2020\\\/09\\\/Ince\u0302ndio_Leiradelo.jpg\",\"contentUrl\":\"https:\\\/\\\/www.altominho.tv\\\/site\\\/wp-content\\\/uploads\\\/2020\\\/09\\\/Ince\u0302ndio_Leiradelo.jpg\",\"width\":960,\"height\":645},{\"@type\":\"BreadcrumbList\",\"@id\":\"https:\\\/\\\/www.altominho.tv\\\/site\\\/2020\\\/09\\\/11\\\/incendios-mais-de-60-concelhos-de-11-distritos-em-risco-maximo\\\/#breadcrumb\",\"itemListElement\":[{\"@type\":\"ListItem\",\"position\":1,\"name\":\"In\u00edcio\",\"item\":\"https:\\\/\\\/www.altominho.tv\\\/site\\\/\"},{\"@type\":\"ListItem\",\"position\":2,\"name\":\"Inc\u00eandios: Mais de 60 concelhos de 11 distritos em risco m\u00e1ximo\"}]},{\"@type\":\"WebSite\",\"@id\":\"https:\\\/\\\/www.altominho.tv\\\/site\\\/#website\",\"url\":\"https:\\\/\\\/www.altominho.tv\\\/site\\\/\",\"name\":\"Altominho.tv\",\"description\":\"A sua regi\u00e3o \u00e0 dist\u00e2ncia de um clique...\",\"potentialAction\":[{\"@type\":\"SearchAction\",\"target\":{\"@type\":\"EntryPoint\",\"urlTemplate\":\"https:\\\/\\\/www.altominho.tv\\\/site\\\/?s={search_term_string}\"},\"query-input\":{\"@type\":\"PropertyValueSpecification\",\"valueRequired\":true,\"valueName\":\"search_term_string\"}}],\"inLanguage\":\"pt-PT\"},{\"@type\":\"Person\",\"@id\":\"https:\\\/\\\/www.altominho.tv\\\/site\\\/#\\\/schema\\\/person\\\/dbaf181c01b51ff40c9f461a905d321e\",\"name\":\"Andreia Cunha | Lusa\",\"image\":{\"@type\":\"ImageObject\",\"inLanguage\":\"pt-PT\",\"@id\":\"https:\\\/\\\/www.altominho.tv\\\/site\\\/wp-content\\\/uploads\\\/2017\\\/11\\\/Andreia_Cunha-1-150x150.jpg\",\"url\":\"https:\\\/\\\/www.altominho.tv\\\/site\\\/wp-content\\\/uploads\\\/2017\\\/11\\\/Andreia_Cunha-1-150x150.jpg\",\"contentUrl\":\"https:\\\/\\\/www.altominho.tv\\\/site\\\/wp-content\\\/uploads\\\/2017\\\/11\\\/Andreia_Cunha-1-150x150.jpg\",\"caption\":\"Andreia Cunha | Lusa\"},\"sameAs\":[\"https:\\\/\\\/www.altominho.tv\\\/site\"],\"url\":\"https:\\\/\\\/www.altominho.tv\\\/site\\\/author\\\/andreiacunhalusa\\\/\"}]}<\/script>\n<!-- \/ Yoast SEO Premium plugin. -->","yoast_head_json":{"title":"Inc\u00eandios: Mais de 60 concelhos de 11 distritos em risco m\u00e1ximo","robots":{"index":"index","follow":"follow","max-snippet":"max-snippet:-1","max-image-preview":"max-image-preview:large","max-video-preview":"max-video-preview:-1"},"canonical":"https:\/\/www.altominho.tv\/site\/2020\/09\/11\/incendios-mais-de-60-concelhos-de-11-distritos-em-risco-maximo\/","og_locale":"pt_PT","og_type":"article","og_title":"Inc\u00eandios: Mais de 60 concelhos de 11 distritos em risco m\u00e1ximo","og_description":"Mais de 60 concelhos de 11 distritos de Portugal continental apresentam hoje risco m\u00e1ximo de inc\u00eandio, segundo o Instituto Portugu\u00eas do Mar e da Atmosfera (IPMA). Em risco m\u00e1ximo de inc\u00eandio est\u00e3o mais de 60 concelhos dos distritos de Braga, Vila Real, Bragan\u00e7a, Guarda, Viseu, Coimbra, Castelo Branco, Leiria, Santar\u00e9m, Portalegre e Faro. O IPMA [&hellip;]","og_url":"https:\/\/www.altominho.tv\/site\/2020\/09\/11\/incendios-mais-de-60-concelhos-de-11-distritos-em-risco-maximo\/","og_site_name":"Altominho.tv","article_publisher":"https:\/\/www.facebook.com\/altominhotv","article_published_time":"2020-09-11T07:10:37+00:00","article_modified_time":"2020-09-11T07:10:42+00:00","og_image":[{"width":960,"height":645,"url":"https:\/\/www.altominho.tv\/site\/wp-content\/uploads\/2020\/09\/Ince\u0302ndio_Leiradelo.jpg","type":"image\/jpeg"}],"author":"Andreia Cunha | Lusa","twitter_card":"summary_large_image","twitter_creator":"@altominhoTV","twitter_site":"@altominhoTV","twitter_misc":{"Escrito por":"Andreia Cunha | Lusa","Tempo estimado de leitura":"1 minuto"},"schema":{"@context":"https:\/\/schema.org","@graph":[{"@type":"Article","@id":"https:\/\/www.altominho.tv\/site\/2020\/09\/11\/incendios-mais-de-60-concelhos-de-11-distritos-em-risco-maximo\/#article","isPartOf":{"@id":"https:\/\/www.altominho.tv\/site\/2020\/09\/11\/incendios-mais-de-60-concelhos-de-11-distritos-em-risco-maximo\/"},"author":{"name":"Andreia Cunha | Lusa","@id":"https:\/\/www.altominho.tv\/site\/#\/schema\/person\/dbaf181c01b51ff40c9f461a905d321e"},"headline":"Inc\u00eandios: Mais de 60 concelhos de 11 distritos em risco m\u00e1ximo","datePublished":"2020-09-11T07:10:37+00:00","dateModified":"2020-09-11T07:10:42+00:00","mainEntityOfPage":{"@id":"https:\/\/www.altominho.tv\/site\/2020\/09\/11\/incendios-mais-de-60-concelhos-de-11-distritos-em-risco-maximo\/"},"wordCount":248,"image":{"@id":"https:\/\/www.altominho.tv\/site\/2020\/09\/11\/incendios-mais-de-60-concelhos-de-11-distritos-em-risco-maximo\/#primaryimage"},"thumbnailUrl":"https:\/\/www.altominho.tv\/site\/wp-content\/uploads\/2020\/09\/Ince\u0302ndio_Leiradelo.jpg","keywords":["Sociedade"],"articleSection":["Alto Minho"],"inLanguage":"pt-PT","copyrightYear":"2020","copyrightHolder":{"@id":"https:\/\/www.altominho.tv\/site\/#organization"}},{"@type":"WebPage","@id":"https:\/\/www.altominho.tv\/site\/2020\/09\/11\/incendios-mais-de-60-concelhos-de-11-distritos-em-risco-maximo\/","url":"https:\/\/www.altominho.tv\/site\/2020\/09\/11\/incendios-mais-de-60-concelhos-de-11-distritos-em-risco-maximo\/","name":"Inc\u00eandios: Mais de 60 concelhos de 11 distritos em risco m\u00e1ximo","isPartOf":{"@id":"https:\/\/www.altominho.tv\/site\/#website"},"primaryImageOfPage":{"@id":"https:\/\/www.altominho.tv\/site\/2020\/09\/11\/incendios-mais-de-60-concelhos-de-11-distritos-em-risco-maximo\/#primaryimage"},"image":{"@id":"https:\/\/www.altominho.tv\/site\/2020\/09\/11\/incendios-mais-de-60-concelhos-de-11-distritos-em-risco-maximo\/#primaryimage"},"thumbnailUrl":"https:\/\/www.altominho.tv\/site\/wp-content\/uploads\/2020\/09\/Ince\u0302ndio_Leiradelo.jpg","datePublished":"2020-09-11T07:10:37+00:00","dateModified":"2020-09-11T07:10:42+00:00","author":{"@id":"https:\/\/www.altominho.tv\/site\/#\/schema\/person\/dbaf181c01b51ff40c9f461a905d321e"},"breadcrumb":{"@id":"https:\/\/www.altominho.tv\/site\/2020\/09\/11\/incendios-mais-de-60-concelhos-de-11-distritos-em-risco-maximo\/#breadcrumb"},"inLanguage":"pt-PT","potentialAction":[{"@type":"ReadAction","target":["https:\/\/www.altominho.tv\/site\/2020\/09\/11\/incendios-mais-de-60-concelhos-de-11-distritos-em-risco-maximo\/"]}]},{"@type":"ImageObject","inLanguage":"pt-PT","@id":"https:\/\/www.altominho.tv\/site\/2020\/09\/11\/incendios-mais-de-60-concelhos-de-11-distritos-em-risco-maximo\/#primaryimage","url":"https:\/\/www.altominho.tv\/site\/wp-content\/uploads\/2020\/09\/Ince\u0302ndio_Leiradelo.jpg","contentUrl":"https:\/\/www.altominho.tv\/site\/wp-content\/uploads\/2020\/09\/Ince\u0302ndio_Leiradelo.jpg","width":960,"height":645},{"@type":"BreadcrumbList","@id":"https:\/\/www.altominho.tv\/site\/2020\/09\/11\/incendios-mais-de-60-concelhos-de-11-distritos-em-risco-maximo\/#breadcrumb","itemListElement":[{"@type":"ListItem","position":1,"name":"In\u00edcio","item":"https:\/\/www.altominho.tv\/site\/"},{"@type":"ListItem","position":2,"name":"Inc\u00eandios: Mais de 60 concelhos de 11 distritos em risco m\u00e1ximo"}]},{"@type":"WebSite","@id":"https:\/\/www.altominho.tv\/site\/#website","url":"https:\/\/www.altominho.tv\/site\/","name":"Altominho.tv","description":"A sua regi\u00e3o \u00e0 dist\u00e2ncia de um clique...","potentialAction":[{"@type":"SearchAction","target":{"@type":"EntryPoint","urlTemplate":"https:\/\/www.altominho.tv\/site\/?s={search_term_string}"},"query-input":{"@type":"PropertyValueSpecification","valueRequired":true,"valueName":"search_term_string"}}],"inLanguage":"pt-PT"},{"@type":"Person","@id":"https:\/\/www.altominho.tv\/site\/#\/schema\/person\/dbaf181c01b51ff40c9f461a905d321e","name":"Andreia Cunha | Lusa","image":{"@type":"ImageObject","inLanguage":"pt-PT","@id":"https:\/\/www.altominho.tv\/site\/wp-content\/uploads\/2017\/11\/Andreia_Cunha-1-150x150.jpg","url":"https:\/\/www.altominho.tv\/site\/wp-content\/uploads\/2017\/11\/Andreia_Cunha-1-150x150.jpg","contentUrl":"https:\/\/www.altominho.tv\/site\/wp-content\/uploads\/2017\/11\/Andreia_Cunha-1-150x150.jpg","caption":"Andreia Cunha | Lusa"},"sameAs":["https:\/\/www.altominho.tv\/site"],"url":"https:\/\/www.altominho.tv\/site\/author\/andreiacunhalusa\/"}]}},"_links":{"self":[{"href":"https:\/\/www.altominho.tv\/site\/wp-json\/wp\/v2\/posts\/52006","targetHints":{"allow":["GET"]}}],"collection":[{"href":"https:\/\/www.altominho.tv\/site\/wp-json\/wp\/v2\/posts"}],"about":[{"href":"https:\/\/www.altominho.tv\/site\/wp-json\/wp\/v2\/types\/post"}],"author":[{"embeddable":true,"href":"https:\/\/www.altominho.tv\/site\/wp-json\/wp\/v2\/users\/16"}],"replies":[{"embeddable":true,"href":"https:\/\/www.altominho.tv\/site\/wp-json\/wp\/v2\/comments?post=52006"}],"version-history":[{"count":0,"href":"https:\/\/www.altominho.tv\/site\/wp-json\/wp\/v2\/posts\/52006\/revisions"}],"wp:featuredmedia":[{"embeddable":true,"href":"https:\/\/www.altominho.tv\/site\/wp-json\/wp\/v2\/media\/51860"}],"wp:attachment":[{"href":"https:\/\/www.altominho.tv\/site\/wp-json\/wp\/v2\/media?parent=52006"}],"wp:term":[{"taxonomy":"category","embeddable":true,"href":"https:\/\/www.altominho.tv\/site\/wp-json\/wp\/v2\/categories?post=52006"},{"taxonomy":"post_tag","embeddable":true,"href":"https:\/\/www.altominho.tv\/site\/wp-json\/wp\/v2\/tags?post=52006"}],"curies":[{"name":"wp","href":"https:\/\/api.w.org\/{rel}","templated":true}]}}