{"id":51995,"date":"2020-09-11T00:16:08","date_gmt":"2020-09-10T23:16:08","guid":{"rendered":"http:\/\/www.altominho.tv\/site\/?p=51995"},"modified":"2020-09-11T00:27:53","modified_gmt":"2020-09-10T23:27:53","slug":"colisao-entre-camiao-do-lixo-e-veiculo-ligeiro-faz-tres-feridos-em-moncao","status":"publish","type":"post","link":"https:\/\/www.altominho.tv\/site\/2020\/09\/11\/colisao-entre-camiao-do-lixo-e-veiculo-ligeiro-faz-tres-feridos-em-moncao\/","title":{"rendered":"Colis\u00e3o entre cami\u00e3o do lixo e ve\u00edculo ligeiro faz tr\u00eas feridos em Mon\u00e7\u00e3o"},"content":{"rendered":"<p>Uma colis\u00e3o entre um cami\u00e3o de recolha do lixo e um ve\u00edculo ligeiro no lugar de Formigueira, na freguesia de Pinheiros, em Mon\u00e7\u00e3o, provocou esta quinta-feira \u00e0 noite um ferido grave e dois ligeiros.<\/p>\n<p>Fonte dos Bombeiros Volunt\u00e1rios de Mon\u00e7\u00e3o adiantou que as tr\u00eas v\u00edtimas seguiam no ve\u00edculo pesado. O ferido grave, &#8220;um homem com cerca de 40 anos&#8221;, teve de ser transportado de helic\u00f3ptero para o Hospital de Braga.<\/p>\n<p>De acordo com a mesma fonte, al\u00e9m do\u00a0<span class=\"il\">ferido<\/span> grave, resultaram do acidente mais dois <span class=\"il\">feridos<\/span>\u00a0<span class=\"il\">ligeiros<\/span>, um homem com &#8220;cerca de 30 anos&#8221;, que recusou transporte para o hospital, e um homem com &#8220;cerca de 40 anos&#8221;, transportado para o hospital de Santa Luzia, em Viana do Castelo.<\/p>\n<figure id=\"attachment_52001\" aria-describedby=\"caption-attachment-52001\" style=\"width: 737px\" class=\"wp-caption alignnone\"><img loading=\"lazy\" decoding=\"async\" class=\"size-medium wp-image-52001\" src=\"http:\/\/www.altominho.tv\/site\/wp-content\/uploads\/2020\/09\/119116908_347331926393879_44860646522470230_n-e1599780379360-737x433.jpg\" alt=\"\" width=\"737\" height=\"433\" srcset=\"https:\/\/www.altominho.tv\/site\/wp-content\/uploads\/2020\/09\/119116908_347331926393879_44860646522470230_n-e1599780379360-737x433.jpg 737w, https:\/\/www.altominho.tv\/site\/wp-content\/uploads\/2020\/09\/119116908_347331926393879_44860646522470230_n-e1599780379360-1024x602.jpg 1024w, https:\/\/www.altominho.tv\/site\/wp-content\/uploads\/2020\/09\/119116908_347331926393879_44860646522470230_n-e1599780379360-768x451.jpg 768w, https:\/\/www.altominho.tv\/site\/wp-content\/uploads\/2020\/09\/119116908_347331926393879_44860646522470230_n-e1599780379360-1536x902.jpg 1536w, https:\/\/www.altominho.tv\/site\/wp-content\/uploads\/2020\/09\/119116908_347331926393879_44860646522470230_n-e1599780379360-370x217.jpg 370w, https:\/\/www.altominho.tv\/site\/wp-content\/uploads\/2020\/09\/119116908_347331926393879_44860646522470230_n-e1599780379360-270x159.jpg 270w, https:\/\/www.altominho.tv\/site\/wp-content\/uploads\/2020\/09\/119116908_347331926393879_44860646522470230_n-e1599780379360-570x335.jpg 570w, https:\/\/www.altominho.tv\/site\/wp-content\/uploads\/2020\/09\/119116908_347331926393879_44860646522470230_n-e1599780379360-740x435.jpg 740w, https:\/\/www.altominho.tv\/site\/wp-content\/uploads\/2020\/09\/119116908_347331926393879_44860646522470230_n-e1599780379360.jpg 1617w\" sizes=\"auto, (max-width: 737px) 100vw, 737px\" \/><figcaption id=\"caption-attachment-52001\" class=\"wp-caption-text\">DR<\/figcaption><\/figure>\n<p>O alerta foi dado \u00e0s 22h36. Ao local compareceram nove operacionais dos Bombeiros de Mon\u00e7\u00e3o apoiados por duas ambul\u00e2ncias, dois operacionais dos Bombeiros de Valen\u00e7a com uma ambul\u00e2ncia, a ambul\u00e2ncia de Suporte Imediato de Vida (SIV) de Valen\u00e7a, a SIV de Melga\u00e7o, a Viatura de Emerg\u00eancia M\u00e9dica (VMER) de Viana do Castelo, a GNR\u00a0e o helic\u00f3ptero do INEM.<\/p>\n","protected":false},"excerpt":{"rendered":"<p>Uma colis\u00e3o entre um cami\u00e3o de recolha do lixo e um ve\u00edculo ligeiro no lugar de Formigueira, na freguesia de Pinheiros, em Mon\u00e7\u00e3o, provocou esta quinta-feira \u00e0 noite um ferido grave e dois ligeiros. Fonte dos Bombeiros Volunt\u00e1rios de Mon\u00e7\u00e3o adiantou que as tr\u00eas v\u00edtimas seguiam no ve\u00edculo pesado. O ferido grave, &#8220;um homem com [&hellip;]<\/p>\n","protected":false},"author":12,"featured_media":51996,"comment_status":"closed","ping_status":"closed","sticky":false,"template":"","format":"standard","meta":{"_exactmetrics_skip_tracking":false,"footnotes":""},"categories":[9],"tags":[27],"class_list":["post-51995","post","type-post","status-publish","format-standard","has-post-thumbnail","hentry","category-moncao","tag-sociedade"],"yoast_head":"<!-- This site is optimized with the Yoast SEO Premium plugin v28.3 (Yoast SEO v28.3) - https:\/\/yoast.com\/product\/yoast-seo-premium-wordpress\/ -->\n<title>Colis\u00e3o entre cami\u00e3o do lixo e ve\u00edculo ligeiro faz tr\u00eas feridos em Mon\u00e7\u00e3o<\/title>\n<meta name=\"robots\" content=\"index, follow, max-snippet:-1, max-image-preview:large, max-video-preview:-1\" \/>\n<link rel=\"canonical\" href=\"https:\/\/www.altominho.tv\/site\/2020\/09\/11\/colisao-entre-camiao-do-lixo-e-veiculo-ligeiro-faz-tres-feridos-em-moncao\/\" \/>\n<meta property=\"og:locale\" content=\"pt_PT\" \/>\n<meta property=\"og:type\" content=\"article\" \/>\n<meta property=\"og:title\" content=\"Colis\u00e3o entre cami\u00e3o do lixo e ve\u00edculo ligeiro faz tr\u00eas feridos em Mon\u00e7\u00e3o\" \/>\n<meta property=\"og:description\" content=\"Uma colis\u00e3o entre um cami\u00e3o de recolha do lixo e um ve\u00edculo ligeiro no lugar de Formigueira, na freguesia de Pinheiros, em Mon\u00e7\u00e3o, provocou esta quinta-feira \u00e0 noite um ferido grave e dois ligeiros. Fonte dos Bombeiros Volunt\u00e1rios de Mon\u00e7\u00e3o adiantou que as tr\u00eas v\u00edtimas seguiam no ve\u00edculo pesado. O ferido grave, &#8220;um homem com [&hellip;]\" \/>\n<meta property=\"og:url\" content=\"https:\/\/www.altominho.tv\/site\/2020\/09\/11\/colisao-entre-camiao-do-lixo-e-veiculo-ligeiro-faz-tres-feridos-em-moncao\/\" \/>\n<meta property=\"og:site_name\" content=\"Altominho.tv\" \/>\n<meta property=\"article:publisher\" content=\"https:\/\/www.facebook.com\/altominhotv\" \/>\n<meta property=\"article:published_time\" content=\"2020-09-10T23:16:08+00:00\" \/>\n<meta property=\"article:modified_time\" content=\"2020-09-10T23:27:53+00:00\" \/>\n<meta property=\"og:image\" content=\"https:\/\/www.altominho.tv\/site\/wp-content\/uploads\/2020\/09\/PHOTO-2020-09-10-23-34-32.jpg\" \/>\n\t<meta property=\"og:image:width\" content=\"1920\" \/>\n\t<meta property=\"og:image:height\" content=\"1080\" \/>\n\t<meta property=\"og:image:type\" content=\"image\/jpeg\" \/>\n<meta name=\"author\" content=\"Andreia Ferreira\" \/>\n<meta name=\"twitter:card\" content=\"summary_large_image\" \/>\n<meta name=\"twitter:creator\" content=\"@altominhoTV\" \/>\n<meta name=\"twitter:site\" content=\"@altominhoTV\" \/>\n<meta name=\"twitter:label1\" content=\"Escrito por\" \/>\n\t<meta name=\"twitter:data1\" content=\"Andreia Ferreira\" \/>\n\t<meta name=\"twitter:label2\" content=\"Tempo estimado de leitura\" \/>\n\t<meta name=\"twitter:data2\" content=\"1 minuto\" \/>\n<script type=\"application\/ld+json\" class=\"yoast-schema-graph\">{\"@context\":\"https:\\\/\\\/schema.org\",\"@graph\":[{\"@type\":\"Article\",\"@id\":\"https:\\\/\\\/www.altominho.tv\\\/site\\\/2020\\\/09\\\/11\\\/colisao-entre-camiao-do-lixo-e-veiculo-ligeiro-faz-tres-feridos-em-moncao\\\/#article\",\"isPartOf\":{\"@id\":\"https:\\\/\\\/www.altominho.tv\\\/site\\\/2020\\\/09\\\/11\\\/colisao-entre-camiao-do-lixo-e-veiculo-ligeiro-faz-tres-feridos-em-moncao\\\/\"},\"author\":{\"name\":\"Andreia Ferreira\",\"@id\":\"https:\\\/\\\/www.altominho.tv\\\/site\\\/#\\\/schema\\\/person\\\/d9be4265364723f14ea8e0d56a1d38cd\"},\"headline\":\"Colis\u00e3o entre cami\u00e3o do lixo e ve\u00edculo ligeiro faz tr\u00eas feridos em Mon\u00e7\u00e3o\",\"datePublished\":\"2020-09-10T23:16:08+00:00\",\"dateModified\":\"2020-09-10T23:27:53+00:00\",\"mainEntityOfPage\":{\"@id\":\"https:\\\/\\\/www.altominho.tv\\\/site\\\/2020\\\/09\\\/11\\\/colisao-entre-camiao-do-lixo-e-veiculo-ligeiro-faz-tres-feridos-em-moncao\\\/\"},\"wordCount\":221,\"image\":{\"@id\":\"https:\\\/\\\/www.altominho.tv\\\/site\\\/2020\\\/09\\\/11\\\/colisao-entre-camiao-do-lixo-e-veiculo-ligeiro-faz-tres-feridos-em-moncao\\\/#primaryimage\"},\"thumbnailUrl\":\"https:\\\/\\\/www.altominho.tv\\\/site\\\/wp-content\\\/uploads\\\/2020\\\/09\\\/PHOTO-2020-09-10-23-34-32.jpg\",\"keywords\":[\"Sociedade\"],\"articleSection\":[\"Mon\u00e7\u00e3o\"],\"inLanguage\":\"pt-PT\",\"copyrightYear\":\"2020\",\"copyrightHolder\":{\"@id\":\"https:\\\/\\\/www.altominho.tv\\\/site\\\/#organization\"}},{\"@type\":\"WebPage\",\"@id\":\"https:\\\/\\\/www.altominho.tv\\\/site\\\/2020\\\/09\\\/11\\\/colisao-entre-camiao-do-lixo-e-veiculo-ligeiro-faz-tres-feridos-em-moncao\\\/\",\"url\":\"https:\\\/\\\/www.altominho.tv\\\/site\\\/2020\\\/09\\\/11\\\/colisao-entre-camiao-do-lixo-e-veiculo-ligeiro-faz-tres-feridos-em-moncao\\\/\",\"name\":\"Colis\u00e3o entre cami\u00e3o do lixo e ve\u00edculo ligeiro faz tr\u00eas feridos em Mon\u00e7\u00e3o\",\"isPartOf\":{\"@id\":\"https:\\\/\\\/www.altominho.tv\\\/site\\\/#website\"},\"primaryImageOfPage\":{\"@id\":\"https:\\\/\\\/www.altominho.tv\\\/site\\\/2020\\\/09\\\/11\\\/colisao-entre-camiao-do-lixo-e-veiculo-ligeiro-faz-tres-feridos-em-moncao\\\/#primaryimage\"},\"image\":{\"@id\":\"https:\\\/\\\/www.altominho.tv\\\/site\\\/2020\\\/09\\\/11\\\/colisao-entre-camiao-do-lixo-e-veiculo-ligeiro-faz-tres-feridos-em-moncao\\\/#primaryimage\"},\"thumbnailUrl\":\"https:\\\/\\\/www.altominho.tv\\\/site\\\/wp-content\\\/uploads\\\/2020\\\/09\\\/PHOTO-2020-09-10-23-34-32.jpg\",\"datePublished\":\"2020-09-10T23:16:08+00:00\",\"dateModified\":\"2020-09-10T23:27:53+00:00\",\"author\":{\"@id\":\"https:\\\/\\\/www.altominho.tv\\\/site\\\/#\\\/schema\\\/person\\\/d9be4265364723f14ea8e0d56a1d38cd\"},\"breadcrumb\":{\"@id\":\"https:\\\/\\\/www.altominho.tv\\\/site\\\/2020\\\/09\\\/11\\\/colisao-entre-camiao-do-lixo-e-veiculo-ligeiro-faz-tres-feridos-em-moncao\\\/#breadcrumb\"},\"inLanguage\":\"pt-PT\",\"potentialAction\":[{\"@type\":\"ReadAction\",\"target\":[\"https:\\\/\\\/www.altominho.tv\\\/site\\\/2020\\\/09\\\/11\\\/colisao-entre-camiao-do-lixo-e-veiculo-ligeiro-faz-tres-feridos-em-moncao\\\/\"]}]},{\"@type\":\"ImageObject\",\"inLanguage\":\"pt-PT\",\"@id\":\"https:\\\/\\\/www.altominho.tv\\\/site\\\/2020\\\/09\\\/11\\\/colisao-entre-camiao-do-lixo-e-veiculo-ligeiro-faz-tres-feridos-em-moncao\\\/#primaryimage\",\"url\":\"https:\\\/\\\/www.altominho.tv\\\/site\\\/wp-content\\\/uploads\\\/2020\\\/09\\\/PHOTO-2020-09-10-23-34-32.jpg\",\"contentUrl\":\"https:\\\/\\\/www.altominho.tv\\\/site\\\/wp-content\\\/uploads\\\/2020\\\/09\\\/PHOTO-2020-09-10-23-34-32.jpg\",\"width\":1920,\"height\":1080,\"caption\":\"BOMBEIROS MON\u00c7\u00c3O\"},{\"@type\":\"BreadcrumbList\",\"@id\":\"https:\\\/\\\/www.altominho.tv\\\/site\\\/2020\\\/09\\\/11\\\/colisao-entre-camiao-do-lixo-e-veiculo-ligeiro-faz-tres-feridos-em-moncao\\\/#breadcrumb\",\"itemListElement\":[{\"@type\":\"ListItem\",\"position\":1,\"name\":\"In\u00edcio\",\"item\":\"https:\\\/\\\/www.altominho.tv\\\/site\\\/\"},{\"@type\":\"ListItem\",\"position\":2,\"name\":\"Colis\u00e3o entre cami\u00e3o do lixo e ve\u00edculo ligeiro faz tr\u00eas feridos em Mon\u00e7\u00e3o\"}]},{\"@type\":\"WebSite\",\"@id\":\"https:\\\/\\\/www.altominho.tv\\\/site\\\/#website\",\"url\":\"https:\\\/\\\/www.altominho.tv\\\/site\\\/\",\"name\":\"Altominho.tv\",\"description\":\"A sua regi\u00e3o \u00e0 dist\u00e2ncia de um clique...\",\"potentialAction\":[{\"@type\":\"SearchAction\",\"target\":{\"@type\":\"EntryPoint\",\"urlTemplate\":\"https:\\\/\\\/www.altominho.tv\\\/site\\\/?s={search_term_string}\"},\"query-input\":{\"@type\":\"PropertyValueSpecification\",\"valueRequired\":true,\"valueName\":\"search_term_string\"}}],\"inLanguage\":\"pt-PT\"},{\"@type\":\"Person\",\"@id\":\"https:\\\/\\\/www.altominho.tv\\\/site\\\/#\\\/schema\\\/person\\\/d9be4265364723f14ea8e0d56a1d38cd\",\"name\":\"Andreia Ferreira\",\"image\":{\"@type\":\"ImageObject\",\"inLanguage\":\"pt-PT\",\"@id\":\"https:\\\/\\\/www.altominho.tv\\\/site\\\/wp-content\\\/uploads\\\/2021\\\/01\\\/AndreiaFerreira-150x150.jpg\",\"url\":\"https:\\\/\\\/www.altominho.tv\\\/site\\\/wp-content\\\/uploads\\\/2021\\\/01\\\/AndreiaFerreira-150x150.jpg\",\"contentUrl\":\"https:\\\/\\\/www.altominho.tv\\\/site\\\/wp-content\\\/uploads\\\/2021\\\/01\\\/AndreiaFerreira-150x150.jpg\",\"caption\":\"Andreia Ferreira\"},\"url\":\"https:\\\/\\\/www.altominho.tv\\\/site\\\/author\\\/andreiaferreira\\\/\"}]}<\/script>\n<!-- \/ Yoast SEO Premium plugin. -->","yoast_head_json":{"title":"Colis\u00e3o entre cami\u00e3o do lixo e ve\u00edculo ligeiro faz tr\u00eas feridos em Mon\u00e7\u00e3o","robots":{"index":"index","follow":"follow","max-snippet":"max-snippet:-1","max-image-preview":"max-image-preview:large","max-video-preview":"max-video-preview:-1"},"canonical":"https:\/\/www.altominho.tv\/site\/2020\/09\/11\/colisao-entre-camiao-do-lixo-e-veiculo-ligeiro-faz-tres-feridos-em-moncao\/","og_locale":"pt_PT","og_type":"article","og_title":"Colis\u00e3o entre cami\u00e3o do lixo e ve\u00edculo ligeiro faz tr\u00eas feridos em Mon\u00e7\u00e3o","og_description":"Uma colis\u00e3o entre um cami\u00e3o de recolha do lixo e um ve\u00edculo ligeiro no lugar de Formigueira, na freguesia de Pinheiros, em Mon\u00e7\u00e3o, provocou esta quinta-feira \u00e0 noite um ferido grave e dois ligeiros. Fonte dos Bombeiros Volunt\u00e1rios de Mon\u00e7\u00e3o adiantou que as tr\u00eas v\u00edtimas seguiam no ve\u00edculo pesado. O ferido grave, &#8220;um homem com [&hellip;]","og_url":"https:\/\/www.altominho.tv\/site\/2020\/09\/11\/colisao-entre-camiao-do-lixo-e-veiculo-ligeiro-faz-tres-feridos-em-moncao\/","og_site_name":"Altominho.tv","article_publisher":"https:\/\/www.facebook.com\/altominhotv","article_published_time":"2020-09-10T23:16:08+00:00","article_modified_time":"2020-09-10T23:27:53+00:00","og_image":[{"width":1920,"height":1080,"url":"https:\/\/www.altominho.tv\/site\/wp-content\/uploads\/2020\/09\/PHOTO-2020-09-10-23-34-32.jpg","type":"image\/jpeg"}],"author":"Andreia Ferreira","twitter_card":"summary_large_image","twitter_creator":"@altominhoTV","twitter_site":"@altominhoTV","twitter_misc":{"Escrito por":"Andreia Ferreira","Tempo estimado de leitura":"1 minuto"},"schema":{"@context":"https:\/\/schema.org","@graph":[{"@type":"Article","@id":"https:\/\/www.altominho.tv\/site\/2020\/09\/11\/colisao-entre-camiao-do-lixo-e-veiculo-ligeiro-faz-tres-feridos-em-moncao\/#article","isPartOf":{"@id":"https:\/\/www.altominho.tv\/site\/2020\/09\/11\/colisao-entre-camiao-do-lixo-e-veiculo-ligeiro-faz-tres-feridos-em-moncao\/"},"author":{"name":"Andreia Ferreira","@id":"https:\/\/www.altominho.tv\/site\/#\/schema\/person\/d9be4265364723f14ea8e0d56a1d38cd"},"headline":"Colis\u00e3o entre cami\u00e3o do lixo e ve\u00edculo ligeiro faz tr\u00eas feridos em Mon\u00e7\u00e3o","datePublished":"2020-09-10T23:16:08+00:00","dateModified":"2020-09-10T23:27:53+00:00","mainEntityOfPage":{"@id":"https:\/\/www.altominho.tv\/site\/2020\/09\/11\/colisao-entre-camiao-do-lixo-e-veiculo-ligeiro-faz-tres-feridos-em-moncao\/"},"wordCount":221,"image":{"@id":"https:\/\/www.altominho.tv\/site\/2020\/09\/11\/colisao-entre-camiao-do-lixo-e-veiculo-ligeiro-faz-tres-feridos-em-moncao\/#primaryimage"},"thumbnailUrl":"https:\/\/www.altominho.tv\/site\/wp-content\/uploads\/2020\/09\/PHOTO-2020-09-10-23-34-32.jpg","keywords":["Sociedade"],"articleSection":["Mon\u00e7\u00e3o"],"inLanguage":"pt-PT","copyrightYear":"2020","copyrightHolder":{"@id":"https:\/\/www.altominho.tv\/site\/#organization"}},{"@type":"WebPage","@id":"https:\/\/www.altominho.tv\/site\/2020\/09\/11\/colisao-entre-camiao-do-lixo-e-veiculo-ligeiro-faz-tres-feridos-em-moncao\/","url":"https:\/\/www.altominho.tv\/site\/2020\/09\/11\/colisao-entre-camiao-do-lixo-e-veiculo-ligeiro-faz-tres-feridos-em-moncao\/","name":"Colis\u00e3o entre cami\u00e3o do lixo e ve\u00edculo ligeiro faz tr\u00eas feridos em Mon\u00e7\u00e3o","isPartOf":{"@id":"https:\/\/www.altominho.tv\/site\/#website"},"primaryImageOfPage":{"@id":"https:\/\/www.altominho.tv\/site\/2020\/09\/11\/colisao-entre-camiao-do-lixo-e-veiculo-ligeiro-faz-tres-feridos-em-moncao\/#primaryimage"},"image":{"@id":"https:\/\/www.altominho.tv\/site\/2020\/09\/11\/colisao-entre-camiao-do-lixo-e-veiculo-ligeiro-faz-tres-feridos-em-moncao\/#primaryimage"},"thumbnailUrl":"https:\/\/www.altominho.tv\/site\/wp-content\/uploads\/2020\/09\/PHOTO-2020-09-10-23-34-32.jpg","datePublished":"2020-09-10T23:16:08+00:00","dateModified":"2020-09-10T23:27:53+00:00","author":{"@id":"https:\/\/www.altominho.tv\/site\/#\/schema\/person\/d9be4265364723f14ea8e0d56a1d38cd"},"breadcrumb":{"@id":"https:\/\/www.altominho.tv\/site\/2020\/09\/11\/colisao-entre-camiao-do-lixo-e-veiculo-ligeiro-faz-tres-feridos-em-moncao\/#breadcrumb"},"inLanguage":"pt-PT","potentialAction":[{"@type":"ReadAction","target":["https:\/\/www.altominho.tv\/site\/2020\/09\/11\/colisao-entre-camiao-do-lixo-e-veiculo-ligeiro-faz-tres-feridos-em-moncao\/"]}]},{"@type":"ImageObject","inLanguage":"pt-PT","@id":"https:\/\/www.altominho.tv\/site\/2020\/09\/11\/colisao-entre-camiao-do-lixo-e-veiculo-ligeiro-faz-tres-feridos-em-moncao\/#primaryimage","url":"https:\/\/www.altominho.tv\/site\/wp-content\/uploads\/2020\/09\/PHOTO-2020-09-10-23-34-32.jpg","contentUrl":"https:\/\/www.altominho.tv\/site\/wp-content\/uploads\/2020\/09\/PHOTO-2020-09-10-23-34-32.jpg","width":1920,"height":1080,"caption":"BOMBEIROS MON\u00c7\u00c3O"},{"@type":"BreadcrumbList","@id":"https:\/\/www.altominho.tv\/site\/2020\/09\/11\/colisao-entre-camiao-do-lixo-e-veiculo-ligeiro-faz-tres-feridos-em-moncao\/#breadcrumb","itemListElement":[{"@type":"ListItem","position":1,"name":"In\u00edcio","item":"https:\/\/www.altominho.tv\/site\/"},{"@type":"ListItem","position":2,"name":"Colis\u00e3o entre cami\u00e3o do lixo e ve\u00edculo ligeiro faz tr\u00eas feridos em Mon\u00e7\u00e3o"}]},{"@type":"WebSite","@id":"https:\/\/www.altominho.tv\/site\/#website","url":"https:\/\/www.altominho.tv\/site\/","name":"Altominho.tv","description":"A sua regi\u00e3o \u00e0 dist\u00e2ncia de um clique...","potentialAction":[{"@type":"SearchAction","target":{"@type":"EntryPoint","urlTemplate":"https:\/\/www.altominho.tv\/site\/?s={search_term_string}"},"query-input":{"@type":"PropertyValueSpecification","valueRequired":true,"valueName":"search_term_string"}}],"inLanguage":"pt-PT"},{"@type":"Person","@id":"https:\/\/www.altominho.tv\/site\/#\/schema\/person\/d9be4265364723f14ea8e0d56a1d38cd","name":"Andreia Ferreira","image":{"@type":"ImageObject","inLanguage":"pt-PT","@id":"https:\/\/www.altominho.tv\/site\/wp-content\/uploads\/2021\/01\/AndreiaFerreira-150x150.jpg","url":"https:\/\/www.altominho.tv\/site\/wp-content\/uploads\/2021\/01\/AndreiaFerreira-150x150.jpg","contentUrl":"https:\/\/www.altominho.tv\/site\/wp-content\/uploads\/2021\/01\/AndreiaFerreira-150x150.jpg","caption":"Andreia Ferreira"},"url":"https:\/\/www.altominho.tv\/site\/author\/andreiaferreira\/"}]}},"_links":{"self":[{"href":"https:\/\/www.altominho.tv\/site\/wp-json\/wp\/v2\/posts\/51995","targetHints":{"allow":["GET"]}}],"collection":[{"href":"https:\/\/www.altominho.tv\/site\/wp-json\/wp\/v2\/posts"}],"about":[{"href":"https:\/\/www.altominho.tv\/site\/wp-json\/wp\/v2\/types\/post"}],"author":[{"embeddable":true,"href":"https:\/\/www.altominho.tv\/site\/wp-json\/wp\/v2\/users\/12"}],"replies":[{"embeddable":true,"href":"https:\/\/www.altominho.tv\/site\/wp-json\/wp\/v2\/comments?post=51995"}],"version-history":[{"count":0,"href":"https:\/\/www.altominho.tv\/site\/wp-json\/wp\/v2\/posts\/51995\/revisions"}],"wp:featuredmedia":[{"embeddable":true,"href":"https:\/\/www.altominho.tv\/site\/wp-json\/wp\/v2\/media\/51996"}],"wp:attachment":[{"href":"https:\/\/www.altominho.tv\/site\/wp-json\/wp\/v2\/media?parent=51995"}],"wp:term":[{"taxonomy":"category","embeddable":true,"href":"https:\/\/www.altominho.tv\/site\/wp-json\/wp\/v2\/categories?post=51995"},{"taxonomy":"post_tag","embeddable":true,"href":"https:\/\/www.altominho.tv\/site\/wp-json\/wp\/v2\/tags?post=51995"}],"curies":[{"name":"wp","href":"https:\/\/api.w.org\/{rel}","templated":true}]}}