{"id":51963,"date":"2020-09-10T16:11:52","date_gmt":"2020-09-10T15:11:52","guid":{"rendered":"http:\/\/www.altominho.tv\/site\/?p=51963"},"modified":"2020-09-10T16:17:43","modified_gmt":"2020-09-10T15:17:43","slug":"situacao-de-contingencia-novas-medidas-preventivas-a-partir-de-15-de-setembro","status":"publish","type":"post","link":"https:\/\/www.altominho.tv\/site\/2020\/09\/10\/situacao-de-contingencia-novas-medidas-preventivas-a-partir-de-15-de-setembro\/","title":{"rendered":"Situa\u00e7\u00e3o de conting\u00eancia: novas medidas preventivas a partir de 15 de setembro"},"content":{"rendered":"<p><strong>Portugal vai voltar \u00e0 situa\u00e7\u00e3o de conting\u00eancia a partir de 15 de setembro, com novas medidas definidas para travar a propaga\u00e7\u00e3o da Covid-19, aprovadas esta quinta-feira em Conselho de Ministros.<\/strong><\/p>\n<h3>Ajuntamentos<\/h3>\n<p>Os ajuntamentos passam a estar <a href=\"\/\/www.altominho.tv\/site\/2020\/09\/10\/ajuntamentos-passam-a-estar-limitados-a-10-pessoas-e-alcool-na-rua-e-proibido\/\">limitados a 10 pessoas<\/a> e n\u00e3o pode haver grupos de mais de quatro pessoas nas zonas de restaura\u00e7\u00e3o dos centros comerciais, \u201cde forma a evitar grandes concentra\u00e7\u00f5es de pessoas nesses espa\u00e7os de alimenta\u00e7\u00e3o\u201d.<\/p>\n<h3><strong>Com\u00e9rcio e restaura\u00e7\u00e3o<\/strong><\/h3>\n<p>Os estabelecimentos comerciais s\u00f3 podem abrir ap\u00f3s as 10h00 e ter\u00e3o de encerrar entre as 20h00 e 23h00, cabendo a cada munic\u00edpio a determina\u00e7\u00e3o da hora exata, \u201cem fun\u00e7\u00e3o da realidade espec\u00edfica do seu concelho\u201d.<\/p>\n<p class=\"text-paragraph\">De acordo com o primeiro-ministro, haver\u00e1 \u201cexce\u00e7\u00f5es\u201d em que ser\u00e1 poss\u00edvel o com\u00e9rcio abrir antes das 10h00, tendo avan\u00e7ado como exemplos as \u201cpastelarias, caf\u00e9s, cabeleireiros e gin\u00e1sios\u201d.<\/p>\n<p class=\"text-paragraph\">J\u00e1 os restaurantes podem continuar abertos at\u00e9 \u00e0 01h00 a partir de ter\u00e7a-feira, ficando exclu\u00eddos da regra de encerramento entre as 20h00 e as 23h00.<\/p>\n<p class=\"text-paragraph\">\u201cRelativamente \u00e0 restaura\u00e7\u00e3o n\u00e3o h\u00e1 nenhuma altera\u00e7\u00e3o, h\u00e1 um recordat\u00f3rio de que, nos restaurantes em geral, n\u00e3o pode haver grupos com mais de 10 pessoas, mas n\u00e3o h\u00e1 nenhuma altera\u00e7\u00e3o dos hor\u00e1rios\u201d, precisou o primeiro-ministro em confer\u00eancia de imprensa no final do Conselho de Ministros.<\/p>\n<p class=\"text-paragraph\">Ap\u00f3s um per\u00edodo em que foram obrigados a encerrar \u00e0s 23h00, desde 1 de agosto que os restaurantes e similares passaram a poder funcionar at\u00e9 \u00e0s 00h00, com toler\u00e2ncia at\u00e9 \u00e0 01h00 para sa\u00edrem todos os clientes e encerrarem os estabelecimentos.<\/p>\n<p class=\"text-paragraph\">\u201cRelativamente \u00e0 restaura\u00e7\u00e3o dos centros comerciais, h\u00e1 a regra nova de n\u00e3o haver mais de quatro pessoas por grupo\u201d, que se aplica tamb\u00e9m \u201caos restaurantes, caf\u00e9s e afins nos 300 metros \u00e0 volta dos estabelecimentos educativos\u201d.<\/p>\n<h3 class=\"text-paragraph\"><strong>Venda e consumo de bebidas\u00a0<\/strong>alco\u00f3licas<\/h3>\n<p>A venda de bebidas alco\u00f3licas \u00e9 proibida, a partir das 20h00, nas esta\u00e7\u00f5es de servi\u00e7o e em todos os estabelecimentos, \u00e0 exce\u00e7\u00e3o daqueles que servem refei\u00e7\u00f5es.\u00a0O consumo de bebidas alco\u00f3licas na via p\u00fablica vai continuar a ser proibido, para evitar ajuntamentos.<\/p>\n<h3>Recintos desportivos<\/h3>\n<p>Os est\u00e1dios de futebol e os restantes recintos desportivos v\u00e3o continuar sem p\u00fablico. De acordo com o primeiro-ministro, Ant\u00f3nio Costa, existem diferen\u00e7as entre estar num est\u00e1dio de futebol ou numa sala de cinema ou teatro. \u201cTodos os que j\u00e1 foram a recintos desportivos sabem que o comportamento num cinema ou num teatro \u00e9 muito diferente de assistir a um evento desportivo\u201d, explicou.<\/p>\n<h3>Lares de idosos<\/h3>\n<p>Para conten\u00e7\u00e3o e estabiliza\u00e7\u00e3o de surtos de Covid-19 em lares de idosos, v\u00e3o ser criadas brigadas distritais de interven\u00e7\u00e3o r\u00e1pida, que envolvem m\u00e9dicos e enfermeiros.<\/p>\n<p class=\"selectionShareable\">\n","protected":false},"excerpt":{"rendered":"<p>Portugal vai voltar \u00e0 situa\u00e7\u00e3o de conting\u00eancia a partir de 15 de setembro, com novas medidas definidas para travar a propaga\u00e7\u00e3o da Covid-19, aprovadas esta quinta-feira em Conselho de Ministros. Ajuntamentos Os ajuntamentos passam a estar limitados a 10 pessoas e n\u00e3o pode haver grupos de mais de quatro pessoas nas zonas de restaura\u00e7\u00e3o dos [&hellip;]<\/p>\n","protected":false},"author":15,"featured_media":51964,"comment_status":"closed","ping_status":"closed","sticky":false,"template":"","format":"standard","meta":{"_exactmetrics_skip_tracking":false,"_exactmetrics_sitenote_active":false,"_exactmetrics_sitenote_note":"","_exactmetrics_sitenote_category":0,"footnotes":""},"categories":[42722],"tags":[27],"class_list":["post-51963","post","type-post","status-publish","format-standard","has-post-thumbnail","hentry","category-covid-19","tag-sociedade"],"yoast_head":"<!-- This site is optimized with the Yoast SEO Premium plugin v27.4 (Yoast SEO v27.4) - https:\/\/yoast.com\/product\/yoast-seo-premium-wordpress\/ -->\n<title>Situa\u00e7\u00e3o de conting\u00eancia: novas medidas preventivas a partir de 15 de setembro<\/title>\n<meta name=\"robots\" content=\"index, follow, max-snippet:-1, max-image-preview:large, max-video-preview:-1\" \/>\n<link rel=\"canonical\" href=\"https:\/\/www.altominho.tv\/site\/2020\/09\/10\/situacao-de-contingencia-novas-medidas-preventivas-a-partir-de-15-de-setembro\/\" \/>\n<meta property=\"og:locale\" content=\"pt_PT\" \/>\n<meta property=\"og:type\" content=\"article\" \/>\n<meta property=\"og:title\" content=\"Situa\u00e7\u00e3o de conting\u00eancia: novas medidas preventivas a partir de 15 de setembro\" \/>\n<meta property=\"og:description\" content=\"Portugal vai voltar \u00e0 situa\u00e7\u00e3o de conting\u00eancia a partir de 15 de setembro, com novas medidas definidas para travar a propaga\u00e7\u00e3o da Covid-19, aprovadas esta quinta-feira em Conselho de Ministros. Ajuntamentos Os ajuntamentos passam a estar limitados a 10 pessoas e n\u00e3o pode haver grupos de mais de quatro pessoas nas zonas de restaura\u00e7\u00e3o dos [&hellip;]\" \/>\n<meta property=\"og:url\" content=\"https:\/\/www.altominho.tv\/site\/2020\/09\/10\/situacao-de-contingencia-novas-medidas-preventivas-a-partir-de-15-de-setembro\/\" \/>\n<meta property=\"og:site_name\" content=\"Altominho.tv\" \/>\n<meta property=\"article:publisher\" content=\"https:\/\/www.facebook.com\/altominhotv\" \/>\n<meta property=\"article:published_time\" content=\"2020-09-10T15:11:52+00:00\" \/>\n<meta property=\"article:modified_time\" content=\"2020-09-10T15:17:43+00:00\" \/>\n<meta property=\"og:image\" content=\"https:\/\/www.altominho.tv\/site\/wp-content\/uploads\/2020\/09\/Contingencia-scaled.jpg\" \/>\n\t<meta property=\"og:image:width\" content=\"2560\" \/>\n\t<meta property=\"og:image:height\" content=\"1707\" \/>\n\t<meta property=\"og:image:type\" content=\"image\/jpeg\" \/>\n<meta name=\"author\" content=\"Andreia Ferreira | Lusa\" \/>\n<meta name=\"twitter:card\" content=\"summary_large_image\" \/>\n<meta name=\"twitter:creator\" content=\"@altominhoTV\" \/>\n<meta name=\"twitter:site\" content=\"@altominhoTV\" \/>\n<meta name=\"twitter:label1\" content=\"Escrito por\" \/>\n\t<meta name=\"twitter:data1\" content=\"Andreia Ferreira | Lusa\" \/>\n\t<meta name=\"twitter:label2\" content=\"Tempo estimado de leitura\" \/>\n\t<meta name=\"twitter:data2\" content=\"2 minutos\" \/>\n<script type=\"application\/ld+json\" class=\"yoast-schema-graph\">{\"@context\":\"https:\\\/\\\/schema.org\",\"@graph\":[{\"@type\":\"Article\",\"@id\":\"https:\\\/\\\/www.altominho.tv\\\/site\\\/2020\\\/09\\\/10\\\/situacao-de-contingencia-novas-medidas-preventivas-a-partir-de-15-de-setembro\\\/#article\",\"isPartOf\":{\"@id\":\"https:\\\/\\\/www.altominho.tv\\\/site\\\/2020\\\/09\\\/10\\\/situacao-de-contingencia-novas-medidas-preventivas-a-partir-de-15-de-setembro\\\/\"},\"author\":{\"name\":\"Andreia Ferreira | Lusa\",\"@id\":\"https:\\\/\\\/www.altominho.tv\\\/site\\\/#\\\/schema\\\/person\\\/a0bff6dc1041aadd46fa81887444b017\"},\"headline\":\"Situa\u00e7\u00e3o de conting\u00eancia: novas medidas preventivas a partir de 15 de setembro\",\"datePublished\":\"2020-09-10T15:11:52+00:00\",\"dateModified\":\"2020-09-10T15:17:43+00:00\",\"mainEntityOfPage\":{\"@id\":\"https:\\\/\\\/www.altominho.tv\\\/site\\\/2020\\\/09\\\/10\\\/situacao-de-contingencia-novas-medidas-preventivas-a-partir-de-15-de-setembro\\\/\"},\"wordCount\":481,\"image\":{\"@id\":\"https:\\\/\\\/www.altominho.tv\\\/site\\\/2020\\\/09\\\/10\\\/situacao-de-contingencia-novas-medidas-preventivas-a-partir-de-15-de-setembro\\\/#primaryimage\"},\"thumbnailUrl\":\"https:\\\/\\\/www.altominho.tv\\\/site\\\/wp-content\\\/uploads\\\/2020\\\/09\\\/Contingencia-scaled.jpg\",\"keywords\":[\"Sociedade\"],\"articleSection\":[\"Coronav\u00edrus\"],\"inLanguage\":\"pt-PT\",\"copyrightYear\":\"2020\",\"copyrightHolder\":{\"@id\":\"https:\\\/\\\/www.altominho.tv\\\/site\\\/#organization\"}},{\"@type\":\"WebPage\",\"@id\":\"https:\\\/\\\/www.altominho.tv\\\/site\\\/2020\\\/09\\\/10\\\/situacao-de-contingencia-novas-medidas-preventivas-a-partir-de-15-de-setembro\\\/\",\"url\":\"https:\\\/\\\/www.altominho.tv\\\/site\\\/2020\\\/09\\\/10\\\/situacao-de-contingencia-novas-medidas-preventivas-a-partir-de-15-de-setembro\\\/\",\"name\":\"Situa\u00e7\u00e3o de conting\u00eancia: novas medidas preventivas a partir de 15 de setembro\",\"isPartOf\":{\"@id\":\"https:\\\/\\\/www.altominho.tv\\\/site\\\/#website\"},\"primaryImageOfPage\":{\"@id\":\"https:\\\/\\\/www.altominho.tv\\\/site\\\/2020\\\/09\\\/10\\\/situacao-de-contingencia-novas-medidas-preventivas-a-partir-de-15-de-setembro\\\/#primaryimage\"},\"image\":{\"@id\":\"https:\\\/\\\/www.altominho.tv\\\/site\\\/2020\\\/09\\\/10\\\/situacao-de-contingencia-novas-medidas-preventivas-a-partir-de-15-de-setembro\\\/#primaryimage\"},\"thumbnailUrl\":\"https:\\\/\\\/www.altominho.tv\\\/site\\\/wp-content\\\/uploads\\\/2020\\\/09\\\/Contingencia-scaled.jpg\",\"datePublished\":\"2020-09-10T15:11:52+00:00\",\"dateModified\":\"2020-09-10T15:17:43+00:00\",\"author\":{\"@id\":\"https:\\\/\\\/www.altominho.tv\\\/site\\\/#\\\/schema\\\/person\\\/a0bff6dc1041aadd46fa81887444b017\"},\"breadcrumb\":{\"@id\":\"https:\\\/\\\/www.altominho.tv\\\/site\\\/2020\\\/09\\\/10\\\/situacao-de-contingencia-novas-medidas-preventivas-a-partir-de-15-de-setembro\\\/#breadcrumb\"},\"inLanguage\":\"pt-PT\",\"potentialAction\":[{\"@type\":\"ReadAction\",\"target\":[\"https:\\\/\\\/www.altominho.tv\\\/site\\\/2020\\\/09\\\/10\\\/situacao-de-contingencia-novas-medidas-preventivas-a-partir-de-15-de-setembro\\\/\"]}]},{\"@type\":\"ImageObject\",\"inLanguage\":\"pt-PT\",\"@id\":\"https:\\\/\\\/www.altominho.tv\\\/site\\\/2020\\\/09\\\/10\\\/situacao-de-contingencia-novas-medidas-preventivas-a-partir-de-15-de-setembro\\\/#primaryimage\",\"url\":\"https:\\\/\\\/www.altominho.tv\\\/site\\\/wp-content\\\/uploads\\\/2020\\\/09\\\/Contingencia-scaled.jpg\",\"contentUrl\":\"https:\\\/\\\/www.altominho.tv\\\/site\\\/wp-content\\\/uploads\\\/2020\\\/09\\\/Contingencia-scaled.jpg\",\"width\":2560,\"height\":1707,\"caption\":\"FREEPIK\"},{\"@type\":\"BreadcrumbList\",\"@id\":\"https:\\\/\\\/www.altominho.tv\\\/site\\\/2020\\\/09\\\/10\\\/situacao-de-contingencia-novas-medidas-preventivas-a-partir-de-15-de-setembro\\\/#breadcrumb\",\"itemListElement\":[{\"@type\":\"ListItem\",\"position\":1,\"name\":\"In\u00edcio\",\"item\":\"https:\\\/\\\/www.altominho.tv\\\/site\\\/\"},{\"@type\":\"ListItem\",\"position\":2,\"name\":\"Situa\u00e7\u00e3o de conting\u00eancia: novas medidas preventivas a partir de 15 de setembro\"}]},{\"@type\":\"WebSite\",\"@id\":\"https:\\\/\\\/www.altominho.tv\\\/site\\\/#website\",\"url\":\"https:\\\/\\\/www.altominho.tv\\\/site\\\/\",\"name\":\"Altominho.tv\",\"description\":\"A sua regi\u00e3o \u00e0 dist\u00e2ncia de um clique...\",\"potentialAction\":[{\"@type\":\"SearchAction\",\"target\":{\"@type\":\"EntryPoint\",\"urlTemplate\":\"https:\\\/\\\/www.altominho.tv\\\/site\\\/?s={search_term_string}\"},\"query-input\":{\"@type\":\"PropertyValueSpecification\",\"valueRequired\":true,\"valueName\":\"search_term_string\"}}],\"inLanguage\":\"pt-PT\"},{\"@type\":\"Person\",\"@id\":\"https:\\\/\\\/www.altominho.tv\\\/site\\\/#\\\/schema\\\/person\\\/a0bff6dc1041aadd46fa81887444b017\",\"name\":\"Andreia Ferreira | Lusa\",\"image\":{\"@type\":\"ImageObject\",\"inLanguage\":\"pt-PT\",\"@id\":\"https:\\\/\\\/www.altominho.tv\\\/site\\\/wp-content\\\/uploads\\\/2018\\\/04\\\/Andreia-150x150.jpg\",\"url\":\"https:\\\/\\\/www.altominho.tv\\\/site\\\/wp-content\\\/uploads\\\/2018\\\/04\\\/Andreia-150x150.jpg\",\"contentUrl\":\"https:\\\/\\\/www.altominho.tv\\\/site\\\/wp-content\\\/uploads\\\/2018\\\/04\\\/Andreia-150x150.jpg\",\"caption\":\"Andreia Ferreira | Lusa\"},\"sameAs\":[\"https:\\\/\\\/www.altominho.tv\\\/site\"],\"url\":\"https:\\\/\\\/www.altominho.tv\\\/site\\\/author\\\/andreiaferreiralusa\\\/\"}]}<\/script>\n<!-- \/ Yoast SEO Premium plugin. -->","yoast_head_json":{"title":"Situa\u00e7\u00e3o de conting\u00eancia: novas medidas preventivas a partir de 15 de setembro","robots":{"index":"index","follow":"follow","max-snippet":"max-snippet:-1","max-image-preview":"max-image-preview:large","max-video-preview":"max-video-preview:-1"},"canonical":"https:\/\/www.altominho.tv\/site\/2020\/09\/10\/situacao-de-contingencia-novas-medidas-preventivas-a-partir-de-15-de-setembro\/","og_locale":"pt_PT","og_type":"article","og_title":"Situa\u00e7\u00e3o de conting\u00eancia: novas medidas preventivas a partir de 15 de setembro","og_description":"Portugal vai voltar \u00e0 situa\u00e7\u00e3o de conting\u00eancia a partir de 15 de setembro, com novas medidas definidas para travar a propaga\u00e7\u00e3o da Covid-19, aprovadas esta quinta-feira em Conselho de Ministros. Ajuntamentos Os ajuntamentos passam a estar limitados a 10 pessoas e n\u00e3o pode haver grupos de mais de quatro pessoas nas zonas de restaura\u00e7\u00e3o dos [&hellip;]","og_url":"https:\/\/www.altominho.tv\/site\/2020\/09\/10\/situacao-de-contingencia-novas-medidas-preventivas-a-partir-de-15-de-setembro\/","og_site_name":"Altominho.tv","article_publisher":"https:\/\/www.facebook.com\/altominhotv","article_published_time":"2020-09-10T15:11:52+00:00","article_modified_time":"2020-09-10T15:17:43+00:00","og_image":[{"width":2560,"height":1707,"url":"https:\/\/www.altominho.tv\/site\/wp-content\/uploads\/2020\/09\/Contingencia-scaled.jpg","type":"image\/jpeg"}],"author":"Andreia Ferreira | Lusa","twitter_card":"summary_large_image","twitter_creator":"@altominhoTV","twitter_site":"@altominhoTV","twitter_misc":{"Escrito por":"Andreia Ferreira | Lusa","Tempo estimado de leitura":"2 minutos"},"schema":{"@context":"https:\/\/schema.org","@graph":[{"@type":"Article","@id":"https:\/\/www.altominho.tv\/site\/2020\/09\/10\/situacao-de-contingencia-novas-medidas-preventivas-a-partir-de-15-de-setembro\/#article","isPartOf":{"@id":"https:\/\/www.altominho.tv\/site\/2020\/09\/10\/situacao-de-contingencia-novas-medidas-preventivas-a-partir-de-15-de-setembro\/"},"author":{"name":"Andreia Ferreira | Lusa","@id":"https:\/\/www.altominho.tv\/site\/#\/schema\/person\/a0bff6dc1041aadd46fa81887444b017"},"headline":"Situa\u00e7\u00e3o de conting\u00eancia: novas medidas preventivas a partir de 15 de setembro","datePublished":"2020-09-10T15:11:52+00:00","dateModified":"2020-09-10T15:17:43+00:00","mainEntityOfPage":{"@id":"https:\/\/www.altominho.tv\/site\/2020\/09\/10\/situacao-de-contingencia-novas-medidas-preventivas-a-partir-de-15-de-setembro\/"},"wordCount":481,"image":{"@id":"https:\/\/www.altominho.tv\/site\/2020\/09\/10\/situacao-de-contingencia-novas-medidas-preventivas-a-partir-de-15-de-setembro\/#primaryimage"},"thumbnailUrl":"https:\/\/www.altominho.tv\/site\/wp-content\/uploads\/2020\/09\/Contingencia-scaled.jpg","keywords":["Sociedade"],"articleSection":["Coronav\u00edrus"],"inLanguage":"pt-PT","copyrightYear":"2020","copyrightHolder":{"@id":"https:\/\/www.altominho.tv\/site\/#organization"}},{"@type":"WebPage","@id":"https:\/\/www.altominho.tv\/site\/2020\/09\/10\/situacao-de-contingencia-novas-medidas-preventivas-a-partir-de-15-de-setembro\/","url":"https:\/\/www.altominho.tv\/site\/2020\/09\/10\/situacao-de-contingencia-novas-medidas-preventivas-a-partir-de-15-de-setembro\/","name":"Situa\u00e7\u00e3o de conting\u00eancia: novas medidas preventivas a partir de 15 de setembro","isPartOf":{"@id":"https:\/\/www.altominho.tv\/site\/#website"},"primaryImageOfPage":{"@id":"https:\/\/www.altominho.tv\/site\/2020\/09\/10\/situacao-de-contingencia-novas-medidas-preventivas-a-partir-de-15-de-setembro\/#primaryimage"},"image":{"@id":"https:\/\/www.altominho.tv\/site\/2020\/09\/10\/situacao-de-contingencia-novas-medidas-preventivas-a-partir-de-15-de-setembro\/#primaryimage"},"thumbnailUrl":"https:\/\/www.altominho.tv\/site\/wp-content\/uploads\/2020\/09\/Contingencia-scaled.jpg","datePublished":"2020-09-10T15:11:52+00:00","dateModified":"2020-09-10T15:17:43+00:00","author":{"@id":"https:\/\/www.altominho.tv\/site\/#\/schema\/person\/a0bff6dc1041aadd46fa81887444b017"},"breadcrumb":{"@id":"https:\/\/www.altominho.tv\/site\/2020\/09\/10\/situacao-de-contingencia-novas-medidas-preventivas-a-partir-de-15-de-setembro\/#breadcrumb"},"inLanguage":"pt-PT","potentialAction":[{"@type":"ReadAction","target":["https:\/\/www.altominho.tv\/site\/2020\/09\/10\/situacao-de-contingencia-novas-medidas-preventivas-a-partir-de-15-de-setembro\/"]}]},{"@type":"ImageObject","inLanguage":"pt-PT","@id":"https:\/\/www.altominho.tv\/site\/2020\/09\/10\/situacao-de-contingencia-novas-medidas-preventivas-a-partir-de-15-de-setembro\/#primaryimage","url":"https:\/\/www.altominho.tv\/site\/wp-content\/uploads\/2020\/09\/Contingencia-scaled.jpg","contentUrl":"https:\/\/www.altominho.tv\/site\/wp-content\/uploads\/2020\/09\/Contingencia-scaled.jpg","width":2560,"height":1707,"caption":"FREEPIK"},{"@type":"BreadcrumbList","@id":"https:\/\/www.altominho.tv\/site\/2020\/09\/10\/situacao-de-contingencia-novas-medidas-preventivas-a-partir-de-15-de-setembro\/#breadcrumb","itemListElement":[{"@type":"ListItem","position":1,"name":"In\u00edcio","item":"https:\/\/www.altominho.tv\/site\/"},{"@type":"ListItem","position":2,"name":"Situa\u00e7\u00e3o de conting\u00eancia: novas medidas preventivas a partir de 15 de setembro"}]},{"@type":"WebSite","@id":"https:\/\/www.altominho.tv\/site\/#website","url":"https:\/\/www.altominho.tv\/site\/","name":"Altominho.tv","description":"A sua regi\u00e3o \u00e0 dist\u00e2ncia de um clique...","potentialAction":[{"@type":"SearchAction","target":{"@type":"EntryPoint","urlTemplate":"https:\/\/www.altominho.tv\/site\/?s={search_term_string}"},"query-input":{"@type":"PropertyValueSpecification","valueRequired":true,"valueName":"search_term_string"}}],"inLanguage":"pt-PT"},{"@type":"Person","@id":"https:\/\/www.altominho.tv\/site\/#\/schema\/person\/a0bff6dc1041aadd46fa81887444b017","name":"Andreia Ferreira | Lusa","image":{"@type":"ImageObject","inLanguage":"pt-PT","@id":"https:\/\/www.altominho.tv\/site\/wp-content\/uploads\/2018\/04\/Andreia-150x150.jpg","url":"https:\/\/www.altominho.tv\/site\/wp-content\/uploads\/2018\/04\/Andreia-150x150.jpg","contentUrl":"https:\/\/www.altominho.tv\/site\/wp-content\/uploads\/2018\/04\/Andreia-150x150.jpg","caption":"Andreia Ferreira | Lusa"},"sameAs":["https:\/\/www.altominho.tv\/site"],"url":"https:\/\/www.altominho.tv\/site\/author\/andreiaferreiralusa\/"}]}},"_links":{"self":[{"href":"https:\/\/www.altominho.tv\/site\/wp-json\/wp\/v2\/posts\/51963","targetHints":{"allow":["GET"]}}],"collection":[{"href":"https:\/\/www.altominho.tv\/site\/wp-json\/wp\/v2\/posts"}],"about":[{"href":"https:\/\/www.altominho.tv\/site\/wp-json\/wp\/v2\/types\/post"}],"author":[{"embeddable":true,"href":"https:\/\/www.altominho.tv\/site\/wp-json\/wp\/v2\/users\/15"}],"replies":[{"embeddable":true,"href":"https:\/\/www.altominho.tv\/site\/wp-json\/wp\/v2\/comments?post=51963"}],"version-history":[{"count":0,"href":"https:\/\/www.altominho.tv\/site\/wp-json\/wp\/v2\/posts\/51963\/revisions"}],"wp:featuredmedia":[{"embeddable":true,"href":"https:\/\/www.altominho.tv\/site\/wp-json\/wp\/v2\/media\/51964"}],"wp:attachment":[{"href":"https:\/\/www.altominho.tv\/site\/wp-json\/wp\/v2\/media?parent=51963"}],"wp:term":[{"taxonomy":"category","embeddable":true,"href":"https:\/\/www.altominho.tv\/site\/wp-json\/wp\/v2\/categories?post=51963"},{"taxonomy":"post_tag","embeddable":true,"href":"https:\/\/www.altominho.tv\/site\/wp-json\/wp\/v2\/tags?post=51963"}],"curies":[{"name":"wp","href":"https:\/\/api.w.org\/{rel}","templated":true}]}}