{"id":51796,"date":"2020-09-08T15:33:34","date_gmt":"2020-09-08T14:33:34","guid":{"rendered":"http:\/\/www.altominho.tv\/site\/?p=51796"},"modified":"2020-09-08T15:33:36","modified_gmt":"2020-09-08T14:33:36","slug":"cpcj-de-moncao-entrega-kits-de-material-escolar-a-35-criancas-do-concelho","status":"publish","type":"post","link":"https:\/\/www.altominho.tv\/site\/2020\/09\/08\/cpcj-de-moncao-entrega-kits-de-material-escolar-a-35-criancas-do-concelho\/","title":{"rendered":"CPCJ de Mon\u00e7\u00e3o entrega &#8220;kits&#8221; de material escolar a 35 crian\u00e7as do concelho"},"content":{"rendered":"<p>A Comiss\u00e3o de Prote\u00e7\u00e3o das Crian\u00e7as e Jovens (CPCJ) de Mon\u00e7\u00e3o est\u00e1 a entregar <em>kits<\/em> de material escolar a 35 crian\u00e7as do concelho.<u><\/u><\/p>\n<p>A iniciativa, realizada com o apoio da C\u00e2mara Municipal de Mon\u00e7\u00e3o e da empresa \u201cCFAM, Internacional Funer\u00e1ria\u201d, pretende &#8220;minimizar os custos das fam\u00edlias acompanhadas pela CPCJ de Mon\u00e7\u00e3o e Rendimento Social de Inser\u00e7\u00e3o no arranque de um novo ano letivo, procurando garantir um regresso \u00e0s aulas em igualdade de circunst\u00e2ncias para todos os alunos&#8221;.<u><\/u><u><\/u><\/p>\n<p>Cada <em>kit<\/em>, entregue numa bolsa do munic\u00edpio, \u00e9 constitu\u00eddo por cadernos, l\u00e1pis, borrachas, afias, tubos de cola, l\u00e1pis de cor, canetas de feltro, capas, cartolinas e mochilas.<\/p>\n<p>Juntamente com o material escolar \u00e9 enviada uma mensagem, onde \u00e9 pedido empenho e dedica\u00e7\u00e3o ao estudo a cada aluno e desejado um bom ano letivo para todos. <u><\/u><u><\/u><u><\/u>A presidente da CPCJ de Mon\u00e7\u00e3o, Manuela Pinto, aconselha as crian\u00e7as a estudarem &#8220;para terem um futuro melhor&#8221;.<\/p>\n<p>O presidente da C\u00e2mara Municipal de Mon\u00e7\u00e3o, Ant\u00f3nio Barbosa, entende que &#8220;este gesto, aparentemente simples, faz toda a diferen\u00e7a para as fam\u00edlias com dificuldades econ\u00f3micas&#8221;.<\/p>\n<p>J\u00e1 Armanda Gil, da \u201cCFAM, Internacional Funer\u00e1ria\u201d, que apoia a iniciativa pela sexta vez consecutiva, destaca que &#8220;\u00e9 com agrado e satisfa\u00e7\u00e3o que a empresa est\u00e1 presente sempre que \u00e9 necess\u00e1rio ajudar quem mais precisa&#8221;.<\/p>\n<p><u><\/u>A entrega dos\u00a0<em>kits<\/em> decorre, ao longo desta semana, nas instala\u00e7\u00f5es da CPCJ de Mon\u00e7\u00e3o.<\/p>\n","protected":false},"excerpt":{"rendered":"<p>A Comiss\u00e3o de Prote\u00e7\u00e3o das Crian\u00e7as e Jovens (CPCJ) de Mon\u00e7\u00e3o est\u00e1 a entregar kits de material escolar a 35 crian\u00e7as do concelho. A iniciativa, realizada com o apoio da C\u00e2mara Municipal de Mon\u00e7\u00e3o e da empresa \u201cCFAM, Internacional Funer\u00e1ria\u201d, pretende &#8220;minimizar os custos das fam\u00edlias acompanhadas pela CPCJ de Mon\u00e7\u00e3o e Rendimento Social de [&hellip;]<\/p>\n","protected":false},"author":12,"featured_media":51802,"comment_status":"closed","ping_status":"closed","sticky":false,"template":"","format":"standard","meta":{"_exactmetrics_skip_tracking":false,"_exactmetrics_sitenote_active":false,"_exactmetrics_sitenote_note":"","_exactmetrics_sitenote_category":0,"footnotes":""},"categories":[9],"tags":[22],"class_list":["post-51796","post","type-post","status-publish","format-standard","has-post-thumbnail","hentry","category-moncao","tag-educacao"],"yoast_head":"<!-- This site is optimized with the Yoast SEO Premium plugin v27.5 (Yoast SEO v27.5) - https:\/\/yoast.com\/product\/yoast-seo-premium-wordpress\/ -->\n<title>CPCJ de Mon\u00e7\u00e3o entrega &quot;kits&quot; de material escolar a 35 crian\u00e7as do concelho<\/title>\n<meta name=\"robots\" content=\"index, follow, max-snippet:-1, max-image-preview:large, max-video-preview:-1\" \/>\n<link rel=\"canonical\" href=\"https:\/\/www.altominho.tv\/site\/2020\/09\/08\/cpcj-de-moncao-entrega-kits-de-material-escolar-a-35-criancas-do-concelho\/\" \/>\n<meta property=\"og:locale\" content=\"pt_PT\" \/>\n<meta property=\"og:type\" content=\"article\" \/>\n<meta property=\"og:title\" content=\"CPCJ de Mon\u00e7\u00e3o entrega &quot;kits&quot; de material escolar a 35 crian\u00e7as do concelho\" \/>\n<meta property=\"og:description\" content=\"A Comiss\u00e3o de Prote\u00e7\u00e3o das Crian\u00e7as e Jovens (CPCJ) de Mon\u00e7\u00e3o est\u00e1 a entregar kits de material escolar a 35 crian\u00e7as do concelho. A iniciativa, realizada com o apoio da C\u00e2mara Municipal de Mon\u00e7\u00e3o e da empresa \u201cCFAM, Internacional Funer\u00e1ria\u201d, pretende &#8220;minimizar os custos das fam\u00edlias acompanhadas pela CPCJ de Mon\u00e7\u00e3o e Rendimento Social de [&hellip;]\" \/>\n<meta property=\"og:url\" content=\"https:\/\/www.altominho.tv\/site\/2020\/09\/08\/cpcj-de-moncao-entrega-kits-de-material-escolar-a-35-criancas-do-concelho\/\" \/>\n<meta property=\"og:site_name\" content=\"Altominho.tv\" \/>\n<meta property=\"article:publisher\" content=\"https:\/\/www.facebook.com\/altominhotv\" \/>\n<meta property=\"article:published_time\" content=\"2020-09-08T14:33:34+00:00\" \/>\n<meta property=\"article:modified_time\" content=\"2020-09-08T14:33:36+00:00\" \/>\n<meta property=\"og:image\" content=\"https:\/\/www.altominho.tv\/site\/wp-content\/uploads\/2020\/09\/03.jpg\" \/>\n\t<meta property=\"og:image:width\" content=\"1920\" \/>\n\t<meta property=\"og:image:height\" content=\"1440\" \/>\n\t<meta property=\"og:image:type\" content=\"image\/jpeg\" \/>\n<meta name=\"author\" content=\"Andreia Ferreira\" \/>\n<meta name=\"twitter:card\" content=\"summary_large_image\" \/>\n<meta name=\"twitter:creator\" content=\"@altominhoTV\" \/>\n<meta name=\"twitter:site\" content=\"@altominhoTV\" \/>\n<meta name=\"twitter:label1\" content=\"Escrito por\" \/>\n\t<meta name=\"twitter:data1\" content=\"Andreia Ferreira\" \/>\n\t<meta name=\"twitter:label2\" content=\"Tempo estimado de leitura\" \/>\n\t<meta name=\"twitter:data2\" content=\"1 minuto\" \/>\n<script type=\"application\/ld+json\" class=\"yoast-schema-graph\">{\"@context\":\"https:\\\/\\\/schema.org\",\"@graph\":[{\"@type\":\"Article\",\"@id\":\"https:\\\/\\\/www.altominho.tv\\\/site\\\/2020\\\/09\\\/08\\\/cpcj-de-moncao-entrega-kits-de-material-escolar-a-35-criancas-do-concelho\\\/#article\",\"isPartOf\":{\"@id\":\"https:\\\/\\\/www.altominho.tv\\\/site\\\/2020\\\/09\\\/08\\\/cpcj-de-moncao-entrega-kits-de-material-escolar-a-35-criancas-do-concelho\\\/\"},\"author\":{\"name\":\"Andreia Ferreira\",\"@id\":\"https:\\\/\\\/www.altominho.tv\\\/site\\\/#\\\/schema\\\/person\\\/d9be4265364723f14ea8e0d56a1d38cd\"},\"headline\":\"CPCJ de Mon\u00e7\u00e3o entrega &#8220;kits&#8221; de material escolar a 35 crian\u00e7as do concelho\",\"datePublished\":\"2020-09-08T14:33:34+00:00\",\"dateModified\":\"2020-09-08T14:33:36+00:00\",\"mainEntityOfPage\":{\"@id\":\"https:\\\/\\\/www.altominho.tv\\\/site\\\/2020\\\/09\\\/08\\\/cpcj-de-moncao-entrega-kits-de-material-escolar-a-35-criancas-do-concelho\\\/\"},\"wordCount\":263,\"image\":{\"@id\":\"https:\\\/\\\/www.altominho.tv\\\/site\\\/2020\\\/09\\\/08\\\/cpcj-de-moncao-entrega-kits-de-material-escolar-a-35-criancas-do-concelho\\\/#primaryimage\"},\"thumbnailUrl\":\"https:\\\/\\\/www.altominho.tv\\\/site\\\/wp-content\\\/uploads\\\/2020\\\/09\\\/03.jpg\",\"keywords\":[\"Educa\u00e7\u00e3o\"],\"articleSection\":[\"Mon\u00e7\u00e3o\"],\"inLanguage\":\"pt-PT\",\"copyrightYear\":\"2020\",\"copyrightHolder\":{\"@id\":\"https:\\\/\\\/www.altominho.tv\\\/site\\\/#organization\"}},{\"@type\":\"WebPage\",\"@id\":\"https:\\\/\\\/www.altominho.tv\\\/site\\\/2020\\\/09\\\/08\\\/cpcj-de-moncao-entrega-kits-de-material-escolar-a-35-criancas-do-concelho\\\/\",\"url\":\"https:\\\/\\\/www.altominho.tv\\\/site\\\/2020\\\/09\\\/08\\\/cpcj-de-moncao-entrega-kits-de-material-escolar-a-35-criancas-do-concelho\\\/\",\"name\":\"CPCJ de Mon\u00e7\u00e3o entrega \\\"kits\\\" de material escolar a 35 crian\u00e7as do concelho\",\"isPartOf\":{\"@id\":\"https:\\\/\\\/www.altominho.tv\\\/site\\\/#website\"},\"primaryImageOfPage\":{\"@id\":\"https:\\\/\\\/www.altominho.tv\\\/site\\\/2020\\\/09\\\/08\\\/cpcj-de-moncao-entrega-kits-de-material-escolar-a-35-criancas-do-concelho\\\/#primaryimage\"},\"image\":{\"@id\":\"https:\\\/\\\/www.altominho.tv\\\/site\\\/2020\\\/09\\\/08\\\/cpcj-de-moncao-entrega-kits-de-material-escolar-a-35-criancas-do-concelho\\\/#primaryimage\"},\"thumbnailUrl\":\"https:\\\/\\\/www.altominho.tv\\\/site\\\/wp-content\\\/uploads\\\/2020\\\/09\\\/03.jpg\",\"datePublished\":\"2020-09-08T14:33:34+00:00\",\"dateModified\":\"2020-09-08T14:33:36+00:00\",\"author\":{\"@id\":\"https:\\\/\\\/www.altominho.tv\\\/site\\\/#\\\/schema\\\/person\\\/d9be4265364723f14ea8e0d56a1d38cd\"},\"breadcrumb\":{\"@id\":\"https:\\\/\\\/www.altominho.tv\\\/site\\\/2020\\\/09\\\/08\\\/cpcj-de-moncao-entrega-kits-de-material-escolar-a-35-criancas-do-concelho\\\/#breadcrumb\"},\"inLanguage\":\"pt-PT\",\"potentialAction\":[{\"@type\":\"ReadAction\",\"target\":[\"https:\\\/\\\/www.altominho.tv\\\/site\\\/2020\\\/09\\\/08\\\/cpcj-de-moncao-entrega-kits-de-material-escolar-a-35-criancas-do-concelho\\\/\"]}]},{\"@type\":\"ImageObject\",\"inLanguage\":\"pt-PT\",\"@id\":\"https:\\\/\\\/www.altominho.tv\\\/site\\\/2020\\\/09\\\/08\\\/cpcj-de-moncao-entrega-kits-de-material-escolar-a-35-criancas-do-concelho\\\/#primaryimage\",\"url\":\"https:\\\/\\\/www.altominho.tv\\\/site\\\/wp-content\\\/uploads\\\/2020\\\/09\\\/03.jpg\",\"contentUrl\":\"https:\\\/\\\/www.altominho.tv\\\/site\\\/wp-content\\\/uploads\\\/2020\\\/09\\\/03.jpg\",\"width\":1920,\"height\":1440},{\"@type\":\"BreadcrumbList\",\"@id\":\"https:\\\/\\\/www.altominho.tv\\\/site\\\/2020\\\/09\\\/08\\\/cpcj-de-moncao-entrega-kits-de-material-escolar-a-35-criancas-do-concelho\\\/#breadcrumb\",\"itemListElement\":[{\"@type\":\"ListItem\",\"position\":1,\"name\":\"In\u00edcio\",\"item\":\"https:\\\/\\\/www.altominho.tv\\\/site\\\/\"},{\"@type\":\"ListItem\",\"position\":2,\"name\":\"CPCJ de Mon\u00e7\u00e3o entrega &#8220;kits&#8221; de material escolar a 35 crian\u00e7as do concelho\"}]},{\"@type\":\"WebSite\",\"@id\":\"https:\\\/\\\/www.altominho.tv\\\/site\\\/#website\",\"url\":\"https:\\\/\\\/www.altominho.tv\\\/site\\\/\",\"name\":\"Altominho.tv\",\"description\":\"A sua regi\u00e3o \u00e0 dist\u00e2ncia de um clique...\",\"potentialAction\":[{\"@type\":\"SearchAction\",\"target\":{\"@type\":\"EntryPoint\",\"urlTemplate\":\"https:\\\/\\\/www.altominho.tv\\\/site\\\/?s={search_term_string}\"},\"query-input\":{\"@type\":\"PropertyValueSpecification\",\"valueRequired\":true,\"valueName\":\"search_term_string\"}}],\"inLanguage\":\"pt-PT\"},{\"@type\":\"Person\",\"@id\":\"https:\\\/\\\/www.altominho.tv\\\/site\\\/#\\\/schema\\\/person\\\/d9be4265364723f14ea8e0d56a1d38cd\",\"name\":\"Andreia Ferreira\",\"image\":{\"@type\":\"ImageObject\",\"inLanguage\":\"pt-PT\",\"@id\":\"https:\\\/\\\/www.altominho.tv\\\/site\\\/wp-content\\\/uploads\\\/2021\\\/01\\\/AndreiaFerreira-150x150.jpg\",\"url\":\"https:\\\/\\\/www.altominho.tv\\\/site\\\/wp-content\\\/uploads\\\/2021\\\/01\\\/AndreiaFerreira-150x150.jpg\",\"contentUrl\":\"https:\\\/\\\/www.altominho.tv\\\/site\\\/wp-content\\\/uploads\\\/2021\\\/01\\\/AndreiaFerreira-150x150.jpg\",\"caption\":\"Andreia Ferreira\"},\"url\":\"https:\\\/\\\/www.altominho.tv\\\/site\\\/author\\\/andreiaferreira\\\/\"}]}<\/script>\n<!-- \/ Yoast SEO Premium plugin. -->","yoast_head_json":{"title":"CPCJ de Mon\u00e7\u00e3o entrega \"kits\" de material escolar a 35 crian\u00e7as do concelho","robots":{"index":"index","follow":"follow","max-snippet":"max-snippet:-1","max-image-preview":"max-image-preview:large","max-video-preview":"max-video-preview:-1"},"canonical":"https:\/\/www.altominho.tv\/site\/2020\/09\/08\/cpcj-de-moncao-entrega-kits-de-material-escolar-a-35-criancas-do-concelho\/","og_locale":"pt_PT","og_type":"article","og_title":"CPCJ de Mon\u00e7\u00e3o entrega \"kits\" de material escolar a 35 crian\u00e7as do concelho","og_description":"A Comiss\u00e3o de Prote\u00e7\u00e3o das Crian\u00e7as e Jovens (CPCJ) de Mon\u00e7\u00e3o est\u00e1 a entregar kits de material escolar a 35 crian\u00e7as do concelho. A iniciativa, realizada com o apoio da C\u00e2mara Municipal de Mon\u00e7\u00e3o e da empresa \u201cCFAM, Internacional Funer\u00e1ria\u201d, pretende &#8220;minimizar os custos das fam\u00edlias acompanhadas pela CPCJ de Mon\u00e7\u00e3o e Rendimento Social de [&hellip;]","og_url":"https:\/\/www.altominho.tv\/site\/2020\/09\/08\/cpcj-de-moncao-entrega-kits-de-material-escolar-a-35-criancas-do-concelho\/","og_site_name":"Altominho.tv","article_publisher":"https:\/\/www.facebook.com\/altominhotv","article_published_time":"2020-09-08T14:33:34+00:00","article_modified_time":"2020-09-08T14:33:36+00:00","og_image":[{"width":1920,"height":1440,"url":"https:\/\/www.altominho.tv\/site\/wp-content\/uploads\/2020\/09\/03.jpg","type":"image\/jpeg"}],"author":"Andreia Ferreira","twitter_card":"summary_large_image","twitter_creator":"@altominhoTV","twitter_site":"@altominhoTV","twitter_misc":{"Escrito por":"Andreia Ferreira","Tempo estimado de leitura":"1 minuto"},"schema":{"@context":"https:\/\/schema.org","@graph":[{"@type":"Article","@id":"https:\/\/www.altominho.tv\/site\/2020\/09\/08\/cpcj-de-moncao-entrega-kits-de-material-escolar-a-35-criancas-do-concelho\/#article","isPartOf":{"@id":"https:\/\/www.altominho.tv\/site\/2020\/09\/08\/cpcj-de-moncao-entrega-kits-de-material-escolar-a-35-criancas-do-concelho\/"},"author":{"name":"Andreia Ferreira","@id":"https:\/\/www.altominho.tv\/site\/#\/schema\/person\/d9be4265364723f14ea8e0d56a1d38cd"},"headline":"CPCJ de Mon\u00e7\u00e3o entrega &#8220;kits&#8221; de material escolar a 35 crian\u00e7as do concelho","datePublished":"2020-09-08T14:33:34+00:00","dateModified":"2020-09-08T14:33:36+00:00","mainEntityOfPage":{"@id":"https:\/\/www.altominho.tv\/site\/2020\/09\/08\/cpcj-de-moncao-entrega-kits-de-material-escolar-a-35-criancas-do-concelho\/"},"wordCount":263,"image":{"@id":"https:\/\/www.altominho.tv\/site\/2020\/09\/08\/cpcj-de-moncao-entrega-kits-de-material-escolar-a-35-criancas-do-concelho\/#primaryimage"},"thumbnailUrl":"https:\/\/www.altominho.tv\/site\/wp-content\/uploads\/2020\/09\/03.jpg","keywords":["Educa\u00e7\u00e3o"],"articleSection":["Mon\u00e7\u00e3o"],"inLanguage":"pt-PT","copyrightYear":"2020","copyrightHolder":{"@id":"https:\/\/www.altominho.tv\/site\/#organization"}},{"@type":"WebPage","@id":"https:\/\/www.altominho.tv\/site\/2020\/09\/08\/cpcj-de-moncao-entrega-kits-de-material-escolar-a-35-criancas-do-concelho\/","url":"https:\/\/www.altominho.tv\/site\/2020\/09\/08\/cpcj-de-moncao-entrega-kits-de-material-escolar-a-35-criancas-do-concelho\/","name":"CPCJ de Mon\u00e7\u00e3o entrega \"kits\" de material escolar a 35 crian\u00e7as do concelho","isPartOf":{"@id":"https:\/\/www.altominho.tv\/site\/#website"},"primaryImageOfPage":{"@id":"https:\/\/www.altominho.tv\/site\/2020\/09\/08\/cpcj-de-moncao-entrega-kits-de-material-escolar-a-35-criancas-do-concelho\/#primaryimage"},"image":{"@id":"https:\/\/www.altominho.tv\/site\/2020\/09\/08\/cpcj-de-moncao-entrega-kits-de-material-escolar-a-35-criancas-do-concelho\/#primaryimage"},"thumbnailUrl":"https:\/\/www.altominho.tv\/site\/wp-content\/uploads\/2020\/09\/03.jpg","datePublished":"2020-09-08T14:33:34+00:00","dateModified":"2020-09-08T14:33:36+00:00","author":{"@id":"https:\/\/www.altominho.tv\/site\/#\/schema\/person\/d9be4265364723f14ea8e0d56a1d38cd"},"breadcrumb":{"@id":"https:\/\/www.altominho.tv\/site\/2020\/09\/08\/cpcj-de-moncao-entrega-kits-de-material-escolar-a-35-criancas-do-concelho\/#breadcrumb"},"inLanguage":"pt-PT","potentialAction":[{"@type":"ReadAction","target":["https:\/\/www.altominho.tv\/site\/2020\/09\/08\/cpcj-de-moncao-entrega-kits-de-material-escolar-a-35-criancas-do-concelho\/"]}]},{"@type":"ImageObject","inLanguage":"pt-PT","@id":"https:\/\/www.altominho.tv\/site\/2020\/09\/08\/cpcj-de-moncao-entrega-kits-de-material-escolar-a-35-criancas-do-concelho\/#primaryimage","url":"https:\/\/www.altominho.tv\/site\/wp-content\/uploads\/2020\/09\/03.jpg","contentUrl":"https:\/\/www.altominho.tv\/site\/wp-content\/uploads\/2020\/09\/03.jpg","width":1920,"height":1440},{"@type":"BreadcrumbList","@id":"https:\/\/www.altominho.tv\/site\/2020\/09\/08\/cpcj-de-moncao-entrega-kits-de-material-escolar-a-35-criancas-do-concelho\/#breadcrumb","itemListElement":[{"@type":"ListItem","position":1,"name":"In\u00edcio","item":"https:\/\/www.altominho.tv\/site\/"},{"@type":"ListItem","position":2,"name":"CPCJ de Mon\u00e7\u00e3o entrega &#8220;kits&#8221; de material escolar a 35 crian\u00e7as do concelho"}]},{"@type":"WebSite","@id":"https:\/\/www.altominho.tv\/site\/#website","url":"https:\/\/www.altominho.tv\/site\/","name":"Altominho.tv","description":"A sua regi\u00e3o \u00e0 dist\u00e2ncia de um clique...","potentialAction":[{"@type":"SearchAction","target":{"@type":"EntryPoint","urlTemplate":"https:\/\/www.altominho.tv\/site\/?s={search_term_string}"},"query-input":{"@type":"PropertyValueSpecification","valueRequired":true,"valueName":"search_term_string"}}],"inLanguage":"pt-PT"},{"@type":"Person","@id":"https:\/\/www.altominho.tv\/site\/#\/schema\/person\/d9be4265364723f14ea8e0d56a1d38cd","name":"Andreia Ferreira","image":{"@type":"ImageObject","inLanguage":"pt-PT","@id":"https:\/\/www.altominho.tv\/site\/wp-content\/uploads\/2021\/01\/AndreiaFerreira-150x150.jpg","url":"https:\/\/www.altominho.tv\/site\/wp-content\/uploads\/2021\/01\/AndreiaFerreira-150x150.jpg","contentUrl":"https:\/\/www.altominho.tv\/site\/wp-content\/uploads\/2021\/01\/AndreiaFerreira-150x150.jpg","caption":"Andreia Ferreira"},"url":"https:\/\/www.altominho.tv\/site\/author\/andreiaferreira\/"}]}},"_links":{"self":[{"href":"https:\/\/www.altominho.tv\/site\/wp-json\/wp\/v2\/posts\/51796","targetHints":{"allow":["GET"]}}],"collection":[{"href":"https:\/\/www.altominho.tv\/site\/wp-json\/wp\/v2\/posts"}],"about":[{"href":"https:\/\/www.altominho.tv\/site\/wp-json\/wp\/v2\/types\/post"}],"author":[{"embeddable":true,"href":"https:\/\/www.altominho.tv\/site\/wp-json\/wp\/v2\/users\/12"}],"replies":[{"embeddable":true,"href":"https:\/\/www.altominho.tv\/site\/wp-json\/wp\/v2\/comments?post=51796"}],"version-history":[{"count":0,"href":"https:\/\/www.altominho.tv\/site\/wp-json\/wp\/v2\/posts\/51796\/revisions"}],"wp:featuredmedia":[{"embeddable":true,"href":"https:\/\/www.altominho.tv\/site\/wp-json\/wp\/v2\/media\/51802"}],"wp:attachment":[{"href":"https:\/\/www.altominho.tv\/site\/wp-json\/wp\/v2\/media?parent=51796"}],"wp:term":[{"taxonomy":"category","embeddable":true,"href":"https:\/\/www.altominho.tv\/site\/wp-json\/wp\/v2\/categories?post=51796"},{"taxonomy":"post_tag","embeddable":true,"href":"https:\/\/www.altominho.tv\/site\/wp-json\/wp\/v2\/tags?post=51796"}],"curies":[{"name":"wp","href":"https:\/\/api.w.org\/{rel}","templated":true}]}}