{"id":51751,"date":"2020-09-07T16:37:59","date_gmt":"2020-09-07T15:37:59","guid":{"rendered":"http:\/\/www.altominho.tv\/site\/?p=51751"},"modified":"2022-01-17T14:26:24","modified_gmt":"2022-01-17T14:26:24","slug":"antonio-costa-alerta-que-o-pais-vai-entrar-numa-fase-critica","status":"publish","type":"post","link":"https:\/\/www.altominho.tv\/site\/2020\/09\/07\/antonio-costa-alerta-que-o-pais-vai-entrar-numa-fase-critica\/","title":{"rendered":"Ant\u00f3nio Costa alerta que o pa\u00eds vai entrar \u201cnuma fase cr\u00edtica\u201d"},"content":{"rendered":"\n<p>O primeiro-ministro alertou hoje que o pa\u00eds vai entrar \u201cnuma fase cr\u00edtica\u201d devido \u00e0 mudan\u00e7a de esta\u00e7\u00e3o, in\u00edcio do ano letivo e recome\u00e7o de muitas atividades, apelando ao cumprimento das regras para controlar a pandemia.&nbsp;<\/p>\n\n\n\n<p>\u201cVamos estar num momento cr\u00edtico porque vai aumentar o n\u00famero de pessoas em atividade, depois do regresso das f\u00e9rias, vamos entrar no outono e as aulas v\u00e3o recome\u00e7ar, logo necessariamente o risco de cont\u00e1gio vai aumentar\u201d, disse Ant\u00f3nio Costa.&nbsp;<\/p>\n\n\n\n<p>O chefe do Governo falava aos jornalistas \u00e0 entrada da reuni\u00e3o sobre a evolu\u00e7\u00e3o da covid-19 em Portugal que junta peritos, pol\u00edticos e parceiros sociais e que decorre esta tarde, no Porto, com transmiss\u00e3o aberta das interven\u00e7\u00f5es iniciais dos t\u00e9cnicos.<\/p>\n\n\n\n<p>O encontro junta o Presidente da Rep\u00fablica, Marcelo Rebelo de Sousa, o primeiro-ministro, o presidente da Assembleia da Rep\u00fablica, Eduardo Ferro Rodrigues, l\u00edderes partid\u00e1rios, patronais e sindicais.<\/p>\n\n\n\n<p>Esta reuni\u00e3o ganha \u201cgrande import\u00e2ncia\u201d no atual momento porque, considerou Costa, na fase em o pa\u00eds est\u00e1 \u00e9 fundamental ouvir de novo os especialistas, n\u00e3o s\u00f3 sobre o atual ponto da situa\u00e7\u00e3o, mas sobre o que se passa no conjunto da Europa e porque raz\u00e3o mais cedo do que muitos esperavam h\u00e1 um aumento significativo dos casos.&nbsp;<\/p>\n\n\n\n<p>\u201c\u00c9 um bom momento para relembrarmos a todas e a todos que, at\u00e9 haver uma vacina, a pandemia n\u00e3o passou e \u00e9 essencial manter todos os cuidados, desde uso de m\u00e1scara, higieniza\u00e7\u00e3o das m\u00e3os e distanciamento social\u201d, referiu.<\/p>\n\n\n\n<p>O primeiro-ministro lembrou que se todos cumprirem as regras consegue-se controlar o aumento substancial da pandemia, o que \u00e9 essencial para que n\u00e3o haja uma sobrecarga excessiva dos servi\u00e7os de sa\u00fade.&nbsp;<\/p>\n\n\n\n<p>\u00c9 fundamental manter a capacidade de resposta do Servi\u00e7o Nacional de Sa\u00fade (SNS), sublinhando que o Governo tem vindo a refor\u00e7ar essa mesma resposta.&nbsp;<\/p>\n\n\n\n<p>A pandemia de covid-19 j\u00e1 provocou pelo menos 889.498 mortos e infetou mais de 27,1 milh\u00f5es de pessoas em 196 pa\u00edses e territ\u00f3rios, segundo um balan\u00e7o feito pela ag\u00eancia francesa AFP.<\/p>\n\n\n\n<p>Em Portugal, morreram 1.843 pessoas das 60.507 confirmadas como infetadas, de acordo com o boletim mais recente da Dire\u00e7\u00e3o-Geral da Sa\u00fade.<\/p>\n\n\n\n<p>A doen\u00e7a \u00e9 transmitida por um novo coronav\u00edrus detetado no final de dezembro, em Wuhan, uma cidade do centro da China.<\/p>\n","protected":false},"excerpt":{"rendered":"<p>O primeiro-ministro alertou hoje que o pa\u00eds vai entrar \u201cnuma fase cr\u00edtica\u201d devido \u00e0 mudan\u00e7a de esta\u00e7\u00e3o, in\u00edcio do ano letivo e recome\u00e7o de muitas atividades, apelando ao cumprimento das regras para controlar a pandemia.&nbsp; \u201cVamos estar num momento cr\u00edtico porque vai aumentar o n\u00famero de pessoas em atividade, depois do regresso das f\u00e9rias, vamos [&hellip;]<\/p>\n","protected":false},"author":13,"featured_media":51752,"comment_status":"closed","ping_status":"closed","sticky":false,"template":"","format":"standard","meta":{"_exactmetrics_skip_tracking":false,"_exactmetrics_sitenote_active":false,"_exactmetrics_sitenote_note":"","_exactmetrics_sitenote_category":0,"footnotes":""},"categories":[56325],"tags":[56326,27],"class_list":["post-51751","post","type-post","status-publish","format-standard","has-post-thumbnail","hentry","category-pais","tag-politica","tag-sociedade"],"yoast_head":"<!-- This site is optimized with the Yoast SEO Premium plugin v27.4 (Yoast SEO v27.4) - https:\/\/yoast.com\/product\/yoast-seo-premium-wordpress\/ -->\n<title>Ant\u00f3nio Costa alerta que o pa\u00eds vai entrar \u201cnuma fase cr\u00edtica\u201d<\/title>\n<meta name=\"robots\" content=\"index, follow, max-snippet:-1, max-image-preview:large, max-video-preview:-1\" \/>\n<link rel=\"canonical\" href=\"https:\/\/www.altominho.tv\/site\/2020\/09\/07\/antonio-costa-alerta-que-o-pais-vai-entrar-numa-fase-critica\/\" \/>\n<meta property=\"og:locale\" content=\"pt_PT\" \/>\n<meta property=\"og:type\" content=\"article\" \/>\n<meta property=\"og:title\" content=\"Ant\u00f3nio Costa alerta que o pa\u00eds vai entrar \u201cnuma fase cr\u00edtica\u201d\" \/>\n<meta property=\"og:description\" content=\"O primeiro-ministro alertou hoje que o pa\u00eds vai entrar \u201cnuma fase cr\u00edtica\u201d devido \u00e0 mudan\u00e7a de esta\u00e7\u00e3o, in\u00edcio do ano letivo e recome\u00e7o de muitas atividades, apelando ao cumprimento das regras para controlar a pandemia.&nbsp; \u201cVamos estar num momento cr\u00edtico porque vai aumentar o n\u00famero de pessoas em atividade, depois do regresso das f\u00e9rias, vamos [&hellip;]\" \/>\n<meta property=\"og:url\" content=\"https:\/\/www.altominho.tv\/site\/2020\/09\/07\/antonio-costa-alerta-que-o-pais-vai-entrar-numa-fase-critica\/\" \/>\n<meta property=\"og:site_name\" content=\"Altominho.tv\" \/>\n<meta property=\"article:publisher\" content=\"https:\/\/www.facebook.com\/altominhotv\" \/>\n<meta property=\"article:published_time\" content=\"2020-09-07T15:37:59+00:00\" \/>\n<meta property=\"article:modified_time\" content=\"2022-01-17T14:26:24+00:00\" \/>\n<meta property=\"og:image\" content=\"https:\/\/www.altominho.tv\/site\/wp-content\/uploads\/2020\/09\/1455570.jpg\" \/>\n\t<meta property=\"og:image:width\" content=\"960\" \/>\n\t<meta property=\"og:image:height\" content=\"640\" \/>\n\t<meta property=\"og:image:type\" content=\"image\/jpeg\" \/>\n<meta name=\"author\" content=\"Lusa\" \/>\n<meta name=\"twitter:card\" content=\"summary_large_image\" \/>\n<meta name=\"twitter:creator\" content=\"@altominhoTV\" \/>\n<meta name=\"twitter:site\" content=\"@altominhoTV\" \/>\n<meta name=\"twitter:label1\" content=\"Escrito por\" \/>\n\t<meta name=\"twitter:data1\" content=\"Lusa\" \/>\n\t<meta name=\"twitter:label2\" content=\"Tempo estimado de leitura\" \/>\n\t<meta name=\"twitter:data2\" content=\"2 minutos\" \/>\n<script type=\"application\/ld+json\" class=\"yoast-schema-graph\">{\"@context\":\"https:\\\/\\\/schema.org\",\"@graph\":[{\"@type\":\"Article\",\"@id\":\"https:\\\/\\\/www.altominho.tv\\\/site\\\/2020\\\/09\\\/07\\\/antonio-costa-alerta-que-o-pais-vai-entrar-numa-fase-critica\\\/#article\",\"isPartOf\":{\"@id\":\"https:\\\/\\\/www.altominho.tv\\\/site\\\/2020\\\/09\\\/07\\\/antonio-costa-alerta-que-o-pais-vai-entrar-numa-fase-critica\\\/\"},\"author\":{\"name\":\"Lusa\",\"@id\":\"https:\\\/\\\/www.altominho.tv\\\/site\\\/#\\\/schema\\\/person\\\/63f693da3e1899361cbe955c46f3232e\"},\"headline\":\"Ant\u00f3nio Costa alerta que o pa\u00eds vai entrar \u201cnuma fase cr\u00edtica\u201d\",\"datePublished\":\"2020-09-07T15:37:59+00:00\",\"dateModified\":\"2022-01-17T14:26:24+00:00\",\"mainEntityOfPage\":{\"@id\":\"https:\\\/\\\/www.altominho.tv\\\/site\\\/2020\\\/09\\\/07\\\/antonio-costa-alerta-que-o-pais-vai-entrar-numa-fase-critica\\\/\"},\"wordCount\":418,\"image\":{\"@id\":\"https:\\\/\\\/www.altominho.tv\\\/site\\\/2020\\\/09\\\/07\\\/antonio-costa-alerta-que-o-pais-vai-entrar-numa-fase-critica\\\/#primaryimage\"},\"thumbnailUrl\":\"https:\\\/\\\/www.altominho.tv\\\/site\\\/wp-content\\\/uploads\\\/2020\\\/09\\\/1455570.jpg\",\"keywords\":[\"Pol\u00edtica\",\"Sociedade\"],\"articleSection\":[\"Pa\u00eds\"],\"inLanguage\":\"pt-PT\",\"copyrightYear\":\"2020\",\"copyrightHolder\":{\"@id\":\"https:\\\/\\\/www.altominho.tv\\\/site\\\/#organization\"}},{\"@type\":\"WebPage\",\"@id\":\"https:\\\/\\\/www.altominho.tv\\\/site\\\/2020\\\/09\\\/07\\\/antonio-costa-alerta-que-o-pais-vai-entrar-numa-fase-critica\\\/\",\"url\":\"https:\\\/\\\/www.altominho.tv\\\/site\\\/2020\\\/09\\\/07\\\/antonio-costa-alerta-que-o-pais-vai-entrar-numa-fase-critica\\\/\",\"name\":\"Ant\u00f3nio Costa alerta que o pa\u00eds vai entrar \u201cnuma fase cr\u00edtica\u201d\",\"isPartOf\":{\"@id\":\"https:\\\/\\\/www.altominho.tv\\\/site\\\/#website\"},\"primaryImageOfPage\":{\"@id\":\"https:\\\/\\\/www.altominho.tv\\\/site\\\/2020\\\/09\\\/07\\\/antonio-costa-alerta-que-o-pais-vai-entrar-numa-fase-critica\\\/#primaryimage\"},\"image\":{\"@id\":\"https:\\\/\\\/www.altominho.tv\\\/site\\\/2020\\\/09\\\/07\\\/antonio-costa-alerta-que-o-pais-vai-entrar-numa-fase-critica\\\/#primaryimage\"},\"thumbnailUrl\":\"https:\\\/\\\/www.altominho.tv\\\/site\\\/wp-content\\\/uploads\\\/2020\\\/09\\\/1455570.jpg\",\"datePublished\":\"2020-09-07T15:37:59+00:00\",\"dateModified\":\"2022-01-17T14:26:24+00:00\",\"author\":{\"@id\":\"https:\\\/\\\/www.altominho.tv\\\/site\\\/#\\\/schema\\\/person\\\/63f693da3e1899361cbe955c46f3232e\"},\"breadcrumb\":{\"@id\":\"https:\\\/\\\/www.altominho.tv\\\/site\\\/2020\\\/09\\\/07\\\/antonio-costa-alerta-que-o-pais-vai-entrar-numa-fase-critica\\\/#breadcrumb\"},\"inLanguage\":\"pt-PT\",\"potentialAction\":[{\"@type\":\"ReadAction\",\"target\":[\"https:\\\/\\\/www.altominho.tv\\\/site\\\/2020\\\/09\\\/07\\\/antonio-costa-alerta-que-o-pais-vai-entrar-numa-fase-critica\\\/\"]}]},{\"@type\":\"ImageObject\",\"inLanguage\":\"pt-PT\",\"@id\":\"https:\\\/\\\/www.altominho.tv\\\/site\\\/2020\\\/09\\\/07\\\/antonio-costa-alerta-que-o-pais-vai-entrar-numa-fase-critica\\\/#primaryimage\",\"url\":\"https:\\\/\\\/www.altominho.tv\\\/site\\\/wp-content\\\/uploads\\\/2020\\\/09\\\/1455570.jpg\",\"contentUrl\":\"https:\\\/\\\/www.altominho.tv\\\/site\\\/wp-content\\\/uploads\\\/2020\\\/09\\\/1455570.jpg\",\"width\":960,\"height\":640},{\"@type\":\"BreadcrumbList\",\"@id\":\"https:\\\/\\\/www.altominho.tv\\\/site\\\/2020\\\/09\\\/07\\\/antonio-costa-alerta-que-o-pais-vai-entrar-numa-fase-critica\\\/#breadcrumb\",\"itemListElement\":[{\"@type\":\"ListItem\",\"position\":1,\"name\":\"In\u00edcio\",\"item\":\"https:\\\/\\\/www.altominho.tv\\\/site\\\/\"},{\"@type\":\"ListItem\",\"position\":2,\"name\":\"Ant\u00f3nio Costa alerta que o pa\u00eds vai entrar \u201cnuma fase cr\u00edtica\u201d\"}]},{\"@type\":\"WebSite\",\"@id\":\"https:\\\/\\\/www.altominho.tv\\\/site\\\/#website\",\"url\":\"https:\\\/\\\/www.altominho.tv\\\/site\\\/\",\"name\":\"Altominho.tv\",\"description\":\"A sua regi\u00e3o \u00e0 dist\u00e2ncia de um clique...\",\"potentialAction\":[{\"@type\":\"SearchAction\",\"target\":{\"@type\":\"EntryPoint\",\"urlTemplate\":\"https:\\\/\\\/www.altominho.tv\\\/site\\\/?s={search_term_string}\"},\"query-input\":{\"@type\":\"PropertyValueSpecification\",\"valueRequired\":true,\"valueName\":\"search_term_string\"}}],\"inLanguage\":\"pt-PT\"},{\"@type\":\"Person\",\"@id\":\"https:\\\/\\\/www.altominho.tv\\\/site\\\/#\\\/schema\\\/person\\\/63f693da3e1899361cbe955c46f3232e\",\"name\":\"Lusa\",\"image\":{\"@type\":\"ImageObject\",\"inLanguage\":\"pt-PT\",\"@id\":\"https:\\\/\\\/www.altominho.tv\\\/site\\\/wp-content\\\/uploads\\\/2019\\\/08\\\/LUSA_Logo.gif\",\"url\":\"https:\\\/\\\/www.altominho.tv\\\/site\\\/wp-content\\\/uploads\\\/2019\\\/08\\\/LUSA_Logo.gif\",\"contentUrl\":\"https:\\\/\\\/www.altominho.tv\\\/site\\\/wp-content\\\/uploads\\\/2019\\\/08\\\/LUSA_Logo.gif\",\"caption\":\"Lusa\"},\"sameAs\":[\"http:\\\/\\\/\\\/\\\/www.altominho.tv\\\/site\"],\"url\":\"https:\\\/\\\/www.altominho.tv\\\/site\\\/author\\\/lusa\\\/\"}]}<\/script>\n<!-- \/ Yoast SEO Premium plugin. -->","yoast_head_json":{"title":"Ant\u00f3nio Costa alerta que o pa\u00eds vai entrar \u201cnuma fase cr\u00edtica\u201d","robots":{"index":"index","follow":"follow","max-snippet":"max-snippet:-1","max-image-preview":"max-image-preview:large","max-video-preview":"max-video-preview:-1"},"canonical":"https:\/\/www.altominho.tv\/site\/2020\/09\/07\/antonio-costa-alerta-que-o-pais-vai-entrar-numa-fase-critica\/","og_locale":"pt_PT","og_type":"article","og_title":"Ant\u00f3nio Costa alerta que o pa\u00eds vai entrar \u201cnuma fase cr\u00edtica\u201d","og_description":"O primeiro-ministro alertou hoje que o pa\u00eds vai entrar \u201cnuma fase cr\u00edtica\u201d devido \u00e0 mudan\u00e7a de esta\u00e7\u00e3o, in\u00edcio do ano letivo e recome\u00e7o de muitas atividades, apelando ao cumprimento das regras para controlar a pandemia.&nbsp; \u201cVamos estar num momento cr\u00edtico porque vai aumentar o n\u00famero de pessoas em atividade, depois do regresso das f\u00e9rias, vamos [&hellip;]","og_url":"https:\/\/www.altominho.tv\/site\/2020\/09\/07\/antonio-costa-alerta-que-o-pais-vai-entrar-numa-fase-critica\/","og_site_name":"Altominho.tv","article_publisher":"https:\/\/www.facebook.com\/altominhotv","article_published_time":"2020-09-07T15:37:59+00:00","article_modified_time":"2022-01-17T14:26:24+00:00","og_image":[{"width":960,"height":640,"url":"https:\/\/www.altominho.tv\/site\/wp-content\/uploads\/2020\/09\/1455570.jpg","type":"image\/jpeg"}],"author":"Lusa","twitter_card":"summary_large_image","twitter_creator":"@altominhoTV","twitter_site":"@altominhoTV","twitter_misc":{"Escrito por":"Lusa","Tempo estimado de leitura":"2 minutos"},"schema":{"@context":"https:\/\/schema.org","@graph":[{"@type":"Article","@id":"https:\/\/www.altominho.tv\/site\/2020\/09\/07\/antonio-costa-alerta-que-o-pais-vai-entrar-numa-fase-critica\/#article","isPartOf":{"@id":"https:\/\/www.altominho.tv\/site\/2020\/09\/07\/antonio-costa-alerta-que-o-pais-vai-entrar-numa-fase-critica\/"},"author":{"name":"Lusa","@id":"https:\/\/www.altominho.tv\/site\/#\/schema\/person\/63f693da3e1899361cbe955c46f3232e"},"headline":"Ant\u00f3nio Costa alerta que o pa\u00eds vai entrar \u201cnuma fase cr\u00edtica\u201d","datePublished":"2020-09-07T15:37:59+00:00","dateModified":"2022-01-17T14:26:24+00:00","mainEntityOfPage":{"@id":"https:\/\/www.altominho.tv\/site\/2020\/09\/07\/antonio-costa-alerta-que-o-pais-vai-entrar-numa-fase-critica\/"},"wordCount":418,"image":{"@id":"https:\/\/www.altominho.tv\/site\/2020\/09\/07\/antonio-costa-alerta-que-o-pais-vai-entrar-numa-fase-critica\/#primaryimage"},"thumbnailUrl":"https:\/\/www.altominho.tv\/site\/wp-content\/uploads\/2020\/09\/1455570.jpg","keywords":["Pol\u00edtica","Sociedade"],"articleSection":["Pa\u00eds"],"inLanguage":"pt-PT","copyrightYear":"2020","copyrightHolder":{"@id":"https:\/\/www.altominho.tv\/site\/#organization"}},{"@type":"WebPage","@id":"https:\/\/www.altominho.tv\/site\/2020\/09\/07\/antonio-costa-alerta-que-o-pais-vai-entrar-numa-fase-critica\/","url":"https:\/\/www.altominho.tv\/site\/2020\/09\/07\/antonio-costa-alerta-que-o-pais-vai-entrar-numa-fase-critica\/","name":"Ant\u00f3nio Costa alerta que o pa\u00eds vai entrar \u201cnuma fase cr\u00edtica\u201d","isPartOf":{"@id":"https:\/\/www.altominho.tv\/site\/#website"},"primaryImageOfPage":{"@id":"https:\/\/www.altominho.tv\/site\/2020\/09\/07\/antonio-costa-alerta-que-o-pais-vai-entrar-numa-fase-critica\/#primaryimage"},"image":{"@id":"https:\/\/www.altominho.tv\/site\/2020\/09\/07\/antonio-costa-alerta-que-o-pais-vai-entrar-numa-fase-critica\/#primaryimage"},"thumbnailUrl":"https:\/\/www.altominho.tv\/site\/wp-content\/uploads\/2020\/09\/1455570.jpg","datePublished":"2020-09-07T15:37:59+00:00","dateModified":"2022-01-17T14:26:24+00:00","author":{"@id":"https:\/\/www.altominho.tv\/site\/#\/schema\/person\/63f693da3e1899361cbe955c46f3232e"},"breadcrumb":{"@id":"https:\/\/www.altominho.tv\/site\/2020\/09\/07\/antonio-costa-alerta-que-o-pais-vai-entrar-numa-fase-critica\/#breadcrumb"},"inLanguage":"pt-PT","potentialAction":[{"@type":"ReadAction","target":["https:\/\/www.altominho.tv\/site\/2020\/09\/07\/antonio-costa-alerta-que-o-pais-vai-entrar-numa-fase-critica\/"]}]},{"@type":"ImageObject","inLanguage":"pt-PT","@id":"https:\/\/www.altominho.tv\/site\/2020\/09\/07\/antonio-costa-alerta-que-o-pais-vai-entrar-numa-fase-critica\/#primaryimage","url":"https:\/\/www.altominho.tv\/site\/wp-content\/uploads\/2020\/09\/1455570.jpg","contentUrl":"https:\/\/www.altominho.tv\/site\/wp-content\/uploads\/2020\/09\/1455570.jpg","width":960,"height":640},{"@type":"BreadcrumbList","@id":"https:\/\/www.altominho.tv\/site\/2020\/09\/07\/antonio-costa-alerta-que-o-pais-vai-entrar-numa-fase-critica\/#breadcrumb","itemListElement":[{"@type":"ListItem","position":1,"name":"In\u00edcio","item":"https:\/\/www.altominho.tv\/site\/"},{"@type":"ListItem","position":2,"name":"Ant\u00f3nio Costa alerta que o pa\u00eds vai entrar \u201cnuma fase cr\u00edtica\u201d"}]},{"@type":"WebSite","@id":"https:\/\/www.altominho.tv\/site\/#website","url":"https:\/\/www.altominho.tv\/site\/","name":"Altominho.tv","description":"A sua regi\u00e3o \u00e0 dist\u00e2ncia de um clique...","potentialAction":[{"@type":"SearchAction","target":{"@type":"EntryPoint","urlTemplate":"https:\/\/www.altominho.tv\/site\/?s={search_term_string}"},"query-input":{"@type":"PropertyValueSpecification","valueRequired":true,"valueName":"search_term_string"}}],"inLanguage":"pt-PT"},{"@type":"Person","@id":"https:\/\/www.altominho.tv\/site\/#\/schema\/person\/63f693da3e1899361cbe955c46f3232e","name":"Lusa","image":{"@type":"ImageObject","inLanguage":"pt-PT","@id":"https:\/\/www.altominho.tv\/site\/wp-content\/uploads\/2019\/08\/LUSA_Logo.gif","url":"https:\/\/www.altominho.tv\/site\/wp-content\/uploads\/2019\/08\/LUSA_Logo.gif","contentUrl":"https:\/\/www.altominho.tv\/site\/wp-content\/uploads\/2019\/08\/LUSA_Logo.gif","caption":"Lusa"},"sameAs":["http:\/\/\/\/www.altominho.tv\/site"],"url":"https:\/\/www.altominho.tv\/site\/author\/lusa\/"}]}},"_links":{"self":[{"href":"https:\/\/www.altominho.tv\/site\/wp-json\/wp\/v2\/posts\/51751","targetHints":{"allow":["GET"]}}],"collection":[{"href":"https:\/\/www.altominho.tv\/site\/wp-json\/wp\/v2\/posts"}],"about":[{"href":"https:\/\/www.altominho.tv\/site\/wp-json\/wp\/v2\/types\/post"}],"author":[{"embeddable":true,"href":"https:\/\/www.altominho.tv\/site\/wp-json\/wp\/v2\/users\/13"}],"replies":[{"embeddable":true,"href":"https:\/\/www.altominho.tv\/site\/wp-json\/wp\/v2\/comments?post=51751"}],"version-history":[{"count":0,"href":"https:\/\/www.altominho.tv\/site\/wp-json\/wp\/v2\/posts\/51751\/revisions"}],"wp:featuredmedia":[{"embeddable":true,"href":"https:\/\/www.altominho.tv\/site\/wp-json\/wp\/v2\/media\/51752"}],"wp:attachment":[{"href":"https:\/\/www.altominho.tv\/site\/wp-json\/wp\/v2\/media?parent=51751"}],"wp:term":[{"taxonomy":"category","embeddable":true,"href":"https:\/\/www.altominho.tv\/site\/wp-json\/wp\/v2\/categories?post=51751"},{"taxonomy":"post_tag","embeddable":true,"href":"https:\/\/www.altominho.tv\/site\/wp-json\/wp\/v2\/tags?post=51751"}],"curies":[{"name":"wp","href":"https:\/\/api.w.org\/{rel}","templated":true}]}}