{"id":51742,"date":"2020-09-07T16:06:52","date_gmt":"2020-09-07T15:06:52","guid":{"rendered":"http:\/\/www.altominho.tv\/site\/?p=51742"},"modified":"2022-01-17T14:26:13","modified_gmt":"2022-01-17T14:26:13","slug":"costa-diz-que-o-pais-nao-pode-voltar-a-parar-porque-nao-e-sustentavel","status":"publish","type":"post","link":"https:\/\/www.altominho.tv\/site\/2020\/09\/07\/costa-diz-que-o-pais-nao-pode-voltar-a-parar-porque-nao-e-sustentavel\/","title":{"rendered":"Costa diz que o pa\u00eds n\u00e3o pode voltar a parar porque n\u00e3o \u00e9 sustent\u00e1vel"},"content":{"rendered":"\n<p>O primeiro-ministro defendeu hoje que o pa\u00eds n\u00e3o pode a voltar a parar, tal como aconteceu nos meses de mar\u00e7o e abril, porque do ponto de vista social e econ\u00f3mico n\u00e3o \u00e9 sustent\u00e1vel.&nbsp;<\/p>\n\n\n\n<p>\u201cN\u00f3s temos de evitar a todo custo as solu\u00e7\u00f5es que tivemos de adotar em mar\u00e7o e abril porque, do ponto de vista social e econ\u00f3mico, n\u00e3o s\u00e3o obviamente sustent\u00e1veis\u201d, afirmou Ant\u00f3nio Costa.&nbsp;<\/p>\n\n\n\n<p>O chefe do Governo falava aos jornalistas \u00e0 entrada da reuni\u00e3o sobre a evolu\u00e7\u00e3o da covid-19 em Portugal que junta peritos, pol\u00edticos e parceiros sociais e que decorre esta tarde, no Porto, com transmiss\u00e3o aberta das interven\u00e7\u00f5es iniciais dos t\u00e9cnicos.<\/p>\n\n\n\n<p>A reuni\u00e3o junta novamente o Presidente da Rep\u00fablica, Marcelo Rebelo de Sousa, o primeiro-ministro, o presidente da Assembleia da Rep\u00fablica, Eduardo Ferro Rodrigues, l\u00edderes partid\u00e1rios, patronais e sindicais.<\/p>\n\n\n\n<p>\u201cN\u00e3o podemos voltar a pararmos todos, a voltarmos a uma paralisa\u00e7\u00e3o global da economia porque sabemos bem do impacto brutal que est\u00e1 a ter no emprego, no rendimento das fam\u00edlias e na vidas das empresas\u201d, vincou.&nbsp;<\/p>\n\n\n\n<p>A pandemia de covid-19 j\u00e1 provocou pelo menos 889.498 mortos e infetou mais de 27,1 milh\u00f5es de pessoas em 196 pa\u00edses e territ\u00f3rios, segundo um balan\u00e7o feito pela ag\u00eancia francesa AFP.<\/p>\n\n\n\n<p>Em Portugal, morreram 1.843 pessoas das 60.507 confirmadas como infetadas, de acordo com o boletim mais recente da Dire\u00e7\u00e3o-Geral da Sa\u00fade.<\/p>\n\n\n\n<p>A doen\u00e7a \u00e9 transmitida por um novo coronav\u00edrus detetado no final de dezembro, em Wuhan, uma cidade do centro da China.<\/p>\n","protected":false},"excerpt":{"rendered":"<p>O primeiro-ministro defendeu hoje que o pa\u00eds n\u00e3o pode a voltar a parar, tal como aconteceu nos meses de mar\u00e7o e abril, porque do ponto de vista social e econ\u00f3mico n\u00e3o \u00e9 sustent\u00e1vel.&nbsp; \u201cN\u00f3s temos de evitar a todo custo as solu\u00e7\u00f5es que tivemos de adotar em mar\u00e7o e abril porque, do ponto de vista [&hellip;]<\/p>\n","protected":false},"author":13,"featured_media":51743,"comment_status":"closed","ping_status":"closed","sticky":false,"template":"","format":"standard","meta":{"_exactmetrics_skip_tracking":false,"_exactmetrics_sitenote_active":false,"_exactmetrics_sitenote_note":"","_exactmetrics_sitenote_category":0,"footnotes":""},"categories":[56325],"tags":[56326,27],"class_list":["post-51742","post","type-post","status-publish","format-standard","has-post-thumbnail","hentry","category-pais","tag-politica","tag-sociedade"],"yoast_head":"<!-- This site is optimized with the Yoast SEO Premium plugin v27.4 (Yoast SEO v27.4) - https:\/\/yoast.com\/product\/yoast-seo-premium-wordpress\/ -->\n<title>Costa diz que o pa\u00eds n\u00e3o pode voltar a parar porque n\u00e3o \u00e9 sustent\u00e1vel<\/title>\n<meta name=\"robots\" content=\"index, follow, max-snippet:-1, max-image-preview:large, max-video-preview:-1\" \/>\n<link rel=\"canonical\" href=\"https:\/\/www.altominho.tv\/site\/2020\/09\/07\/costa-diz-que-o-pais-nao-pode-voltar-a-parar-porque-nao-e-sustentavel\/\" \/>\n<meta property=\"og:locale\" content=\"pt_PT\" \/>\n<meta property=\"og:type\" content=\"article\" \/>\n<meta property=\"og:title\" content=\"Costa diz que o pa\u00eds n\u00e3o pode voltar a parar porque n\u00e3o \u00e9 sustent\u00e1vel\" \/>\n<meta property=\"og:description\" content=\"O primeiro-ministro defendeu hoje que o pa\u00eds n\u00e3o pode a voltar a parar, tal como aconteceu nos meses de mar\u00e7o e abril, porque do ponto de vista social e econ\u00f3mico n\u00e3o \u00e9 sustent\u00e1vel.&nbsp; \u201cN\u00f3s temos de evitar a todo custo as solu\u00e7\u00f5es que tivemos de adotar em mar\u00e7o e abril porque, do ponto de vista [&hellip;]\" \/>\n<meta property=\"og:url\" content=\"https:\/\/www.altominho.tv\/site\/2020\/09\/07\/costa-diz-que-o-pais-nao-pode-voltar-a-parar-porque-nao-e-sustentavel\/\" \/>\n<meta property=\"og:site_name\" content=\"Altominho.tv\" \/>\n<meta property=\"article:publisher\" content=\"https:\/\/www.facebook.com\/altominhotv\" \/>\n<meta property=\"article:published_time\" content=\"2020-09-07T15:06:52+00:00\" \/>\n<meta property=\"article:modified_time\" content=\"2022-01-17T14:26:13+00:00\" \/>\n<meta property=\"og:image\" content=\"https:\/\/www.altominho.tv\/site\/wp-content\/uploads\/2020\/09\/thumbs.web_.sapo_.io_.jpg\" \/>\n\t<meta property=\"og:image:width\" content=\"800\" \/>\n\t<meta property=\"og:image:height\" content=\"533\" \/>\n\t<meta property=\"og:image:type\" content=\"image\/jpeg\" \/>\n<meta name=\"author\" content=\"Lusa\" \/>\n<meta name=\"twitter:card\" content=\"summary_large_image\" \/>\n<meta name=\"twitter:creator\" content=\"@altominhoTV\" \/>\n<meta name=\"twitter:site\" content=\"@altominhoTV\" \/>\n<meta name=\"twitter:label1\" content=\"Escrito por\" \/>\n\t<meta name=\"twitter:data1\" content=\"Lusa\" \/>\n\t<meta name=\"twitter:label2\" content=\"Tempo estimado de leitura\" \/>\n\t<meta name=\"twitter:data2\" content=\"1 minuto\" \/>\n<script type=\"application\/ld+json\" class=\"yoast-schema-graph\">{\"@context\":\"https:\\\/\\\/schema.org\",\"@graph\":[{\"@type\":\"Article\",\"@id\":\"https:\\\/\\\/www.altominho.tv\\\/site\\\/2020\\\/09\\\/07\\\/costa-diz-que-o-pais-nao-pode-voltar-a-parar-porque-nao-e-sustentavel\\\/#article\",\"isPartOf\":{\"@id\":\"https:\\\/\\\/www.altominho.tv\\\/site\\\/2020\\\/09\\\/07\\\/costa-diz-que-o-pais-nao-pode-voltar-a-parar-porque-nao-e-sustentavel\\\/\"},\"author\":{\"name\":\"Lusa\",\"@id\":\"https:\\\/\\\/www.altominho.tv\\\/site\\\/#\\\/schema\\\/person\\\/63f693da3e1899361cbe955c46f3232e\"},\"headline\":\"Costa diz que o pa\u00eds n\u00e3o pode voltar a parar porque n\u00e3o \u00e9 sustent\u00e1vel\",\"datePublished\":\"2020-09-07T15:06:52+00:00\",\"dateModified\":\"2022-01-17T14:26:13+00:00\",\"mainEntityOfPage\":{\"@id\":\"https:\\\/\\\/www.altominho.tv\\\/site\\\/2020\\\/09\\\/07\\\/costa-diz-que-o-pais-nao-pode-voltar-a-parar-porque-nao-e-sustentavel\\\/\"},\"wordCount\":291,\"image\":{\"@id\":\"https:\\\/\\\/www.altominho.tv\\\/site\\\/2020\\\/09\\\/07\\\/costa-diz-que-o-pais-nao-pode-voltar-a-parar-porque-nao-e-sustentavel\\\/#primaryimage\"},\"thumbnailUrl\":\"https:\\\/\\\/www.altominho.tv\\\/site\\\/wp-content\\\/uploads\\\/2020\\\/09\\\/thumbs.web_.sapo_.io_.jpg\",\"keywords\":[\"Pol\u00edtica\",\"Sociedade\"],\"articleSection\":[\"Pa\u00eds\"],\"inLanguage\":\"pt-PT\",\"copyrightYear\":\"2020\",\"copyrightHolder\":{\"@id\":\"https:\\\/\\\/www.altominho.tv\\\/site\\\/#organization\"}},{\"@type\":\"WebPage\",\"@id\":\"https:\\\/\\\/www.altominho.tv\\\/site\\\/2020\\\/09\\\/07\\\/costa-diz-que-o-pais-nao-pode-voltar-a-parar-porque-nao-e-sustentavel\\\/\",\"url\":\"https:\\\/\\\/www.altominho.tv\\\/site\\\/2020\\\/09\\\/07\\\/costa-diz-que-o-pais-nao-pode-voltar-a-parar-porque-nao-e-sustentavel\\\/\",\"name\":\"Costa diz que o pa\u00eds n\u00e3o pode voltar a parar porque n\u00e3o \u00e9 sustent\u00e1vel\",\"isPartOf\":{\"@id\":\"https:\\\/\\\/www.altominho.tv\\\/site\\\/#website\"},\"primaryImageOfPage\":{\"@id\":\"https:\\\/\\\/www.altominho.tv\\\/site\\\/2020\\\/09\\\/07\\\/costa-diz-que-o-pais-nao-pode-voltar-a-parar-porque-nao-e-sustentavel\\\/#primaryimage\"},\"image\":{\"@id\":\"https:\\\/\\\/www.altominho.tv\\\/site\\\/2020\\\/09\\\/07\\\/costa-diz-que-o-pais-nao-pode-voltar-a-parar-porque-nao-e-sustentavel\\\/#primaryimage\"},\"thumbnailUrl\":\"https:\\\/\\\/www.altominho.tv\\\/site\\\/wp-content\\\/uploads\\\/2020\\\/09\\\/thumbs.web_.sapo_.io_.jpg\",\"datePublished\":\"2020-09-07T15:06:52+00:00\",\"dateModified\":\"2022-01-17T14:26:13+00:00\",\"author\":{\"@id\":\"https:\\\/\\\/www.altominho.tv\\\/site\\\/#\\\/schema\\\/person\\\/63f693da3e1899361cbe955c46f3232e\"},\"breadcrumb\":{\"@id\":\"https:\\\/\\\/www.altominho.tv\\\/site\\\/2020\\\/09\\\/07\\\/costa-diz-que-o-pais-nao-pode-voltar-a-parar-porque-nao-e-sustentavel\\\/#breadcrumb\"},\"inLanguage\":\"pt-PT\",\"potentialAction\":[{\"@type\":\"ReadAction\",\"target\":[\"https:\\\/\\\/www.altominho.tv\\\/site\\\/2020\\\/09\\\/07\\\/costa-diz-que-o-pais-nao-pode-voltar-a-parar-porque-nao-e-sustentavel\\\/\"]}]},{\"@type\":\"ImageObject\",\"inLanguage\":\"pt-PT\",\"@id\":\"https:\\\/\\\/www.altominho.tv\\\/site\\\/2020\\\/09\\\/07\\\/costa-diz-que-o-pais-nao-pode-voltar-a-parar-porque-nao-e-sustentavel\\\/#primaryimage\",\"url\":\"https:\\\/\\\/www.altominho.tv\\\/site\\\/wp-content\\\/uploads\\\/2020\\\/09\\\/thumbs.web_.sapo_.io_.jpg\",\"contentUrl\":\"https:\\\/\\\/www.altominho.tv\\\/site\\\/wp-content\\\/uploads\\\/2020\\\/09\\\/thumbs.web_.sapo_.io_.jpg\",\"width\":800,\"height\":533},{\"@type\":\"BreadcrumbList\",\"@id\":\"https:\\\/\\\/www.altominho.tv\\\/site\\\/2020\\\/09\\\/07\\\/costa-diz-que-o-pais-nao-pode-voltar-a-parar-porque-nao-e-sustentavel\\\/#breadcrumb\",\"itemListElement\":[{\"@type\":\"ListItem\",\"position\":1,\"name\":\"In\u00edcio\",\"item\":\"https:\\\/\\\/www.altominho.tv\\\/site\\\/\"},{\"@type\":\"ListItem\",\"position\":2,\"name\":\"Costa diz que o pa\u00eds n\u00e3o pode voltar a parar porque n\u00e3o \u00e9 sustent\u00e1vel\"}]},{\"@type\":\"WebSite\",\"@id\":\"https:\\\/\\\/www.altominho.tv\\\/site\\\/#website\",\"url\":\"https:\\\/\\\/www.altominho.tv\\\/site\\\/\",\"name\":\"Altominho.tv\",\"description\":\"A sua regi\u00e3o \u00e0 dist\u00e2ncia de um clique...\",\"potentialAction\":[{\"@type\":\"SearchAction\",\"target\":{\"@type\":\"EntryPoint\",\"urlTemplate\":\"https:\\\/\\\/www.altominho.tv\\\/site\\\/?s={search_term_string}\"},\"query-input\":{\"@type\":\"PropertyValueSpecification\",\"valueRequired\":true,\"valueName\":\"search_term_string\"}}],\"inLanguage\":\"pt-PT\"},{\"@type\":\"Person\",\"@id\":\"https:\\\/\\\/www.altominho.tv\\\/site\\\/#\\\/schema\\\/person\\\/63f693da3e1899361cbe955c46f3232e\",\"name\":\"Lusa\",\"image\":{\"@type\":\"ImageObject\",\"inLanguage\":\"pt-PT\",\"@id\":\"https:\\\/\\\/www.altominho.tv\\\/site\\\/wp-content\\\/uploads\\\/2019\\\/08\\\/LUSA_Logo.gif\",\"url\":\"https:\\\/\\\/www.altominho.tv\\\/site\\\/wp-content\\\/uploads\\\/2019\\\/08\\\/LUSA_Logo.gif\",\"contentUrl\":\"https:\\\/\\\/www.altominho.tv\\\/site\\\/wp-content\\\/uploads\\\/2019\\\/08\\\/LUSA_Logo.gif\",\"caption\":\"Lusa\"},\"sameAs\":[\"http:\\\/\\\/\\\/\\\/www.altominho.tv\\\/site\"],\"url\":\"https:\\\/\\\/www.altominho.tv\\\/site\\\/author\\\/lusa\\\/\"}]}<\/script>\n<!-- \/ Yoast SEO Premium plugin. -->","yoast_head_json":{"title":"Costa diz que o pa\u00eds n\u00e3o pode voltar a parar porque n\u00e3o \u00e9 sustent\u00e1vel","robots":{"index":"index","follow":"follow","max-snippet":"max-snippet:-1","max-image-preview":"max-image-preview:large","max-video-preview":"max-video-preview:-1"},"canonical":"https:\/\/www.altominho.tv\/site\/2020\/09\/07\/costa-diz-que-o-pais-nao-pode-voltar-a-parar-porque-nao-e-sustentavel\/","og_locale":"pt_PT","og_type":"article","og_title":"Costa diz que o pa\u00eds n\u00e3o pode voltar a parar porque n\u00e3o \u00e9 sustent\u00e1vel","og_description":"O primeiro-ministro defendeu hoje que o pa\u00eds n\u00e3o pode a voltar a parar, tal como aconteceu nos meses de mar\u00e7o e abril, porque do ponto de vista social e econ\u00f3mico n\u00e3o \u00e9 sustent\u00e1vel.&nbsp; \u201cN\u00f3s temos de evitar a todo custo as solu\u00e7\u00f5es que tivemos de adotar em mar\u00e7o e abril porque, do ponto de vista [&hellip;]","og_url":"https:\/\/www.altominho.tv\/site\/2020\/09\/07\/costa-diz-que-o-pais-nao-pode-voltar-a-parar-porque-nao-e-sustentavel\/","og_site_name":"Altominho.tv","article_publisher":"https:\/\/www.facebook.com\/altominhotv","article_published_time":"2020-09-07T15:06:52+00:00","article_modified_time":"2022-01-17T14:26:13+00:00","og_image":[{"width":800,"height":533,"url":"https:\/\/www.altominho.tv\/site\/wp-content\/uploads\/2020\/09\/thumbs.web_.sapo_.io_.jpg","type":"image\/jpeg"}],"author":"Lusa","twitter_card":"summary_large_image","twitter_creator":"@altominhoTV","twitter_site":"@altominhoTV","twitter_misc":{"Escrito por":"Lusa","Tempo estimado de leitura":"1 minuto"},"schema":{"@context":"https:\/\/schema.org","@graph":[{"@type":"Article","@id":"https:\/\/www.altominho.tv\/site\/2020\/09\/07\/costa-diz-que-o-pais-nao-pode-voltar-a-parar-porque-nao-e-sustentavel\/#article","isPartOf":{"@id":"https:\/\/www.altominho.tv\/site\/2020\/09\/07\/costa-diz-que-o-pais-nao-pode-voltar-a-parar-porque-nao-e-sustentavel\/"},"author":{"name":"Lusa","@id":"https:\/\/www.altominho.tv\/site\/#\/schema\/person\/63f693da3e1899361cbe955c46f3232e"},"headline":"Costa diz que o pa\u00eds n\u00e3o pode voltar a parar porque n\u00e3o \u00e9 sustent\u00e1vel","datePublished":"2020-09-07T15:06:52+00:00","dateModified":"2022-01-17T14:26:13+00:00","mainEntityOfPage":{"@id":"https:\/\/www.altominho.tv\/site\/2020\/09\/07\/costa-diz-que-o-pais-nao-pode-voltar-a-parar-porque-nao-e-sustentavel\/"},"wordCount":291,"image":{"@id":"https:\/\/www.altominho.tv\/site\/2020\/09\/07\/costa-diz-que-o-pais-nao-pode-voltar-a-parar-porque-nao-e-sustentavel\/#primaryimage"},"thumbnailUrl":"https:\/\/www.altominho.tv\/site\/wp-content\/uploads\/2020\/09\/thumbs.web_.sapo_.io_.jpg","keywords":["Pol\u00edtica","Sociedade"],"articleSection":["Pa\u00eds"],"inLanguage":"pt-PT","copyrightYear":"2020","copyrightHolder":{"@id":"https:\/\/www.altominho.tv\/site\/#organization"}},{"@type":"WebPage","@id":"https:\/\/www.altominho.tv\/site\/2020\/09\/07\/costa-diz-que-o-pais-nao-pode-voltar-a-parar-porque-nao-e-sustentavel\/","url":"https:\/\/www.altominho.tv\/site\/2020\/09\/07\/costa-diz-que-o-pais-nao-pode-voltar-a-parar-porque-nao-e-sustentavel\/","name":"Costa diz que o pa\u00eds n\u00e3o pode voltar a parar porque n\u00e3o \u00e9 sustent\u00e1vel","isPartOf":{"@id":"https:\/\/www.altominho.tv\/site\/#website"},"primaryImageOfPage":{"@id":"https:\/\/www.altominho.tv\/site\/2020\/09\/07\/costa-diz-que-o-pais-nao-pode-voltar-a-parar-porque-nao-e-sustentavel\/#primaryimage"},"image":{"@id":"https:\/\/www.altominho.tv\/site\/2020\/09\/07\/costa-diz-que-o-pais-nao-pode-voltar-a-parar-porque-nao-e-sustentavel\/#primaryimage"},"thumbnailUrl":"https:\/\/www.altominho.tv\/site\/wp-content\/uploads\/2020\/09\/thumbs.web_.sapo_.io_.jpg","datePublished":"2020-09-07T15:06:52+00:00","dateModified":"2022-01-17T14:26:13+00:00","author":{"@id":"https:\/\/www.altominho.tv\/site\/#\/schema\/person\/63f693da3e1899361cbe955c46f3232e"},"breadcrumb":{"@id":"https:\/\/www.altominho.tv\/site\/2020\/09\/07\/costa-diz-que-o-pais-nao-pode-voltar-a-parar-porque-nao-e-sustentavel\/#breadcrumb"},"inLanguage":"pt-PT","potentialAction":[{"@type":"ReadAction","target":["https:\/\/www.altominho.tv\/site\/2020\/09\/07\/costa-diz-que-o-pais-nao-pode-voltar-a-parar-porque-nao-e-sustentavel\/"]}]},{"@type":"ImageObject","inLanguage":"pt-PT","@id":"https:\/\/www.altominho.tv\/site\/2020\/09\/07\/costa-diz-que-o-pais-nao-pode-voltar-a-parar-porque-nao-e-sustentavel\/#primaryimage","url":"https:\/\/www.altominho.tv\/site\/wp-content\/uploads\/2020\/09\/thumbs.web_.sapo_.io_.jpg","contentUrl":"https:\/\/www.altominho.tv\/site\/wp-content\/uploads\/2020\/09\/thumbs.web_.sapo_.io_.jpg","width":800,"height":533},{"@type":"BreadcrumbList","@id":"https:\/\/www.altominho.tv\/site\/2020\/09\/07\/costa-diz-que-o-pais-nao-pode-voltar-a-parar-porque-nao-e-sustentavel\/#breadcrumb","itemListElement":[{"@type":"ListItem","position":1,"name":"In\u00edcio","item":"https:\/\/www.altominho.tv\/site\/"},{"@type":"ListItem","position":2,"name":"Costa diz que o pa\u00eds n\u00e3o pode voltar a parar porque n\u00e3o \u00e9 sustent\u00e1vel"}]},{"@type":"WebSite","@id":"https:\/\/www.altominho.tv\/site\/#website","url":"https:\/\/www.altominho.tv\/site\/","name":"Altominho.tv","description":"A sua regi\u00e3o \u00e0 dist\u00e2ncia de um clique...","potentialAction":[{"@type":"SearchAction","target":{"@type":"EntryPoint","urlTemplate":"https:\/\/www.altominho.tv\/site\/?s={search_term_string}"},"query-input":{"@type":"PropertyValueSpecification","valueRequired":true,"valueName":"search_term_string"}}],"inLanguage":"pt-PT"},{"@type":"Person","@id":"https:\/\/www.altominho.tv\/site\/#\/schema\/person\/63f693da3e1899361cbe955c46f3232e","name":"Lusa","image":{"@type":"ImageObject","inLanguage":"pt-PT","@id":"https:\/\/www.altominho.tv\/site\/wp-content\/uploads\/2019\/08\/LUSA_Logo.gif","url":"https:\/\/www.altominho.tv\/site\/wp-content\/uploads\/2019\/08\/LUSA_Logo.gif","contentUrl":"https:\/\/www.altominho.tv\/site\/wp-content\/uploads\/2019\/08\/LUSA_Logo.gif","caption":"Lusa"},"sameAs":["http:\/\/\/\/www.altominho.tv\/site"],"url":"https:\/\/www.altominho.tv\/site\/author\/lusa\/"}]}},"_links":{"self":[{"href":"https:\/\/www.altominho.tv\/site\/wp-json\/wp\/v2\/posts\/51742","targetHints":{"allow":["GET"]}}],"collection":[{"href":"https:\/\/www.altominho.tv\/site\/wp-json\/wp\/v2\/posts"}],"about":[{"href":"https:\/\/www.altominho.tv\/site\/wp-json\/wp\/v2\/types\/post"}],"author":[{"embeddable":true,"href":"https:\/\/www.altominho.tv\/site\/wp-json\/wp\/v2\/users\/13"}],"replies":[{"embeddable":true,"href":"https:\/\/www.altominho.tv\/site\/wp-json\/wp\/v2\/comments?post=51742"}],"version-history":[{"count":0,"href":"https:\/\/www.altominho.tv\/site\/wp-json\/wp\/v2\/posts\/51742\/revisions"}],"wp:featuredmedia":[{"embeddable":true,"href":"https:\/\/www.altominho.tv\/site\/wp-json\/wp\/v2\/media\/51743"}],"wp:attachment":[{"href":"https:\/\/www.altominho.tv\/site\/wp-json\/wp\/v2\/media?parent=51742"}],"wp:term":[{"taxonomy":"category","embeddable":true,"href":"https:\/\/www.altominho.tv\/site\/wp-json\/wp\/v2\/categories?post=51742"},{"taxonomy":"post_tag","embeddable":true,"href":"https:\/\/www.altominho.tv\/site\/wp-json\/wp\/v2\/tags?post=51742"}],"curies":[{"name":"wp","href":"https:\/\/api.w.org\/{rel}","templated":true}]}}