{"id":51639,"date":"2020-09-05T22:09:05","date_gmt":"2020-09-05T21:09:05","guid":{"rendered":"http:\/\/www.altominho.tv\/site\/?p=51639"},"modified":"2020-09-05T22:22:45","modified_gmt":"2020-09-05T21:22:45","slug":"romarias-do-alto-minho-bem-posicionados-para-vencer-as-7-maravilhas-da-cultura-popular","status":"publish","type":"post","link":"https:\/\/www.altominho.tv\/site\/2020\/09\/05\/romarias-do-alto-minho-bem-posicionados-para-vencer-as-7-maravilhas-da-cultura-popular\/","title":{"rendered":"&#8220;Romarias do Alto Minho&#8221; bem posicionadas para vencer as 7 Maravilhas da Cultura Popular"},"content":{"rendered":"<div class=\"entry-headline h5\">\n<p>As duas romarias que representam o Alto Minho no concurso \u201c7 Maravilhas da Cultura Popular\u201d, est\u00e3o no lote dos 7 candidatos mais votados no arranque da fase final do programa.<\/p>\n<\/div>\n<div class=\"entry-content\">\n<p>S\u00e3o 14 os finalistas do concurso, mas s\u00f3 os sete candidatos que re\u00fanam o maior n\u00famero de vota\u00e7\u00f5es estar\u00e3o no lote das &#8220;7 Maravilhas da Cultura Popular&#8221;.<\/p>\n<p>A listagem vai sendo apresentada ao longo do programa que est\u00e1 a ser transmitido em direto pela RTP1, a partir de Bragan\u00e7a.<\/p>\n<p>O\u00a0<a href=\"\/\/www.altominho.tv\/site\/2020\/08\/30\/alto-minho-com-2-candidatos-na-final-das-7-maravilhas-da-cultura-popular\/\">Alto Minho conta com 2 candidatos apurados para a final do programa<\/a>, a <strong>\u201cRomaria de S\u00e3o Jo\u00e3o d\u2019Arga\u201d\u00a0<\/strong>pelo concelho de Caminha e a\u00a0<strong>\u201cRomaria de S\u00e3o Bartolomeu\u201d<\/strong>\u00a0pelo concelho de Ponte da Barca.<\/p>\n<p><strong>Na \u00faltima listagem revelada ao in\u00edcio desta noite no arranque do programa, a \u201cRomaria de S\u00e3o Bartolomeu\u201d ocupa a 3\u00aa posi\u00e7\u00e3o e a \u201cRomaria de S\u00e3o Jo\u00e3o d&#8217;Arga\u201d a 4\u00aa posi\u00e7\u00e3o<\/strong>.<\/p>\n<p>As vota\u00e7\u00f5es continuam a decorrer durante esta noite e terminam pr\u00f3ximo da meia-noite quando forem revelados os 7 candidatos finais.<\/p>\n<p>O n\u00famero para apoiar a<strong> Romaria de S\u00e3o Bartolomeu<\/strong> \u00e9 o\u00a0<strong>760 207 760<\/strong> e para apoiar a <strong>Romaria de S\u00e3o Jo\u00e3o d&#8217;Arga<\/strong>\u00a0 <strong>760 207 761<\/strong>.<\/p>\n<h3><strong>\u00a0Finalistas\u00a0<\/strong><\/h3>\n<ol>\n<li>\n<h4 class=\"title\">A ARTE DA SEDA DE FREIXO DE ESPADA \u00c0 CINTA (Freixo de Espada \u00e0 Cinta)<\/h4>\n<\/li>\n<li>\n<h4 class=\"title\">BAILINHO DA MADEIRA (Calheta, Madeira)<\/h4>\n<\/li>\n<li>\n<h4 class=\"title\">COLETE ENCARNADO (Vila Franca de Xira)<\/h4>\n<\/li>\n<li>\n<h4 class=\"title\">CRIPTOJUDA\u00cdSMO DE BELMONTE (Belmonte)<\/h4>\n<\/li>\n<li>\n<h4 class=\"title\">FEIRA DE S. TIAGO (Covilh\u00e3)<\/h4>\n<\/li>\n<li>\n<h4 class=\"title\">FESTA DA B\u00caN\u00c7\u00c3O DO GADO (Torres Novas)<\/h4>\n<\/li>\n<li>\n<h4 class=\"title\">FESTA DA ESPIGA (Loul\u00e9)<\/h4>\n<\/li>\n<li>\n<h4 class=\"title\">FESTAS DE S\u00c3O JO\u00c3O DE BRAGA (Braga)<\/h4>\n<\/li>\n<li>\n<h4 class=\"title\">FESTAS EM HONRA DE NOSSA SENHORA DOS REM\u00c9DIOS (Lamego)<\/h4>\n<\/li>\n<li>\n<h4 class=\"title\">MUROS DE PEDRA SECA (Porto de M\u00f3s)<\/h4>\n<\/li>\n<li>\n<h4 class=\"title\">OS SANTEIROS DE S\u00c3O MAMEDE DO CORONADO (Trofa)<\/h4>\n<\/li>\n<li>\n<h4 class=\"title\">ROMARIA DE S. BARTOLOMEU (Ponte da Barca)<\/h4>\n<\/li>\n<li>\n<h4 class=\"title\">ROMARIA DE S\u00c3O JO\u00c3O D\u2019ARGA (Caminha)<\/h4>\n<\/li>\n<li>\n<h4 class=\"title\">SANTO ANT\u00d3NIO, FESTAS DE LISBOA (Lisboa)<\/h4>\n<\/li>\n<\/ol>\n<\/div>\n","protected":false},"excerpt":{"rendered":"<p>As duas romarias que representam o Alto Minho no concurso \u201c7 Maravilhas da Cultura Popular\u201d, est\u00e3o no lote dos 7 candidatos mais votados no arranque da fase final do programa. S\u00e3o 14 os finalistas do concurso, mas s\u00f3 os sete candidatos que re\u00fanam o maior n\u00famero de vota\u00e7\u00f5es estar\u00e3o no lote das &#8220;7 Maravilhas da [&hellip;]<\/p>\n","protected":false},"author":1,"featured_media":51641,"comment_status":"closed","ping_status":"closed","sticky":false,"template":"","format":"standard","meta":{"_exactmetrics_skip_tracking":false,"footnotes":""},"categories":[73],"tags":[19],"class_list":["post-51639","post","type-post","status-publish","format-standard","has-post-thumbnail","hentry","category-alto-minho","tag-cultura"],"yoast_head":"<!-- This site is optimized with the Yoast SEO Premium plugin v28.3 (Yoast SEO v28.3) - https:\/\/yoast.com\/product\/yoast-seo-premium-wordpress\/ -->\n<title>&quot;Romarias do Alto Minho&quot; bem posicionadas para vencer as 7 Maravilhas da Cultura Popular<\/title>\n<meta name=\"robots\" content=\"index, follow, max-snippet:-1, max-image-preview:large, max-video-preview:-1\" \/>\n<link rel=\"canonical\" href=\"https:\/\/www.altominho.tv\/site\/2020\/09\/05\/romarias-do-alto-minho-bem-posicionados-para-vencer-as-7-maravilhas-da-cultura-popular\/\" \/>\n<meta property=\"og:locale\" content=\"pt_PT\" \/>\n<meta property=\"og:type\" content=\"article\" \/>\n<meta property=\"og:title\" content=\"&quot;Romarias do Alto Minho&quot; bem posicionadas para vencer as 7 Maravilhas da Cultura Popular\" \/>\n<meta property=\"og:description\" content=\"As duas romarias que representam o Alto Minho no concurso \u201c7 Maravilhas da Cultura Popular\u201d, est\u00e3o no lote dos 7 candidatos mais votados no arranque da fase final do programa. S\u00e3o 14 os finalistas do concurso, mas s\u00f3 os sete candidatos que re\u00fanam o maior n\u00famero de vota\u00e7\u00f5es estar\u00e3o no lote das &#8220;7 Maravilhas da [&hellip;]\" \/>\n<meta property=\"og:url\" content=\"https:\/\/www.altominho.tv\/site\/2020\/09\/05\/romarias-do-alto-minho-bem-posicionados-para-vencer-as-7-maravilhas-da-cultura-popular\/\" \/>\n<meta property=\"og:site_name\" content=\"Altominho.tv\" \/>\n<meta property=\"article:publisher\" content=\"https:\/\/www.facebook.com\/altominhotv\" \/>\n<meta property=\"article:published_time\" content=\"2020-09-05T21:09:05+00:00\" \/>\n<meta property=\"article:modified_time\" content=\"2020-09-05T21:22:45+00:00\" \/>\n<meta property=\"og:image\" content=\"https:\/\/www.altominho.tv\/site\/wp-content\/uploads\/2020\/09\/Resultados_7maravilhas_Noite.jpg\" \/>\n\t<meta property=\"og:image:width\" content=\"1458\" \/>\n\t<meta property=\"og:image:height\" content=\"820\" \/>\n\t<meta property=\"og:image:type\" content=\"image\/jpeg\" \/>\n<meta name=\"author\" content=\"Altominho.tv\" \/>\n<meta name=\"twitter:card\" content=\"summary_large_image\" \/>\n<meta name=\"twitter:creator\" content=\"@altominhoTV\" \/>\n<meta name=\"twitter:site\" content=\"@altominhoTV\" \/>\n<meta name=\"twitter:label1\" content=\"Escrito por\" \/>\n\t<meta name=\"twitter:data1\" content=\"Altominho.tv\" \/>\n\t<meta name=\"twitter:label2\" content=\"Tempo estimado de leitura\" \/>\n\t<meta name=\"twitter:data2\" content=\"2 minutos\" \/>\n<script type=\"application\/ld+json\" class=\"yoast-schema-graph\">{\"@context\":\"https:\\\/\\\/schema.org\",\"@graph\":[{\"@type\":\"Article\",\"@id\":\"https:\\\/\\\/www.altominho.tv\\\/site\\\/2020\\\/09\\\/05\\\/romarias-do-alto-minho-bem-posicionados-para-vencer-as-7-maravilhas-da-cultura-popular\\\/#article\",\"isPartOf\":{\"@id\":\"https:\\\/\\\/www.altominho.tv\\\/site\\\/2020\\\/09\\\/05\\\/romarias-do-alto-minho-bem-posicionados-para-vencer-as-7-maravilhas-da-cultura-popular\\\/\"},\"author\":{\"name\":\"Altominho.tv\",\"@id\":\"https:\\\/\\\/www.altominho.tv\\\/site\\\/#\\\/schema\\\/person\\\/4e536851627d7914baf3dac752b6af22\"},\"headline\":\"&#8220;Romarias do Alto Minho&#8221; bem posicionadas para vencer as 7 Maravilhas da Cultura Popular\",\"datePublished\":\"2020-09-05T21:09:05+00:00\",\"dateModified\":\"2020-09-05T21:22:45+00:00\",\"mainEntityOfPage\":{\"@id\":\"https:\\\/\\\/www.altominho.tv\\\/site\\\/2020\\\/09\\\/05\\\/romarias-do-alto-minho-bem-posicionados-para-vencer-as-7-maravilhas-da-cultura-popular\\\/\"},\"wordCount\":319,\"image\":{\"@id\":\"https:\\\/\\\/www.altominho.tv\\\/site\\\/2020\\\/09\\\/05\\\/romarias-do-alto-minho-bem-posicionados-para-vencer-as-7-maravilhas-da-cultura-popular\\\/#primaryimage\"},\"thumbnailUrl\":\"https:\\\/\\\/www.altominho.tv\\\/site\\\/wp-content\\\/uploads\\\/2020\\\/09\\\/Resultados_7maravilhas_Noite.jpg\",\"keywords\":[\"Cultura\"],\"articleSection\":[\"Alto Minho\"],\"inLanguage\":\"pt-PT\",\"copyrightYear\":\"2020\",\"copyrightHolder\":{\"@id\":\"https:\\\/\\\/www.altominho.tv\\\/site\\\/#organization\"}},{\"@type\":\"WebPage\",\"@id\":\"https:\\\/\\\/www.altominho.tv\\\/site\\\/2020\\\/09\\\/05\\\/romarias-do-alto-minho-bem-posicionados-para-vencer-as-7-maravilhas-da-cultura-popular\\\/\",\"url\":\"https:\\\/\\\/www.altominho.tv\\\/site\\\/2020\\\/09\\\/05\\\/romarias-do-alto-minho-bem-posicionados-para-vencer-as-7-maravilhas-da-cultura-popular\\\/\",\"name\":\"\\\"Romarias do Alto Minho\\\" bem posicionadas para vencer as 7 Maravilhas da Cultura Popular\",\"isPartOf\":{\"@id\":\"https:\\\/\\\/www.altominho.tv\\\/site\\\/#website\"},\"primaryImageOfPage\":{\"@id\":\"https:\\\/\\\/www.altominho.tv\\\/site\\\/2020\\\/09\\\/05\\\/romarias-do-alto-minho-bem-posicionados-para-vencer-as-7-maravilhas-da-cultura-popular\\\/#primaryimage\"},\"image\":{\"@id\":\"https:\\\/\\\/www.altominho.tv\\\/site\\\/2020\\\/09\\\/05\\\/romarias-do-alto-minho-bem-posicionados-para-vencer-as-7-maravilhas-da-cultura-popular\\\/#primaryimage\"},\"thumbnailUrl\":\"https:\\\/\\\/www.altominho.tv\\\/site\\\/wp-content\\\/uploads\\\/2020\\\/09\\\/Resultados_7maravilhas_Noite.jpg\",\"datePublished\":\"2020-09-05T21:09:05+00:00\",\"dateModified\":\"2020-09-05T21:22:45+00:00\",\"author\":{\"@id\":\"https:\\\/\\\/www.altominho.tv\\\/site\\\/#\\\/schema\\\/person\\\/4e536851627d7914baf3dac752b6af22\"},\"breadcrumb\":{\"@id\":\"https:\\\/\\\/www.altominho.tv\\\/site\\\/2020\\\/09\\\/05\\\/romarias-do-alto-minho-bem-posicionados-para-vencer-as-7-maravilhas-da-cultura-popular\\\/#breadcrumb\"},\"inLanguage\":\"pt-PT\",\"potentialAction\":[{\"@type\":\"ReadAction\",\"target\":[\"https:\\\/\\\/www.altominho.tv\\\/site\\\/2020\\\/09\\\/05\\\/romarias-do-alto-minho-bem-posicionados-para-vencer-as-7-maravilhas-da-cultura-popular\\\/\"]}]},{\"@type\":\"ImageObject\",\"inLanguage\":\"pt-PT\",\"@id\":\"https:\\\/\\\/www.altominho.tv\\\/site\\\/2020\\\/09\\\/05\\\/romarias-do-alto-minho-bem-posicionados-para-vencer-as-7-maravilhas-da-cultura-popular\\\/#primaryimage\",\"url\":\"https:\\\/\\\/www.altominho.tv\\\/site\\\/wp-content\\\/uploads\\\/2020\\\/09\\\/Resultados_7maravilhas_Noite.jpg\",\"contentUrl\":\"https:\\\/\\\/www.altominho.tv\\\/site\\\/wp-content\\\/uploads\\\/2020\\\/09\\\/Resultados_7maravilhas_Noite.jpg\",\"width\":1458,\"height\":820},{\"@type\":\"BreadcrumbList\",\"@id\":\"https:\\\/\\\/www.altominho.tv\\\/site\\\/2020\\\/09\\\/05\\\/romarias-do-alto-minho-bem-posicionados-para-vencer-as-7-maravilhas-da-cultura-popular\\\/#breadcrumb\",\"itemListElement\":[{\"@type\":\"ListItem\",\"position\":1,\"name\":\"In\u00edcio\",\"item\":\"https:\\\/\\\/www.altominho.tv\\\/site\\\/\"},{\"@type\":\"ListItem\",\"position\":2,\"name\":\"&#8220;Romarias do Alto Minho&#8221; bem posicionadas para vencer as 7 Maravilhas da Cultura Popular\"}]},{\"@type\":\"WebSite\",\"@id\":\"https:\\\/\\\/www.altominho.tv\\\/site\\\/#website\",\"url\":\"https:\\\/\\\/www.altominho.tv\\\/site\\\/\",\"name\":\"Altominho.tv\",\"description\":\"A sua regi\u00e3o \u00e0 dist\u00e2ncia de um clique...\",\"potentialAction\":[{\"@type\":\"SearchAction\",\"target\":{\"@type\":\"EntryPoint\",\"urlTemplate\":\"https:\\\/\\\/www.altominho.tv\\\/site\\\/?s={search_term_string}\"},\"query-input\":{\"@type\":\"PropertyValueSpecification\",\"valueRequired\":true,\"valueName\":\"search_term_string\"}}],\"inLanguage\":\"pt-PT\"},{\"@type\":\"Person\",\"@id\":\"https:\\\/\\\/www.altominho.tv\\\/site\\\/#\\\/schema\\\/person\\\/4e536851627d7914baf3dac752b6af22\",\"name\":\"Altominho.tv\",\"image\":{\"@type\":\"ImageObject\",\"inLanguage\":\"pt-PT\",\"@id\":\"https:\\\/\\\/www.altominho.tv\\\/site\\\/wp-content\\\/uploads\\\/2019\\\/11\\\/Logo_Avatar_2-150x150.jpg\",\"url\":\"https:\\\/\\\/www.altominho.tv\\\/site\\\/wp-content\\\/uploads\\\/2019\\\/11\\\/Logo_Avatar_2-150x150.jpg\",\"contentUrl\":\"https:\\\/\\\/www.altominho.tv\\\/site\\\/wp-content\\\/uploads\\\/2019\\\/11\\\/Logo_Avatar_2-150x150.jpg\",\"caption\":\"Altominho.tv\"},\"url\":\"https:\\\/\\\/www.altominho.tv\\\/site\\\/author\\\/altominhotv-tecnico\\\/\"}]}<\/script>\n<!-- \/ Yoast SEO Premium plugin. -->","yoast_head_json":{"title":"\"Romarias do Alto Minho\" bem posicionadas para vencer as 7 Maravilhas da Cultura Popular","robots":{"index":"index","follow":"follow","max-snippet":"max-snippet:-1","max-image-preview":"max-image-preview:large","max-video-preview":"max-video-preview:-1"},"canonical":"https:\/\/www.altominho.tv\/site\/2020\/09\/05\/romarias-do-alto-minho-bem-posicionados-para-vencer-as-7-maravilhas-da-cultura-popular\/","og_locale":"pt_PT","og_type":"article","og_title":"\"Romarias do Alto Minho\" bem posicionadas para vencer as 7 Maravilhas da Cultura Popular","og_description":"As duas romarias que representam o Alto Minho no concurso \u201c7 Maravilhas da Cultura Popular\u201d, est\u00e3o no lote dos 7 candidatos mais votados no arranque da fase final do programa. S\u00e3o 14 os finalistas do concurso, mas s\u00f3 os sete candidatos que re\u00fanam o maior n\u00famero de vota\u00e7\u00f5es estar\u00e3o no lote das &#8220;7 Maravilhas da [&hellip;]","og_url":"https:\/\/www.altominho.tv\/site\/2020\/09\/05\/romarias-do-alto-minho-bem-posicionados-para-vencer-as-7-maravilhas-da-cultura-popular\/","og_site_name":"Altominho.tv","article_publisher":"https:\/\/www.facebook.com\/altominhotv","article_published_time":"2020-09-05T21:09:05+00:00","article_modified_time":"2020-09-05T21:22:45+00:00","og_image":[{"width":1458,"height":820,"url":"https:\/\/www.altominho.tv\/site\/wp-content\/uploads\/2020\/09\/Resultados_7maravilhas_Noite.jpg","type":"image\/jpeg"}],"author":"Altominho.tv","twitter_card":"summary_large_image","twitter_creator":"@altominhoTV","twitter_site":"@altominhoTV","twitter_misc":{"Escrito por":"Altominho.tv","Tempo estimado de leitura":"2 minutos"},"schema":{"@context":"https:\/\/schema.org","@graph":[{"@type":"Article","@id":"https:\/\/www.altominho.tv\/site\/2020\/09\/05\/romarias-do-alto-minho-bem-posicionados-para-vencer-as-7-maravilhas-da-cultura-popular\/#article","isPartOf":{"@id":"https:\/\/www.altominho.tv\/site\/2020\/09\/05\/romarias-do-alto-minho-bem-posicionados-para-vencer-as-7-maravilhas-da-cultura-popular\/"},"author":{"name":"Altominho.tv","@id":"https:\/\/www.altominho.tv\/site\/#\/schema\/person\/4e536851627d7914baf3dac752b6af22"},"headline":"&#8220;Romarias do Alto Minho&#8221; bem posicionadas para vencer as 7 Maravilhas da Cultura Popular","datePublished":"2020-09-05T21:09:05+00:00","dateModified":"2020-09-05T21:22:45+00:00","mainEntityOfPage":{"@id":"https:\/\/www.altominho.tv\/site\/2020\/09\/05\/romarias-do-alto-minho-bem-posicionados-para-vencer-as-7-maravilhas-da-cultura-popular\/"},"wordCount":319,"image":{"@id":"https:\/\/www.altominho.tv\/site\/2020\/09\/05\/romarias-do-alto-minho-bem-posicionados-para-vencer-as-7-maravilhas-da-cultura-popular\/#primaryimage"},"thumbnailUrl":"https:\/\/www.altominho.tv\/site\/wp-content\/uploads\/2020\/09\/Resultados_7maravilhas_Noite.jpg","keywords":["Cultura"],"articleSection":["Alto Minho"],"inLanguage":"pt-PT","copyrightYear":"2020","copyrightHolder":{"@id":"https:\/\/www.altominho.tv\/site\/#organization"}},{"@type":"WebPage","@id":"https:\/\/www.altominho.tv\/site\/2020\/09\/05\/romarias-do-alto-minho-bem-posicionados-para-vencer-as-7-maravilhas-da-cultura-popular\/","url":"https:\/\/www.altominho.tv\/site\/2020\/09\/05\/romarias-do-alto-minho-bem-posicionados-para-vencer-as-7-maravilhas-da-cultura-popular\/","name":"\"Romarias do Alto Minho\" bem posicionadas para vencer as 7 Maravilhas da Cultura Popular","isPartOf":{"@id":"https:\/\/www.altominho.tv\/site\/#website"},"primaryImageOfPage":{"@id":"https:\/\/www.altominho.tv\/site\/2020\/09\/05\/romarias-do-alto-minho-bem-posicionados-para-vencer-as-7-maravilhas-da-cultura-popular\/#primaryimage"},"image":{"@id":"https:\/\/www.altominho.tv\/site\/2020\/09\/05\/romarias-do-alto-minho-bem-posicionados-para-vencer-as-7-maravilhas-da-cultura-popular\/#primaryimage"},"thumbnailUrl":"https:\/\/www.altominho.tv\/site\/wp-content\/uploads\/2020\/09\/Resultados_7maravilhas_Noite.jpg","datePublished":"2020-09-05T21:09:05+00:00","dateModified":"2020-09-05T21:22:45+00:00","author":{"@id":"https:\/\/www.altominho.tv\/site\/#\/schema\/person\/4e536851627d7914baf3dac752b6af22"},"breadcrumb":{"@id":"https:\/\/www.altominho.tv\/site\/2020\/09\/05\/romarias-do-alto-minho-bem-posicionados-para-vencer-as-7-maravilhas-da-cultura-popular\/#breadcrumb"},"inLanguage":"pt-PT","potentialAction":[{"@type":"ReadAction","target":["https:\/\/www.altominho.tv\/site\/2020\/09\/05\/romarias-do-alto-minho-bem-posicionados-para-vencer-as-7-maravilhas-da-cultura-popular\/"]}]},{"@type":"ImageObject","inLanguage":"pt-PT","@id":"https:\/\/www.altominho.tv\/site\/2020\/09\/05\/romarias-do-alto-minho-bem-posicionados-para-vencer-as-7-maravilhas-da-cultura-popular\/#primaryimage","url":"https:\/\/www.altominho.tv\/site\/wp-content\/uploads\/2020\/09\/Resultados_7maravilhas_Noite.jpg","contentUrl":"https:\/\/www.altominho.tv\/site\/wp-content\/uploads\/2020\/09\/Resultados_7maravilhas_Noite.jpg","width":1458,"height":820},{"@type":"BreadcrumbList","@id":"https:\/\/www.altominho.tv\/site\/2020\/09\/05\/romarias-do-alto-minho-bem-posicionados-para-vencer-as-7-maravilhas-da-cultura-popular\/#breadcrumb","itemListElement":[{"@type":"ListItem","position":1,"name":"In\u00edcio","item":"https:\/\/www.altominho.tv\/site\/"},{"@type":"ListItem","position":2,"name":"&#8220;Romarias do Alto Minho&#8221; bem posicionadas para vencer as 7 Maravilhas da Cultura Popular"}]},{"@type":"WebSite","@id":"https:\/\/www.altominho.tv\/site\/#website","url":"https:\/\/www.altominho.tv\/site\/","name":"Altominho.tv","description":"A sua regi\u00e3o \u00e0 dist\u00e2ncia de um clique...","potentialAction":[{"@type":"SearchAction","target":{"@type":"EntryPoint","urlTemplate":"https:\/\/www.altominho.tv\/site\/?s={search_term_string}"},"query-input":{"@type":"PropertyValueSpecification","valueRequired":true,"valueName":"search_term_string"}}],"inLanguage":"pt-PT"},{"@type":"Person","@id":"https:\/\/www.altominho.tv\/site\/#\/schema\/person\/4e536851627d7914baf3dac752b6af22","name":"Altominho.tv","image":{"@type":"ImageObject","inLanguage":"pt-PT","@id":"https:\/\/www.altominho.tv\/site\/wp-content\/uploads\/2019\/11\/Logo_Avatar_2-150x150.jpg","url":"https:\/\/www.altominho.tv\/site\/wp-content\/uploads\/2019\/11\/Logo_Avatar_2-150x150.jpg","contentUrl":"https:\/\/www.altominho.tv\/site\/wp-content\/uploads\/2019\/11\/Logo_Avatar_2-150x150.jpg","caption":"Altominho.tv"},"url":"https:\/\/www.altominho.tv\/site\/author\/altominhotv-tecnico\/"}]}},"_links":{"self":[{"href":"https:\/\/www.altominho.tv\/site\/wp-json\/wp\/v2\/posts\/51639","targetHints":{"allow":["GET"]}}],"collection":[{"href":"https:\/\/www.altominho.tv\/site\/wp-json\/wp\/v2\/posts"}],"about":[{"href":"https:\/\/www.altominho.tv\/site\/wp-json\/wp\/v2\/types\/post"}],"author":[{"embeddable":true,"href":"https:\/\/www.altominho.tv\/site\/wp-json\/wp\/v2\/users\/1"}],"replies":[{"embeddable":true,"href":"https:\/\/www.altominho.tv\/site\/wp-json\/wp\/v2\/comments?post=51639"}],"version-history":[{"count":0,"href":"https:\/\/www.altominho.tv\/site\/wp-json\/wp\/v2\/posts\/51639\/revisions"}],"wp:featuredmedia":[{"embeddable":true,"href":"https:\/\/www.altominho.tv\/site\/wp-json\/wp\/v2\/media\/51641"}],"wp:attachment":[{"href":"https:\/\/www.altominho.tv\/site\/wp-json\/wp\/v2\/media?parent=51639"}],"wp:term":[{"taxonomy":"category","embeddable":true,"href":"https:\/\/www.altominho.tv\/site\/wp-json\/wp\/v2\/categories?post=51639"},{"taxonomy":"post_tag","embeddable":true,"href":"https:\/\/www.altominho.tv\/site\/wp-json\/wp\/v2\/tags?post=51639"}],"curies":[{"name":"wp","href":"https:\/\/api.w.org\/{rel}","templated":true}]}}