{"id":51546,"date":"2020-09-03T18:15:06","date_gmt":"2020-09-03T17:15:06","guid":{"rendered":"http:\/\/www.altominho.tv\/site\/?p=51546"},"modified":"2020-09-03T18:15:09","modified_gmt":"2020-09-03T17:15:09","slug":"secretaria-de-estado-do-turismo-visita-vila-nova-de-cerveira-e-moncao","status":"publish","type":"post","link":"https:\/\/www.altominho.tv\/site\/2020\/09\/03\/secretaria-de-estado-do-turismo-visita-vila-nova-de-cerveira-e-moncao\/","title":{"rendered":"Secret\u00e1ria de Estado do Turismo visita Vila Nova de Cerveira e Mon\u00e7\u00e3o"},"content":{"rendered":"<p>A Secret\u00e1ria de Estado do Turismo, Rita Marques, desloca-se esta sexta-feira aos concelhos de Vila Nova de Cerveira e Mon\u00e7\u00e3o.<\/p>\n<p>Com chegada prevista para as 09h30, a governante vai estar em Vila Nova de Cerveira para uma breve visita \u00e0 Loja Interativa de Turismo, seguida de uma visita \u00e0 XXI Bienal Internacional de Arte de Cerveira, com uma sess\u00e3o guiada a cargo da curadora Helena Pereira.<\/p>\n<p>Em Mon\u00e7\u00e3o, Rita Marques vai presidir \u00e0 assinatura p\u00fablica do Contrato de Requalifica\u00e7\u00e3o da \u00c1rea Ribeirinha do Rio Minho \u2013 Ecovia do Rio Minho \u2013 Tro\u00e7o Pedra Furada \u2013 Parque das Caldas, um investimento realizado\u00a0no \u00e2mbito do\u00a0Programa Valorizar.<\/p>\n<p>A cerim\u00f3nia ter\u00e1 in\u00edcio pelas 11h45, no Cine Teatro Jo\u00e3o Verde.<\/p>\n","protected":false},"excerpt":{"rendered":"<p>A Secret\u00e1ria de Estado do Turismo, Rita Marques, desloca-se esta sexta-feira aos concelhos de Vila Nova de Cerveira e Mon\u00e7\u00e3o. Com chegada prevista para as 09h30, a governante vai estar em Vila Nova de Cerveira para uma breve visita \u00e0 Loja Interativa de Turismo, seguida de uma visita \u00e0 XXI Bienal Internacional de Arte de [&hellip;]<\/p>\n","protected":false},"author":12,"featured_media":51550,"comment_status":"closed","ping_status":"closed","sticky":false,"template":"","format":"standard","meta":{"_exactmetrics_skip_tracking":false,"footnotes":""},"categories":[73],"tags":[27],"class_list":["post-51546","post","type-post","status-publish","format-standard","has-post-thumbnail","hentry","category-alto-minho","tag-sociedade"],"yoast_head":"<!-- This site is optimized with the Yoast SEO Premium plugin v28.3 (Yoast SEO v28.3) - https:\/\/yoast.com\/product\/yoast-seo-premium-wordpress\/ -->\n<title>Secret\u00e1ria de Estado do Turismo visita Vila Nova de Cerveira e Mon\u00e7\u00e3o<\/title>\n<meta name=\"robots\" content=\"index, follow, max-snippet:-1, max-image-preview:large, max-video-preview:-1\" \/>\n<link rel=\"canonical\" href=\"https:\/\/www.altominho.tv\/site\/2020\/09\/03\/secretaria-de-estado-do-turismo-visita-vila-nova-de-cerveira-e-moncao\/\" \/>\n<meta property=\"og:locale\" content=\"pt_PT\" \/>\n<meta property=\"og:type\" content=\"article\" \/>\n<meta property=\"og:title\" content=\"Secret\u00e1ria de Estado do Turismo visita Vila Nova de Cerveira e Mon\u00e7\u00e3o\" \/>\n<meta property=\"og:description\" content=\"A Secret\u00e1ria de Estado do Turismo, Rita Marques, desloca-se esta sexta-feira aos concelhos de Vila Nova de Cerveira e Mon\u00e7\u00e3o. Com chegada prevista para as 09h30, a governante vai estar em Vila Nova de Cerveira para uma breve visita \u00e0 Loja Interativa de Turismo, seguida de uma visita \u00e0 XXI Bienal Internacional de Arte de [&hellip;]\" \/>\n<meta property=\"og:url\" content=\"https:\/\/www.altominho.tv\/site\/2020\/09\/03\/secretaria-de-estado-do-turismo-visita-vila-nova-de-cerveira-e-moncao\/\" \/>\n<meta property=\"og:site_name\" content=\"Altominho.tv\" \/>\n<meta property=\"article:publisher\" content=\"https:\/\/www.facebook.com\/altominhotv\" \/>\n<meta property=\"article:published_time\" content=\"2020-09-03T17:15:06+00:00\" \/>\n<meta property=\"article:modified_time\" content=\"2020-09-03T17:15:09+00:00\" \/>\n<meta property=\"og:image\" content=\"https:\/\/www.altominho.tv\/site\/wp-content\/uploads\/2020\/09\/rita-marques-770x439_c.jpg\" \/>\n\t<meta property=\"og:image:width\" content=\"770\" \/>\n\t<meta property=\"og:image:height\" content=\"439\" \/>\n\t<meta property=\"og:image:type\" content=\"image\/jpeg\" \/>\n<meta name=\"author\" content=\"Andreia Ferreira\" \/>\n<meta name=\"twitter:card\" content=\"summary_large_image\" \/>\n<meta name=\"twitter:creator\" content=\"@altominhoTV\" \/>\n<meta name=\"twitter:site\" content=\"@altominhoTV\" \/>\n<meta name=\"twitter:label1\" content=\"Escrito por\" \/>\n\t<meta name=\"twitter:data1\" content=\"Andreia Ferreira\" \/>\n\t<meta name=\"twitter:label2\" content=\"Tempo estimado de leitura\" \/>\n\t<meta name=\"twitter:data2\" content=\"1 minuto\" \/>\n<script type=\"application\/ld+json\" class=\"yoast-schema-graph\">{\"@context\":\"https:\\\/\\\/schema.org\",\"@graph\":[{\"@type\":\"Article\",\"@id\":\"https:\\\/\\\/www.altominho.tv\\\/site\\\/2020\\\/09\\\/03\\\/secretaria-de-estado-do-turismo-visita-vila-nova-de-cerveira-e-moncao\\\/#article\",\"isPartOf\":{\"@id\":\"https:\\\/\\\/www.altominho.tv\\\/site\\\/2020\\\/09\\\/03\\\/secretaria-de-estado-do-turismo-visita-vila-nova-de-cerveira-e-moncao\\\/\"},\"author\":{\"name\":\"Andreia Ferreira\",\"@id\":\"https:\\\/\\\/www.altominho.tv\\\/site\\\/#\\\/schema\\\/person\\\/d9be4265364723f14ea8e0d56a1d38cd\"},\"headline\":\"Secret\u00e1ria de Estado do Turismo visita Vila Nova de Cerveira e Mon\u00e7\u00e3o\",\"datePublished\":\"2020-09-03T17:15:06+00:00\",\"dateModified\":\"2020-09-03T17:15:09+00:00\",\"mainEntityOfPage\":{\"@id\":\"https:\\\/\\\/www.altominho.tv\\\/site\\\/2020\\\/09\\\/03\\\/secretaria-de-estado-do-turismo-visita-vila-nova-de-cerveira-e-moncao\\\/\"},\"wordCount\":135,\"image\":{\"@id\":\"https:\\\/\\\/www.altominho.tv\\\/site\\\/2020\\\/09\\\/03\\\/secretaria-de-estado-do-turismo-visita-vila-nova-de-cerveira-e-moncao\\\/#primaryimage\"},\"thumbnailUrl\":\"https:\\\/\\\/www.altominho.tv\\\/site\\\/wp-content\\\/uploads\\\/2020\\\/09\\\/rita-marques-770x439_c.jpg\",\"keywords\":[\"Sociedade\"],\"articleSection\":[\"Alto Minho\"],\"inLanguage\":\"pt-PT\",\"copyrightYear\":\"2020\",\"copyrightHolder\":{\"@id\":\"https:\\\/\\\/www.altominho.tv\\\/site\\\/#organization\"}},{\"@type\":\"WebPage\",\"@id\":\"https:\\\/\\\/www.altominho.tv\\\/site\\\/2020\\\/09\\\/03\\\/secretaria-de-estado-do-turismo-visita-vila-nova-de-cerveira-e-moncao\\\/\",\"url\":\"https:\\\/\\\/www.altominho.tv\\\/site\\\/2020\\\/09\\\/03\\\/secretaria-de-estado-do-turismo-visita-vila-nova-de-cerveira-e-moncao\\\/\",\"name\":\"Secret\u00e1ria de Estado do Turismo visita Vila Nova de Cerveira e Mon\u00e7\u00e3o\",\"isPartOf\":{\"@id\":\"https:\\\/\\\/www.altominho.tv\\\/site\\\/#website\"},\"primaryImageOfPage\":{\"@id\":\"https:\\\/\\\/www.altominho.tv\\\/site\\\/2020\\\/09\\\/03\\\/secretaria-de-estado-do-turismo-visita-vila-nova-de-cerveira-e-moncao\\\/#primaryimage\"},\"image\":{\"@id\":\"https:\\\/\\\/www.altominho.tv\\\/site\\\/2020\\\/09\\\/03\\\/secretaria-de-estado-do-turismo-visita-vila-nova-de-cerveira-e-moncao\\\/#primaryimage\"},\"thumbnailUrl\":\"https:\\\/\\\/www.altominho.tv\\\/site\\\/wp-content\\\/uploads\\\/2020\\\/09\\\/rita-marques-770x439_c.jpg\",\"datePublished\":\"2020-09-03T17:15:06+00:00\",\"dateModified\":\"2020-09-03T17:15:09+00:00\",\"author\":{\"@id\":\"https:\\\/\\\/www.altominho.tv\\\/site\\\/#\\\/schema\\\/person\\\/d9be4265364723f14ea8e0d56a1d38cd\"},\"breadcrumb\":{\"@id\":\"https:\\\/\\\/www.altominho.tv\\\/site\\\/2020\\\/09\\\/03\\\/secretaria-de-estado-do-turismo-visita-vila-nova-de-cerveira-e-moncao\\\/#breadcrumb\"},\"inLanguage\":\"pt-PT\",\"potentialAction\":[{\"@type\":\"ReadAction\",\"target\":[\"https:\\\/\\\/www.altominho.tv\\\/site\\\/2020\\\/09\\\/03\\\/secretaria-de-estado-do-turismo-visita-vila-nova-de-cerveira-e-moncao\\\/\"]}]},{\"@type\":\"ImageObject\",\"inLanguage\":\"pt-PT\",\"@id\":\"https:\\\/\\\/www.altominho.tv\\\/site\\\/2020\\\/09\\\/03\\\/secretaria-de-estado-do-turismo-visita-vila-nova-de-cerveira-e-moncao\\\/#primaryimage\",\"url\":\"https:\\\/\\\/www.altominho.tv\\\/site\\\/wp-content\\\/uploads\\\/2020\\\/09\\\/rita-marques-770x439_c.jpg\",\"contentUrl\":\"https:\\\/\\\/www.altominho.tv\\\/site\\\/wp-content\\\/uploads\\\/2020\\\/09\\\/rita-marques-770x439_c.jpg\",\"width\":770,\"height\":439,\"caption\":\"AMBITUR\"},{\"@type\":\"BreadcrumbList\",\"@id\":\"https:\\\/\\\/www.altominho.tv\\\/site\\\/2020\\\/09\\\/03\\\/secretaria-de-estado-do-turismo-visita-vila-nova-de-cerveira-e-moncao\\\/#breadcrumb\",\"itemListElement\":[{\"@type\":\"ListItem\",\"position\":1,\"name\":\"In\u00edcio\",\"item\":\"https:\\\/\\\/www.altominho.tv\\\/site\\\/\"},{\"@type\":\"ListItem\",\"position\":2,\"name\":\"Secret\u00e1ria de Estado do Turismo visita Vila Nova de Cerveira e Mon\u00e7\u00e3o\"}]},{\"@type\":\"WebSite\",\"@id\":\"https:\\\/\\\/www.altominho.tv\\\/site\\\/#website\",\"url\":\"https:\\\/\\\/www.altominho.tv\\\/site\\\/\",\"name\":\"Altominho.tv\",\"description\":\"A sua regi\u00e3o \u00e0 dist\u00e2ncia de um clique...\",\"potentialAction\":[{\"@type\":\"SearchAction\",\"target\":{\"@type\":\"EntryPoint\",\"urlTemplate\":\"https:\\\/\\\/www.altominho.tv\\\/site\\\/?s={search_term_string}\"},\"query-input\":{\"@type\":\"PropertyValueSpecification\",\"valueRequired\":true,\"valueName\":\"search_term_string\"}}],\"inLanguage\":\"pt-PT\"},{\"@type\":\"Person\",\"@id\":\"https:\\\/\\\/www.altominho.tv\\\/site\\\/#\\\/schema\\\/person\\\/d9be4265364723f14ea8e0d56a1d38cd\",\"name\":\"Andreia Ferreira\",\"image\":{\"@type\":\"ImageObject\",\"inLanguage\":\"pt-PT\",\"@id\":\"https:\\\/\\\/www.altominho.tv\\\/site\\\/wp-content\\\/uploads\\\/2021\\\/01\\\/AndreiaFerreira-150x150.jpg\",\"url\":\"https:\\\/\\\/www.altominho.tv\\\/site\\\/wp-content\\\/uploads\\\/2021\\\/01\\\/AndreiaFerreira-150x150.jpg\",\"contentUrl\":\"https:\\\/\\\/www.altominho.tv\\\/site\\\/wp-content\\\/uploads\\\/2021\\\/01\\\/AndreiaFerreira-150x150.jpg\",\"caption\":\"Andreia Ferreira\"},\"url\":\"https:\\\/\\\/www.altominho.tv\\\/site\\\/author\\\/andreiaferreira\\\/\"}]}<\/script>\n<!-- \/ Yoast SEO Premium plugin. -->","yoast_head_json":{"title":"Secret\u00e1ria de Estado do Turismo visita Vila Nova de Cerveira e Mon\u00e7\u00e3o","robots":{"index":"index","follow":"follow","max-snippet":"max-snippet:-1","max-image-preview":"max-image-preview:large","max-video-preview":"max-video-preview:-1"},"canonical":"https:\/\/www.altominho.tv\/site\/2020\/09\/03\/secretaria-de-estado-do-turismo-visita-vila-nova-de-cerveira-e-moncao\/","og_locale":"pt_PT","og_type":"article","og_title":"Secret\u00e1ria de Estado do Turismo visita Vila Nova de Cerveira e Mon\u00e7\u00e3o","og_description":"A Secret\u00e1ria de Estado do Turismo, Rita Marques, desloca-se esta sexta-feira aos concelhos de Vila Nova de Cerveira e Mon\u00e7\u00e3o. Com chegada prevista para as 09h30, a governante vai estar em Vila Nova de Cerveira para uma breve visita \u00e0 Loja Interativa de Turismo, seguida de uma visita \u00e0 XXI Bienal Internacional de Arte de [&hellip;]","og_url":"https:\/\/www.altominho.tv\/site\/2020\/09\/03\/secretaria-de-estado-do-turismo-visita-vila-nova-de-cerveira-e-moncao\/","og_site_name":"Altominho.tv","article_publisher":"https:\/\/www.facebook.com\/altominhotv","article_published_time":"2020-09-03T17:15:06+00:00","article_modified_time":"2020-09-03T17:15:09+00:00","og_image":[{"width":770,"height":439,"url":"https:\/\/www.altominho.tv\/site\/wp-content\/uploads\/2020\/09\/rita-marques-770x439_c.jpg","type":"image\/jpeg"}],"author":"Andreia Ferreira","twitter_card":"summary_large_image","twitter_creator":"@altominhoTV","twitter_site":"@altominhoTV","twitter_misc":{"Escrito por":"Andreia Ferreira","Tempo estimado de leitura":"1 minuto"},"schema":{"@context":"https:\/\/schema.org","@graph":[{"@type":"Article","@id":"https:\/\/www.altominho.tv\/site\/2020\/09\/03\/secretaria-de-estado-do-turismo-visita-vila-nova-de-cerveira-e-moncao\/#article","isPartOf":{"@id":"https:\/\/www.altominho.tv\/site\/2020\/09\/03\/secretaria-de-estado-do-turismo-visita-vila-nova-de-cerveira-e-moncao\/"},"author":{"name":"Andreia Ferreira","@id":"https:\/\/www.altominho.tv\/site\/#\/schema\/person\/d9be4265364723f14ea8e0d56a1d38cd"},"headline":"Secret\u00e1ria de Estado do Turismo visita Vila Nova de Cerveira e Mon\u00e7\u00e3o","datePublished":"2020-09-03T17:15:06+00:00","dateModified":"2020-09-03T17:15:09+00:00","mainEntityOfPage":{"@id":"https:\/\/www.altominho.tv\/site\/2020\/09\/03\/secretaria-de-estado-do-turismo-visita-vila-nova-de-cerveira-e-moncao\/"},"wordCount":135,"image":{"@id":"https:\/\/www.altominho.tv\/site\/2020\/09\/03\/secretaria-de-estado-do-turismo-visita-vila-nova-de-cerveira-e-moncao\/#primaryimage"},"thumbnailUrl":"https:\/\/www.altominho.tv\/site\/wp-content\/uploads\/2020\/09\/rita-marques-770x439_c.jpg","keywords":["Sociedade"],"articleSection":["Alto Minho"],"inLanguage":"pt-PT","copyrightYear":"2020","copyrightHolder":{"@id":"https:\/\/www.altominho.tv\/site\/#organization"}},{"@type":"WebPage","@id":"https:\/\/www.altominho.tv\/site\/2020\/09\/03\/secretaria-de-estado-do-turismo-visita-vila-nova-de-cerveira-e-moncao\/","url":"https:\/\/www.altominho.tv\/site\/2020\/09\/03\/secretaria-de-estado-do-turismo-visita-vila-nova-de-cerveira-e-moncao\/","name":"Secret\u00e1ria de Estado do Turismo visita Vila Nova de Cerveira e Mon\u00e7\u00e3o","isPartOf":{"@id":"https:\/\/www.altominho.tv\/site\/#website"},"primaryImageOfPage":{"@id":"https:\/\/www.altominho.tv\/site\/2020\/09\/03\/secretaria-de-estado-do-turismo-visita-vila-nova-de-cerveira-e-moncao\/#primaryimage"},"image":{"@id":"https:\/\/www.altominho.tv\/site\/2020\/09\/03\/secretaria-de-estado-do-turismo-visita-vila-nova-de-cerveira-e-moncao\/#primaryimage"},"thumbnailUrl":"https:\/\/www.altominho.tv\/site\/wp-content\/uploads\/2020\/09\/rita-marques-770x439_c.jpg","datePublished":"2020-09-03T17:15:06+00:00","dateModified":"2020-09-03T17:15:09+00:00","author":{"@id":"https:\/\/www.altominho.tv\/site\/#\/schema\/person\/d9be4265364723f14ea8e0d56a1d38cd"},"breadcrumb":{"@id":"https:\/\/www.altominho.tv\/site\/2020\/09\/03\/secretaria-de-estado-do-turismo-visita-vila-nova-de-cerveira-e-moncao\/#breadcrumb"},"inLanguage":"pt-PT","potentialAction":[{"@type":"ReadAction","target":["https:\/\/www.altominho.tv\/site\/2020\/09\/03\/secretaria-de-estado-do-turismo-visita-vila-nova-de-cerveira-e-moncao\/"]}]},{"@type":"ImageObject","inLanguage":"pt-PT","@id":"https:\/\/www.altominho.tv\/site\/2020\/09\/03\/secretaria-de-estado-do-turismo-visita-vila-nova-de-cerveira-e-moncao\/#primaryimage","url":"https:\/\/www.altominho.tv\/site\/wp-content\/uploads\/2020\/09\/rita-marques-770x439_c.jpg","contentUrl":"https:\/\/www.altominho.tv\/site\/wp-content\/uploads\/2020\/09\/rita-marques-770x439_c.jpg","width":770,"height":439,"caption":"AMBITUR"},{"@type":"BreadcrumbList","@id":"https:\/\/www.altominho.tv\/site\/2020\/09\/03\/secretaria-de-estado-do-turismo-visita-vila-nova-de-cerveira-e-moncao\/#breadcrumb","itemListElement":[{"@type":"ListItem","position":1,"name":"In\u00edcio","item":"https:\/\/www.altominho.tv\/site\/"},{"@type":"ListItem","position":2,"name":"Secret\u00e1ria de Estado do Turismo visita Vila Nova de Cerveira e Mon\u00e7\u00e3o"}]},{"@type":"WebSite","@id":"https:\/\/www.altominho.tv\/site\/#website","url":"https:\/\/www.altominho.tv\/site\/","name":"Altominho.tv","description":"A sua regi\u00e3o \u00e0 dist\u00e2ncia de um clique...","potentialAction":[{"@type":"SearchAction","target":{"@type":"EntryPoint","urlTemplate":"https:\/\/www.altominho.tv\/site\/?s={search_term_string}"},"query-input":{"@type":"PropertyValueSpecification","valueRequired":true,"valueName":"search_term_string"}}],"inLanguage":"pt-PT"},{"@type":"Person","@id":"https:\/\/www.altominho.tv\/site\/#\/schema\/person\/d9be4265364723f14ea8e0d56a1d38cd","name":"Andreia Ferreira","image":{"@type":"ImageObject","inLanguage":"pt-PT","@id":"https:\/\/www.altominho.tv\/site\/wp-content\/uploads\/2021\/01\/AndreiaFerreira-150x150.jpg","url":"https:\/\/www.altominho.tv\/site\/wp-content\/uploads\/2021\/01\/AndreiaFerreira-150x150.jpg","contentUrl":"https:\/\/www.altominho.tv\/site\/wp-content\/uploads\/2021\/01\/AndreiaFerreira-150x150.jpg","caption":"Andreia Ferreira"},"url":"https:\/\/www.altominho.tv\/site\/author\/andreiaferreira\/"}]}},"_links":{"self":[{"href":"https:\/\/www.altominho.tv\/site\/wp-json\/wp\/v2\/posts\/51546","targetHints":{"allow":["GET"]}}],"collection":[{"href":"https:\/\/www.altominho.tv\/site\/wp-json\/wp\/v2\/posts"}],"about":[{"href":"https:\/\/www.altominho.tv\/site\/wp-json\/wp\/v2\/types\/post"}],"author":[{"embeddable":true,"href":"https:\/\/www.altominho.tv\/site\/wp-json\/wp\/v2\/users\/12"}],"replies":[{"embeddable":true,"href":"https:\/\/www.altominho.tv\/site\/wp-json\/wp\/v2\/comments?post=51546"}],"version-history":[{"count":0,"href":"https:\/\/www.altominho.tv\/site\/wp-json\/wp\/v2\/posts\/51546\/revisions"}],"wp:featuredmedia":[{"embeddable":true,"href":"https:\/\/www.altominho.tv\/site\/wp-json\/wp\/v2\/media\/51550"}],"wp:attachment":[{"href":"https:\/\/www.altominho.tv\/site\/wp-json\/wp\/v2\/media?parent=51546"}],"wp:term":[{"taxonomy":"category","embeddable":true,"href":"https:\/\/www.altominho.tv\/site\/wp-json\/wp\/v2\/categories?post=51546"},{"taxonomy":"post_tag","embeddable":true,"href":"https:\/\/www.altominho.tv\/site\/wp-json\/wp\/v2\/tags?post=51546"}],"curies":[{"name":"wp","href":"https:\/\/api.w.org\/{rel}","templated":true}]}}