{"id":51348,"date":"2020-08-31T13:20:39","date_gmt":"2020-08-31T12:20:39","guid":{"rendered":"http:\/\/www.altominho.tv\/site\/?p=51348"},"modified":"2022-01-17T14:26:59","modified_gmt":"2022-01-17T14:26:59","slug":"costa-pede-consenso-para-a-recuperacao-e-avisa-que-resposta-a-crise-e-uma-maratona","status":"publish","type":"post","link":"https:\/\/www.altominho.tv\/site\/2020\/08\/31\/costa-pede-consenso-para-a-recuperacao-e-avisa-que-resposta-a-crise-e-uma-maratona\/","title":{"rendered":"Costa pede consenso para a recupera\u00e7\u00e3o e avisa que resposta \u00e0 crise \u00e9 uma maratona"},"content":{"rendered":"<p>O secret\u00e1rio-geral do PS apelou hoje ao consenso pol\u00edtico e social na execu\u00e7\u00e3o dos programas de recupera\u00e7\u00e3o econ\u00f3mica, alegando que a batalha contra a crise \u00e9 uma maratona e a resposta transcende o horizonte da atual legislatura.<\/p>\n<p class=\"text-paragraph\">Esta posi\u00e7\u00e3o foi transmitida por Ant\u00f3nio Costa no final de um discurso com cerca de uma hora, na abertura da Confer\u00eancia Nacional do PS, no audit\u00f3rio do Convento de S\u00e3o Francisco, em Coimbra, durante o qual apresentou as linhas gerais dos planos de recupera\u00e7\u00e3o em prepara\u00e7\u00e3o pelo Governo.<\/p>\n<p class=\"text-paragraph\">Em rela\u00e7\u00e3o a estes programas, o l\u00edder socialista considerou fundamental a exist\u00eancia de &#8220;um consenso&#8221; pol\u00edtico e social, porque &#8220;o pa\u00eds n\u00e3o tem pela frente uma corrida de cem metros&#8221;.<\/p>\n<p class=\"text-paragraph\">&#8220;Muitos acreditaram que a covid-19 desaparecia, se estiv\u00e9ssemos 15 dias em estado de emerg\u00eancia e nos fech\u00e1ssemos em casa, mas j\u00e1 percebemos que n\u00e3o \u00e9 assim. Esta \u00e9 uma maratona do ponto de vista sanit\u00e1rio. Mas \u00e9 tamb\u00e9m uma maratona dos pontos de vista econ\u00f3mico e social&#8221;, advertiu o primeiro-ministro.<\/p>\n<p class=\"text-paragraph\">Neste ponto, Ant\u00f3nio Costa frisou que n\u00e3o se pode dizer simultaneamente que Portugal enfrenta &#8220;a maior crise econ\u00f3mica de sempre e esperar que essa crise desapare\u00e7a amanh\u00e3 por milagre, se a covid-19 desaparecer&#8221;.<\/p>\n<p class=\"text-paragraph\">&#8220;N\u00e3o, a covid-19 vai deixar marcas, porque houve empresas que foram destru\u00eddas, h\u00e1 empresas que n\u00e3o v\u00e3o reabrir e h\u00e1 capital que se perdeu. A recupera\u00e7\u00e3o desta crise \u00e9 um trabalho de fundo e muito exigente&#8221;, acentuou o secret\u00e1rio-geral do PS.<\/p>\n","protected":false},"excerpt":{"rendered":"<p>O secret\u00e1rio-geral do PS apelou hoje ao consenso pol\u00edtico e social na execu\u00e7\u00e3o dos programas de recupera\u00e7\u00e3o econ\u00f3mica, alegando que a batalha contra a crise \u00e9 uma maratona e a resposta transcende o horizonte da atual legislatura. Esta posi\u00e7\u00e3o foi transmitida por Ant\u00f3nio Costa no final de um discurso com cerca de uma hora, na [&hellip;]<\/p>\n","protected":false},"author":13,"featured_media":51342,"comment_status":"closed","ping_status":"closed","sticky":false,"template":"","format":"standard","meta":{"_exactmetrics_skip_tracking":false,"_exactmetrics_sitenote_active":false,"_exactmetrics_sitenote_note":"","_exactmetrics_sitenote_category":0,"footnotes":""},"categories":[56325],"tags":[21,27],"class_list":["post-51348","post","type-post","status-publish","format-standard","has-post-thumbnail","hentry","category-pais","tag-economia","tag-sociedade"],"yoast_head":"<!-- This site is optimized with the Yoast SEO Premium plugin v27.4 (Yoast SEO v27.4) - https:\/\/yoast.com\/product\/yoast-seo-premium-wordpress\/ -->\n<title>Costa pede consenso para a recupera\u00e7\u00e3o e avisa que resposta \u00e0 crise \u00e9 uma maratona<\/title>\n<meta name=\"robots\" content=\"index, follow, max-snippet:-1, max-image-preview:large, max-video-preview:-1\" \/>\n<link rel=\"canonical\" href=\"https:\/\/www.altominho.tv\/site\/2020\/08\/31\/costa-pede-consenso-para-a-recuperacao-e-avisa-que-resposta-a-crise-e-uma-maratona\/\" \/>\n<meta property=\"og:locale\" content=\"pt_PT\" \/>\n<meta property=\"og:type\" content=\"article\" \/>\n<meta property=\"og:title\" content=\"Costa pede consenso para a recupera\u00e7\u00e3o e avisa que resposta \u00e0 crise \u00e9 uma maratona\" \/>\n<meta property=\"og:description\" content=\"O secret\u00e1rio-geral do PS apelou hoje ao consenso pol\u00edtico e social na execu\u00e7\u00e3o dos programas de recupera\u00e7\u00e3o econ\u00f3mica, alegando que a batalha contra a crise \u00e9 uma maratona e a resposta transcende o horizonte da atual legislatura. Esta posi\u00e7\u00e3o foi transmitida por Ant\u00f3nio Costa no final de um discurso com cerca de uma hora, na [&hellip;]\" \/>\n<meta property=\"og:url\" content=\"https:\/\/www.altominho.tv\/site\/2020\/08\/31\/costa-pede-consenso-para-a-recuperacao-e-avisa-que-resposta-a-crise-e-uma-maratona\/\" \/>\n<meta property=\"og:site_name\" content=\"Altominho.tv\" \/>\n<meta property=\"article:publisher\" content=\"https:\/\/www.facebook.com\/altominhotv\" \/>\n<meta property=\"article:published_time\" content=\"2020-08-31T12:20:39+00:00\" \/>\n<meta property=\"article:modified_time\" content=\"2022-01-17T14:26:59+00:00\" \/>\n<meta property=\"og:image\" content=\"https:\/\/www.altominho.tv\/site\/wp-content\/uploads\/2020\/08\/thumbs.web_.sapo_.io_-1.jpg\" \/>\n\t<meta property=\"og:image:width\" content=\"1200\" \/>\n\t<meta property=\"og:image:height\" content=\"627\" \/>\n\t<meta property=\"og:image:type\" content=\"image\/jpeg\" \/>\n<meta name=\"author\" content=\"Lusa\" \/>\n<meta name=\"twitter:card\" content=\"summary_large_image\" \/>\n<meta name=\"twitter:creator\" content=\"@altominhoTV\" \/>\n<meta name=\"twitter:site\" content=\"@altominhoTV\" \/>\n<meta name=\"twitter:label1\" content=\"Escrito por\" \/>\n\t<meta name=\"twitter:data1\" content=\"Lusa\" \/>\n\t<meta name=\"twitter:label2\" content=\"Tempo estimado de leitura\" \/>\n\t<meta name=\"twitter:data2\" content=\"1 minuto\" \/>\n<script type=\"application\/ld+json\" class=\"yoast-schema-graph\">{\"@context\":\"https:\\\/\\\/schema.org\",\"@graph\":[{\"@type\":\"Article\",\"@id\":\"https:\\\/\\\/www.altominho.tv\\\/site\\\/2020\\\/08\\\/31\\\/costa-pede-consenso-para-a-recuperacao-e-avisa-que-resposta-a-crise-e-uma-maratona\\\/#article\",\"isPartOf\":{\"@id\":\"https:\\\/\\\/www.altominho.tv\\\/site\\\/2020\\\/08\\\/31\\\/costa-pede-consenso-para-a-recuperacao-e-avisa-que-resposta-a-crise-e-uma-maratona\\\/\"},\"author\":{\"name\":\"Lusa\",\"@id\":\"https:\\\/\\\/www.altominho.tv\\\/site\\\/#\\\/schema\\\/person\\\/63f693da3e1899361cbe955c46f3232e\"},\"headline\":\"Costa pede consenso para a recupera\u00e7\u00e3o e avisa que resposta \u00e0 crise \u00e9 uma maratona\",\"datePublished\":\"2020-08-31T12:20:39+00:00\",\"dateModified\":\"2022-01-17T14:26:59+00:00\",\"mainEntityOfPage\":{\"@id\":\"https:\\\/\\\/www.altominho.tv\\\/site\\\/2020\\\/08\\\/31\\\/costa-pede-consenso-para-a-recuperacao-e-avisa-que-resposta-a-crise-e-uma-maratona\\\/\"},\"wordCount\":282,\"image\":{\"@id\":\"https:\\\/\\\/www.altominho.tv\\\/site\\\/2020\\\/08\\\/31\\\/costa-pede-consenso-para-a-recuperacao-e-avisa-que-resposta-a-crise-e-uma-maratona\\\/#primaryimage\"},\"thumbnailUrl\":\"https:\\\/\\\/www.altominho.tv\\\/site\\\/wp-content\\\/uploads\\\/2020\\\/08\\\/thumbs.web_.sapo_.io_-1.jpg\",\"keywords\":[\"Economia\",\"Sociedade\"],\"articleSection\":[\"Pa\u00eds\"],\"inLanguage\":\"pt-PT\",\"copyrightYear\":\"2020\",\"copyrightHolder\":{\"@id\":\"https:\\\/\\\/www.altominho.tv\\\/site\\\/#organization\"}},{\"@type\":\"WebPage\",\"@id\":\"https:\\\/\\\/www.altominho.tv\\\/site\\\/2020\\\/08\\\/31\\\/costa-pede-consenso-para-a-recuperacao-e-avisa-que-resposta-a-crise-e-uma-maratona\\\/\",\"url\":\"https:\\\/\\\/www.altominho.tv\\\/site\\\/2020\\\/08\\\/31\\\/costa-pede-consenso-para-a-recuperacao-e-avisa-que-resposta-a-crise-e-uma-maratona\\\/\",\"name\":\"Costa pede consenso para a recupera\u00e7\u00e3o e avisa que resposta \u00e0 crise \u00e9 uma maratona\",\"isPartOf\":{\"@id\":\"https:\\\/\\\/www.altominho.tv\\\/site\\\/#website\"},\"primaryImageOfPage\":{\"@id\":\"https:\\\/\\\/www.altominho.tv\\\/site\\\/2020\\\/08\\\/31\\\/costa-pede-consenso-para-a-recuperacao-e-avisa-que-resposta-a-crise-e-uma-maratona\\\/#primaryimage\"},\"image\":{\"@id\":\"https:\\\/\\\/www.altominho.tv\\\/site\\\/2020\\\/08\\\/31\\\/costa-pede-consenso-para-a-recuperacao-e-avisa-que-resposta-a-crise-e-uma-maratona\\\/#primaryimage\"},\"thumbnailUrl\":\"https:\\\/\\\/www.altominho.tv\\\/site\\\/wp-content\\\/uploads\\\/2020\\\/08\\\/thumbs.web_.sapo_.io_-1.jpg\",\"datePublished\":\"2020-08-31T12:20:39+00:00\",\"dateModified\":\"2022-01-17T14:26:59+00:00\",\"author\":{\"@id\":\"https:\\\/\\\/www.altominho.tv\\\/site\\\/#\\\/schema\\\/person\\\/63f693da3e1899361cbe955c46f3232e\"},\"breadcrumb\":{\"@id\":\"https:\\\/\\\/www.altominho.tv\\\/site\\\/2020\\\/08\\\/31\\\/costa-pede-consenso-para-a-recuperacao-e-avisa-que-resposta-a-crise-e-uma-maratona\\\/#breadcrumb\"},\"inLanguage\":\"pt-PT\",\"potentialAction\":[{\"@type\":\"ReadAction\",\"target\":[\"https:\\\/\\\/www.altominho.tv\\\/site\\\/2020\\\/08\\\/31\\\/costa-pede-consenso-para-a-recuperacao-e-avisa-que-resposta-a-crise-e-uma-maratona\\\/\"]}]},{\"@type\":\"ImageObject\",\"inLanguage\":\"pt-PT\",\"@id\":\"https:\\\/\\\/www.altominho.tv\\\/site\\\/2020\\\/08\\\/31\\\/costa-pede-consenso-para-a-recuperacao-e-avisa-que-resposta-a-crise-e-uma-maratona\\\/#primaryimage\",\"url\":\"https:\\\/\\\/www.altominho.tv\\\/site\\\/wp-content\\\/uploads\\\/2020\\\/08\\\/thumbs.web_.sapo_.io_-1.jpg\",\"contentUrl\":\"https:\\\/\\\/www.altominho.tv\\\/site\\\/wp-content\\\/uploads\\\/2020\\\/08\\\/thumbs.web_.sapo_.io_-1.jpg\",\"width\":1200,\"height\":627},{\"@type\":\"BreadcrumbList\",\"@id\":\"https:\\\/\\\/www.altominho.tv\\\/site\\\/2020\\\/08\\\/31\\\/costa-pede-consenso-para-a-recuperacao-e-avisa-que-resposta-a-crise-e-uma-maratona\\\/#breadcrumb\",\"itemListElement\":[{\"@type\":\"ListItem\",\"position\":1,\"name\":\"In\u00edcio\",\"item\":\"https:\\\/\\\/www.altominho.tv\\\/site\\\/\"},{\"@type\":\"ListItem\",\"position\":2,\"name\":\"Costa pede consenso para a recupera\u00e7\u00e3o e avisa que resposta \u00e0 crise \u00e9 uma maratona\"}]},{\"@type\":\"WebSite\",\"@id\":\"https:\\\/\\\/www.altominho.tv\\\/site\\\/#website\",\"url\":\"https:\\\/\\\/www.altominho.tv\\\/site\\\/\",\"name\":\"Altominho.tv\",\"description\":\"A sua regi\u00e3o \u00e0 dist\u00e2ncia de um clique...\",\"potentialAction\":[{\"@type\":\"SearchAction\",\"target\":{\"@type\":\"EntryPoint\",\"urlTemplate\":\"https:\\\/\\\/www.altominho.tv\\\/site\\\/?s={search_term_string}\"},\"query-input\":{\"@type\":\"PropertyValueSpecification\",\"valueRequired\":true,\"valueName\":\"search_term_string\"}}],\"inLanguage\":\"pt-PT\"},{\"@type\":\"Person\",\"@id\":\"https:\\\/\\\/www.altominho.tv\\\/site\\\/#\\\/schema\\\/person\\\/63f693da3e1899361cbe955c46f3232e\",\"name\":\"Lusa\",\"image\":{\"@type\":\"ImageObject\",\"inLanguage\":\"pt-PT\",\"@id\":\"https:\\\/\\\/www.altominho.tv\\\/site\\\/wp-content\\\/uploads\\\/2019\\\/08\\\/LUSA_Logo.gif\",\"url\":\"https:\\\/\\\/www.altominho.tv\\\/site\\\/wp-content\\\/uploads\\\/2019\\\/08\\\/LUSA_Logo.gif\",\"contentUrl\":\"https:\\\/\\\/www.altominho.tv\\\/site\\\/wp-content\\\/uploads\\\/2019\\\/08\\\/LUSA_Logo.gif\",\"caption\":\"Lusa\"},\"sameAs\":[\"http:\\\/\\\/\\\/\\\/www.altominho.tv\\\/site\"],\"url\":\"https:\\\/\\\/www.altominho.tv\\\/site\\\/author\\\/lusa\\\/\"}]}<\/script>\n<!-- \/ Yoast SEO Premium plugin. -->","yoast_head_json":{"title":"Costa pede consenso para a recupera\u00e7\u00e3o e avisa que resposta \u00e0 crise \u00e9 uma maratona","robots":{"index":"index","follow":"follow","max-snippet":"max-snippet:-1","max-image-preview":"max-image-preview:large","max-video-preview":"max-video-preview:-1"},"canonical":"https:\/\/www.altominho.tv\/site\/2020\/08\/31\/costa-pede-consenso-para-a-recuperacao-e-avisa-que-resposta-a-crise-e-uma-maratona\/","og_locale":"pt_PT","og_type":"article","og_title":"Costa pede consenso para a recupera\u00e7\u00e3o e avisa que resposta \u00e0 crise \u00e9 uma maratona","og_description":"O secret\u00e1rio-geral do PS apelou hoje ao consenso pol\u00edtico e social na execu\u00e7\u00e3o dos programas de recupera\u00e7\u00e3o econ\u00f3mica, alegando que a batalha contra a crise \u00e9 uma maratona e a resposta transcende o horizonte da atual legislatura. Esta posi\u00e7\u00e3o foi transmitida por Ant\u00f3nio Costa no final de um discurso com cerca de uma hora, na [&hellip;]","og_url":"https:\/\/www.altominho.tv\/site\/2020\/08\/31\/costa-pede-consenso-para-a-recuperacao-e-avisa-que-resposta-a-crise-e-uma-maratona\/","og_site_name":"Altominho.tv","article_publisher":"https:\/\/www.facebook.com\/altominhotv","article_published_time":"2020-08-31T12:20:39+00:00","article_modified_time":"2022-01-17T14:26:59+00:00","og_image":[{"width":1200,"height":627,"url":"https:\/\/www.altominho.tv\/site\/wp-content\/uploads\/2020\/08\/thumbs.web_.sapo_.io_-1.jpg","type":"image\/jpeg"}],"author":"Lusa","twitter_card":"summary_large_image","twitter_creator":"@altominhoTV","twitter_site":"@altominhoTV","twitter_misc":{"Escrito por":"Lusa","Tempo estimado de leitura":"1 minuto"},"schema":{"@context":"https:\/\/schema.org","@graph":[{"@type":"Article","@id":"https:\/\/www.altominho.tv\/site\/2020\/08\/31\/costa-pede-consenso-para-a-recuperacao-e-avisa-que-resposta-a-crise-e-uma-maratona\/#article","isPartOf":{"@id":"https:\/\/www.altominho.tv\/site\/2020\/08\/31\/costa-pede-consenso-para-a-recuperacao-e-avisa-que-resposta-a-crise-e-uma-maratona\/"},"author":{"name":"Lusa","@id":"https:\/\/www.altominho.tv\/site\/#\/schema\/person\/63f693da3e1899361cbe955c46f3232e"},"headline":"Costa pede consenso para a recupera\u00e7\u00e3o e avisa que resposta \u00e0 crise \u00e9 uma maratona","datePublished":"2020-08-31T12:20:39+00:00","dateModified":"2022-01-17T14:26:59+00:00","mainEntityOfPage":{"@id":"https:\/\/www.altominho.tv\/site\/2020\/08\/31\/costa-pede-consenso-para-a-recuperacao-e-avisa-que-resposta-a-crise-e-uma-maratona\/"},"wordCount":282,"image":{"@id":"https:\/\/www.altominho.tv\/site\/2020\/08\/31\/costa-pede-consenso-para-a-recuperacao-e-avisa-que-resposta-a-crise-e-uma-maratona\/#primaryimage"},"thumbnailUrl":"https:\/\/www.altominho.tv\/site\/wp-content\/uploads\/2020\/08\/thumbs.web_.sapo_.io_-1.jpg","keywords":["Economia","Sociedade"],"articleSection":["Pa\u00eds"],"inLanguage":"pt-PT","copyrightYear":"2020","copyrightHolder":{"@id":"https:\/\/www.altominho.tv\/site\/#organization"}},{"@type":"WebPage","@id":"https:\/\/www.altominho.tv\/site\/2020\/08\/31\/costa-pede-consenso-para-a-recuperacao-e-avisa-que-resposta-a-crise-e-uma-maratona\/","url":"https:\/\/www.altominho.tv\/site\/2020\/08\/31\/costa-pede-consenso-para-a-recuperacao-e-avisa-que-resposta-a-crise-e-uma-maratona\/","name":"Costa pede consenso para a recupera\u00e7\u00e3o e avisa que resposta \u00e0 crise \u00e9 uma maratona","isPartOf":{"@id":"https:\/\/www.altominho.tv\/site\/#website"},"primaryImageOfPage":{"@id":"https:\/\/www.altominho.tv\/site\/2020\/08\/31\/costa-pede-consenso-para-a-recuperacao-e-avisa-que-resposta-a-crise-e-uma-maratona\/#primaryimage"},"image":{"@id":"https:\/\/www.altominho.tv\/site\/2020\/08\/31\/costa-pede-consenso-para-a-recuperacao-e-avisa-que-resposta-a-crise-e-uma-maratona\/#primaryimage"},"thumbnailUrl":"https:\/\/www.altominho.tv\/site\/wp-content\/uploads\/2020\/08\/thumbs.web_.sapo_.io_-1.jpg","datePublished":"2020-08-31T12:20:39+00:00","dateModified":"2022-01-17T14:26:59+00:00","author":{"@id":"https:\/\/www.altominho.tv\/site\/#\/schema\/person\/63f693da3e1899361cbe955c46f3232e"},"breadcrumb":{"@id":"https:\/\/www.altominho.tv\/site\/2020\/08\/31\/costa-pede-consenso-para-a-recuperacao-e-avisa-que-resposta-a-crise-e-uma-maratona\/#breadcrumb"},"inLanguage":"pt-PT","potentialAction":[{"@type":"ReadAction","target":["https:\/\/www.altominho.tv\/site\/2020\/08\/31\/costa-pede-consenso-para-a-recuperacao-e-avisa-que-resposta-a-crise-e-uma-maratona\/"]}]},{"@type":"ImageObject","inLanguage":"pt-PT","@id":"https:\/\/www.altominho.tv\/site\/2020\/08\/31\/costa-pede-consenso-para-a-recuperacao-e-avisa-que-resposta-a-crise-e-uma-maratona\/#primaryimage","url":"https:\/\/www.altominho.tv\/site\/wp-content\/uploads\/2020\/08\/thumbs.web_.sapo_.io_-1.jpg","contentUrl":"https:\/\/www.altominho.tv\/site\/wp-content\/uploads\/2020\/08\/thumbs.web_.sapo_.io_-1.jpg","width":1200,"height":627},{"@type":"BreadcrumbList","@id":"https:\/\/www.altominho.tv\/site\/2020\/08\/31\/costa-pede-consenso-para-a-recuperacao-e-avisa-que-resposta-a-crise-e-uma-maratona\/#breadcrumb","itemListElement":[{"@type":"ListItem","position":1,"name":"In\u00edcio","item":"https:\/\/www.altominho.tv\/site\/"},{"@type":"ListItem","position":2,"name":"Costa pede consenso para a recupera\u00e7\u00e3o e avisa que resposta \u00e0 crise \u00e9 uma maratona"}]},{"@type":"WebSite","@id":"https:\/\/www.altominho.tv\/site\/#website","url":"https:\/\/www.altominho.tv\/site\/","name":"Altominho.tv","description":"A sua regi\u00e3o \u00e0 dist\u00e2ncia de um clique...","potentialAction":[{"@type":"SearchAction","target":{"@type":"EntryPoint","urlTemplate":"https:\/\/www.altominho.tv\/site\/?s={search_term_string}"},"query-input":{"@type":"PropertyValueSpecification","valueRequired":true,"valueName":"search_term_string"}}],"inLanguage":"pt-PT"},{"@type":"Person","@id":"https:\/\/www.altominho.tv\/site\/#\/schema\/person\/63f693da3e1899361cbe955c46f3232e","name":"Lusa","image":{"@type":"ImageObject","inLanguage":"pt-PT","@id":"https:\/\/www.altominho.tv\/site\/wp-content\/uploads\/2019\/08\/LUSA_Logo.gif","url":"https:\/\/www.altominho.tv\/site\/wp-content\/uploads\/2019\/08\/LUSA_Logo.gif","contentUrl":"https:\/\/www.altominho.tv\/site\/wp-content\/uploads\/2019\/08\/LUSA_Logo.gif","caption":"Lusa"},"sameAs":["http:\/\/\/\/www.altominho.tv\/site"],"url":"https:\/\/www.altominho.tv\/site\/author\/lusa\/"}]}},"_links":{"self":[{"href":"https:\/\/www.altominho.tv\/site\/wp-json\/wp\/v2\/posts\/51348","targetHints":{"allow":["GET"]}}],"collection":[{"href":"https:\/\/www.altominho.tv\/site\/wp-json\/wp\/v2\/posts"}],"about":[{"href":"https:\/\/www.altominho.tv\/site\/wp-json\/wp\/v2\/types\/post"}],"author":[{"embeddable":true,"href":"https:\/\/www.altominho.tv\/site\/wp-json\/wp\/v2\/users\/13"}],"replies":[{"embeddable":true,"href":"https:\/\/www.altominho.tv\/site\/wp-json\/wp\/v2\/comments?post=51348"}],"version-history":[{"count":0,"href":"https:\/\/www.altominho.tv\/site\/wp-json\/wp\/v2\/posts\/51348\/revisions"}],"wp:featuredmedia":[{"embeddable":true,"href":"https:\/\/www.altominho.tv\/site\/wp-json\/wp\/v2\/media\/51342"}],"wp:attachment":[{"href":"https:\/\/www.altominho.tv\/site\/wp-json\/wp\/v2\/media?parent=51348"}],"wp:term":[{"taxonomy":"category","embeddable":true,"href":"https:\/\/www.altominho.tv\/site\/wp-json\/wp\/v2\/categories?post=51348"},{"taxonomy":"post_tag","embeddable":true,"href":"https:\/\/www.altominho.tv\/site\/wp-json\/wp\/v2\/tags?post=51348"}],"curies":[{"name":"wp","href":"https:\/\/api.w.org\/{rel}","templated":true}]}}