{"id":51197,"date":"2020-08-27T12:17:30","date_gmt":"2020-08-27T11:17:30","guid":{"rendered":"http:\/\/www.altominho.tv\/site\/?p=51197"},"modified":"2020-08-27T12:17:34","modified_gmt":"2020-08-27T11:17:34","slug":"cine-teatro-joao-verde-reabre-no-dia-4-de-setembro","status":"publish","type":"post","link":"https:\/\/www.altominho.tv\/site\/2020\/08\/27\/cine-teatro-joao-verde-reabre-no-dia-4-de-setembro\/","title":{"rendered":"Cine Teatro Jo\u00e3o Verde reabre no dia 4 de setembro"},"content":{"rendered":"\n<p class=\"wp-block-paragraph\">O Cine Teatro Jo\u00e3o Verde, em  Mon\u00e7\u00e3o, vai reabrir no dia 4 de setembro.<\/p>\n\n\n\n<p class=\"wp-block-paragraph\">Ap\u00f3s um per\u00edodo sem atividade cultural devido ao surto epidemiol\u00f3gico, o Cine Teatro Jo\u00e3o Verde reabre no dia 4 de setembro, sexta-feira, com a exibi\u00e7\u00e3o do filme \u201cBem-Vindos a \u00c1frica\u201d.<\/p>\n\n\n\n<p class=\"wp-block-paragraph\">A autarquia liderada por Ant\u00f3nio Barbosa, deu nota que o p\u00fablico ter\u00e1 que cumprir v\u00e1rias normas e procedimentos.<\/p>\n\n\n\n<p class=\"wp-block-paragraph\">Tendo em conta a situal atual, motivada pela pandemia de Covid-19, os espa\u00e7os culturais adotaram novas regras e medidas.<\/p>\n\n\n\n<p class=\"wp-block-paragraph\">Ser\u00e1 obrigat\u00f3ria a desinfe\u00e7\u00e3o das m\u00e3os \u00e0 entrada do Cine Teatro, \u00e9 obrigat\u00f3ria tamb\u00e9m a utiliza\u00e7\u00e3o de m\u00e1scara dentro e durante toda a perman\u00eancia no espa\u00e7o e \u00e9 obrigat\u00f3rio um distanciamento social de 2 metros.<\/p>\n\n\n\n<p class=\"wp-block-paragraph\">O acesso aos diferentes espa\u00e7os ser\u00e1 orientado pelos t\u00e9cnicos do Cine Teatro, a aquisi\u00e7\u00e3o dos bilhetes, para cinema ou espet\u00e1culos, poder\u00e3o ser adquiridos, antecipadamente, na Loja Interativa de Turismo, no Cine Teatro ou na Bilheteira Online e os lugares das salas encontram-se dispostos mediante as orienta\u00e7\u00f5es da Dire\u00e7\u00e3o-Geral de Sa\u00fade e Prote\u00e7\u00e3o Civil, &#8220;respeitando todas as normas e indica\u00e7\u00f5es para a seguran\u00e7a e conforto de todos os intervenientes&#8221;, disse a autarquia.<\/p>\n\n\n\n<p class=\"wp-block-paragraph\">Nas sess\u00f5es de cinema e espet\u00e1culos vai deixar de existir intervalo e a entrada e sa\u00edda da sala de espet\u00e1culos, ser\u00e1 acompanhada por indica\u00e7\u00f5es dos assistentes de sala.<\/p>\n\n\n\n<p class=\"wp-block-paragraph\">A autarquia deu ainda nota que n\u00e3o ser\u00e1 permitido consumir alimentos no interior do Cine Teatro, n\u00e3o ser\u00e1 permitida a perman\u00eancia de espectadores no interior do edif\u00edcio ap\u00f3s o final do espet\u00e1culo.<\/p>\n\n\n\n<p class=\"wp-block-paragraph\">O Cine Teatro Jo\u00e3o Verde, \u00e9 um pontos culturais de refer\u00eancia do concelho de Mon\u00e7\u00e3o, e esteve v\u00e1rios meses encerrado devido \u00e0 pandemia de Covid-19. <\/p>\n","protected":false},"excerpt":{"rendered":"<p>O Cine Teatro Jo\u00e3o Verde, em Mon\u00e7\u00e3o, vai reabrir no dia 4 de setembro. Ap\u00f3s um per\u00edodo sem atividade cultural devido ao surto epidemiol\u00f3gico, o Cine Teatro Jo\u00e3o Verde reabre no dia 4 de setembro, sexta-feira, com a exibi\u00e7\u00e3o do filme \u201cBem-Vindos a \u00c1frica\u201d. A autarquia liderada por Ant\u00f3nio Barbosa, deu nota que o p\u00fablico [&hellip;]<\/p>\n","protected":false},"author":7,"featured_media":51198,"comment_status":"closed","ping_status":"closed","sticky":false,"template":"","format":"standard","meta":{"_exactmetrics_skip_tracking":false,"footnotes":""},"categories":[9],"tags":[19,24],"class_list":["post-51197","post","type-post","status-publish","format-standard","has-post-thumbnail","hentry","category-moncao","tag-cultura","tag-lazer"],"yoast_head":"<!-- This site is optimized with the Yoast SEO Premium plugin v28.3 (Yoast SEO v28.3) - https:\/\/yoast.com\/product\/yoast-seo-premium-wordpress\/ -->\n<title>Cine Teatro Jo\u00e3o Verde reabre no dia 4 de setembro<\/title>\n<meta name=\"robots\" content=\"index, follow, max-snippet:-1, max-image-preview:large, max-video-preview:-1\" \/>\n<link rel=\"canonical\" href=\"https:\/\/www.altominho.tv\/site\/2020\/08\/27\/cine-teatro-joao-verde-reabre-no-dia-4-de-setembro\/\" \/>\n<meta property=\"og:locale\" content=\"pt_PT\" \/>\n<meta property=\"og:type\" content=\"article\" \/>\n<meta property=\"og:title\" content=\"Cine Teatro Jo\u00e3o Verde reabre no dia 4 de setembro\" \/>\n<meta property=\"og:description\" content=\"O Cine Teatro Jo\u00e3o Verde, em Mon\u00e7\u00e3o, vai reabrir no dia 4 de setembro. Ap\u00f3s um per\u00edodo sem atividade cultural devido ao surto epidemiol\u00f3gico, o Cine Teatro Jo\u00e3o Verde reabre no dia 4 de setembro, sexta-feira, com a exibi\u00e7\u00e3o do filme \u201cBem-Vindos a \u00c1frica\u201d. A autarquia liderada por Ant\u00f3nio Barbosa, deu nota que o p\u00fablico [&hellip;]\" \/>\n<meta property=\"og:url\" content=\"https:\/\/www.altominho.tv\/site\/2020\/08\/27\/cine-teatro-joao-verde-reabre-no-dia-4-de-setembro\/\" \/>\n<meta property=\"og:site_name\" content=\"Altominho.tv\" \/>\n<meta property=\"article:publisher\" content=\"https:\/\/www.facebook.com\/altominhotv\" \/>\n<meta property=\"article:published_time\" content=\"2020-08-27T11:17:30+00:00\" \/>\n<meta property=\"article:modified_time\" content=\"2020-08-27T11:17:34+00:00\" \/>\n<meta property=\"og:image\" content=\"https:\/\/www.altominho.tv\/site\/wp-content\/uploads\/2020\/08\/CTJV.jpg\" \/>\n\t<meta property=\"og:image:width\" content=\"2500\" \/>\n\t<meta property=\"og:image:height\" content=\"1286\" \/>\n\t<meta property=\"og:image:type\" content=\"image\/jpeg\" \/>\n<meta name=\"author\" content=\"Andreia Cunha\" \/>\n<meta name=\"twitter:card\" content=\"summary_large_image\" \/>\n<meta name=\"twitter:creator\" content=\"@altominhoTV\" \/>\n<meta name=\"twitter:site\" content=\"@altominhoTV\" \/>\n<meta name=\"twitter:label1\" content=\"Escrito por\" \/>\n\t<meta name=\"twitter:data1\" content=\"Andreia Cunha\" \/>\n\t<meta name=\"twitter:label2\" content=\"Tempo estimado de leitura\" \/>\n\t<meta name=\"twitter:data2\" content=\"2 minutos\" \/>\n<script type=\"application\/ld+json\" class=\"yoast-schema-graph\">{\"@context\":\"https:\\\/\\\/schema.org\",\"@graph\":[{\"@type\":\"Article\",\"@id\":\"https:\\\/\\\/www.altominho.tv\\\/site\\\/2020\\\/08\\\/27\\\/cine-teatro-joao-verde-reabre-no-dia-4-de-setembro\\\/#article\",\"isPartOf\":{\"@id\":\"https:\\\/\\\/www.altominho.tv\\\/site\\\/2020\\\/08\\\/27\\\/cine-teatro-joao-verde-reabre-no-dia-4-de-setembro\\\/\"},\"author\":{\"name\":\"Andreia Cunha\",\"@id\":\"https:\\\/\\\/www.altominho.tv\\\/site\\\/#\\\/schema\\\/person\\\/a0e4ef6d041f98ca284393d8f1d97153\"},\"headline\":\"Cine Teatro Jo\u00e3o Verde reabre no dia 4 de setembro\",\"datePublished\":\"2020-08-27T11:17:30+00:00\",\"dateModified\":\"2020-08-27T11:17:34+00:00\",\"mainEntityOfPage\":{\"@id\":\"https:\\\/\\\/www.altominho.tv\\\/site\\\/2020\\\/08\\\/27\\\/cine-teatro-joao-verde-reabre-no-dia-4-de-setembro\\\/\"},\"wordCount\":321,\"image\":{\"@id\":\"https:\\\/\\\/www.altominho.tv\\\/site\\\/2020\\\/08\\\/27\\\/cine-teatro-joao-verde-reabre-no-dia-4-de-setembro\\\/#primaryimage\"},\"thumbnailUrl\":\"https:\\\/\\\/www.altominho.tv\\\/site\\\/wp-content\\\/uploads\\\/2020\\\/08\\\/CTJV.jpg\",\"keywords\":[\"Cultura\",\"Lazer\"],\"articleSection\":[\"Mon\u00e7\u00e3o\"],\"inLanguage\":\"pt-PT\",\"copyrightYear\":\"2020\",\"copyrightHolder\":{\"@id\":\"https:\\\/\\\/www.altominho.tv\\\/site\\\/#organization\"}},{\"@type\":\"WebPage\",\"@id\":\"https:\\\/\\\/www.altominho.tv\\\/site\\\/2020\\\/08\\\/27\\\/cine-teatro-joao-verde-reabre-no-dia-4-de-setembro\\\/\",\"url\":\"https:\\\/\\\/www.altominho.tv\\\/site\\\/2020\\\/08\\\/27\\\/cine-teatro-joao-verde-reabre-no-dia-4-de-setembro\\\/\",\"name\":\"Cine Teatro Jo\u00e3o Verde reabre no dia 4 de setembro\",\"isPartOf\":{\"@id\":\"https:\\\/\\\/www.altominho.tv\\\/site\\\/#website\"},\"primaryImageOfPage\":{\"@id\":\"https:\\\/\\\/www.altominho.tv\\\/site\\\/2020\\\/08\\\/27\\\/cine-teatro-joao-verde-reabre-no-dia-4-de-setembro\\\/#primaryimage\"},\"image\":{\"@id\":\"https:\\\/\\\/www.altominho.tv\\\/site\\\/2020\\\/08\\\/27\\\/cine-teatro-joao-verde-reabre-no-dia-4-de-setembro\\\/#primaryimage\"},\"thumbnailUrl\":\"https:\\\/\\\/www.altominho.tv\\\/site\\\/wp-content\\\/uploads\\\/2020\\\/08\\\/CTJV.jpg\",\"datePublished\":\"2020-08-27T11:17:30+00:00\",\"dateModified\":\"2020-08-27T11:17:34+00:00\",\"author\":{\"@id\":\"https:\\\/\\\/www.altominho.tv\\\/site\\\/#\\\/schema\\\/person\\\/a0e4ef6d041f98ca284393d8f1d97153\"},\"breadcrumb\":{\"@id\":\"https:\\\/\\\/www.altominho.tv\\\/site\\\/2020\\\/08\\\/27\\\/cine-teatro-joao-verde-reabre-no-dia-4-de-setembro\\\/#breadcrumb\"},\"inLanguage\":\"pt-PT\",\"potentialAction\":[{\"@type\":\"ReadAction\",\"target\":[\"https:\\\/\\\/www.altominho.tv\\\/site\\\/2020\\\/08\\\/27\\\/cine-teatro-joao-verde-reabre-no-dia-4-de-setembro\\\/\"]}]},{\"@type\":\"ImageObject\",\"inLanguage\":\"pt-PT\",\"@id\":\"https:\\\/\\\/www.altominho.tv\\\/site\\\/2020\\\/08\\\/27\\\/cine-teatro-joao-verde-reabre-no-dia-4-de-setembro\\\/#primaryimage\",\"url\":\"https:\\\/\\\/www.altominho.tv\\\/site\\\/wp-content\\\/uploads\\\/2020\\\/08\\\/CTJV.jpg\",\"contentUrl\":\"https:\\\/\\\/www.altominho.tv\\\/site\\\/wp-content\\\/uploads\\\/2020\\\/08\\\/CTJV.jpg\",\"width\":2500,\"height\":1286},{\"@type\":\"BreadcrumbList\",\"@id\":\"https:\\\/\\\/www.altominho.tv\\\/site\\\/2020\\\/08\\\/27\\\/cine-teatro-joao-verde-reabre-no-dia-4-de-setembro\\\/#breadcrumb\",\"itemListElement\":[{\"@type\":\"ListItem\",\"position\":1,\"name\":\"In\u00edcio\",\"item\":\"https:\\\/\\\/www.altominho.tv\\\/site\\\/\"},{\"@type\":\"ListItem\",\"position\":2,\"name\":\"Cine Teatro Jo\u00e3o Verde reabre no dia 4 de setembro\"}]},{\"@type\":\"WebSite\",\"@id\":\"https:\\\/\\\/www.altominho.tv\\\/site\\\/#website\",\"url\":\"https:\\\/\\\/www.altominho.tv\\\/site\\\/\",\"name\":\"Altominho.tv\",\"description\":\"A sua regi\u00e3o \u00e0 dist\u00e2ncia de um clique...\",\"potentialAction\":[{\"@type\":\"SearchAction\",\"target\":{\"@type\":\"EntryPoint\",\"urlTemplate\":\"https:\\\/\\\/www.altominho.tv\\\/site\\\/?s={search_term_string}\"},\"query-input\":{\"@type\":\"PropertyValueSpecification\",\"valueRequired\":true,\"valueName\":\"search_term_string\"}}],\"inLanguage\":\"pt-PT\"},{\"@type\":\"Person\",\"@id\":\"https:\\\/\\\/www.altominho.tv\\\/site\\\/#\\\/schema\\\/person\\\/a0e4ef6d041f98ca284393d8f1d97153\",\"name\":\"Andreia Cunha\",\"image\":{\"@type\":\"ImageObject\",\"inLanguage\":\"pt-PT\",\"@id\":\"https:\\\/\\\/www.altominho.tv\\\/site\\\/wp-content\\\/uploads\\\/2017\\\/11\\\/Andreia_Cunha-1-150x150.jpg\",\"url\":\"https:\\\/\\\/www.altominho.tv\\\/site\\\/wp-content\\\/uploads\\\/2017\\\/11\\\/Andreia_Cunha-1-150x150.jpg\",\"contentUrl\":\"https:\\\/\\\/www.altominho.tv\\\/site\\\/wp-content\\\/uploads\\\/2017\\\/11\\\/Andreia_Cunha-1-150x150.jpg\",\"caption\":\"Andreia Cunha\"},\"url\":\"https:\\\/\\\/www.altominho.tv\\\/site\\\/author\\\/andreiacunha\\\/\"}]}<\/script>\n<!-- \/ Yoast SEO Premium plugin. -->","yoast_head_json":{"title":"Cine Teatro Jo\u00e3o Verde reabre no dia 4 de setembro","robots":{"index":"index","follow":"follow","max-snippet":"max-snippet:-1","max-image-preview":"max-image-preview:large","max-video-preview":"max-video-preview:-1"},"canonical":"https:\/\/www.altominho.tv\/site\/2020\/08\/27\/cine-teatro-joao-verde-reabre-no-dia-4-de-setembro\/","og_locale":"pt_PT","og_type":"article","og_title":"Cine Teatro Jo\u00e3o Verde reabre no dia 4 de setembro","og_description":"O Cine Teatro Jo\u00e3o Verde, em Mon\u00e7\u00e3o, vai reabrir no dia 4 de setembro. Ap\u00f3s um per\u00edodo sem atividade cultural devido ao surto epidemiol\u00f3gico, o Cine Teatro Jo\u00e3o Verde reabre no dia 4 de setembro, sexta-feira, com a exibi\u00e7\u00e3o do filme \u201cBem-Vindos a \u00c1frica\u201d. A autarquia liderada por Ant\u00f3nio Barbosa, deu nota que o p\u00fablico [&hellip;]","og_url":"https:\/\/www.altominho.tv\/site\/2020\/08\/27\/cine-teatro-joao-verde-reabre-no-dia-4-de-setembro\/","og_site_name":"Altominho.tv","article_publisher":"https:\/\/www.facebook.com\/altominhotv","article_published_time":"2020-08-27T11:17:30+00:00","article_modified_time":"2020-08-27T11:17:34+00:00","og_image":[{"width":2500,"height":1286,"url":"https:\/\/www.altominho.tv\/site\/wp-content\/uploads\/2020\/08\/CTJV.jpg","type":"image\/jpeg"}],"author":"Andreia Cunha","twitter_card":"summary_large_image","twitter_creator":"@altominhoTV","twitter_site":"@altominhoTV","twitter_misc":{"Escrito por":"Andreia Cunha","Tempo estimado de leitura":"2 minutos"},"schema":{"@context":"https:\/\/schema.org","@graph":[{"@type":"Article","@id":"https:\/\/www.altominho.tv\/site\/2020\/08\/27\/cine-teatro-joao-verde-reabre-no-dia-4-de-setembro\/#article","isPartOf":{"@id":"https:\/\/www.altominho.tv\/site\/2020\/08\/27\/cine-teatro-joao-verde-reabre-no-dia-4-de-setembro\/"},"author":{"name":"Andreia Cunha","@id":"https:\/\/www.altominho.tv\/site\/#\/schema\/person\/a0e4ef6d041f98ca284393d8f1d97153"},"headline":"Cine Teatro Jo\u00e3o Verde reabre no dia 4 de setembro","datePublished":"2020-08-27T11:17:30+00:00","dateModified":"2020-08-27T11:17:34+00:00","mainEntityOfPage":{"@id":"https:\/\/www.altominho.tv\/site\/2020\/08\/27\/cine-teatro-joao-verde-reabre-no-dia-4-de-setembro\/"},"wordCount":321,"image":{"@id":"https:\/\/www.altominho.tv\/site\/2020\/08\/27\/cine-teatro-joao-verde-reabre-no-dia-4-de-setembro\/#primaryimage"},"thumbnailUrl":"https:\/\/www.altominho.tv\/site\/wp-content\/uploads\/2020\/08\/CTJV.jpg","keywords":["Cultura","Lazer"],"articleSection":["Mon\u00e7\u00e3o"],"inLanguage":"pt-PT","copyrightYear":"2020","copyrightHolder":{"@id":"https:\/\/www.altominho.tv\/site\/#organization"}},{"@type":"WebPage","@id":"https:\/\/www.altominho.tv\/site\/2020\/08\/27\/cine-teatro-joao-verde-reabre-no-dia-4-de-setembro\/","url":"https:\/\/www.altominho.tv\/site\/2020\/08\/27\/cine-teatro-joao-verde-reabre-no-dia-4-de-setembro\/","name":"Cine Teatro Jo\u00e3o Verde reabre no dia 4 de setembro","isPartOf":{"@id":"https:\/\/www.altominho.tv\/site\/#website"},"primaryImageOfPage":{"@id":"https:\/\/www.altominho.tv\/site\/2020\/08\/27\/cine-teatro-joao-verde-reabre-no-dia-4-de-setembro\/#primaryimage"},"image":{"@id":"https:\/\/www.altominho.tv\/site\/2020\/08\/27\/cine-teatro-joao-verde-reabre-no-dia-4-de-setembro\/#primaryimage"},"thumbnailUrl":"https:\/\/www.altominho.tv\/site\/wp-content\/uploads\/2020\/08\/CTJV.jpg","datePublished":"2020-08-27T11:17:30+00:00","dateModified":"2020-08-27T11:17:34+00:00","author":{"@id":"https:\/\/www.altominho.tv\/site\/#\/schema\/person\/a0e4ef6d041f98ca284393d8f1d97153"},"breadcrumb":{"@id":"https:\/\/www.altominho.tv\/site\/2020\/08\/27\/cine-teatro-joao-verde-reabre-no-dia-4-de-setembro\/#breadcrumb"},"inLanguage":"pt-PT","potentialAction":[{"@type":"ReadAction","target":["https:\/\/www.altominho.tv\/site\/2020\/08\/27\/cine-teatro-joao-verde-reabre-no-dia-4-de-setembro\/"]}]},{"@type":"ImageObject","inLanguage":"pt-PT","@id":"https:\/\/www.altominho.tv\/site\/2020\/08\/27\/cine-teatro-joao-verde-reabre-no-dia-4-de-setembro\/#primaryimage","url":"https:\/\/www.altominho.tv\/site\/wp-content\/uploads\/2020\/08\/CTJV.jpg","contentUrl":"https:\/\/www.altominho.tv\/site\/wp-content\/uploads\/2020\/08\/CTJV.jpg","width":2500,"height":1286},{"@type":"BreadcrumbList","@id":"https:\/\/www.altominho.tv\/site\/2020\/08\/27\/cine-teatro-joao-verde-reabre-no-dia-4-de-setembro\/#breadcrumb","itemListElement":[{"@type":"ListItem","position":1,"name":"In\u00edcio","item":"https:\/\/www.altominho.tv\/site\/"},{"@type":"ListItem","position":2,"name":"Cine Teatro Jo\u00e3o Verde reabre no dia 4 de setembro"}]},{"@type":"WebSite","@id":"https:\/\/www.altominho.tv\/site\/#website","url":"https:\/\/www.altominho.tv\/site\/","name":"Altominho.tv","description":"A sua regi\u00e3o \u00e0 dist\u00e2ncia de um clique...","potentialAction":[{"@type":"SearchAction","target":{"@type":"EntryPoint","urlTemplate":"https:\/\/www.altominho.tv\/site\/?s={search_term_string}"},"query-input":{"@type":"PropertyValueSpecification","valueRequired":true,"valueName":"search_term_string"}}],"inLanguage":"pt-PT"},{"@type":"Person","@id":"https:\/\/www.altominho.tv\/site\/#\/schema\/person\/a0e4ef6d041f98ca284393d8f1d97153","name":"Andreia Cunha","image":{"@type":"ImageObject","inLanguage":"pt-PT","@id":"https:\/\/www.altominho.tv\/site\/wp-content\/uploads\/2017\/11\/Andreia_Cunha-1-150x150.jpg","url":"https:\/\/www.altominho.tv\/site\/wp-content\/uploads\/2017\/11\/Andreia_Cunha-1-150x150.jpg","contentUrl":"https:\/\/www.altominho.tv\/site\/wp-content\/uploads\/2017\/11\/Andreia_Cunha-1-150x150.jpg","caption":"Andreia Cunha"},"url":"https:\/\/www.altominho.tv\/site\/author\/andreiacunha\/"}]}},"_links":{"self":[{"href":"https:\/\/www.altominho.tv\/site\/wp-json\/wp\/v2\/posts\/51197","targetHints":{"allow":["GET"]}}],"collection":[{"href":"https:\/\/www.altominho.tv\/site\/wp-json\/wp\/v2\/posts"}],"about":[{"href":"https:\/\/www.altominho.tv\/site\/wp-json\/wp\/v2\/types\/post"}],"author":[{"embeddable":true,"href":"https:\/\/www.altominho.tv\/site\/wp-json\/wp\/v2\/users\/7"}],"replies":[{"embeddable":true,"href":"https:\/\/www.altominho.tv\/site\/wp-json\/wp\/v2\/comments?post=51197"}],"version-history":[{"count":0,"href":"https:\/\/www.altominho.tv\/site\/wp-json\/wp\/v2\/posts\/51197\/revisions"}],"wp:featuredmedia":[{"embeddable":true,"href":"https:\/\/www.altominho.tv\/site\/wp-json\/wp\/v2\/media\/51198"}],"wp:attachment":[{"href":"https:\/\/www.altominho.tv\/site\/wp-json\/wp\/v2\/media?parent=51197"}],"wp:term":[{"taxonomy":"category","embeddable":true,"href":"https:\/\/www.altominho.tv\/site\/wp-json\/wp\/v2\/categories?post=51197"},{"taxonomy":"post_tag","embeddable":true,"href":"https:\/\/www.altominho.tv\/site\/wp-json\/wp\/v2\/tags?post=51197"}],"curies":[{"name":"wp","href":"https:\/\/api.w.org\/{rel}","templated":true}]}}