{"id":50952,"date":"2020-08-21T10:49:45","date_gmt":"2020-08-21T09:49:45","guid":{"rendered":"http:\/\/www.altominho.tv\/site\/?p=50952"},"modified":"2020-08-21T10:49:47","modified_gmt":"2020-08-21T09:49:47","slug":"valenca-volta-a-rua-com-o-espetaculo-recordar-e-viver-a-cargo-do-trio-paulo-baixinho","status":"publish","type":"post","link":"https:\/\/www.altominho.tv\/site\/2020\/08\/21\/valenca-volta-a-rua-com-o-espetaculo-recordar-e-viver-a-cargo-do-trio-paulo-baixinho\/","title":{"rendered":"Valen\u00e7a volta \u00e0 rua com o espet\u00e1culo &#8220;recordar \u00e9 viver&#8221;  \u00e0 cargo do trio Paulo Baixinho"},"content":{"rendered":"<p>O Jardim Municipal de Valen\u00e7a recebe esta sexta-feira a atua\u00e7\u00e3o do grupo\u00a0Paulo Baixinho Trio, concerto integrado na iniciativa &#8220;Voltamos \u00e0 Rua&#8221;.<\/p>\n<p>O Munic\u00edpio promoveu durante todas as sextas-feiras do m\u00eas de agosto concertos ao ar livre, no jardim municipal.<\/p>\n<p>Este ciclo de concertos no Jardim Municipal que j\u00e1 contou com as atua\u00e7\u00f5es de <strong>Carla &amp; Lu\u00eds<\/strong> e <strong>6t\u00e0s9<\/strong>, encerra esta noite de sexta-feira com o espet\u00e1culo \u201cRecordar \u00e9 Viver\u201d, a cargo de um trio encabe\u00e7ado pelo <strong>Paulo Baixinho<\/strong>, conhecido m\u00fasico da regi\u00e3o .<\/p>\n<p><strong>O\u00a0concerto tem in\u00edcio pelas 22h30<\/strong>\u00a0e vai realizar-se ao ar livre\u00a0com lota\u00e7\u00e3o limitada, dando cumprimento \u00e0s normas da Dire\u00e7\u00e3o-Geral da Sa\u00fade.<\/p>\n<p>Para Manuel Lopes, Presidente da C\u00e2mara de Valen\u00e7a, \u201c<strong>Este \u00e9 mais um passo para retomarmos a normalidade. Apelo ao bom senso de todos e ao cumprimento das regras para que Valen\u00e7a e a regi\u00e3o se mantenham como territ\u00f3rios seguros<\/strong>\u201d.<\/p>\n<p>A lota\u00e7\u00e3o dos espet\u00e1culos \u00e9 limitada, os bilhetes s\u00e3o gratuitos e devem ser recolhidos antecipadamente na Biblioteca Municipal de Valen\u00e7a.<\/p>\n<p>A assist\u00eancia aos espet\u00e1culos implica o respeito por todas as normas estabelecidas pela Dire\u00e7\u00e3o Geral de Sa\u00fade, nomeadamente, o uso obrigat\u00f3rio de m\u00e1scara, gel desinfetante e manuten\u00e7\u00e3o de dist\u00e2ncia de seguran\u00e7a.<\/p>\n","protected":false},"excerpt":{"rendered":"<p>O Jardim Municipal de Valen\u00e7a recebe esta sexta-feira a atua\u00e7\u00e3o do grupo\u00a0Paulo Baixinho Trio, concerto integrado na iniciativa &#8220;Voltamos \u00e0 Rua&#8221;. O Munic\u00edpio promoveu durante todas as sextas-feiras do m\u00eas de agosto concertos ao ar livre, no jardim municipal. Este ciclo de concertos no Jardim Municipal que j\u00e1 contou com as atua\u00e7\u00f5es de Carla &amp; [&hellip;]<\/p>\n","protected":false},"author":1,"featured_media":50953,"comment_status":"closed","ping_status":"closed","sticky":false,"template":"","format":"standard","meta":{"_exactmetrics_skip_tracking":false,"_exactmetrics_sitenote_active":false,"_exactmetrics_sitenote_note":"","_exactmetrics_sitenote_category":0,"footnotes":""},"categories":[13],"tags":[19],"class_list":["post-50952","post","type-post","status-publish","format-standard","has-post-thumbnail","hentry","category-valenca","tag-cultura"],"yoast_head":"<!-- This site is optimized with the Yoast SEO Premium plugin v27.4 (Yoast SEO v27.4) - https:\/\/yoast.com\/product\/yoast-seo-premium-wordpress\/ -->\n<title>Valen\u00e7a volta \u00e0 rua com o espet\u00e1culo &quot;recordar \u00e9 viver&quot; \u00e0 cargo do trio Paulo Baixinho<\/title>\n<meta name=\"robots\" content=\"index, follow, max-snippet:-1, max-image-preview:large, max-video-preview:-1\" \/>\n<link rel=\"canonical\" href=\"https:\/\/www.altominho.tv\/site\/2020\/08\/21\/valenca-volta-a-rua-com-o-espetaculo-recordar-e-viver-a-cargo-do-trio-paulo-baixinho\/\" \/>\n<meta property=\"og:locale\" content=\"pt_PT\" \/>\n<meta property=\"og:type\" content=\"article\" \/>\n<meta property=\"og:title\" content=\"Valen\u00e7a volta \u00e0 rua com o espet\u00e1culo &quot;recordar \u00e9 viver&quot; \u00e0 cargo do trio Paulo Baixinho\" \/>\n<meta property=\"og:description\" content=\"O Jardim Municipal de Valen\u00e7a recebe esta sexta-feira a atua\u00e7\u00e3o do grupo\u00a0Paulo Baixinho Trio, concerto integrado na iniciativa &#8220;Voltamos \u00e0 Rua&#8221;. O Munic\u00edpio promoveu durante todas as sextas-feiras do m\u00eas de agosto concertos ao ar livre, no jardim municipal. Este ciclo de concertos no Jardim Municipal que j\u00e1 contou com as atua\u00e7\u00f5es de Carla &amp; [&hellip;]\" \/>\n<meta property=\"og:url\" content=\"https:\/\/www.altominho.tv\/site\/2020\/08\/21\/valenca-volta-a-rua-com-o-espetaculo-recordar-e-viver-a-cargo-do-trio-paulo-baixinho\/\" \/>\n<meta property=\"og:site_name\" content=\"Altominho.tv\" \/>\n<meta property=\"article:publisher\" content=\"https:\/\/www.facebook.com\/altominhotv\" \/>\n<meta property=\"article:published_time\" content=\"2020-08-21T09:49:45+00:00\" \/>\n<meta property=\"article:modified_time\" content=\"2020-08-21T09:49:47+00:00\" \/>\n<meta property=\"og:image\" content=\"https:\/\/www.altominho.tv\/site\/wp-content\/uploads\/2020\/08\/Paulo-Baixinho.jpg\" \/>\n\t<meta property=\"og:image:width\" content=\"1600\" \/>\n\t<meta property=\"og:image:height\" content=\"1062\" \/>\n\t<meta property=\"og:image:type\" content=\"image\/jpeg\" \/>\n<meta name=\"author\" content=\"Altominho.tv\" \/>\n<meta name=\"twitter:card\" content=\"summary_large_image\" \/>\n<meta name=\"twitter:creator\" content=\"@altominhoTV\" \/>\n<meta name=\"twitter:site\" content=\"@altominhoTV\" \/>\n<meta name=\"twitter:label1\" content=\"Escrito por\" \/>\n\t<meta name=\"twitter:data1\" content=\"Altominho.tv\" \/>\n\t<meta name=\"twitter:label2\" content=\"Tempo estimado de leitura\" \/>\n\t<meta name=\"twitter:data2\" content=\"1 minuto\" \/>\n<script type=\"application\/ld+json\" class=\"yoast-schema-graph\">{\"@context\":\"https:\\\/\\\/schema.org\",\"@graph\":[{\"@type\":\"Article\",\"@id\":\"https:\\\/\\\/www.altominho.tv\\\/site\\\/2020\\\/08\\\/21\\\/valenca-volta-a-rua-com-o-espetaculo-recordar-e-viver-a-cargo-do-trio-paulo-baixinho\\\/#article\",\"isPartOf\":{\"@id\":\"https:\\\/\\\/www.altominho.tv\\\/site\\\/2020\\\/08\\\/21\\\/valenca-volta-a-rua-com-o-espetaculo-recordar-e-viver-a-cargo-do-trio-paulo-baixinho\\\/\"},\"author\":{\"name\":\"Altominho.tv\",\"@id\":\"https:\\\/\\\/www.altominho.tv\\\/site\\\/#\\\/schema\\\/person\\\/4e536851627d7914baf3dac752b6af22\"},\"headline\":\"Valen\u00e7a volta \u00e0 rua com o espet\u00e1culo &#8220;recordar \u00e9 viver&#8221; \u00e0 cargo do trio Paulo Baixinho\",\"datePublished\":\"2020-08-21T09:49:45+00:00\",\"dateModified\":\"2020-08-21T09:49:47+00:00\",\"mainEntityOfPage\":{\"@id\":\"https:\\\/\\\/www.altominho.tv\\\/site\\\/2020\\\/08\\\/21\\\/valenca-volta-a-rua-com-o-espetaculo-recordar-e-viver-a-cargo-do-trio-paulo-baixinho\\\/\"},\"wordCount\":240,\"image\":{\"@id\":\"https:\\\/\\\/www.altominho.tv\\\/site\\\/2020\\\/08\\\/21\\\/valenca-volta-a-rua-com-o-espetaculo-recordar-e-viver-a-cargo-do-trio-paulo-baixinho\\\/#primaryimage\"},\"thumbnailUrl\":\"https:\\\/\\\/www.altominho.tv\\\/site\\\/wp-content\\\/uploads\\\/2020\\\/08\\\/Paulo-Baixinho.jpg\",\"keywords\":[\"Cultura\"],\"articleSection\":[\"Valen\u00e7a\"],\"inLanguage\":\"pt-PT\",\"copyrightYear\":\"2020\",\"copyrightHolder\":{\"@id\":\"https:\\\/\\\/www.altominho.tv\\\/site\\\/#organization\"}},{\"@type\":\"WebPage\",\"@id\":\"https:\\\/\\\/www.altominho.tv\\\/site\\\/2020\\\/08\\\/21\\\/valenca-volta-a-rua-com-o-espetaculo-recordar-e-viver-a-cargo-do-trio-paulo-baixinho\\\/\",\"url\":\"https:\\\/\\\/www.altominho.tv\\\/site\\\/2020\\\/08\\\/21\\\/valenca-volta-a-rua-com-o-espetaculo-recordar-e-viver-a-cargo-do-trio-paulo-baixinho\\\/\",\"name\":\"Valen\u00e7a volta \u00e0 rua com o espet\u00e1culo \\\"recordar \u00e9 viver\\\" \u00e0 cargo do trio Paulo Baixinho\",\"isPartOf\":{\"@id\":\"https:\\\/\\\/www.altominho.tv\\\/site\\\/#website\"},\"primaryImageOfPage\":{\"@id\":\"https:\\\/\\\/www.altominho.tv\\\/site\\\/2020\\\/08\\\/21\\\/valenca-volta-a-rua-com-o-espetaculo-recordar-e-viver-a-cargo-do-trio-paulo-baixinho\\\/#primaryimage\"},\"image\":{\"@id\":\"https:\\\/\\\/www.altominho.tv\\\/site\\\/2020\\\/08\\\/21\\\/valenca-volta-a-rua-com-o-espetaculo-recordar-e-viver-a-cargo-do-trio-paulo-baixinho\\\/#primaryimage\"},\"thumbnailUrl\":\"https:\\\/\\\/www.altominho.tv\\\/site\\\/wp-content\\\/uploads\\\/2020\\\/08\\\/Paulo-Baixinho.jpg\",\"datePublished\":\"2020-08-21T09:49:45+00:00\",\"dateModified\":\"2020-08-21T09:49:47+00:00\",\"author\":{\"@id\":\"https:\\\/\\\/www.altominho.tv\\\/site\\\/#\\\/schema\\\/person\\\/4e536851627d7914baf3dac752b6af22\"},\"breadcrumb\":{\"@id\":\"https:\\\/\\\/www.altominho.tv\\\/site\\\/2020\\\/08\\\/21\\\/valenca-volta-a-rua-com-o-espetaculo-recordar-e-viver-a-cargo-do-trio-paulo-baixinho\\\/#breadcrumb\"},\"inLanguage\":\"pt-PT\",\"potentialAction\":[{\"@type\":\"ReadAction\",\"target\":[\"https:\\\/\\\/www.altominho.tv\\\/site\\\/2020\\\/08\\\/21\\\/valenca-volta-a-rua-com-o-espetaculo-recordar-e-viver-a-cargo-do-trio-paulo-baixinho\\\/\"]}]},{\"@type\":\"ImageObject\",\"inLanguage\":\"pt-PT\",\"@id\":\"https:\\\/\\\/www.altominho.tv\\\/site\\\/2020\\\/08\\\/21\\\/valenca-volta-a-rua-com-o-espetaculo-recordar-e-viver-a-cargo-do-trio-paulo-baixinho\\\/#primaryimage\",\"url\":\"https:\\\/\\\/www.altominho.tv\\\/site\\\/wp-content\\\/uploads\\\/2020\\\/08\\\/Paulo-Baixinho.jpg\",\"contentUrl\":\"https:\\\/\\\/www.altominho.tv\\\/site\\\/wp-content\\\/uploads\\\/2020\\\/08\\\/Paulo-Baixinho.jpg\",\"width\":1600,\"height\":1062},{\"@type\":\"BreadcrumbList\",\"@id\":\"https:\\\/\\\/www.altominho.tv\\\/site\\\/2020\\\/08\\\/21\\\/valenca-volta-a-rua-com-o-espetaculo-recordar-e-viver-a-cargo-do-trio-paulo-baixinho\\\/#breadcrumb\",\"itemListElement\":[{\"@type\":\"ListItem\",\"position\":1,\"name\":\"In\u00edcio\",\"item\":\"https:\\\/\\\/www.altominho.tv\\\/site\\\/\"},{\"@type\":\"ListItem\",\"position\":2,\"name\":\"Valen\u00e7a volta \u00e0 rua com o espet\u00e1culo &#8220;recordar \u00e9 viver&#8221; \u00e0 cargo do trio Paulo Baixinho\"}]},{\"@type\":\"WebSite\",\"@id\":\"https:\\\/\\\/www.altominho.tv\\\/site\\\/#website\",\"url\":\"https:\\\/\\\/www.altominho.tv\\\/site\\\/\",\"name\":\"Altominho.tv\",\"description\":\"A sua regi\u00e3o \u00e0 dist\u00e2ncia de um clique...\",\"potentialAction\":[{\"@type\":\"SearchAction\",\"target\":{\"@type\":\"EntryPoint\",\"urlTemplate\":\"https:\\\/\\\/www.altominho.tv\\\/site\\\/?s={search_term_string}\"},\"query-input\":{\"@type\":\"PropertyValueSpecification\",\"valueRequired\":true,\"valueName\":\"search_term_string\"}}],\"inLanguage\":\"pt-PT\"},{\"@type\":\"Person\",\"@id\":\"https:\\\/\\\/www.altominho.tv\\\/site\\\/#\\\/schema\\\/person\\\/4e536851627d7914baf3dac752b6af22\",\"name\":\"Altominho.tv\",\"image\":{\"@type\":\"ImageObject\",\"inLanguage\":\"pt-PT\",\"@id\":\"https:\\\/\\\/www.altominho.tv\\\/site\\\/wp-content\\\/uploads\\\/2019\\\/11\\\/Logo_Avatar_2-150x150.jpg\",\"url\":\"https:\\\/\\\/www.altominho.tv\\\/site\\\/wp-content\\\/uploads\\\/2019\\\/11\\\/Logo_Avatar_2-150x150.jpg\",\"contentUrl\":\"https:\\\/\\\/www.altominho.tv\\\/site\\\/wp-content\\\/uploads\\\/2019\\\/11\\\/Logo_Avatar_2-150x150.jpg\",\"caption\":\"Altominho.tv\"},\"url\":\"https:\\\/\\\/www.altominho.tv\\\/site\\\/author\\\/altominhotv-tecnico\\\/\"}]}<\/script>\n<!-- \/ Yoast SEO Premium plugin. -->","yoast_head_json":{"title":"Valen\u00e7a volta \u00e0 rua com o espet\u00e1culo \"recordar \u00e9 viver\" \u00e0 cargo do trio Paulo Baixinho","robots":{"index":"index","follow":"follow","max-snippet":"max-snippet:-1","max-image-preview":"max-image-preview:large","max-video-preview":"max-video-preview:-1"},"canonical":"https:\/\/www.altominho.tv\/site\/2020\/08\/21\/valenca-volta-a-rua-com-o-espetaculo-recordar-e-viver-a-cargo-do-trio-paulo-baixinho\/","og_locale":"pt_PT","og_type":"article","og_title":"Valen\u00e7a volta \u00e0 rua com o espet\u00e1culo \"recordar \u00e9 viver\" \u00e0 cargo do trio Paulo Baixinho","og_description":"O Jardim Municipal de Valen\u00e7a recebe esta sexta-feira a atua\u00e7\u00e3o do grupo\u00a0Paulo Baixinho Trio, concerto integrado na iniciativa &#8220;Voltamos \u00e0 Rua&#8221;. O Munic\u00edpio promoveu durante todas as sextas-feiras do m\u00eas de agosto concertos ao ar livre, no jardim municipal. Este ciclo de concertos no Jardim Municipal que j\u00e1 contou com as atua\u00e7\u00f5es de Carla &amp; [&hellip;]","og_url":"https:\/\/www.altominho.tv\/site\/2020\/08\/21\/valenca-volta-a-rua-com-o-espetaculo-recordar-e-viver-a-cargo-do-trio-paulo-baixinho\/","og_site_name":"Altominho.tv","article_publisher":"https:\/\/www.facebook.com\/altominhotv","article_published_time":"2020-08-21T09:49:45+00:00","article_modified_time":"2020-08-21T09:49:47+00:00","og_image":[{"width":1600,"height":1062,"url":"https:\/\/www.altominho.tv\/site\/wp-content\/uploads\/2020\/08\/Paulo-Baixinho.jpg","type":"image\/jpeg"}],"author":"Altominho.tv","twitter_card":"summary_large_image","twitter_creator":"@altominhoTV","twitter_site":"@altominhoTV","twitter_misc":{"Escrito por":"Altominho.tv","Tempo estimado de leitura":"1 minuto"},"schema":{"@context":"https:\/\/schema.org","@graph":[{"@type":"Article","@id":"https:\/\/www.altominho.tv\/site\/2020\/08\/21\/valenca-volta-a-rua-com-o-espetaculo-recordar-e-viver-a-cargo-do-trio-paulo-baixinho\/#article","isPartOf":{"@id":"https:\/\/www.altominho.tv\/site\/2020\/08\/21\/valenca-volta-a-rua-com-o-espetaculo-recordar-e-viver-a-cargo-do-trio-paulo-baixinho\/"},"author":{"name":"Altominho.tv","@id":"https:\/\/www.altominho.tv\/site\/#\/schema\/person\/4e536851627d7914baf3dac752b6af22"},"headline":"Valen\u00e7a volta \u00e0 rua com o espet\u00e1culo &#8220;recordar \u00e9 viver&#8221; \u00e0 cargo do trio Paulo Baixinho","datePublished":"2020-08-21T09:49:45+00:00","dateModified":"2020-08-21T09:49:47+00:00","mainEntityOfPage":{"@id":"https:\/\/www.altominho.tv\/site\/2020\/08\/21\/valenca-volta-a-rua-com-o-espetaculo-recordar-e-viver-a-cargo-do-trio-paulo-baixinho\/"},"wordCount":240,"image":{"@id":"https:\/\/www.altominho.tv\/site\/2020\/08\/21\/valenca-volta-a-rua-com-o-espetaculo-recordar-e-viver-a-cargo-do-trio-paulo-baixinho\/#primaryimage"},"thumbnailUrl":"https:\/\/www.altominho.tv\/site\/wp-content\/uploads\/2020\/08\/Paulo-Baixinho.jpg","keywords":["Cultura"],"articleSection":["Valen\u00e7a"],"inLanguage":"pt-PT","copyrightYear":"2020","copyrightHolder":{"@id":"https:\/\/www.altominho.tv\/site\/#organization"}},{"@type":"WebPage","@id":"https:\/\/www.altominho.tv\/site\/2020\/08\/21\/valenca-volta-a-rua-com-o-espetaculo-recordar-e-viver-a-cargo-do-trio-paulo-baixinho\/","url":"https:\/\/www.altominho.tv\/site\/2020\/08\/21\/valenca-volta-a-rua-com-o-espetaculo-recordar-e-viver-a-cargo-do-trio-paulo-baixinho\/","name":"Valen\u00e7a volta \u00e0 rua com o espet\u00e1culo \"recordar \u00e9 viver\" \u00e0 cargo do trio Paulo Baixinho","isPartOf":{"@id":"https:\/\/www.altominho.tv\/site\/#website"},"primaryImageOfPage":{"@id":"https:\/\/www.altominho.tv\/site\/2020\/08\/21\/valenca-volta-a-rua-com-o-espetaculo-recordar-e-viver-a-cargo-do-trio-paulo-baixinho\/#primaryimage"},"image":{"@id":"https:\/\/www.altominho.tv\/site\/2020\/08\/21\/valenca-volta-a-rua-com-o-espetaculo-recordar-e-viver-a-cargo-do-trio-paulo-baixinho\/#primaryimage"},"thumbnailUrl":"https:\/\/www.altominho.tv\/site\/wp-content\/uploads\/2020\/08\/Paulo-Baixinho.jpg","datePublished":"2020-08-21T09:49:45+00:00","dateModified":"2020-08-21T09:49:47+00:00","author":{"@id":"https:\/\/www.altominho.tv\/site\/#\/schema\/person\/4e536851627d7914baf3dac752b6af22"},"breadcrumb":{"@id":"https:\/\/www.altominho.tv\/site\/2020\/08\/21\/valenca-volta-a-rua-com-o-espetaculo-recordar-e-viver-a-cargo-do-trio-paulo-baixinho\/#breadcrumb"},"inLanguage":"pt-PT","potentialAction":[{"@type":"ReadAction","target":["https:\/\/www.altominho.tv\/site\/2020\/08\/21\/valenca-volta-a-rua-com-o-espetaculo-recordar-e-viver-a-cargo-do-trio-paulo-baixinho\/"]}]},{"@type":"ImageObject","inLanguage":"pt-PT","@id":"https:\/\/www.altominho.tv\/site\/2020\/08\/21\/valenca-volta-a-rua-com-o-espetaculo-recordar-e-viver-a-cargo-do-trio-paulo-baixinho\/#primaryimage","url":"https:\/\/www.altominho.tv\/site\/wp-content\/uploads\/2020\/08\/Paulo-Baixinho.jpg","contentUrl":"https:\/\/www.altominho.tv\/site\/wp-content\/uploads\/2020\/08\/Paulo-Baixinho.jpg","width":1600,"height":1062},{"@type":"BreadcrumbList","@id":"https:\/\/www.altominho.tv\/site\/2020\/08\/21\/valenca-volta-a-rua-com-o-espetaculo-recordar-e-viver-a-cargo-do-trio-paulo-baixinho\/#breadcrumb","itemListElement":[{"@type":"ListItem","position":1,"name":"In\u00edcio","item":"https:\/\/www.altominho.tv\/site\/"},{"@type":"ListItem","position":2,"name":"Valen\u00e7a volta \u00e0 rua com o espet\u00e1culo &#8220;recordar \u00e9 viver&#8221; \u00e0 cargo do trio Paulo Baixinho"}]},{"@type":"WebSite","@id":"https:\/\/www.altominho.tv\/site\/#website","url":"https:\/\/www.altominho.tv\/site\/","name":"Altominho.tv","description":"A sua regi\u00e3o \u00e0 dist\u00e2ncia de um clique...","potentialAction":[{"@type":"SearchAction","target":{"@type":"EntryPoint","urlTemplate":"https:\/\/www.altominho.tv\/site\/?s={search_term_string}"},"query-input":{"@type":"PropertyValueSpecification","valueRequired":true,"valueName":"search_term_string"}}],"inLanguage":"pt-PT"},{"@type":"Person","@id":"https:\/\/www.altominho.tv\/site\/#\/schema\/person\/4e536851627d7914baf3dac752b6af22","name":"Altominho.tv","image":{"@type":"ImageObject","inLanguage":"pt-PT","@id":"https:\/\/www.altominho.tv\/site\/wp-content\/uploads\/2019\/11\/Logo_Avatar_2-150x150.jpg","url":"https:\/\/www.altominho.tv\/site\/wp-content\/uploads\/2019\/11\/Logo_Avatar_2-150x150.jpg","contentUrl":"https:\/\/www.altominho.tv\/site\/wp-content\/uploads\/2019\/11\/Logo_Avatar_2-150x150.jpg","caption":"Altominho.tv"},"url":"https:\/\/www.altominho.tv\/site\/author\/altominhotv-tecnico\/"}]}},"_links":{"self":[{"href":"https:\/\/www.altominho.tv\/site\/wp-json\/wp\/v2\/posts\/50952","targetHints":{"allow":["GET"]}}],"collection":[{"href":"https:\/\/www.altominho.tv\/site\/wp-json\/wp\/v2\/posts"}],"about":[{"href":"https:\/\/www.altominho.tv\/site\/wp-json\/wp\/v2\/types\/post"}],"author":[{"embeddable":true,"href":"https:\/\/www.altominho.tv\/site\/wp-json\/wp\/v2\/users\/1"}],"replies":[{"embeddable":true,"href":"https:\/\/www.altominho.tv\/site\/wp-json\/wp\/v2\/comments?post=50952"}],"version-history":[{"count":0,"href":"https:\/\/www.altominho.tv\/site\/wp-json\/wp\/v2\/posts\/50952\/revisions"}],"wp:featuredmedia":[{"embeddable":true,"href":"https:\/\/www.altominho.tv\/site\/wp-json\/wp\/v2\/media\/50953"}],"wp:attachment":[{"href":"https:\/\/www.altominho.tv\/site\/wp-json\/wp\/v2\/media?parent=50952"}],"wp:term":[{"taxonomy":"category","embeddable":true,"href":"https:\/\/www.altominho.tv\/site\/wp-json\/wp\/v2\/categories?post=50952"},{"taxonomy":"post_tag","embeddable":true,"href":"https:\/\/www.altominho.tv\/site\/wp-json\/wp\/v2\/tags?post=50952"}],"curies":[{"name":"wp","href":"https:\/\/api.w.org\/{rel}","templated":true}]}}