{"id":50784,"date":"2020-08-18T11:00:49","date_gmt":"2020-08-18T10:00:49","guid":{"rendered":"http:\/\/www.altominho.tv\/site\/?p=50784"},"modified":"2020-08-18T11:00:52","modified_gmt":"2020-08-18T10:00:52","slug":"arcos-de-valdevez-e-uma-das-tres-localidades-a-receber-a-rodagem-da-serie-da-rtp-vento-norte","status":"publish","type":"post","link":"https:\/\/www.altominho.tv\/site\/2020\/08\/18\/arcos-de-valdevez-e-uma-das-tres-localidades-a-receber-a-rodagem-da-serie-da-rtp-vento-norte\/","title":{"rendered":"Arcos de Valdevez \u00e9 uma das tr\u00eas localidades a receber a rodagem da s\u00e9rie da RTP &#8220;Vento Norte&#8221;"},"content":{"rendered":"<p><b>Arcos de Valdevez \u00e9 uma das tr\u00eas localidades do Norte de Portugal envolvidas neste projeto televisivo, sendo que as caracter\u00edsticas \u00fanicas da sede do concelho ao nivel da Natureza e do Patrim\u00f3nio levaram \u00e0 sua escolha como cen\u00e1rio destacado de filmagem da s\u00e9rie da RTP \u201cVento Norte\u201d, que decorrer\u00e1 localmente nos meses de Setembro e Outubro.<\/b><\/p>\n<p>A zona do Centro Hist\u00f3rico da Vila ser\u00e1 ponto de registo principal, uma vez que representa na perfei\u00e7\u00e3o os enquadramentos de \u00e9poca pretendidos pela produ\u00e7\u00e3o, assegurando por tal a necess\u00e1ria viagem no tempo. As filmagens contam com o apoio financeiro e log\u00edstico do Munic\u00edpio de Arcos de Valdevez, que desta forma assume a import\u00e2ncia destes projetos para a promo\u00e7\u00e3o do territ\u00f3rio arcuense, sendo que cada vez mais o concelho \u00e9 destino de rodagem de diversas produ\u00e7\u00f5es nacionais de grande impacto medi\u00e1tico.<\/p>\n<p>\u201cVento Norte\u201d \u00e9 uma s\u00e9rie hist\u00f3rica balizada entre o final da Primeira Guerra Mundial (1918) e o Golpe Militar de 28 de Maio de 1926, assumindo uma vertente de \u201cromance hist\u00f3rico\u201d, numa \u201cvis\u00e3o de um Portugal \u00e0 beira da Ditadura, em plenos anos loucos\u201d e onde n\u00e3o faltam igualmente as \u201cpersonagens que ajudaram a moldar a cultura portuguesa do s\u00e9culo XX\u201d.<\/p>\n<p>Composta na primeira temporada por 10 epis\u00f3dios, a s\u00e9rie ser\u00e1 exibida pela RTP em 2021 e conta j\u00e1 com acordos de transmiss\u00e3o para Angola, Mo\u00e7ambique, Estados Unidos, Canad\u00e1, Fran\u00e7a e Luxemburgo.<\/p>\n","protected":false},"excerpt":{"rendered":"<p>Arcos de Valdevez \u00e9 uma das tr\u00eas localidades do Norte de Portugal envolvidas neste projeto televisivo, sendo que as caracter\u00edsticas \u00fanicas da sede do concelho ao nivel da Natureza e do Patrim\u00f3nio levaram \u00e0 sua escolha como cen\u00e1rio destacado de filmagem da s\u00e9rie da RTP \u201cVento Norte\u201d, que decorrer\u00e1 localmente nos meses de Setembro e [&hellip;]<\/p>\n","protected":false},"author":1,"featured_media":50785,"comment_status":"closed","ping_status":"closed","sticky":false,"template":"","format":"standard","meta":{"_exactmetrics_skip_tracking":false,"footnotes":""},"categories":[2],"tags":[19],"class_list":["post-50784","post","type-post","status-publish","format-standard","has-post-thumbnail","hentry","category-arcos-de-valdevez","tag-cultura"],"yoast_head":"<!-- This site is optimized with the Yoast SEO Premium plugin v28.3 (Yoast SEO v28.3) - https:\/\/yoast.com\/product\/yoast-seo-premium-wordpress\/ -->\n<title>Arcos de Valdevez \u00e9 uma das tr\u00eas localidades a receber a rodagem da s\u00e9rie da RTP &quot;Vento Norte&quot;<\/title>\n<meta name=\"robots\" content=\"index, follow, max-snippet:-1, max-image-preview:large, max-video-preview:-1\" \/>\n<link rel=\"canonical\" href=\"https:\/\/www.altominho.tv\/site\/2020\/08\/18\/arcos-de-valdevez-e-uma-das-tres-localidades-a-receber-a-rodagem-da-serie-da-rtp-vento-norte\/\" \/>\n<meta property=\"og:locale\" content=\"pt_PT\" \/>\n<meta property=\"og:type\" content=\"article\" \/>\n<meta property=\"og:title\" content=\"Arcos de Valdevez \u00e9 uma das tr\u00eas localidades a receber a rodagem da s\u00e9rie da RTP &quot;Vento Norte&quot;\" \/>\n<meta property=\"og:description\" content=\"Arcos de Valdevez \u00e9 uma das tr\u00eas localidades do Norte de Portugal envolvidas neste projeto televisivo, sendo que as caracter\u00edsticas \u00fanicas da sede do concelho ao nivel da Natureza e do Patrim\u00f3nio levaram \u00e0 sua escolha como cen\u00e1rio destacado de filmagem da s\u00e9rie da RTP \u201cVento Norte\u201d, que decorrer\u00e1 localmente nos meses de Setembro e [&hellip;]\" \/>\n<meta property=\"og:url\" content=\"https:\/\/www.altominho.tv\/site\/2020\/08\/18\/arcos-de-valdevez-e-uma-das-tres-localidades-a-receber-a-rodagem-da-serie-da-rtp-vento-norte\/\" \/>\n<meta property=\"og:site_name\" content=\"Altominho.tv\" \/>\n<meta property=\"article:publisher\" content=\"https:\/\/www.facebook.com\/altominhotv\" \/>\n<meta property=\"article:published_time\" content=\"2020-08-18T10:00:49+00:00\" \/>\n<meta property=\"article:modified_time\" content=\"2020-08-18T10:00:52+00:00\" \/>\n<meta property=\"og:image\" content=\"https:\/\/www.altominho.tv\/site\/wp-content\/uploads\/2020\/08\/Vento-Norte_Filme.jpg\" \/>\n\t<meta property=\"og:image:width\" content=\"1300\" \/>\n\t<meta property=\"og:image:height\" content=\"732\" \/>\n\t<meta property=\"og:image:type\" content=\"image\/jpeg\" \/>\n<meta name=\"author\" content=\"Altominho.tv\" \/>\n<meta name=\"twitter:card\" content=\"summary_large_image\" \/>\n<meta name=\"twitter:creator\" content=\"@altominhoTV\" \/>\n<meta name=\"twitter:site\" content=\"@altominhoTV\" \/>\n<meta name=\"twitter:label1\" content=\"Escrito por\" \/>\n\t<meta name=\"twitter:data1\" content=\"Altominho.tv\" \/>\n\t<meta name=\"twitter:label2\" content=\"Tempo estimado de leitura\" \/>\n\t<meta name=\"twitter:data2\" content=\"1 minuto\" \/>\n<script type=\"application\/ld+json\" class=\"yoast-schema-graph\">{\"@context\":\"https:\\\/\\\/schema.org\",\"@graph\":[{\"@type\":\"Article\",\"@id\":\"https:\\\/\\\/www.altominho.tv\\\/site\\\/2020\\\/08\\\/18\\\/arcos-de-valdevez-e-uma-das-tres-localidades-a-receber-a-rodagem-da-serie-da-rtp-vento-norte\\\/#article\",\"isPartOf\":{\"@id\":\"https:\\\/\\\/www.altominho.tv\\\/site\\\/2020\\\/08\\\/18\\\/arcos-de-valdevez-e-uma-das-tres-localidades-a-receber-a-rodagem-da-serie-da-rtp-vento-norte\\\/\"},\"author\":{\"name\":\"Altominho.tv\",\"@id\":\"https:\\\/\\\/www.altominho.tv\\\/site\\\/#\\\/schema\\\/person\\\/4e536851627d7914baf3dac752b6af22\"},\"headline\":\"Arcos de Valdevez \u00e9 uma das tr\u00eas localidades a receber a rodagem da s\u00e9rie da RTP &#8220;Vento Norte&#8221;\",\"datePublished\":\"2020-08-18T10:00:49+00:00\",\"dateModified\":\"2020-08-18T10:00:52+00:00\",\"mainEntityOfPage\":{\"@id\":\"https:\\\/\\\/www.altominho.tv\\\/site\\\/2020\\\/08\\\/18\\\/arcos-de-valdevez-e-uma-das-tres-localidades-a-receber-a-rodagem-da-serie-da-rtp-vento-norte\\\/\"},\"wordCount\":265,\"image\":{\"@id\":\"https:\\\/\\\/www.altominho.tv\\\/site\\\/2020\\\/08\\\/18\\\/arcos-de-valdevez-e-uma-das-tres-localidades-a-receber-a-rodagem-da-serie-da-rtp-vento-norte\\\/#primaryimage\"},\"thumbnailUrl\":\"https:\\\/\\\/www.altominho.tv\\\/site\\\/wp-content\\\/uploads\\\/2020\\\/08\\\/Vento-Norte_Filme.jpg\",\"keywords\":[\"Cultura\"],\"articleSection\":[\"Arcos de Valdevez\"],\"inLanguage\":\"pt-PT\",\"copyrightYear\":\"2020\",\"copyrightHolder\":{\"@id\":\"https:\\\/\\\/www.altominho.tv\\\/site\\\/#organization\"}},{\"@type\":\"WebPage\",\"@id\":\"https:\\\/\\\/www.altominho.tv\\\/site\\\/2020\\\/08\\\/18\\\/arcos-de-valdevez-e-uma-das-tres-localidades-a-receber-a-rodagem-da-serie-da-rtp-vento-norte\\\/\",\"url\":\"https:\\\/\\\/www.altominho.tv\\\/site\\\/2020\\\/08\\\/18\\\/arcos-de-valdevez-e-uma-das-tres-localidades-a-receber-a-rodagem-da-serie-da-rtp-vento-norte\\\/\",\"name\":\"Arcos de Valdevez \u00e9 uma das tr\u00eas localidades a receber a rodagem da s\u00e9rie da RTP \\\"Vento Norte\\\"\",\"isPartOf\":{\"@id\":\"https:\\\/\\\/www.altominho.tv\\\/site\\\/#website\"},\"primaryImageOfPage\":{\"@id\":\"https:\\\/\\\/www.altominho.tv\\\/site\\\/2020\\\/08\\\/18\\\/arcos-de-valdevez-e-uma-das-tres-localidades-a-receber-a-rodagem-da-serie-da-rtp-vento-norte\\\/#primaryimage\"},\"image\":{\"@id\":\"https:\\\/\\\/www.altominho.tv\\\/site\\\/2020\\\/08\\\/18\\\/arcos-de-valdevez-e-uma-das-tres-localidades-a-receber-a-rodagem-da-serie-da-rtp-vento-norte\\\/#primaryimage\"},\"thumbnailUrl\":\"https:\\\/\\\/www.altominho.tv\\\/site\\\/wp-content\\\/uploads\\\/2020\\\/08\\\/Vento-Norte_Filme.jpg\",\"datePublished\":\"2020-08-18T10:00:49+00:00\",\"dateModified\":\"2020-08-18T10:00:52+00:00\",\"author\":{\"@id\":\"https:\\\/\\\/www.altominho.tv\\\/site\\\/#\\\/schema\\\/person\\\/4e536851627d7914baf3dac752b6af22\"},\"breadcrumb\":{\"@id\":\"https:\\\/\\\/www.altominho.tv\\\/site\\\/2020\\\/08\\\/18\\\/arcos-de-valdevez-e-uma-das-tres-localidades-a-receber-a-rodagem-da-serie-da-rtp-vento-norte\\\/#breadcrumb\"},\"inLanguage\":\"pt-PT\",\"potentialAction\":[{\"@type\":\"ReadAction\",\"target\":[\"https:\\\/\\\/www.altominho.tv\\\/site\\\/2020\\\/08\\\/18\\\/arcos-de-valdevez-e-uma-das-tres-localidades-a-receber-a-rodagem-da-serie-da-rtp-vento-norte\\\/\"]}]},{\"@type\":\"ImageObject\",\"inLanguage\":\"pt-PT\",\"@id\":\"https:\\\/\\\/www.altominho.tv\\\/site\\\/2020\\\/08\\\/18\\\/arcos-de-valdevez-e-uma-das-tres-localidades-a-receber-a-rodagem-da-serie-da-rtp-vento-norte\\\/#primaryimage\",\"url\":\"https:\\\/\\\/www.altominho.tv\\\/site\\\/wp-content\\\/uploads\\\/2020\\\/08\\\/Vento-Norte_Filme.jpg\",\"contentUrl\":\"https:\\\/\\\/www.altominho.tv\\\/site\\\/wp-content\\\/uploads\\\/2020\\\/08\\\/Vento-Norte_Filme.jpg\",\"width\":1300,\"height\":732},{\"@type\":\"BreadcrumbList\",\"@id\":\"https:\\\/\\\/www.altominho.tv\\\/site\\\/2020\\\/08\\\/18\\\/arcos-de-valdevez-e-uma-das-tres-localidades-a-receber-a-rodagem-da-serie-da-rtp-vento-norte\\\/#breadcrumb\",\"itemListElement\":[{\"@type\":\"ListItem\",\"position\":1,\"name\":\"In\u00edcio\",\"item\":\"https:\\\/\\\/www.altominho.tv\\\/site\\\/\"},{\"@type\":\"ListItem\",\"position\":2,\"name\":\"Arcos de Valdevez \u00e9 uma das tr\u00eas localidades a receber a rodagem da s\u00e9rie da RTP &#8220;Vento Norte&#8221;\"}]},{\"@type\":\"WebSite\",\"@id\":\"https:\\\/\\\/www.altominho.tv\\\/site\\\/#website\",\"url\":\"https:\\\/\\\/www.altominho.tv\\\/site\\\/\",\"name\":\"Altominho.tv\",\"description\":\"A sua regi\u00e3o \u00e0 dist\u00e2ncia de um clique...\",\"potentialAction\":[{\"@type\":\"SearchAction\",\"target\":{\"@type\":\"EntryPoint\",\"urlTemplate\":\"https:\\\/\\\/www.altominho.tv\\\/site\\\/?s={search_term_string}\"},\"query-input\":{\"@type\":\"PropertyValueSpecification\",\"valueRequired\":true,\"valueName\":\"search_term_string\"}}],\"inLanguage\":\"pt-PT\"},{\"@type\":\"Person\",\"@id\":\"https:\\\/\\\/www.altominho.tv\\\/site\\\/#\\\/schema\\\/person\\\/4e536851627d7914baf3dac752b6af22\",\"name\":\"Altominho.tv\",\"image\":{\"@type\":\"ImageObject\",\"inLanguage\":\"pt-PT\",\"@id\":\"https:\\\/\\\/www.altominho.tv\\\/site\\\/wp-content\\\/uploads\\\/2019\\\/11\\\/Logo_Avatar_2-150x150.jpg\",\"url\":\"https:\\\/\\\/www.altominho.tv\\\/site\\\/wp-content\\\/uploads\\\/2019\\\/11\\\/Logo_Avatar_2-150x150.jpg\",\"contentUrl\":\"https:\\\/\\\/www.altominho.tv\\\/site\\\/wp-content\\\/uploads\\\/2019\\\/11\\\/Logo_Avatar_2-150x150.jpg\",\"caption\":\"Altominho.tv\"},\"url\":\"https:\\\/\\\/www.altominho.tv\\\/site\\\/author\\\/altominhotv-tecnico\\\/\"}]}<\/script>\n<!-- \/ Yoast SEO Premium plugin. -->","yoast_head_json":{"title":"Arcos de Valdevez \u00e9 uma das tr\u00eas localidades a receber a rodagem da s\u00e9rie da RTP \"Vento Norte\"","robots":{"index":"index","follow":"follow","max-snippet":"max-snippet:-1","max-image-preview":"max-image-preview:large","max-video-preview":"max-video-preview:-1"},"canonical":"https:\/\/www.altominho.tv\/site\/2020\/08\/18\/arcos-de-valdevez-e-uma-das-tres-localidades-a-receber-a-rodagem-da-serie-da-rtp-vento-norte\/","og_locale":"pt_PT","og_type":"article","og_title":"Arcos de Valdevez \u00e9 uma das tr\u00eas localidades a receber a rodagem da s\u00e9rie da RTP \"Vento Norte\"","og_description":"Arcos de Valdevez \u00e9 uma das tr\u00eas localidades do Norte de Portugal envolvidas neste projeto televisivo, sendo que as caracter\u00edsticas \u00fanicas da sede do concelho ao nivel da Natureza e do Patrim\u00f3nio levaram \u00e0 sua escolha como cen\u00e1rio destacado de filmagem da s\u00e9rie da RTP \u201cVento Norte\u201d, que decorrer\u00e1 localmente nos meses de Setembro e [&hellip;]","og_url":"https:\/\/www.altominho.tv\/site\/2020\/08\/18\/arcos-de-valdevez-e-uma-das-tres-localidades-a-receber-a-rodagem-da-serie-da-rtp-vento-norte\/","og_site_name":"Altominho.tv","article_publisher":"https:\/\/www.facebook.com\/altominhotv","article_published_time":"2020-08-18T10:00:49+00:00","article_modified_time":"2020-08-18T10:00:52+00:00","og_image":[{"width":1300,"height":732,"url":"https:\/\/www.altominho.tv\/site\/wp-content\/uploads\/2020\/08\/Vento-Norte_Filme.jpg","type":"image\/jpeg"}],"author":"Altominho.tv","twitter_card":"summary_large_image","twitter_creator":"@altominhoTV","twitter_site":"@altominhoTV","twitter_misc":{"Escrito por":"Altominho.tv","Tempo estimado de leitura":"1 minuto"},"schema":{"@context":"https:\/\/schema.org","@graph":[{"@type":"Article","@id":"https:\/\/www.altominho.tv\/site\/2020\/08\/18\/arcos-de-valdevez-e-uma-das-tres-localidades-a-receber-a-rodagem-da-serie-da-rtp-vento-norte\/#article","isPartOf":{"@id":"https:\/\/www.altominho.tv\/site\/2020\/08\/18\/arcos-de-valdevez-e-uma-das-tres-localidades-a-receber-a-rodagem-da-serie-da-rtp-vento-norte\/"},"author":{"name":"Altominho.tv","@id":"https:\/\/www.altominho.tv\/site\/#\/schema\/person\/4e536851627d7914baf3dac752b6af22"},"headline":"Arcos de Valdevez \u00e9 uma das tr\u00eas localidades a receber a rodagem da s\u00e9rie da RTP &#8220;Vento Norte&#8221;","datePublished":"2020-08-18T10:00:49+00:00","dateModified":"2020-08-18T10:00:52+00:00","mainEntityOfPage":{"@id":"https:\/\/www.altominho.tv\/site\/2020\/08\/18\/arcos-de-valdevez-e-uma-das-tres-localidades-a-receber-a-rodagem-da-serie-da-rtp-vento-norte\/"},"wordCount":265,"image":{"@id":"https:\/\/www.altominho.tv\/site\/2020\/08\/18\/arcos-de-valdevez-e-uma-das-tres-localidades-a-receber-a-rodagem-da-serie-da-rtp-vento-norte\/#primaryimage"},"thumbnailUrl":"https:\/\/www.altominho.tv\/site\/wp-content\/uploads\/2020\/08\/Vento-Norte_Filme.jpg","keywords":["Cultura"],"articleSection":["Arcos de Valdevez"],"inLanguage":"pt-PT","copyrightYear":"2020","copyrightHolder":{"@id":"https:\/\/www.altominho.tv\/site\/#organization"}},{"@type":"WebPage","@id":"https:\/\/www.altominho.tv\/site\/2020\/08\/18\/arcos-de-valdevez-e-uma-das-tres-localidades-a-receber-a-rodagem-da-serie-da-rtp-vento-norte\/","url":"https:\/\/www.altominho.tv\/site\/2020\/08\/18\/arcos-de-valdevez-e-uma-das-tres-localidades-a-receber-a-rodagem-da-serie-da-rtp-vento-norte\/","name":"Arcos de Valdevez \u00e9 uma das tr\u00eas localidades a receber a rodagem da s\u00e9rie da RTP \"Vento Norte\"","isPartOf":{"@id":"https:\/\/www.altominho.tv\/site\/#website"},"primaryImageOfPage":{"@id":"https:\/\/www.altominho.tv\/site\/2020\/08\/18\/arcos-de-valdevez-e-uma-das-tres-localidades-a-receber-a-rodagem-da-serie-da-rtp-vento-norte\/#primaryimage"},"image":{"@id":"https:\/\/www.altominho.tv\/site\/2020\/08\/18\/arcos-de-valdevez-e-uma-das-tres-localidades-a-receber-a-rodagem-da-serie-da-rtp-vento-norte\/#primaryimage"},"thumbnailUrl":"https:\/\/www.altominho.tv\/site\/wp-content\/uploads\/2020\/08\/Vento-Norte_Filme.jpg","datePublished":"2020-08-18T10:00:49+00:00","dateModified":"2020-08-18T10:00:52+00:00","author":{"@id":"https:\/\/www.altominho.tv\/site\/#\/schema\/person\/4e536851627d7914baf3dac752b6af22"},"breadcrumb":{"@id":"https:\/\/www.altominho.tv\/site\/2020\/08\/18\/arcos-de-valdevez-e-uma-das-tres-localidades-a-receber-a-rodagem-da-serie-da-rtp-vento-norte\/#breadcrumb"},"inLanguage":"pt-PT","potentialAction":[{"@type":"ReadAction","target":["https:\/\/www.altominho.tv\/site\/2020\/08\/18\/arcos-de-valdevez-e-uma-das-tres-localidades-a-receber-a-rodagem-da-serie-da-rtp-vento-norte\/"]}]},{"@type":"ImageObject","inLanguage":"pt-PT","@id":"https:\/\/www.altominho.tv\/site\/2020\/08\/18\/arcos-de-valdevez-e-uma-das-tres-localidades-a-receber-a-rodagem-da-serie-da-rtp-vento-norte\/#primaryimage","url":"https:\/\/www.altominho.tv\/site\/wp-content\/uploads\/2020\/08\/Vento-Norte_Filme.jpg","contentUrl":"https:\/\/www.altominho.tv\/site\/wp-content\/uploads\/2020\/08\/Vento-Norte_Filme.jpg","width":1300,"height":732},{"@type":"BreadcrumbList","@id":"https:\/\/www.altominho.tv\/site\/2020\/08\/18\/arcos-de-valdevez-e-uma-das-tres-localidades-a-receber-a-rodagem-da-serie-da-rtp-vento-norte\/#breadcrumb","itemListElement":[{"@type":"ListItem","position":1,"name":"In\u00edcio","item":"https:\/\/www.altominho.tv\/site\/"},{"@type":"ListItem","position":2,"name":"Arcos de Valdevez \u00e9 uma das tr\u00eas localidades a receber a rodagem da s\u00e9rie da RTP &#8220;Vento Norte&#8221;"}]},{"@type":"WebSite","@id":"https:\/\/www.altominho.tv\/site\/#website","url":"https:\/\/www.altominho.tv\/site\/","name":"Altominho.tv","description":"A sua regi\u00e3o \u00e0 dist\u00e2ncia de um clique...","potentialAction":[{"@type":"SearchAction","target":{"@type":"EntryPoint","urlTemplate":"https:\/\/www.altominho.tv\/site\/?s={search_term_string}"},"query-input":{"@type":"PropertyValueSpecification","valueRequired":true,"valueName":"search_term_string"}}],"inLanguage":"pt-PT"},{"@type":"Person","@id":"https:\/\/www.altominho.tv\/site\/#\/schema\/person\/4e536851627d7914baf3dac752b6af22","name":"Altominho.tv","image":{"@type":"ImageObject","inLanguage":"pt-PT","@id":"https:\/\/www.altominho.tv\/site\/wp-content\/uploads\/2019\/11\/Logo_Avatar_2-150x150.jpg","url":"https:\/\/www.altominho.tv\/site\/wp-content\/uploads\/2019\/11\/Logo_Avatar_2-150x150.jpg","contentUrl":"https:\/\/www.altominho.tv\/site\/wp-content\/uploads\/2019\/11\/Logo_Avatar_2-150x150.jpg","caption":"Altominho.tv"},"url":"https:\/\/www.altominho.tv\/site\/author\/altominhotv-tecnico\/"}]}},"_links":{"self":[{"href":"https:\/\/www.altominho.tv\/site\/wp-json\/wp\/v2\/posts\/50784","targetHints":{"allow":["GET"]}}],"collection":[{"href":"https:\/\/www.altominho.tv\/site\/wp-json\/wp\/v2\/posts"}],"about":[{"href":"https:\/\/www.altominho.tv\/site\/wp-json\/wp\/v2\/types\/post"}],"author":[{"embeddable":true,"href":"https:\/\/www.altominho.tv\/site\/wp-json\/wp\/v2\/users\/1"}],"replies":[{"embeddable":true,"href":"https:\/\/www.altominho.tv\/site\/wp-json\/wp\/v2\/comments?post=50784"}],"version-history":[{"count":0,"href":"https:\/\/www.altominho.tv\/site\/wp-json\/wp\/v2\/posts\/50784\/revisions"}],"wp:featuredmedia":[{"embeddable":true,"href":"https:\/\/www.altominho.tv\/site\/wp-json\/wp\/v2\/media\/50785"}],"wp:attachment":[{"href":"https:\/\/www.altominho.tv\/site\/wp-json\/wp\/v2\/media?parent=50784"}],"wp:term":[{"taxonomy":"category","embeddable":true,"href":"https:\/\/www.altominho.tv\/site\/wp-json\/wp\/v2\/categories?post=50784"},{"taxonomy":"post_tag","embeddable":true,"href":"https:\/\/www.altominho.tv\/site\/wp-json\/wp\/v2\/tags?post=50784"}],"curies":[{"name":"wp","href":"https:\/\/api.w.org\/{rel}","templated":true}]}}