{"id":50675,"date":"2020-08-17T09:44:46","date_gmt":"2020-08-17T08:44:46","guid":{"rendered":"http:\/\/www.altominho.tv\/site\/?p=50675"},"modified":"2020-08-17T09:44:51","modified_gmt":"2020-08-17T08:44:51","slug":"movimento-civico-do-alto-minho-e-associacoes-da-galiza-juntos-em-defesa-da-serra-darga-e-contra-o-litio","status":"publish","type":"post","link":"https:\/\/www.altominho.tv\/site\/2020\/08\/17\/movimento-civico-do-alto-minho-e-associacoes-da-galiza-juntos-em-defesa-da-serra-darga-e-contra-o-litio\/","title":{"rendered":"Movimento c\u00edvico do Alto Minho e associa\u00e7\u00f5es da Galiza juntos em defesa da Serra d\u2019Arga e contra o l\u00edtio"},"content":{"rendered":"<p>O movimento c\u00edvico SOS Serra d&#8217;Arga, em Viana do Castelo, e diversas associa\u00e7\u00f5es culturais e de defesa do ambiente da Galiza participam no s\u00e1bado numa caminhada para contestar a eventual explora\u00e7\u00e3o de l\u00edtio naquele territ\u00f3rio.<\/p>\n<p>Ludovina Sousa, em representa\u00e7\u00e3o do Movimento SOS Serra d&#8217; Arga, disse tratar-se da &#8220;primeira iniciativa conjunta com associa\u00e7\u00f5es e coletividades galegas e que visa dar a conhecer \u2018in loco&#8217; o territ\u00f3rio e patrim\u00f3nio natural e constru\u00eddo que poder\u00e1 vir a ser afetado por uma explora\u00e7\u00e3o mineira&#8221;.<\/p>\n<p>A respons\u00e1vel acrescentou, em declara\u00e7\u00f5es \u00e0 Lusa, que a a\u00e7\u00e3o tem ainda como objetivo &#8220;fazer um levantamento fotogr\u00e1fico da regi\u00e3o para, posteriormente, divulgar esse material em sess\u00f5es de esclarecimento junto das popula\u00e7\u00f5es das freguesias e concelhos que integram a Serra d&#8217;Arga&#8221;.<\/p>\n<p>A serra d&#8217;Arga abrange uma \u00e1rea de 10 mil hectares, nos concelhos de Caminha, Vila Nova de Cerveira, Paredes de Coura, Viana do Castelo e Ponte de Lima, dos quais 4.280 se encontram classificados como S\u00edtio de Import\u00e2ncia Comunit\u00e1ria.<\/p>\n<p>Aqueles cinco munic\u00edpios t\u00eam em curso o projeto &#8220;Da Serra d&#8217;Arga \u00e0 Foz do \u00c2ncora&#8221;, liderado pela Comunidade Intermunicipal (CIM) do Alto Minho, que visa a classifica\u00e7\u00e3o da Serra d&#8217;Arga como \u00c1rea de Paisagem Protegida de Interesse Municipal.<\/p>\n<p>Segundo Ludovina Sousa, a caminhada marcada para o dia 22 contar\u00e1 com a participa\u00e7\u00e3o de associa\u00e7\u00f5es culturais e ambientais de La Guardia, Rosal, Baiona e Gondomar, perto de Tui, na Galiza.<\/p>\n<p>A presen\u00e7a galega na a\u00e7\u00e3o no Alto Minho surge na sequ\u00eancia da participa\u00e7\u00e3o do movimento SOS Serra d&#8217;Arga num debate, na semana passada, na Galiza, com o t\u00edtulo &#8220;Minas de L\u00edtio \u00e0 beira do Mi\u00f1o &#8211; A serra d&#8217; Arga em perigo&#8221;. &#8220;Os elementos do movimento SOS Serra d&#8217;Arga fizeram uma apresenta\u00e7\u00e3o do projeto mineiro em territ\u00f3rio nacional, com especial destaque para o crime que o Governo pretende levar a cabo na Serra d&#8217; Arga e que, a ser perpetrado, afetar\u00e1 tamb\u00e9m o estu\u00e1rio do Minho que \u00e9 patrim\u00f3nio comum aos dois povos. Sob a \u00e9gide de um rio que nos une, todos os presentes aceitaram abra\u00e7ar esta causa&#8221;, explicou.<\/p>\n<p>J\u00e1 na semana passada o movimento c\u00edvico pediu uma audi\u00eancia ao ministro do Ambiente e da A\u00e7\u00e3o Clim\u00e1tica, Jo\u00e3o Pedro Matos Fernandes. Em causa est\u00e1 o projeto de decreto-lei que regulamenta a denominada lei das minas (Lei 54\/2015, de 22 de junho), que esteve em discuss\u00e3o p\u00fablica entre o dia 16 e 31 de julho.<\/p>\n<p>O movimento enviou, pela via disponibilizada legalmente para o efeito e dentro do tempo dado pelo Governo, o seu parecer relativo ao processo de consulta p\u00fablica ao Projeto de Decreto-Lei n.\u00b0 341\/XII\/2020 (que procede \u00e0 regulamenta\u00e7\u00e3o da lei de bases do regime jur\u00eddico da revela\u00e7\u00e3o e do aproveitamento dos recursos geol\u00f3gicos para os dep\u00f3sitos minerais). Este parecer foi subscrito pelas Juntas de Freguesia de Moledo e \u00c2ncora, que juntaram a sua voz \u00e0 das popula\u00e7\u00f5es da Serra d&#8217;Arga, consternadas e mobilizadas no sentido da prote\u00e7\u00e3o do seu territ\u00f3rio&#8221;, refere o movimento.<\/p>\n<p>\u00c0 Lusa, no in\u00edcio do m\u00eas, o porta-voz do movimento, Carlos Seixas, classificou de &#8220;muito mau&#8221; o projeto de decreto-lei por &#8220;deixar a possibilidade de as empresas de minera\u00e7\u00e3o fazerem quase tudo&#8221;. &#8220;Nem sequer um estudo de impacto ambiental pode impedir uma minera\u00e7\u00e3o. Com esta proposta de decreto-lei nada pode ser impedido, est\u00e1 tudo em aberto&#8221;, afirmou.<\/p>\n<p>Segundo o respons\u00e1vel, a proposta governamental &#8220;fala sempre num pode ser e nunca diz, taxativamente, quais os impedimentos&#8221;. &#8220;Deixa sempre em aberto a possibilidade de se fazer onde quer que seja. N\u00e3o d\u00e1 qualquer possibilidade de a popula\u00e7\u00e3o, ou at\u00e9 as c\u00e2maras municipais, tomarem uma posi\u00e7\u00e3o, por exemplo, quando se trata de um concurso p\u00fablico&#8221;, sustento<\/p>\n","protected":false},"excerpt":{"rendered":"<p>O movimento c\u00edvico SOS Serra d&#8217;Arga, em Viana do Castelo, e diversas associa\u00e7\u00f5es culturais e de defesa do ambiente da Galiza participam no s\u00e1bado numa caminhada para contestar a eventual explora\u00e7\u00e3o de l\u00edtio naquele territ\u00f3rio. Ludovina Sousa, em representa\u00e7\u00e3o do Movimento SOS Serra d&#8217; Arga, disse tratar-se da &#8220;primeira iniciativa conjunta com associa\u00e7\u00f5es e coletividades [&hellip;]<\/p>\n","protected":false},"author":15,"featured_media":48620,"comment_status":"closed","ping_status":"closed","sticky":false,"template":"","format":"standard","meta":{"_exactmetrics_skip_tracking":false,"footnotes":""},"categories":[73],"tags":[27],"class_list":["post-50675","post","type-post","status-publish","format-standard","has-post-thumbnail","hentry","category-alto-minho","tag-sociedade"],"yoast_head":"<!-- This site is optimized with the Yoast SEO Premium plugin v28.3 (Yoast SEO v28.3) - https:\/\/yoast.com\/product\/yoast-seo-premium-wordpress\/ -->\n<title>Movimento c\u00edvico do Alto Minho e associa\u00e7\u00f5es da Galiza juntos em defesa da Serra d\u2019Arga e contra o l\u00edtio<\/title>\n<meta name=\"robots\" content=\"index, follow, max-snippet:-1, max-image-preview:large, max-video-preview:-1\" \/>\n<link rel=\"canonical\" href=\"https:\/\/www.altominho.tv\/site\/2020\/08\/17\/movimento-civico-do-alto-minho-e-associacoes-da-galiza-juntos-em-defesa-da-serra-darga-e-contra-o-litio\/\" \/>\n<meta property=\"og:locale\" content=\"pt_PT\" \/>\n<meta property=\"og:type\" content=\"article\" \/>\n<meta property=\"og:title\" content=\"Movimento c\u00edvico do Alto Minho e associa\u00e7\u00f5es da Galiza juntos em defesa da Serra d\u2019Arga e contra o l\u00edtio\" \/>\n<meta property=\"og:description\" content=\"O movimento c\u00edvico SOS Serra d&#8217;Arga, em Viana do Castelo, e diversas associa\u00e7\u00f5es culturais e de defesa do ambiente da Galiza participam no s\u00e1bado numa caminhada para contestar a eventual explora\u00e7\u00e3o de l\u00edtio naquele territ\u00f3rio. Ludovina Sousa, em representa\u00e7\u00e3o do Movimento SOS Serra d&#8217; Arga, disse tratar-se da &#8220;primeira iniciativa conjunta com associa\u00e7\u00f5es e coletividades [&hellip;]\" \/>\n<meta property=\"og:url\" content=\"https:\/\/www.altominho.tv\/site\/2020\/08\/17\/movimento-civico-do-alto-minho-e-associacoes-da-galiza-juntos-em-defesa-da-serra-darga-e-contra-o-litio\/\" \/>\n<meta property=\"og:site_name\" content=\"Altominho.tv\" \/>\n<meta property=\"article:publisher\" content=\"https:\/\/www.facebook.com\/altominhotv\" \/>\n<meta property=\"article:published_time\" content=\"2020-08-17T08:44:46+00:00\" \/>\n<meta property=\"article:modified_time\" content=\"2020-08-17T08:44:51+00:00\" \/>\n<meta property=\"og:image\" content=\"https:\/\/www.altominho.tv\/site\/wp-content\/uploads\/2020\/07\/Li\u0301tio-scaled.jpg\" \/>\n\t<meta property=\"og:image:width\" content=\"2560\" \/>\n\t<meta property=\"og:image:height\" content=\"1505\" \/>\n\t<meta property=\"og:image:type\" content=\"image\/jpeg\" \/>\n<meta name=\"author\" content=\"Andreia Ferreira | Lusa\" \/>\n<meta name=\"twitter:card\" content=\"summary_large_image\" \/>\n<meta name=\"twitter:creator\" content=\"@altominhoTV\" \/>\n<meta name=\"twitter:site\" content=\"@altominhoTV\" \/>\n<meta name=\"twitter:label1\" content=\"Escrito por\" \/>\n\t<meta name=\"twitter:data1\" content=\"Andreia Ferreira | Lusa\" \/>\n\t<meta name=\"twitter:label2\" content=\"Tempo estimado de leitura\" \/>\n\t<meta name=\"twitter:data2\" content=\"3 minutos\" \/>\n<script type=\"application\/ld+json\" class=\"yoast-schema-graph\">{\"@context\":\"https:\\\/\\\/schema.org\",\"@graph\":[{\"@type\":\"Article\",\"@id\":\"https:\\\/\\\/www.altominho.tv\\\/site\\\/2020\\\/08\\\/17\\\/movimento-civico-do-alto-minho-e-associacoes-da-galiza-juntos-em-defesa-da-serra-darga-e-contra-o-litio\\\/#article\",\"isPartOf\":{\"@id\":\"https:\\\/\\\/www.altominho.tv\\\/site\\\/2020\\\/08\\\/17\\\/movimento-civico-do-alto-minho-e-associacoes-da-galiza-juntos-em-defesa-da-serra-darga-e-contra-o-litio\\\/\"},\"author\":{\"name\":\"Andreia Ferreira | Lusa\",\"@id\":\"https:\\\/\\\/www.altominho.tv\\\/site\\\/#\\\/schema\\\/person\\\/a0bff6dc1041aadd46fa81887444b017\"},\"headline\":\"Movimento c\u00edvico do Alto Minho e associa\u00e7\u00f5es da Galiza juntos em defesa da Serra d\u2019Arga e contra o l\u00edtio\",\"datePublished\":\"2020-08-17T08:44:46+00:00\",\"dateModified\":\"2020-08-17T08:44:51+00:00\",\"mainEntityOfPage\":{\"@id\":\"https:\\\/\\\/www.altominho.tv\\\/site\\\/2020\\\/08\\\/17\\\/movimento-civico-do-alto-minho-e-associacoes-da-galiza-juntos-em-defesa-da-serra-darga-e-contra-o-litio\\\/\"},\"wordCount\":674,\"image\":{\"@id\":\"https:\\\/\\\/www.altominho.tv\\\/site\\\/2020\\\/08\\\/17\\\/movimento-civico-do-alto-minho-e-associacoes-da-galiza-juntos-em-defesa-da-serra-darga-e-contra-o-litio\\\/#primaryimage\"},\"thumbnailUrl\":\"https:\\\/\\\/www.altominho.tv\\\/site\\\/wp-content\\\/uploads\\\/2020\\\/07\\\/Li\u0301tio-scaled.jpg\",\"keywords\":[\"Sociedade\"],\"articleSection\":[\"Alto Minho\"],\"inLanguage\":\"pt-PT\",\"copyrightYear\":\"2020\",\"copyrightHolder\":{\"@id\":\"https:\\\/\\\/www.altominho.tv\\\/site\\\/#organization\"}},{\"@type\":\"WebPage\",\"@id\":\"https:\\\/\\\/www.altominho.tv\\\/site\\\/2020\\\/08\\\/17\\\/movimento-civico-do-alto-minho-e-associacoes-da-galiza-juntos-em-defesa-da-serra-darga-e-contra-o-litio\\\/\",\"url\":\"https:\\\/\\\/www.altominho.tv\\\/site\\\/2020\\\/08\\\/17\\\/movimento-civico-do-alto-minho-e-associacoes-da-galiza-juntos-em-defesa-da-serra-darga-e-contra-o-litio\\\/\",\"name\":\"Movimento c\u00edvico do Alto Minho e associa\u00e7\u00f5es da Galiza juntos em defesa da Serra d\u2019Arga e contra o l\u00edtio\",\"isPartOf\":{\"@id\":\"https:\\\/\\\/www.altominho.tv\\\/site\\\/#website\"},\"primaryImageOfPage\":{\"@id\":\"https:\\\/\\\/www.altominho.tv\\\/site\\\/2020\\\/08\\\/17\\\/movimento-civico-do-alto-minho-e-associacoes-da-galiza-juntos-em-defesa-da-serra-darga-e-contra-o-litio\\\/#primaryimage\"},\"image\":{\"@id\":\"https:\\\/\\\/www.altominho.tv\\\/site\\\/2020\\\/08\\\/17\\\/movimento-civico-do-alto-minho-e-associacoes-da-galiza-juntos-em-defesa-da-serra-darga-e-contra-o-litio\\\/#primaryimage\"},\"thumbnailUrl\":\"https:\\\/\\\/www.altominho.tv\\\/site\\\/wp-content\\\/uploads\\\/2020\\\/07\\\/Li\u0301tio-scaled.jpg\",\"datePublished\":\"2020-08-17T08:44:46+00:00\",\"dateModified\":\"2020-08-17T08:44:51+00:00\",\"author\":{\"@id\":\"https:\\\/\\\/www.altominho.tv\\\/site\\\/#\\\/schema\\\/person\\\/a0bff6dc1041aadd46fa81887444b017\"},\"breadcrumb\":{\"@id\":\"https:\\\/\\\/www.altominho.tv\\\/site\\\/2020\\\/08\\\/17\\\/movimento-civico-do-alto-minho-e-associacoes-da-galiza-juntos-em-defesa-da-serra-darga-e-contra-o-litio\\\/#breadcrumb\"},\"inLanguage\":\"pt-PT\",\"potentialAction\":[{\"@type\":\"ReadAction\",\"target\":[\"https:\\\/\\\/www.altominho.tv\\\/site\\\/2020\\\/08\\\/17\\\/movimento-civico-do-alto-minho-e-associacoes-da-galiza-juntos-em-defesa-da-serra-darga-e-contra-o-litio\\\/\"]}]},{\"@type\":\"ImageObject\",\"inLanguage\":\"pt-PT\",\"@id\":\"https:\\\/\\\/www.altominho.tv\\\/site\\\/2020\\\/08\\\/17\\\/movimento-civico-do-alto-minho-e-associacoes-da-galiza-juntos-em-defesa-da-serra-darga-e-contra-o-litio\\\/#primaryimage\",\"url\":\"https:\\\/\\\/www.altominho.tv\\\/site\\\/wp-content\\\/uploads\\\/2020\\\/07\\\/Li\u0301tio-scaled.jpg\",\"contentUrl\":\"https:\\\/\\\/www.altominho.tv\\\/site\\\/wp-content\\\/uploads\\\/2020\\\/07\\\/Li\u0301tio-scaled.jpg\",\"width\":2560,\"height\":1505,\"caption\":\"DR\"},{\"@type\":\"BreadcrumbList\",\"@id\":\"https:\\\/\\\/www.altominho.tv\\\/site\\\/2020\\\/08\\\/17\\\/movimento-civico-do-alto-minho-e-associacoes-da-galiza-juntos-em-defesa-da-serra-darga-e-contra-o-litio\\\/#breadcrumb\",\"itemListElement\":[{\"@type\":\"ListItem\",\"position\":1,\"name\":\"In\u00edcio\",\"item\":\"https:\\\/\\\/www.altominho.tv\\\/site\\\/\"},{\"@type\":\"ListItem\",\"position\":2,\"name\":\"Movimento c\u00edvico do Alto Minho e associa\u00e7\u00f5es da Galiza juntos em defesa da Serra d\u2019Arga e contra o l\u00edtio\"}]},{\"@type\":\"WebSite\",\"@id\":\"https:\\\/\\\/www.altominho.tv\\\/site\\\/#website\",\"url\":\"https:\\\/\\\/www.altominho.tv\\\/site\\\/\",\"name\":\"Altominho.tv\",\"description\":\"A sua regi\u00e3o \u00e0 dist\u00e2ncia de um clique...\",\"potentialAction\":[{\"@type\":\"SearchAction\",\"target\":{\"@type\":\"EntryPoint\",\"urlTemplate\":\"https:\\\/\\\/www.altominho.tv\\\/site\\\/?s={search_term_string}\"},\"query-input\":{\"@type\":\"PropertyValueSpecification\",\"valueRequired\":true,\"valueName\":\"search_term_string\"}}],\"inLanguage\":\"pt-PT\"},{\"@type\":\"Person\",\"@id\":\"https:\\\/\\\/www.altominho.tv\\\/site\\\/#\\\/schema\\\/person\\\/a0bff6dc1041aadd46fa81887444b017\",\"name\":\"Andreia Ferreira | Lusa\",\"image\":{\"@type\":\"ImageObject\",\"inLanguage\":\"pt-PT\",\"@id\":\"https:\\\/\\\/www.altominho.tv\\\/site\\\/wp-content\\\/uploads\\\/2018\\\/04\\\/Andreia-150x150.jpg\",\"url\":\"https:\\\/\\\/www.altominho.tv\\\/site\\\/wp-content\\\/uploads\\\/2018\\\/04\\\/Andreia-150x150.jpg\",\"contentUrl\":\"https:\\\/\\\/www.altominho.tv\\\/site\\\/wp-content\\\/uploads\\\/2018\\\/04\\\/Andreia-150x150.jpg\",\"caption\":\"Andreia Ferreira | Lusa\"},\"sameAs\":[\"https:\\\/\\\/www.altominho.tv\\\/site\"],\"url\":\"https:\\\/\\\/www.altominho.tv\\\/site\\\/author\\\/andreiaferreiralusa\\\/\"}]}<\/script>\n<!-- \/ Yoast SEO Premium plugin. -->","yoast_head_json":{"title":"Movimento c\u00edvico do Alto Minho e associa\u00e7\u00f5es da Galiza juntos em defesa da Serra d\u2019Arga e contra o l\u00edtio","robots":{"index":"index","follow":"follow","max-snippet":"max-snippet:-1","max-image-preview":"max-image-preview:large","max-video-preview":"max-video-preview:-1"},"canonical":"https:\/\/www.altominho.tv\/site\/2020\/08\/17\/movimento-civico-do-alto-minho-e-associacoes-da-galiza-juntos-em-defesa-da-serra-darga-e-contra-o-litio\/","og_locale":"pt_PT","og_type":"article","og_title":"Movimento c\u00edvico do Alto Minho e associa\u00e7\u00f5es da Galiza juntos em defesa da Serra d\u2019Arga e contra o l\u00edtio","og_description":"O movimento c\u00edvico SOS Serra d&#8217;Arga, em Viana do Castelo, e diversas associa\u00e7\u00f5es culturais e de defesa do ambiente da Galiza participam no s\u00e1bado numa caminhada para contestar a eventual explora\u00e7\u00e3o de l\u00edtio naquele territ\u00f3rio. Ludovina Sousa, em representa\u00e7\u00e3o do Movimento SOS Serra d&#8217; Arga, disse tratar-se da &#8220;primeira iniciativa conjunta com associa\u00e7\u00f5es e coletividades [&hellip;]","og_url":"https:\/\/www.altominho.tv\/site\/2020\/08\/17\/movimento-civico-do-alto-minho-e-associacoes-da-galiza-juntos-em-defesa-da-serra-darga-e-contra-o-litio\/","og_site_name":"Altominho.tv","article_publisher":"https:\/\/www.facebook.com\/altominhotv","article_published_time":"2020-08-17T08:44:46+00:00","article_modified_time":"2020-08-17T08:44:51+00:00","og_image":[{"width":2560,"height":1505,"url":"https:\/\/www.altominho.tv\/site\/wp-content\/uploads\/2020\/07\/Li\u0301tio-scaled.jpg","type":"image\/jpeg"}],"author":"Andreia Ferreira | Lusa","twitter_card":"summary_large_image","twitter_creator":"@altominhoTV","twitter_site":"@altominhoTV","twitter_misc":{"Escrito por":"Andreia Ferreira | Lusa","Tempo estimado de leitura":"3 minutos"},"schema":{"@context":"https:\/\/schema.org","@graph":[{"@type":"Article","@id":"https:\/\/www.altominho.tv\/site\/2020\/08\/17\/movimento-civico-do-alto-minho-e-associacoes-da-galiza-juntos-em-defesa-da-serra-darga-e-contra-o-litio\/#article","isPartOf":{"@id":"https:\/\/www.altominho.tv\/site\/2020\/08\/17\/movimento-civico-do-alto-minho-e-associacoes-da-galiza-juntos-em-defesa-da-serra-darga-e-contra-o-litio\/"},"author":{"name":"Andreia Ferreira | Lusa","@id":"https:\/\/www.altominho.tv\/site\/#\/schema\/person\/a0bff6dc1041aadd46fa81887444b017"},"headline":"Movimento c\u00edvico do Alto Minho e associa\u00e7\u00f5es da Galiza juntos em defesa da Serra d\u2019Arga e contra o l\u00edtio","datePublished":"2020-08-17T08:44:46+00:00","dateModified":"2020-08-17T08:44:51+00:00","mainEntityOfPage":{"@id":"https:\/\/www.altominho.tv\/site\/2020\/08\/17\/movimento-civico-do-alto-minho-e-associacoes-da-galiza-juntos-em-defesa-da-serra-darga-e-contra-o-litio\/"},"wordCount":674,"image":{"@id":"https:\/\/www.altominho.tv\/site\/2020\/08\/17\/movimento-civico-do-alto-minho-e-associacoes-da-galiza-juntos-em-defesa-da-serra-darga-e-contra-o-litio\/#primaryimage"},"thumbnailUrl":"https:\/\/www.altominho.tv\/site\/wp-content\/uploads\/2020\/07\/Li\u0301tio-scaled.jpg","keywords":["Sociedade"],"articleSection":["Alto Minho"],"inLanguage":"pt-PT","copyrightYear":"2020","copyrightHolder":{"@id":"https:\/\/www.altominho.tv\/site\/#organization"}},{"@type":"WebPage","@id":"https:\/\/www.altominho.tv\/site\/2020\/08\/17\/movimento-civico-do-alto-minho-e-associacoes-da-galiza-juntos-em-defesa-da-serra-darga-e-contra-o-litio\/","url":"https:\/\/www.altominho.tv\/site\/2020\/08\/17\/movimento-civico-do-alto-minho-e-associacoes-da-galiza-juntos-em-defesa-da-serra-darga-e-contra-o-litio\/","name":"Movimento c\u00edvico do Alto Minho e associa\u00e7\u00f5es da Galiza juntos em defesa da Serra d\u2019Arga e contra o l\u00edtio","isPartOf":{"@id":"https:\/\/www.altominho.tv\/site\/#website"},"primaryImageOfPage":{"@id":"https:\/\/www.altominho.tv\/site\/2020\/08\/17\/movimento-civico-do-alto-minho-e-associacoes-da-galiza-juntos-em-defesa-da-serra-darga-e-contra-o-litio\/#primaryimage"},"image":{"@id":"https:\/\/www.altominho.tv\/site\/2020\/08\/17\/movimento-civico-do-alto-minho-e-associacoes-da-galiza-juntos-em-defesa-da-serra-darga-e-contra-o-litio\/#primaryimage"},"thumbnailUrl":"https:\/\/www.altominho.tv\/site\/wp-content\/uploads\/2020\/07\/Li\u0301tio-scaled.jpg","datePublished":"2020-08-17T08:44:46+00:00","dateModified":"2020-08-17T08:44:51+00:00","author":{"@id":"https:\/\/www.altominho.tv\/site\/#\/schema\/person\/a0bff6dc1041aadd46fa81887444b017"},"breadcrumb":{"@id":"https:\/\/www.altominho.tv\/site\/2020\/08\/17\/movimento-civico-do-alto-minho-e-associacoes-da-galiza-juntos-em-defesa-da-serra-darga-e-contra-o-litio\/#breadcrumb"},"inLanguage":"pt-PT","potentialAction":[{"@type":"ReadAction","target":["https:\/\/www.altominho.tv\/site\/2020\/08\/17\/movimento-civico-do-alto-minho-e-associacoes-da-galiza-juntos-em-defesa-da-serra-darga-e-contra-o-litio\/"]}]},{"@type":"ImageObject","inLanguage":"pt-PT","@id":"https:\/\/www.altominho.tv\/site\/2020\/08\/17\/movimento-civico-do-alto-minho-e-associacoes-da-galiza-juntos-em-defesa-da-serra-darga-e-contra-o-litio\/#primaryimage","url":"https:\/\/www.altominho.tv\/site\/wp-content\/uploads\/2020\/07\/Li\u0301tio-scaled.jpg","contentUrl":"https:\/\/www.altominho.tv\/site\/wp-content\/uploads\/2020\/07\/Li\u0301tio-scaled.jpg","width":2560,"height":1505,"caption":"DR"},{"@type":"BreadcrumbList","@id":"https:\/\/www.altominho.tv\/site\/2020\/08\/17\/movimento-civico-do-alto-minho-e-associacoes-da-galiza-juntos-em-defesa-da-serra-darga-e-contra-o-litio\/#breadcrumb","itemListElement":[{"@type":"ListItem","position":1,"name":"In\u00edcio","item":"https:\/\/www.altominho.tv\/site\/"},{"@type":"ListItem","position":2,"name":"Movimento c\u00edvico do Alto Minho e associa\u00e7\u00f5es da Galiza juntos em defesa da Serra d\u2019Arga e contra o l\u00edtio"}]},{"@type":"WebSite","@id":"https:\/\/www.altominho.tv\/site\/#website","url":"https:\/\/www.altominho.tv\/site\/","name":"Altominho.tv","description":"A sua regi\u00e3o \u00e0 dist\u00e2ncia de um clique...","potentialAction":[{"@type":"SearchAction","target":{"@type":"EntryPoint","urlTemplate":"https:\/\/www.altominho.tv\/site\/?s={search_term_string}"},"query-input":{"@type":"PropertyValueSpecification","valueRequired":true,"valueName":"search_term_string"}}],"inLanguage":"pt-PT"},{"@type":"Person","@id":"https:\/\/www.altominho.tv\/site\/#\/schema\/person\/a0bff6dc1041aadd46fa81887444b017","name":"Andreia Ferreira | Lusa","image":{"@type":"ImageObject","inLanguage":"pt-PT","@id":"https:\/\/www.altominho.tv\/site\/wp-content\/uploads\/2018\/04\/Andreia-150x150.jpg","url":"https:\/\/www.altominho.tv\/site\/wp-content\/uploads\/2018\/04\/Andreia-150x150.jpg","contentUrl":"https:\/\/www.altominho.tv\/site\/wp-content\/uploads\/2018\/04\/Andreia-150x150.jpg","caption":"Andreia Ferreira | Lusa"},"sameAs":["https:\/\/www.altominho.tv\/site"],"url":"https:\/\/www.altominho.tv\/site\/author\/andreiaferreiralusa\/"}]}},"_links":{"self":[{"href":"https:\/\/www.altominho.tv\/site\/wp-json\/wp\/v2\/posts\/50675","targetHints":{"allow":["GET"]}}],"collection":[{"href":"https:\/\/www.altominho.tv\/site\/wp-json\/wp\/v2\/posts"}],"about":[{"href":"https:\/\/www.altominho.tv\/site\/wp-json\/wp\/v2\/types\/post"}],"author":[{"embeddable":true,"href":"https:\/\/www.altominho.tv\/site\/wp-json\/wp\/v2\/users\/15"}],"replies":[{"embeddable":true,"href":"https:\/\/www.altominho.tv\/site\/wp-json\/wp\/v2\/comments?post=50675"}],"version-history":[{"count":0,"href":"https:\/\/www.altominho.tv\/site\/wp-json\/wp\/v2\/posts\/50675\/revisions"}],"wp:featuredmedia":[{"embeddable":true,"href":"https:\/\/www.altominho.tv\/site\/wp-json\/wp\/v2\/media\/48620"}],"wp:attachment":[{"href":"https:\/\/www.altominho.tv\/site\/wp-json\/wp\/v2\/media?parent=50675"}],"wp:term":[{"taxonomy":"category","embeddable":true,"href":"https:\/\/www.altominho.tv\/site\/wp-json\/wp\/v2\/categories?post=50675"},{"taxonomy":"post_tag","embeddable":true,"href":"https:\/\/www.altominho.tv\/site\/wp-json\/wp\/v2\/tags?post=50675"}],"curies":[{"name":"wp","href":"https:\/\/api.w.org\/{rel}","templated":true}]}}